{"id":55271,"date":"2021-01-25T14:55:52","date_gmt":"2021-01-25T17:55:52","guid":{"rendered":"https:\/\/www.gaveanews.com\/?p=55271"},"modified":"2021-08-12T00:49:55","modified_gmt":"2021-08-12T03:49:55","slug":"principal-torcida-organizada-do-flamengo-pede-saida-de-ceni-confira","status":"publish","type":"post","link":"https:\/\/www.gaveanews.com\/index.php\/2021\/01\/25\/principal-torcida-organizada-do-flamengo-pede-saida-de-ceni-confira\/","title":{"rendered":"Principal torcida organizada do Flamengo pede sa\u00edda de Ceni; confira"},"content":{"rendered":"\n<p>A derrota para o Athletico por 2 a 1 no duelo rubro-negro realizado no \u00faltimo domingo (24) agitou muito os \u00e2nimos da torcida do Flamengo. As mudan\u00e7as sem sentido desagradaram, o elenco estava visivelmente desgastado e, para piorar, a coletiva de imprensa de Rog\u00e9rio Ceni tamb\u00e9m n\u00e3o ajudou.<\/p>\n\n\n\n<p>Em explica\u00e7\u00f5es descabidas e coloca\u00e7\u00f5es sem sentido, a Na\u00e7\u00e3o viu um t\u00e9cnico que n\u00e3o enxerga bem o jogo e tamb\u00e9m n\u00e3o se mostra aberto a muitas sugest\u00f5es. Entre as coloca\u00e7\u00f5es feitas, Ceni explicou o motivo de n\u00e3o escalar Pedro com Gabigol, mas perdeu a coer\u00eancia ao colocar em campo Rodrigo Muniz para fazer dupla com o artilheiro.<\/p>\n\n\n\n<p>Insatisfeita com o resultado e cansados de uma monotonia inefetiva do comandante, a principal torcida organizada do time se manifestou nas redes sociais. Em seu Twitter, a <em>&#8220;Ra\u00e7a Rubro-Negra&#8221;<\/em> pediu a sa\u00edda do treinador do Flamengo. <\/p>\n\n\n\n<figure class=\"wp-block-embed is-type-rich is-provider-twitter wp-block-embed-twitter\"><div class=\"wp-block-embed__wrapper\">\n<blockquote class=\"twitter-tweet\" data-width=\"550\" data-dnt=\"true\"><p lang=\"it\" dir=\"ltr\">FORA CENI<\/p>&mdash; Ra\u00e7a Rubro-Negra (@rrn_oficial) <a href=\"https:\/\/twitter.com\/rrn_oficial\/status\/1353502944516255745?ref_src=twsrc%5Etfw\">January 25, 2021<\/a><\/blockquote><script async src=\"https:\/\/platform.twitter.com\/widgets.js\" charset=\"utf-8\"><\/script>\n<\/div><\/figure>\n\n\n\n<p>Fisicamente cansados e desorganizados dentro das quatro linhas, os jogadores do Flamengo receberam folga nesta segunda-feira (25). O elenco se reapresentar\u00e1 no Ninho do Urubu na ter\u00e7a-feira tendo em vista o duelo adiado da 23\u00aa rodada contra o Gr\u00eamio. O duelo ocorrer\u00e1 nesta quinta-feira (28), \u00e0s 20h (hor\u00e1rio de Bras\u00edlia), na Arena do Gr\u00eamio.<\/p>\n","protected":false},"excerpt":{"rendered":"<p>A derrota para o Athletico por 2 a 1 no duelo rubro-negro realizado no \u00faltimo domingo (24) agitou muito os \u00e2nimos da torcida do Flamengo. As mudan\u00e7as sem sentido desagradaram, o elenco estava visivelmente desgastado e, para piorar, a coletiva de imprensa de Rog\u00e9rio Ceni tamb\u00e9m n\u00e3o ajudou. Em explica\u00e7\u00f5es descabidas e coloca\u00e7\u00f5es sem sentido, [&hellip;]<\/p>\n","protected":false},"author":4,"featured_media":32422,"comment_status":"open","ping_status":"closed","sticky":false,"template":"","format":"standard","meta":{"footnotes":""},"categories":[1],"tags":[],"class_list":["post-55271","post","type-post","status-publish","format-standard","has-post-thumbnail","hentry","category-flamengo"],"yoast_head":"<!-- This site is optimized with the Yoast SEO Premium plugin v24.2 (Yoast SEO v26.9) - https:\/\/yoast.com\/product\/yoast-seo-premium-wordpress\/ -->\n<title>Principal torcida organizada do Flamengo pede sa\u00edda de Ceni; confira<\/title>\n<meta name=\"description\" content=\"A derrota para o Athletico por 2 a 1 no duelo rubro-negro realizado no \u00faltimo domingo (24) agitou muito os \u00e2nimos da torcida do Flamengo.\" \/>\n<meta name=\"robots\" content=\"index, follow, max-snippet:-1, max-image-preview:large, max-video-preview:-1\" \/>\n<link rel=\"canonical\" href=\"https:\/\/www.gaveanews.com\/index.php\/2021\/01\/25\/principal-torcida-organizada-do-flamengo-pede-saida-de-ceni-confira\/\" \/>\n<meta property=\"og:locale\" content=\"pt_BR\" \/>\n<meta property=\"og:type\" content=\"article\" \/>\n<meta property=\"og:title\" content=\"Principal torcida organizada do Flamengo pede sa\u00edda de Ceni; confira\" \/>\n<meta property=\"og:description\" content=\"A derrota para o Athletico por 2 a 1 no duelo rubro-negro realizado no \u00faltimo domingo (24) agitou muito os \u00e2nimos da torcida do Flamengo.\" \/>\n<meta property=\"og:url\" content=\"https:\/\/www.gaveanews.com\/index.php\/2021\/01\/25\/principal-torcida-organizada-do-flamengo-pede-saida-de-ceni-confira\/\" \/>\n<meta property=\"og:site_name\" content=\"G\u00e1vea News\" \/>\n<meta property=\"article:publisher\" content=\"https:\/\/facebook.com\/gaveaNews\/\" \/>\n<meta property=\"article:published_time\" content=\"2021-01-25T17:55:52+00:00\" \/>\n<meta property=\"article:modified_time\" content=\"2021-08-12T03:49:55+00:00\" \/>\n<meta property=\"og:image\" content=\"https:\/\/www.gaveanews.com\/wp-content\/uploads\/Festa-da-torcida-do-Flamengo.webp\" \/>\n\t<meta property=\"og:image:width\" content=\"1000\" \/>\n\t<meta property=\"og:image:height\" content=\"655\" \/>\n\t<meta property=\"og:image:type\" content=\"image\/jpeg\" \/>\n<meta name=\"author\" content=\"Let\u00edcia Gerheim\" \/>\n<meta name=\"twitter:card\" content=\"summary_large_image\" \/>\n<meta name=\"twitter:label1\" content=\"Escrito por\" \/>\n\t<meta name=\"twitter:data1\" content=\"Let\u00edcia Gerheim\" \/>\n\t<meta name=\"twitter:label2\" content=\"Est. tempo de leitura\" \/>\n\t<meta name=\"twitter:data2\" content=\"1 minuto\" \/>\n<script type=\"application\/ld+json\" class=\"yoast-schema-graph\">{\"@context\":\"https:\/\/schema.org\",\"@graph\":[{\"@type\":\"NewsArticle\",\"@id\":\"https:\/\/www.gaveanews.com\/index.php\/2021\/01\/25\/principal-torcida-organizada-do-flamengo-pede-saida-de-ceni-confira\/#article\",\"isPartOf\":{\"@id\":\"https:\/\/www.gaveanews.com\/index.php\/2021\/01\/25\/principal-torcida-organizada-do-flamengo-pede-saida-de-ceni-confira\/\"},\"author\":{\"name\":\"Let\u00edcia Gerheim\",\"@id\":\"https:\/\/www.gaveanews.com\/#\/schema\/person\/714c67050b836198af2450ba1c142a67\"},\"headline\":\"Principal torcida organizada do Flamengo pede sa\u00edda de Ceni; confira\",\"datePublished\":\"2021-01-25T17:55:52+00:00\",\"dateModified\":\"2021-08-12T03:49:55+00:00\",\"mainEntityOfPage\":{\"@id\":\"https:\/\/www.gaveanews.com\/index.php\/2021\/01\/25\/principal-torcida-organizada-do-flamengo-pede-saida-de-ceni-confira\/\"},\"wordCount\":228,\"commentCount\":31,\"image\":{\"@id\":\"https:\/\/www.gaveanews.com\/index.php\/2021\/01\/25\/principal-torcida-organizada-do-flamengo-pede-saida-de-ceni-confira\/#primaryimage\"},\"thumbnailUrl\":\"https:\/\/www.gaveanews.com\/wp-content\/uploads\/Festa-da-torcida-do-Flamengo.webp\",\"articleSection\":[\"Flamengo\"],\"inLanguage\":\"pt-BR\",\"potentialAction\":[{\"@type\":\"CommentAction\",\"name\":\"Comment\",\"target\":[\"https:\/\/www.gaveanews.com\/index.php\/2021\/01\/25\/principal-torcida-organizada-do-flamengo-pede-saida-de-ceni-confira\/#respond\"]}],\"copyrightYear\":\"2021\",\"copyrightHolder\":{\"@id\":\"https:\/\/www.gaveanews.com\/#organization\"}},{\"@type\":\"WebPage\",\"@id\":\"https:\/\/www.gaveanews.com\/index.php\/2021\/01\/25\/principal-torcida-organizada-do-flamengo-pede-saida-de-ceni-confira\/\",\"url\":\"https:\/\/www.gaveanews.com\/index.php\/2021\/01\/25\/principal-torcida-organizada-do-flamengo-pede-saida-de-ceni-confira\/\",\"name\":\"Principal torcida organizada do Flamengo pede sa\u00edda de Ceni; confira\",\"isPartOf\":{\"@id\":\"https:\/\/www.gaveanews.com\/#website\"},\"primaryImageOfPage\":{\"@id\":\"https:\/\/www.gaveanews.com\/index.php\/2021\/01\/25\/principal-torcida-organizada-do-flamengo-pede-saida-de-ceni-confira\/#primaryimage\"},\"image\":{\"@id\":\"https:\/\/www.gaveanews.com\/index.php\/2021\/01\/25\/principal-torcida-organizada-do-flamengo-pede-saida-de-ceni-confira\/#primaryimage\"},\"thumbnailUrl\":\"https:\/\/www.gaveanews.com\/wp-content\/uploads\/Festa-da-torcida-do-Flamengo.webp\",\"datePublished\":\"2021-01-25T17:55:52+00:00\",\"dateModified\":\"2021-08-12T03:49:55+00:00\",\"author\":{\"@id\":\"https:\/\/www.gaveanews.com\/#\/schema\/person\/714c67050b836198af2450ba1c142a67\"},\"description\":\"A derrota para o Athletico por 2 a 1 no duelo rubro-negro realizado no \u00faltimo domingo (24) agitou muito os \u00e2nimos da torcida do Flamengo.\",\"breadcrumb\":{\"@id\":\"https:\/\/www.gaveanews.com\/index.php\/2021\/01\/25\/principal-torcida-organizada-do-flamengo-pede-saida-de-ceni-confira\/#breadcrumb\"},\"inLanguage\":\"pt-BR\",\"potentialAction\":[{\"@type\":\"ReadAction\",\"target\":[\"https:\/\/www.gaveanews.com\/index.php\/2021\/01\/25\/principal-torcida-organizada-do-flamengo-pede-saida-de-ceni-confira\/\"]}]},{\"@type\":\"ImageObject\",\"inLanguage\":\"pt-BR\",\"@id\":\"https:\/\/www.gaveanews.com\/index.php\/2021\/01\/25\/principal-torcida-organizada-do-flamengo-pede-saida-de-ceni-confira\/#primaryimage\",\"url\":\"https:\/\/www.gaveanews.com\/wp-content\/uploads\/Festa-da-torcida-do-Flamengo.webp\",\"contentUrl\":\"https:\/\/www.gaveanews.com\/wp-content\/uploads\/Festa-da-torcida-do-Flamengo.webp\",\"width\":1000,\"height\":655,\"caption\":\"Festa da torcida do Flamengo (Foto: Reuters)\"},{\"@type\":\"BreadcrumbList\",\"@id\":\"https:\/\/www.gaveanews.com\/index.php\/2021\/01\/25\/principal-torcida-organizada-do-flamengo-pede-saida-de-ceni-confira\/#breadcrumb\",\"itemListElement\":[{\"@type\":\"ListItem\",\"position\":1,\"name\":\"Home\",\"item\":\"https:\/\/www.gaveanews.com\/\"},{\"@type\":\"ListItem\",\"position\":2,\"name\":\"Principal torcida organizada do Flamengo pede sa\u00edda de Ceni; confira\"}]},{\"@type\":\"WebSite\",\"@id\":\"https:\/\/www.gaveanews.com\/#website\",\"url\":\"https:\/\/www.gaveanews.com\/\",\"name\":\"G\u00e1vea News\",\"description\":\"Veja todas as not\u00edcias sobre o Flamengo: Contrata\u00e7\u00f5es, categorias de base, resultados das partidas, tabela de classifica\u00e7\u00e3o, pr\u00f3ximos jogos!\",\"potentialAction\":[{\"@type\":\"SearchAction\",\"target\":{\"@type\":\"EntryPoint\",\"urlTemplate\":\"https:\/\/www.gaveanews.com\/?s={search_term_string}\"},\"query-input\":{\"@type\":\"PropertyValueSpecification\",\"valueRequired\":true,\"valueName\":\"search_term_string\"}}],\"inLanguage\":\"pt-BR\"},{\"@type\":\"Person\",\"@id\":\"https:\/\/www.gaveanews.com\/#\/schema\/person\/714c67050b836198af2450ba1c142a67\",\"name\":\"Let\u00edcia Gerheim\",\"image\":{\"@type\":\"ImageObject\",\"inLanguage\":\"pt-BR\",\"@id\":\"https:\/\/www.gaveanews.com\/#\/schema\/person\/image\/\",\"url\":\"https:\/\/secure.gravatar.com\/avatar\/60734739c50fcebfbac509e2a826ccd0ff405c019bc73aab9354f19ecad1dcb4?s=96&d=mm&r=g\",\"contentUrl\":\"https:\/\/secure.gravatar.com\/avatar\/60734739c50fcebfbac509e2a826ccd0ff405c019bc73aab9354f19ecad1dcb4?s=96&d=mm&r=g\",\"caption\":\"Let\u00edcia Gerheim\"}}]}<\/script>\n<!-- \/ Yoast SEO Premium plugin. -->","yoast_head_json":{"title":"Principal torcida organizada do Flamengo pede sa\u00edda de Ceni; confira","description":"A derrota para o Athletico por 2 a 1 no duelo rubro-negro realizado no \u00faltimo domingo (24) agitou muito os \u00e2nimos da torcida do Flamengo.","robots":{"index":"index","follow":"follow","max-snippet":"max-snippet:-1","max-image-preview":"max-image-preview:large","max-video-preview":"max-video-preview:-1"},"canonical":"https:\/\/www.gaveanews.com\/index.php\/2021\/01\/25\/principal-torcida-organizada-do-flamengo-pede-saida-de-ceni-confira\/","og_locale":"pt_BR","og_type":"article","og_title":"Principal torcida organizada do Flamengo pede sa\u00edda de Ceni; confira","og_description":"A derrota para o Athletico por 2 a 1 no duelo rubro-negro realizado no \u00faltimo domingo (24) agitou muito os \u00e2nimos da torcida do Flamengo.","og_url":"https:\/\/www.gaveanews.com\/index.php\/2021\/01\/25\/principal-torcida-organizada-do-flamengo-pede-saida-de-ceni-confira\/","og_site_name":"G\u00e1vea News","article_publisher":"https:\/\/facebook.com\/gaveaNews\/","article_published_time":"2021-01-25T17:55:52+00:00","article_modified_time":"2021-08-12T03:49:55+00:00","og_image":[{"width":1000,"height":655,"url":"https:\/\/www.gaveanews.com\/wp-content\/uploads\/Festa-da-torcida-do-Flamengo.webp","type":"image\/jpeg"}],"author":"Let\u00edcia Gerheim","twitter_card":"summary_large_image","twitter_misc":{"Escrito por":"Let\u00edcia Gerheim","Est. tempo de leitura":"1 minuto"},"schema":{"@context":"https:\/\/schema.org","@graph":[{"@type":"NewsArticle","@id":"https:\/\/www.gaveanews.com\/index.php\/2021\/01\/25\/principal-torcida-organizada-do-flamengo-pede-saida-de-ceni-confira\/#article","isPartOf":{"@id":"https:\/\/www.gaveanews.com\/index.php\/2021\/01\/25\/principal-torcida-organizada-do-flamengo-pede-saida-de-ceni-confira\/"},"author":{"name":"Let\u00edcia Gerheim","@id":"https:\/\/www.gaveanews.com\/#\/schema\/person\/714c67050b836198af2450ba1c142a67"},"headline":"Principal torcida organizada do Flamengo pede sa\u00edda de Ceni; confira","datePublished":"2021-01-25T17:55:52+00:00","dateModified":"2021-08-12T03:49:55+00:00","mainEntityOfPage":{"@id":"https:\/\/www.gaveanews.com\/index.php\/2021\/01\/25\/principal-torcida-organizada-do-flamengo-pede-saida-de-ceni-confira\/"},"wordCount":228,"commentCount":31,"image":{"@id":"https:\/\/www.gaveanews.com\/index.php\/2021\/01\/25\/principal-torcida-organizada-do-flamengo-pede-saida-de-ceni-confira\/#primaryimage"},"thumbnailUrl":"https:\/\/www.gaveanews.com\/wp-content\/uploads\/Festa-da-torcida-do-Flamengo.webp","articleSection":["Flamengo"],"inLanguage":"pt-BR","potentialAction":[{"@type":"CommentAction","name":"Comment","target":["https:\/\/www.gaveanews.com\/index.php\/2021\/01\/25\/principal-torcida-organizada-do-flamengo-pede-saida-de-ceni-confira\/#respond"]}],"copyrightYear":"2021","copyrightHolder":{"@id":"https:\/\/www.gaveanews.com\/#organization"}},{"@type":"WebPage","@id":"https:\/\/www.gaveanews.com\/index.php\/2021\/01\/25\/principal-torcida-organizada-do-flamengo-pede-saida-de-ceni-confira\/","url":"https:\/\/www.gaveanews.com\/index.php\/2021\/01\/25\/principal-torcida-organizada-do-flamengo-pede-saida-de-ceni-confira\/","name":"Principal torcida organizada do Flamengo pede sa\u00edda de Ceni; confira","isPartOf":{"@id":"https:\/\/www.gaveanews.com\/#website"},"primaryImageOfPage":{"@id":"https:\/\/www.gaveanews.com\/index.php\/2021\/01\/25\/principal-torcida-organizada-do-flamengo-pede-saida-de-ceni-confira\/#primaryimage"},"image":{"@id":"https:\/\/www.gaveanews.com\/index.php\/2021\/01\/25\/principal-torcida-organizada-do-flamengo-pede-saida-de-ceni-confira\/#primaryimage"},"thumbnailUrl":"https:\/\/www.gaveanews.com\/wp-content\/uploads\/Festa-da-torcida-do-Flamengo.webp","datePublished":"2021-01-25T17:55:52+00:00","dateModified":"2021-08-12T03:49:55+00:00","author":{"@id":"https:\/\/www.gaveanews.com\/#\/schema\/person\/714c67050b836198af2450ba1c142a67"},"description":"A derrota para o Athletico por 2 a 1 no duelo rubro-negro realizado no \u00faltimo domingo (24) agitou muito os \u00e2nimos da torcida do Flamengo.","breadcrumb":{"@id":"https:\/\/www.gaveanews.com\/index.php\/2021\/01\/25\/principal-torcida-organizada-do-flamengo-pede-saida-de-ceni-confira\/#breadcrumb"},"inLanguage":"pt-BR","potentialAction":[{"@type":"ReadAction","target":["https:\/\/www.gaveanews.com\/index.php\/2021\/01\/25\/principal-torcida-organizada-do-flamengo-pede-saida-de-ceni-confira\/"]}]},{"@type":"ImageObject","inLanguage":"pt-BR","@id":"https:\/\/www.gaveanews.com\/index.php\/2021\/01\/25\/principal-torcida-organizada-do-flamengo-pede-saida-de-ceni-confira\/#primaryimage","url":"https:\/\/www.gaveanews.com\/wp-content\/uploads\/Festa-da-torcida-do-Flamengo.webp","contentUrl":"https:\/\/www.gaveanews.com\/wp-content\/uploads\/Festa-da-torcida-do-Flamengo.webp","width":1000,"height":655,"caption":"Festa da torcida do Flamengo (Foto: Reuters)"},{"@type":"BreadcrumbList","@id":"https:\/\/www.gaveanews.com\/index.php\/2021\/01\/25\/principal-torcida-organizada-do-flamengo-pede-saida-de-ceni-confira\/#breadcrumb","itemListElement":[{"@type":"ListItem","position":1,"name":"Home","item":"https:\/\/www.gaveanews.com\/"},{"@type":"ListItem","position":2,"name":"Principal torcida organizada do Flamengo pede sa\u00edda de Ceni; confira"}]},{"@type":"WebSite","@id":"https:\/\/www.gaveanews.com\/#website","url":"https:\/\/www.gaveanews.com\/","name":"G\u00e1vea News","description":"Veja todas as not\u00edcias sobre o Flamengo: Contrata\u00e7\u00f5es, categorias de base, resultados das partidas, tabela de classifica\u00e7\u00e3o, pr\u00f3ximos jogos!","potentialAction":[{"@type":"SearchAction","target":{"@type":"EntryPoint","urlTemplate":"https:\/\/www.gaveanews.com\/?s={search_term_string}"},"query-input":{"@type":"PropertyValueSpecification","valueRequired":true,"valueName":"search_term_string"}}],"inLanguage":"pt-BR"},{"@type":"Person","@id":"https:\/\/www.gaveanews.com\/#\/schema\/person\/714c67050b836198af2450ba1c142a67","name":"Let\u00edcia Gerheim","image":{"@type":"ImageObject","inLanguage":"pt-BR","@id":"https:\/\/www.gaveanews.com\/#\/schema\/person\/image\/","url":"https:\/\/secure.gravatar.com\/avatar\/60734739c50fcebfbac509e2a826ccd0ff405c019bc73aab9354f19ecad1dcb4?s=96&d=mm&r=g","contentUrl":"https:\/\/secure.gravatar.com\/avatar\/60734739c50fcebfbac509e2a826ccd0ff405c019bc73aab9354f19ecad1dcb4?s=96&d=mm&r=g","caption":"Let\u00edcia Gerheim"}}]}},"_links":{"self":[{"href":"https:\/\/www.gaveanews.com\/index.php\/wp-json\/wp\/v2\/posts\/55271","targetHints":{"allow":["GET"]}}],"collection":[{"href":"https:\/\/www.gaveanews.com\/index.php\/wp-json\/wp\/v2\/posts"}],"about":[{"href":"https:\/\/www.gaveanews.com\/index.php\/wp-json\/wp\/v2\/types\/post"}],"author":[{"embeddable":true,"href":"https:\/\/www.gaveanews.com\/index.php\/wp-json\/wp\/v2\/users\/4"}],"replies":[{"embeddable":true,"href":"https:\/\/www.gaveanews.com\/index.php\/wp-json\/wp\/v2\/comments?post=55271"}],"version-history":[{"count":0,"href":"https:\/\/www.gaveanews.com\/index.php\/wp-json\/wp\/v2\/posts\/55271\/revisions"}],"wp:featuredmedia":[{"embeddable":true,"href":"https:\/\/www.gaveanews.com\/index.php\/wp-json\/wp\/v2\/media\/32422"}],"wp:attachment":[{"href":"https:\/\/www.gaveanews.com\/index.php\/wp-json\/wp\/v2\/media?parent=55271"}],"wp:term":[{"taxonomy":"category","embeddable":true,"href":"https:\/\/www.gaveanews.com\/index.php\/wp-json\/wp\/v2\/categories?post=55271"},{"taxonomy":"post_tag","embeddable":true,"href":"https:\/\/www.gaveanews.com\/index.php\/wp-json\/wp\/v2\/tags?post=55271"}],"curies":[{"name":"wp","href":"https:\/\/api.w.org\/{rel}","templated":true}]}}