{"id":55279,"date":"2021-01-25T18:10:00","date_gmt":"2021-01-25T21:10:00","guid":{"rendered":"https:\/\/www.gaveanews.com\/?p=55279"},"modified":"2021-08-12T00:49:53","modified_gmt":"2021-08-12T03:49:53","slug":"ronaldo-angelim-publica-video-e-encerra-polemica-no-flamengo-assista","status":"publish","type":"post","link":"https:\/\/www.gaveanews.com\/index.php\/2021\/01\/25\/ronaldo-angelim-publica-video-e-encerra-polemica-no-flamengo-assista\/","title":{"rendered":"Ronaldo Angelim publica v\u00eddeo e encerra pol\u00eamica no Flamengo; assista"},"content":{"rendered":"\n<p>Depois da derrota para o Athletico no \u00faltimo domingo (24), a torcida do Flamengo demonstrou toda a sua insatisfa\u00e7\u00e3o com o clube nas redes sociais. Muitas cr\u00edticas foram feitas, tendo maior direcionamento ao comandante do elenco.<\/p>\n\n\n\n<p>Principal alvo de reclama\u00e7\u00f5es de toda a equipe, Rog\u00e9rio Ceni concedeu uma entrevista coletiva ap\u00f3s o confronto, que n\u00e3o convenceu. Ali\u00e1s, o posicionamento do t\u00e9cnico gerou mais reclama\u00e7\u00f5es do que parte do jogo. A afirma\u00e7\u00e3o de que Gabigol n\u00e3o pode atuar juntos com Pedro, mas Muniz pode, foi a declara\u00e7\u00e3o mais criticada, <a href=\"https:\/\/www.gaveanews.com\/index.php\/2021\/01\/25\/mauro-cezar-aponta-problemas-no-setor-defensivo-do-flamengo\/\">tanto por jornalistas<\/a>, como por torcedores.<\/p>\n\n\n\n<p>Incomodados com a situa\u00e7\u00e3o vivida no Flamengo, foi criado um Twitter falso com o nome de Ronaldo Angelim, ex-zagueiro rubro-negro. A conta falsificada foi utilizada para criticar o treinador e jogadores do time. <\/p>\n\n\n\n<h2 class=\"wp-block-heading\" id=\"h-confira-algumas-das-publica-es\">Confira algumas das publica\u00e7\u00f5es:<\/h2>\n\n\n\n<figure class=\"wp-block-image size-large\"><img loading=\"lazy\" decoding=\"async\" width=\"1000\" height=\"834\" src=\"https:\/\/www.gaveanews.com\/wp-content\/uploads\/Publicacoes-do-perfil-Fake-de-Ronaldo-Angelim.webp\" alt=\"\" class=\"wp-image-55283\" srcset=\"https:\/\/www.gaveanews.com\/wp-content\/uploads\/Publicacoes-do-perfil-Fake-de-Ronaldo-Angelim.webp 1000w, https:\/\/www.gaveanews.com\/wp-content\/uploads\/Publicacoes-do-perfil-Fake-de-Ronaldo-Angelim-300x250.webp 300w, https:\/\/www.gaveanews.com\/wp-content\/uploads\/Publicacoes-do-perfil-Fake-de-Ronaldo-Angelim-768x641.webp 768w, https:\/\/www.gaveanews.com\/wp-content\/uploads\/Publicacoes-do-perfil-Fake-de-Ronaldo-Angelim-504x420.webp 504w, https:\/\/www.gaveanews.com\/wp-content\/uploads\/Publicacoes-do-perfil-Fake-de-Ronaldo-Angelim-640x534.webp 640w, https:\/\/www.gaveanews.com\/wp-content\/uploads\/Publicacoes-do-perfil-Fake-de-Ronaldo-Angelim-681x568.webp 681w, https:\/\/www.gaveanews.com\/wp-content\/uploads\/Publicacoes-do-perfil-Fake-de-Ronaldo-Angelim-100x83.webp 100w\" sizes=\"auto, (max-width: 1000px) 100vw, 1000px\" \/><figcaption>Publica\u00e7\u00f5es do perfil Fake de Ronaldo Angelim (Foto: Reprodu\u00e7\u00e3o)<\/figcaption><\/figure>\n\n\n\n<p>Horas depois, o pr\u00f3prio ex-jogador publicou um v\u00eddeo em sua conta oficial do Instagram, na qual ele afirma n\u00e3o ter escrito nenhuma das publica\u00e7\u00f5es. Al\u00e9m disso, Angelim tamb\u00e9m afirmou que n\u00e3o possui conta no Twitter.<\/p>\n\n\n\n<h2 class=\"wp-block-heading\" id=\"h-veja-o-v-deo\">Veja o v\u00eddeo:<\/h2>\n\n\n\n<figure class=\"wp-block-embed is-type-video is-provider-youtube wp-block-embed-youtube wp-embed-aspect-16-9 wp-has-aspect-ratio\"><div class=\"wp-block-embed__wrapper\">\nhttps:\/\/www.youtube.com\/watch?v=2JML2CZ1eH8&#038;feature=youtu.be&#038;ab_channel=V%C3%ADdeosdoFlamengo\n<\/div><\/figure>\n","protected":false},"excerpt":{"rendered":"<p>Depois da derrota para o Athletico no \u00faltimo domingo (24), a torcida do Flamengo demonstrou toda a sua insatisfa\u00e7\u00e3o com o clube nas redes sociais. Muitas cr\u00edticas foram feitas, tendo maior direcionamento ao comandante do elenco. Principal alvo de reclama\u00e7\u00f5es de toda a equipe, Rog\u00e9rio Ceni concedeu uma entrevista coletiva ap\u00f3s o confronto, que n\u00e3o [&hellip;]<\/p>\n","protected":false},"author":4,"featured_media":33278,"comment_status":"open","ping_status":"closed","sticky":false,"template":"","format":"standard","meta":{"footnotes":""},"categories":[40],"tags":[],"class_list":["post-55279","post","type-post","status-publish","format-standard","has-post-thumbnail","hentry","category-video"],"yoast_head":"<!-- This site is optimized with the Yoast SEO Premium plugin v24.2 (Yoast SEO v26.9) - https:\/\/yoast.com\/product\/yoast-seo-premium-wordpress\/ -->\n<title>Ronaldo Angelim publica v\u00eddeo e encerra pol\u00eamica no Flamengo; assista<\/title>\n<meta name=\"description\" content=\"Depois da derrota para o Athletico no \u00faltimo domingo, a torcida do Flamengo demonstrou toda a sua insatisfa\u00e7\u00e3o com o clube nas redes sociais.\" \/>\n<meta name=\"robots\" content=\"index, follow, max-snippet:-1, max-image-preview:large, max-video-preview:-1\" \/>\n<link rel=\"canonical\" href=\"https:\/\/www.gaveanews.com\/index.php\/2021\/01\/25\/ronaldo-angelim-publica-video-e-encerra-polemica-no-flamengo-assista\/\" \/>\n<meta property=\"og:locale\" content=\"pt_BR\" \/>\n<meta property=\"og:type\" content=\"article\" \/>\n<meta property=\"og:title\" content=\"Ronaldo Angelim publica v\u00eddeo e encerra pol\u00eamica no Flamengo; assista\" \/>\n<meta property=\"og:description\" content=\"Depois da derrota para o Athletico no \u00faltimo domingo, a torcida do Flamengo demonstrou toda a sua insatisfa\u00e7\u00e3o com o clube nas redes sociais.\" \/>\n<meta property=\"og:url\" content=\"https:\/\/www.gaveanews.com\/index.php\/2021\/01\/25\/ronaldo-angelim-publica-video-e-encerra-polemica-no-flamengo-assista\/\" \/>\n<meta property=\"og:site_name\" content=\"G\u00e1vea News\" \/>\n<meta property=\"article:publisher\" content=\"https:\/\/facebook.com\/gaveaNews\/\" \/>\n<meta property=\"article:published_time\" content=\"2021-01-25T21:10:00+00:00\" \/>\n<meta property=\"article:modified_time\" content=\"2021-08-12T03:49:53+00:00\" \/>\n<meta property=\"og:image\" content=\"https:\/\/www.gaveanews.com\/wp-content\/uploads\/Ronaldo-Angelim-em-acao-pelo-Flamengo.webp\" \/>\n\t<meta property=\"og:image:width\" content=\"1\" \/>\n\t<meta property=\"og:image:height\" content=\"1\" \/>\n\t<meta property=\"og:image:type\" content=\"image\/jpeg\" \/>\n<meta name=\"author\" content=\"Let\u00edcia Gerheim\" \/>\n<meta name=\"twitter:card\" content=\"summary_large_image\" \/>\n<meta name=\"twitter:label1\" content=\"Escrito por\" \/>\n\t<meta name=\"twitter:data1\" content=\"Let\u00edcia Gerheim\" \/>\n\t<meta name=\"twitter:label2\" content=\"Est. tempo de leitura\" \/>\n\t<meta name=\"twitter:data2\" content=\"1 minuto\" \/>\n<script type=\"application\/ld+json\" class=\"yoast-schema-graph\">{\"@context\":\"https:\/\/schema.org\",\"@graph\":[{\"@type\":\"NewsArticle\",\"@id\":\"https:\/\/www.gaveanews.com\/index.php\/2021\/01\/25\/ronaldo-angelim-publica-video-e-encerra-polemica-no-flamengo-assista\/#article\",\"isPartOf\":{\"@id\":\"https:\/\/www.gaveanews.com\/index.php\/2021\/01\/25\/ronaldo-angelim-publica-video-e-encerra-polemica-no-flamengo-assista\/\"},\"author\":{\"name\":\"Let\u00edcia Gerheim\",\"@id\":\"https:\/\/www.gaveanews.com\/#\/schema\/person\/714c67050b836198af2450ba1c142a67\"},\"headline\":\"Ronaldo Angelim publica v\u00eddeo e encerra pol\u00eamica no Flamengo; assista\",\"datePublished\":\"2021-01-25T21:10:00+00:00\",\"dateModified\":\"2021-08-12T03:49:53+00:00\",\"mainEntityOfPage\":{\"@id\":\"https:\/\/www.gaveanews.com\/index.php\/2021\/01\/25\/ronaldo-angelim-publica-video-e-encerra-polemica-no-flamengo-assista\/\"},\"wordCount\":232,\"commentCount\":16,\"image\":{\"@id\":\"https:\/\/www.gaveanews.com\/index.php\/2021\/01\/25\/ronaldo-angelim-publica-video-e-encerra-polemica-no-flamengo-assista\/#primaryimage\"},\"thumbnailUrl\":\"https:\/\/www.gaveanews.com\/wp-content\/uploads\/Ronaldo-Angelim-em-acao-pelo-Flamengo.webp\",\"articleSection\":[\"V\u00eddeos\"],\"inLanguage\":\"pt-BR\",\"potentialAction\":[{\"@type\":\"CommentAction\",\"name\":\"Comment\",\"target\":[\"https:\/\/www.gaveanews.com\/index.php\/2021\/01\/25\/ronaldo-angelim-publica-video-e-encerra-polemica-no-flamengo-assista\/#respond\"]}],\"copyrightYear\":\"2021\",\"copyrightHolder\":{\"@id\":\"https:\/\/www.gaveanews.com\/#organization\"}},{\"@type\":\"WebPage\",\"@id\":\"https:\/\/www.gaveanews.com\/index.php\/2021\/01\/25\/ronaldo-angelim-publica-video-e-encerra-polemica-no-flamengo-assista\/\",\"url\":\"https:\/\/www.gaveanews.com\/index.php\/2021\/01\/25\/ronaldo-angelim-publica-video-e-encerra-polemica-no-flamengo-assista\/\",\"name\":\"Ronaldo Angelim publica v\u00eddeo e encerra pol\u00eamica no Flamengo; assista\",\"isPartOf\":{\"@id\":\"https:\/\/www.gaveanews.com\/#website\"},\"primaryImageOfPage\":{\"@id\":\"https:\/\/www.gaveanews.com\/index.php\/2021\/01\/25\/ronaldo-angelim-publica-video-e-encerra-polemica-no-flamengo-assista\/#primaryimage\"},\"image\":{\"@id\":\"https:\/\/www.gaveanews.com\/index.php\/2021\/01\/25\/ronaldo-angelim-publica-video-e-encerra-polemica-no-flamengo-assista\/#primaryimage\"},\"thumbnailUrl\":\"https:\/\/www.gaveanews.com\/wp-content\/uploads\/Ronaldo-Angelim-em-acao-pelo-Flamengo.webp\",\"datePublished\":\"2021-01-25T21:10:00+00:00\",\"dateModified\":\"2021-08-12T03:49:53+00:00\",\"author\":{\"@id\":\"https:\/\/www.gaveanews.com\/#\/schema\/person\/714c67050b836198af2450ba1c142a67\"},\"description\":\"Depois da derrota para o Athletico no \u00faltimo domingo, a torcida do Flamengo demonstrou toda a sua insatisfa\u00e7\u00e3o com o clube nas redes sociais.\",\"breadcrumb\":{\"@id\":\"https:\/\/www.gaveanews.com\/index.php\/2021\/01\/25\/ronaldo-angelim-publica-video-e-encerra-polemica-no-flamengo-assista\/#breadcrumb\"},\"inLanguage\":\"pt-BR\",\"potentialAction\":[{\"@type\":\"ReadAction\",\"target\":[\"https:\/\/www.gaveanews.com\/index.php\/2021\/01\/25\/ronaldo-angelim-publica-video-e-encerra-polemica-no-flamengo-assista\/\"]}]},{\"@type\":\"ImageObject\",\"inLanguage\":\"pt-BR\",\"@id\":\"https:\/\/www.gaveanews.com\/index.php\/2021\/01\/25\/ronaldo-angelim-publica-video-e-encerra-polemica-no-flamengo-assista\/#primaryimage\",\"url\":\"https:\/\/www.gaveanews.com\/wp-content\/uploads\/Ronaldo-Angelim-em-acao-pelo-Flamengo.webp\",\"contentUrl\":\"https:\/\/www.gaveanews.com\/wp-content\/uploads\/Ronaldo-Angelim-em-acao-pelo-Flamengo.webp\",\"caption\":\"Ronaldo Angelim em a\u00e7\u00e3o pelo Flamengo (Foto: Vipcomm)\"},{\"@type\":\"BreadcrumbList\",\"@id\":\"https:\/\/www.gaveanews.com\/index.php\/2021\/01\/25\/ronaldo-angelim-publica-video-e-encerra-polemica-no-flamengo-assista\/#breadcrumb\",\"itemListElement\":[{\"@type\":\"ListItem\",\"position\":1,\"name\":\"Home\",\"item\":\"https:\/\/www.gaveanews.com\/\"},{\"@type\":\"ListItem\",\"position\":2,\"name\":\"Ronaldo Angelim publica v\u00eddeo e encerra pol\u00eamica no Flamengo; assista\"}]},{\"@type\":\"WebSite\",\"@id\":\"https:\/\/www.gaveanews.com\/#website\",\"url\":\"https:\/\/www.gaveanews.com\/\",\"name\":\"G\u00e1vea News\",\"description\":\"Veja todas as not\u00edcias sobre o Flamengo: Contrata\u00e7\u00f5es, categorias de base, resultados das partidas, tabela de classifica\u00e7\u00e3o, pr\u00f3ximos jogos!\",\"potentialAction\":[{\"@type\":\"SearchAction\",\"target\":{\"@type\":\"EntryPoint\",\"urlTemplate\":\"https:\/\/www.gaveanews.com\/?s={search_term_string}\"},\"query-input\":{\"@type\":\"PropertyValueSpecification\",\"valueRequired\":true,\"valueName\":\"search_term_string\"}}],\"inLanguage\":\"pt-BR\"},{\"@type\":\"Person\",\"@id\":\"https:\/\/www.gaveanews.com\/#\/schema\/person\/714c67050b836198af2450ba1c142a67\",\"name\":\"Let\u00edcia Gerheim\",\"image\":{\"@type\":\"ImageObject\",\"inLanguage\":\"pt-BR\",\"@id\":\"https:\/\/www.gaveanews.com\/#\/schema\/person\/image\/\",\"url\":\"https:\/\/secure.gravatar.com\/avatar\/60734739c50fcebfbac509e2a826ccd0ff405c019bc73aab9354f19ecad1dcb4?s=96&d=mm&r=g\",\"contentUrl\":\"https:\/\/secure.gravatar.com\/avatar\/60734739c50fcebfbac509e2a826ccd0ff405c019bc73aab9354f19ecad1dcb4?s=96&d=mm&r=g\",\"caption\":\"Let\u00edcia Gerheim\"}}]}<\/script>\n<!-- \/ Yoast SEO Premium plugin. -->","yoast_head_json":{"title":"Ronaldo Angelim publica v\u00eddeo e encerra pol\u00eamica no Flamengo; assista","description":"Depois da derrota para o Athletico no \u00faltimo domingo, a torcida do Flamengo demonstrou toda a sua insatisfa\u00e7\u00e3o com o clube nas redes sociais.","robots":{"index":"index","follow":"follow","max-snippet":"max-snippet:-1","max-image-preview":"max-image-preview:large","max-video-preview":"max-video-preview:-1"},"canonical":"https:\/\/www.gaveanews.com\/index.php\/2021\/01\/25\/ronaldo-angelim-publica-video-e-encerra-polemica-no-flamengo-assista\/","og_locale":"pt_BR","og_type":"article","og_title":"Ronaldo Angelim publica v\u00eddeo e encerra pol\u00eamica no Flamengo; assista","og_description":"Depois da derrota para o Athletico no \u00faltimo domingo, a torcida do Flamengo demonstrou toda a sua insatisfa\u00e7\u00e3o com o clube nas redes sociais.","og_url":"https:\/\/www.gaveanews.com\/index.php\/2021\/01\/25\/ronaldo-angelim-publica-video-e-encerra-polemica-no-flamengo-assista\/","og_site_name":"G\u00e1vea News","article_publisher":"https:\/\/facebook.com\/gaveaNews\/","article_published_time":"2021-01-25T21:10:00+00:00","article_modified_time":"2021-08-12T03:49:53+00:00","og_image":[{"url":"https:\/\/www.gaveanews.com\/wp-content\/uploads\/Ronaldo-Angelim-em-acao-pelo-Flamengo.webp","width":1,"height":1,"type":"image\/jpeg"}],"author":"Let\u00edcia Gerheim","twitter_card":"summary_large_image","twitter_misc":{"Escrito por":"Let\u00edcia Gerheim","Est. tempo de leitura":"1 minuto"},"schema":{"@context":"https:\/\/schema.org","@graph":[{"@type":"NewsArticle","@id":"https:\/\/www.gaveanews.com\/index.php\/2021\/01\/25\/ronaldo-angelim-publica-video-e-encerra-polemica-no-flamengo-assista\/#article","isPartOf":{"@id":"https:\/\/www.gaveanews.com\/index.php\/2021\/01\/25\/ronaldo-angelim-publica-video-e-encerra-polemica-no-flamengo-assista\/"},"author":{"name":"Let\u00edcia Gerheim","@id":"https:\/\/www.gaveanews.com\/#\/schema\/person\/714c67050b836198af2450ba1c142a67"},"headline":"Ronaldo Angelim publica v\u00eddeo e encerra pol\u00eamica no Flamengo; assista","datePublished":"2021-01-25T21:10:00+00:00","dateModified":"2021-08-12T03:49:53+00:00","mainEntityOfPage":{"@id":"https:\/\/www.gaveanews.com\/index.php\/2021\/01\/25\/ronaldo-angelim-publica-video-e-encerra-polemica-no-flamengo-assista\/"},"wordCount":232,"commentCount":16,"image":{"@id":"https:\/\/www.gaveanews.com\/index.php\/2021\/01\/25\/ronaldo-angelim-publica-video-e-encerra-polemica-no-flamengo-assista\/#primaryimage"},"thumbnailUrl":"https:\/\/www.gaveanews.com\/wp-content\/uploads\/Ronaldo-Angelim-em-acao-pelo-Flamengo.webp","articleSection":["V\u00eddeos"],"inLanguage":"pt-BR","potentialAction":[{"@type":"CommentAction","name":"Comment","target":["https:\/\/www.gaveanews.com\/index.php\/2021\/01\/25\/ronaldo-angelim-publica-video-e-encerra-polemica-no-flamengo-assista\/#respond"]}],"copyrightYear":"2021","copyrightHolder":{"@id":"https:\/\/www.gaveanews.com\/#organization"}},{"@type":"WebPage","@id":"https:\/\/www.gaveanews.com\/index.php\/2021\/01\/25\/ronaldo-angelim-publica-video-e-encerra-polemica-no-flamengo-assista\/","url":"https:\/\/www.gaveanews.com\/index.php\/2021\/01\/25\/ronaldo-angelim-publica-video-e-encerra-polemica-no-flamengo-assista\/","name":"Ronaldo Angelim publica v\u00eddeo e encerra pol\u00eamica no Flamengo; assista","isPartOf":{"@id":"https:\/\/www.gaveanews.com\/#website"},"primaryImageOfPage":{"@id":"https:\/\/www.gaveanews.com\/index.php\/2021\/01\/25\/ronaldo-angelim-publica-video-e-encerra-polemica-no-flamengo-assista\/#primaryimage"},"image":{"@id":"https:\/\/www.gaveanews.com\/index.php\/2021\/01\/25\/ronaldo-angelim-publica-video-e-encerra-polemica-no-flamengo-assista\/#primaryimage"},"thumbnailUrl":"https:\/\/www.gaveanews.com\/wp-content\/uploads\/Ronaldo-Angelim-em-acao-pelo-Flamengo.webp","datePublished":"2021-01-25T21:10:00+00:00","dateModified":"2021-08-12T03:49:53+00:00","author":{"@id":"https:\/\/www.gaveanews.com\/#\/schema\/person\/714c67050b836198af2450ba1c142a67"},"description":"Depois da derrota para o Athletico no \u00faltimo domingo, a torcida do Flamengo demonstrou toda a sua insatisfa\u00e7\u00e3o com o clube nas redes sociais.","breadcrumb":{"@id":"https:\/\/www.gaveanews.com\/index.php\/2021\/01\/25\/ronaldo-angelim-publica-video-e-encerra-polemica-no-flamengo-assista\/#breadcrumb"},"inLanguage":"pt-BR","potentialAction":[{"@type":"ReadAction","target":["https:\/\/www.gaveanews.com\/index.php\/2021\/01\/25\/ronaldo-angelim-publica-video-e-encerra-polemica-no-flamengo-assista\/"]}]},{"@type":"ImageObject","inLanguage":"pt-BR","@id":"https:\/\/www.gaveanews.com\/index.php\/2021\/01\/25\/ronaldo-angelim-publica-video-e-encerra-polemica-no-flamengo-assista\/#primaryimage","url":"https:\/\/www.gaveanews.com\/wp-content\/uploads\/Ronaldo-Angelim-em-acao-pelo-Flamengo.webp","contentUrl":"https:\/\/www.gaveanews.com\/wp-content\/uploads\/Ronaldo-Angelim-em-acao-pelo-Flamengo.webp","caption":"Ronaldo Angelim em a\u00e7\u00e3o pelo Flamengo (Foto: Vipcomm)"},{"@type":"BreadcrumbList","@id":"https:\/\/www.gaveanews.com\/index.php\/2021\/01\/25\/ronaldo-angelim-publica-video-e-encerra-polemica-no-flamengo-assista\/#breadcrumb","itemListElement":[{"@type":"ListItem","position":1,"name":"Home","item":"https:\/\/www.gaveanews.com\/"},{"@type":"ListItem","position":2,"name":"Ronaldo Angelim publica v\u00eddeo e encerra pol\u00eamica no Flamengo; assista"}]},{"@type":"WebSite","@id":"https:\/\/www.gaveanews.com\/#website","url":"https:\/\/www.gaveanews.com\/","name":"G\u00e1vea News","description":"Veja todas as not\u00edcias sobre o Flamengo: Contrata\u00e7\u00f5es, categorias de base, resultados das partidas, tabela de classifica\u00e7\u00e3o, pr\u00f3ximos jogos!","potentialAction":[{"@type":"SearchAction","target":{"@type":"EntryPoint","urlTemplate":"https:\/\/www.gaveanews.com\/?s={search_term_string}"},"query-input":{"@type":"PropertyValueSpecification","valueRequired":true,"valueName":"search_term_string"}}],"inLanguage":"pt-BR"},{"@type":"Person","@id":"https:\/\/www.gaveanews.com\/#\/schema\/person\/714c67050b836198af2450ba1c142a67","name":"Let\u00edcia Gerheim","image":{"@type":"ImageObject","inLanguage":"pt-BR","@id":"https:\/\/www.gaveanews.com\/#\/schema\/person\/image\/","url":"https:\/\/secure.gravatar.com\/avatar\/60734739c50fcebfbac509e2a826ccd0ff405c019bc73aab9354f19ecad1dcb4?s=96&d=mm&r=g","contentUrl":"https:\/\/secure.gravatar.com\/avatar\/60734739c50fcebfbac509e2a826ccd0ff405c019bc73aab9354f19ecad1dcb4?s=96&d=mm&r=g","caption":"Let\u00edcia Gerheim"}}]}},"_links":{"self":[{"href":"https:\/\/www.gaveanews.com\/index.php\/wp-json\/wp\/v2\/posts\/55279","targetHints":{"allow":["GET"]}}],"collection":[{"href":"https:\/\/www.gaveanews.com\/index.php\/wp-json\/wp\/v2\/posts"}],"about":[{"href":"https:\/\/www.gaveanews.com\/index.php\/wp-json\/wp\/v2\/types\/post"}],"author":[{"embeddable":true,"href":"https:\/\/www.gaveanews.com\/index.php\/wp-json\/wp\/v2\/users\/4"}],"replies":[{"embeddable":true,"href":"https:\/\/www.gaveanews.com\/index.php\/wp-json\/wp\/v2\/comments?post=55279"}],"version-history":[{"count":0,"href":"https:\/\/www.gaveanews.com\/index.php\/wp-json\/wp\/v2\/posts\/55279\/revisions"}],"wp:featuredmedia":[{"embeddable":true,"href":"https:\/\/www.gaveanews.com\/index.php\/wp-json\/wp\/v2\/media\/33278"}],"wp:attachment":[{"href":"https:\/\/www.gaveanews.com\/index.php\/wp-json\/wp\/v2\/media?parent=55279"}],"wp:term":[{"taxonomy":"category","embeddable":true,"href":"https:\/\/www.gaveanews.com\/index.php\/wp-json\/wp\/v2\/categories?post=55279"},{"taxonomy":"post_tag","embeddable":true,"href":"https:\/\/www.gaveanews.com\/index.php\/wp-json\/wp\/v2\/tags?post=55279"}],"curies":[{"name":"wp","href":"https:\/\/api.w.org\/{rel}","templated":true}]}}