{"id":55288,"date":"2021-01-25T19:20:00","date_gmt":"2021-01-25T22:20:00","guid":{"rendered":"https:\/\/www.gaveanews.com\/?p=55288"},"modified":"2021-01-25T17:58:30","modified_gmt":"2021-01-25T20:58:30","slug":"cantor-detona-rogerio-ceni-tem-mais-medo-de-perder-do-que-vontade-de-ganhar","status":"publish","type":"post","link":"https:\/\/www.gaveanews.com\/index.php\/2021\/01\/25\/cantor-detona-rogerio-ceni-tem-mais-medo-de-perder-do-que-vontade-de-ganhar\/","title":{"rendered":"Cantor detona Rog\u00e9rio Ceni: &#8216;Tem mais medo de perder do que vontade de ganhar&#8217;"},"content":{"rendered":"\n<p>O m\u00fasico Marcelo D2 reclamou da atua\u00e7\u00e3o do t\u00e9cnico Rog\u00e9rio Ceni durante a derrota do Flamengo para o Atl\u00e9tico Paranaense por 2 a 1 no domingo pelo Brasileir\u00e3o. O m\u00fasico questionou as escolhas de escala\u00e7\u00e3o de Ceni e culpou o &#8220;baixo n\u00edvel t\u00e9cnico do futebol brasileiro&#8221; nos treinadores nacionais.<\/p>\n\n\n\n<p>\u2014 Rog\u00e9rio Ceni estava aonde nos \u00faltimos anos? Ele n\u00e3o viu os gols do Gabigol aos 43 e 46 na final da Libertadores? Que jogo ele viu hoje pra, primeiro entrar com Vitinho, e depois fazer aquelas substitui\u00e7\u00f5es? &#8211; questionou Marcelo D2 no Twitter.<\/p>\n\n\n\n<p>O m\u00fasico, contudo, terminou dizendo que mesmo com suas cr\u00edticas: &#8220;o Ceni deve ficar at\u00e9 o fim&#8221;.<\/p>\n\n\n\n<p><strong>Confira os tu\u00edtes originais de Marcelo D2 abaixo:<\/strong><\/p>\n\n\n\n<figure class=\"wp-block-embed is-type-rich is-provider-twitter wp-block-embed-twitter\"><div class=\"wp-block-embed__wrapper\">\n<blockquote class=\"twitter-tweet\" data-width=\"550\" data-dnt=\"true\"><p lang=\"pt\" dir=\"ltr\">Tiraram o Dome com 63% de aproveitamento, a um ponto do l\u00edder, classificado na libertadores e copa do Brasil&#8230;.<\/p>&mdash; Marcelo D2 (@Marcelodedois) <a href=\"https:\/\/twitter.com\/Marcelodedois\/status\/1353475411842371584?ref_src=twsrc%5Etfw\">January 24, 2021<\/a><\/blockquote><script async src=\"https:\/\/platform.twitter.com\/widgets.js\" charset=\"utf-8\"><\/script>\n<\/div><\/figure>\n\n\n\n<figure class=\"wp-block-embed is-type-rich is-provider-twitter wp-block-embed-twitter\"><div class=\"wp-block-embed__wrapper\">\n<blockquote class=\"twitter-tweet\" data-width=\"550\" data-dnt=\"true\"><p lang=\"pt\" dir=\"ltr\">Pra mim o baixo n\u00edvel t\u00e9cnico do futebol brasileiro \u00e9 culpa dos treinadores, qq treinador do terceiro escal\u00e3o que vem de fora tira onda aqui<\/p>&mdash; Marcelo D2 (@Marcelodedois) <a href=\"https:\/\/twitter.com\/Marcelodedois\/status\/1353705840675606529?ref_src=twsrc%5Etfw\">January 25, 2021<\/a><\/blockquote><script async src=\"https:\/\/platform.twitter.com\/widgets.js\" charset=\"utf-8\"><\/script>\n<\/div><\/figure>\n\n\n\n<figure class=\"wp-block-embed is-type-rich is-provider-twitter wp-block-embed-twitter\"><div class=\"wp-block-embed__wrapper\">\n<blockquote class=\"twitter-tweet\" data-width=\"550\" data-dnt=\"true\"><p lang=\"pt\" dir=\"ltr\">Claro que o Abel Braga, o treinador do \u201cvamos l\u00e1\u201d pode ganhar o campeonato <br><br>N\u00edvel baix\u00edssimo <br><br>\u201cCampeonato Brasileiro \u00e9 o mais nivelado\u201d sim, por baixo <br><br>At\u00e9 o Botafogo tem chances<\/p>&mdash; Marcelo D2 (@Marcelodedois) <a href=\"https:\/\/twitter.com\/Marcelodedois\/status\/1353707571320934401?ref_src=twsrc%5Etfw\">January 25, 2021<\/a><\/blockquote><script async src=\"https:\/\/platform.twitter.com\/widgets.js\" charset=\"utf-8\"><\/script>\n<\/div><\/figure>\n\n\n\n<figure class=\"wp-block-embed is-type-rich is-provider-twitter wp-block-embed-twitter\"><div class=\"wp-block-embed__wrapper\">\n<blockquote class=\"twitter-tweet\" data-width=\"550\" data-dnt=\"true\"><p lang=\"pt\" dir=\"ltr\">Reformular a pergunta: qual treinador tira o Gabigol do time precisando ganhar por que ele n\u00e3o recomp\u00f5e a defesa? <br><br>Coisa de treinador brasileiro, tem mais medo de perder do que vontade de ganhar<\/p>&mdash; Marcelo D2 (@Marcelodedois) <a href=\"https:\/\/twitter.com\/Marcelodedois\/status\/1353708626733649923?ref_src=twsrc%5Etfw\">January 25, 2021<\/a><\/blockquote><script async src=\"https:\/\/platform.twitter.com\/widgets.js\" charset=\"utf-8\"><\/script>\n<\/div><\/figure>\n\n\n\n<figure class=\"wp-block-embed is-type-rich is-provider-twitter wp-block-embed-twitter\"><div class=\"wp-block-embed__wrapper\">\n<blockquote class=\"twitter-tweet\" data-width=\"550\" data-dnt=\"true\"><p lang=\"pt\" dir=\"ltr\">E pra fechar vai a\u00ed a tabela : <a href=\"https:\/\/t.co\/pcRLwJvvxM\">pic.twitter.com\/pcRLwJvvxM<\/a><\/p>&mdash; Marcelo D2 (@Marcelodedois) <a href=\"https:\/\/twitter.com\/Marcelodedois\/status\/1353709288099819524?ref_src=twsrc%5Etfw\">January 25, 2021<\/a><\/blockquote><script async src=\"https:\/\/platform.twitter.com\/widgets.js\" charset=\"utf-8\"><\/script>\n<\/div><\/figure>\n\n\n\n<figure class=\"wp-block-embed is-type-rich is-provider-twitter wp-block-embed-twitter\"><div class=\"wp-block-embed__wrapper\">\n<blockquote class=\"twitter-tweet\" data-width=\"550\" data-dnt=\"true\"><p lang=\"pt\" dir=\"ltr\">Mesmo assim acho q o Ceni tem que ficar at\u00e9 o fim, como acabar que n\u00e3o deviam ter mandado o Dome embora<br><br>Ano que vem avalia se quer um t\u00e9cnico que prioriza recompor a defesa ou ganhar campeonato!<\/p>&mdash; Marcelo D2 (@Marcelodedois) <a href=\"https:\/\/twitter.com\/Marcelodedois\/status\/1353717154764435457?ref_src=twsrc%5Etfw\">January 25, 2021<\/a><\/blockquote><script async src=\"https:\/\/platform.twitter.com\/widgets.js\" charset=\"utf-8\"><\/script>\n<\/div><\/figure>\n\n\n\n<p>Retirado de: Lance<\/p>\n","protected":false},"excerpt":{"rendered":"<p>O m\u00fasico Marcelo D2 reclamou da atua\u00e7\u00e3o do t\u00e9cnico Rog\u00e9rio Ceni durante a derrota do Flamengo para o Atl\u00e9tico Paranaense por 2 a 1 no domingo pelo Brasileir\u00e3o. O m\u00fasico questionou as escolhas de escala\u00e7\u00e3o de Ceni e culpou o &#8220;baixo n\u00edvel t\u00e9cnico do futebol brasileiro&#8221; nos treinadores nacionais. \u2014 Rog\u00e9rio Ceni estava aonde nos [&hellip;]<\/p>\n","protected":false},"author":1,"featured_media":54073,"comment_status":"open","ping_status":"closed","sticky":false,"template":"","format":"standard","meta":{"footnotes":""},"categories":[47],"tags":[],"class_list":["post-55288","post","type-post","status-publish","format-standard","has-post-thumbnail","hentry","category-destaques"],"yoast_head":"<!-- This site is optimized with the Yoast SEO Premium plugin v24.2 (Yoast SEO v26.9) - https:\/\/yoast.com\/product\/yoast-seo-premium-wordpress\/ -->\n<title>Cantor detona Ceni: &#039;Mais medo de perder do que vontade de ganhar&#039;<\/title>\n<meta name=\"description\" content=\"&quot;Ceni estava aonde nos \u00faltimos anos? Ele n\u00e3o viu os gols do Gabigol aos 43 e 46 na final? Que jogo ele viu hoje pra entrar com Vitinho?&quot;.\" \/>\n<meta name=\"robots\" content=\"index, follow, max-snippet:-1, max-image-preview:large, max-video-preview:-1\" \/>\n<link rel=\"canonical\" href=\"https:\/\/www.gaveanews.com\/index.php\/2021\/01\/25\/cantor-detona-rogerio-ceni-tem-mais-medo-de-perder-do-que-vontade-de-ganhar\/\" \/>\n<meta property=\"og:locale\" content=\"pt_BR\" \/>\n<meta property=\"og:type\" content=\"article\" \/>\n<meta property=\"og:title\" content=\"Cantor detona Rog\u00e9rio Ceni: &#039;Tem mais medo de perder do que vontade de ganhar&#039;\" \/>\n<meta property=\"og:description\" content=\"&quot;Ceni estava aonde nos \u00faltimos anos? Ele n\u00e3o viu os gols do Gabigol aos 43 e 46 na final? Que jogo ele viu hoje pra entrar com Vitinho?&quot;.\" \/>\n<meta property=\"og:url\" content=\"https:\/\/www.gaveanews.com\/index.php\/2021\/01\/25\/cantor-detona-rogerio-ceni-tem-mais-medo-de-perder-do-que-vontade-de-ganhar\/\" \/>\n<meta property=\"og:site_name\" content=\"G\u00e1vea News\" \/>\n<meta property=\"article:publisher\" content=\"https:\/\/facebook.com\/gaveaNews\/\" \/>\n<meta property=\"article:published_time\" content=\"2021-01-25T22:20:00+00:00\" \/>\n<meta property=\"og:image\" content=\"https:\/\/www.gaveanews.com\/wp-content\/uploads\/Ceni-durante-a-partida-entre-Flamengo-e-Fortaleza.webp\" \/>\n\t<meta property=\"og:image:width\" content=\"799\" \/>\n\t<meta property=\"og:image:height\" content=\"532\" \/>\n\t<meta property=\"og:image:type\" content=\"image\/jpeg\" \/>\n<meta name=\"author\" content=\"Equipe G\u00e1vea News\" \/>\n<meta name=\"twitter:card\" content=\"summary_large_image\" \/>\n<meta name=\"twitter:label1\" content=\"Escrito por\" \/>\n\t<meta name=\"twitter:data1\" content=\"Equipe G\u00e1vea News\" \/>\n\t<meta name=\"twitter:label2\" content=\"Est. tempo de leitura\" \/>\n\t<meta name=\"twitter:data2\" content=\"2 minutos\" \/>\n<script type=\"application\/ld+json\" class=\"yoast-schema-graph\">{\"@context\":\"https:\/\/schema.org\",\"@graph\":[{\"@type\":\"NewsArticle\",\"@id\":\"https:\/\/www.gaveanews.com\/index.php\/2021\/01\/25\/cantor-detona-rogerio-ceni-tem-mais-medo-de-perder-do-que-vontade-de-ganhar\/#article\",\"isPartOf\":{\"@id\":\"https:\/\/www.gaveanews.com\/index.php\/2021\/01\/25\/cantor-detona-rogerio-ceni-tem-mais-medo-de-perder-do-que-vontade-de-ganhar\/\"},\"author\":{\"name\":\"Equipe G\u00e1vea News\",\"@id\":\"https:\/\/www.gaveanews.com\/#\/schema\/person\/2ec14f73fb96be2caf28f91afb14749d\"},\"headline\":\"Cantor detona Rog\u00e9rio Ceni: &#8216;Tem mais medo de perder do que vontade de ganhar&#8217;\",\"datePublished\":\"2021-01-25T22:20:00+00:00\",\"mainEntityOfPage\":{\"@id\":\"https:\/\/www.gaveanews.com\/index.php\/2021\/01\/25\/cantor-detona-rogerio-ceni-tem-mais-medo-de-perder-do-que-vontade-de-ganhar\/\"},\"wordCount\":363,\"commentCount\":25,\"image\":{\"@id\":\"https:\/\/www.gaveanews.com\/index.php\/2021\/01\/25\/cantor-detona-rogerio-ceni-tem-mais-medo-de-perder-do-que-vontade-de-ganhar\/#primaryimage\"},\"thumbnailUrl\":\"https:\/\/www.gaveanews.com\/wp-content\/uploads\/Ceni-durante-a-partida-entre-Flamengo-e-Fortaleza.webp\",\"articleSection\":[\"Destaques\"],\"inLanguage\":\"pt-BR\",\"potentialAction\":[{\"@type\":\"CommentAction\",\"name\":\"Comment\",\"target\":[\"https:\/\/www.gaveanews.com\/index.php\/2021\/01\/25\/cantor-detona-rogerio-ceni-tem-mais-medo-de-perder-do-que-vontade-de-ganhar\/#respond\"]}],\"copyrightYear\":\"2021\",\"copyrightHolder\":{\"@id\":\"https:\/\/www.gaveanews.com\/#organization\"}},{\"@type\":\"WebPage\",\"@id\":\"https:\/\/www.gaveanews.com\/index.php\/2021\/01\/25\/cantor-detona-rogerio-ceni-tem-mais-medo-de-perder-do-que-vontade-de-ganhar\/\",\"url\":\"https:\/\/www.gaveanews.com\/index.php\/2021\/01\/25\/cantor-detona-rogerio-ceni-tem-mais-medo-de-perder-do-que-vontade-de-ganhar\/\",\"name\":\"Cantor detona Ceni: 'Mais medo de perder do que vontade de ganhar'\",\"isPartOf\":{\"@id\":\"https:\/\/www.gaveanews.com\/#website\"},\"primaryImageOfPage\":{\"@id\":\"https:\/\/www.gaveanews.com\/index.php\/2021\/01\/25\/cantor-detona-rogerio-ceni-tem-mais-medo-de-perder-do-que-vontade-de-ganhar\/#primaryimage\"},\"image\":{\"@id\":\"https:\/\/www.gaveanews.com\/index.php\/2021\/01\/25\/cantor-detona-rogerio-ceni-tem-mais-medo-de-perder-do-que-vontade-de-ganhar\/#primaryimage\"},\"thumbnailUrl\":\"https:\/\/www.gaveanews.com\/wp-content\/uploads\/Ceni-durante-a-partida-entre-Flamengo-e-Fortaleza.webp\",\"datePublished\":\"2021-01-25T22:20:00+00:00\",\"author\":{\"@id\":\"https:\/\/www.gaveanews.com\/#\/schema\/person\/2ec14f73fb96be2caf28f91afb14749d\"},\"description\":\"\\\"Ceni estava aonde nos \u00faltimos anos? Ele n\u00e3o viu os gols do Gabigol aos 43 e 46 na final? Que jogo ele viu hoje pra entrar com Vitinho?\\\".\",\"breadcrumb\":{\"@id\":\"https:\/\/www.gaveanews.com\/index.php\/2021\/01\/25\/cantor-detona-rogerio-ceni-tem-mais-medo-de-perder-do-que-vontade-de-ganhar\/#breadcrumb\"},\"inLanguage\":\"pt-BR\",\"potentialAction\":[{\"@type\":\"ReadAction\",\"target\":[\"https:\/\/www.gaveanews.com\/index.php\/2021\/01\/25\/cantor-detona-rogerio-ceni-tem-mais-medo-de-perder-do-que-vontade-de-ganhar\/\"]}]},{\"@type\":\"ImageObject\",\"inLanguage\":\"pt-BR\",\"@id\":\"https:\/\/www.gaveanews.com\/index.php\/2021\/01\/25\/cantor-detona-rogerio-ceni-tem-mais-medo-de-perder-do-que-vontade-de-ganhar\/#primaryimage\",\"url\":\"https:\/\/www.gaveanews.com\/wp-content\/uploads\/Ceni-durante-a-partida-entre-Flamengo-e-Fortaleza.webp\",\"contentUrl\":\"https:\/\/www.gaveanews.com\/wp-content\/uploads\/Ceni-durante-a-partida-entre-Flamengo-e-Fortaleza.webp\",\"width\":799,\"height\":532,\"caption\":\"Ceni durante a partida entre Flamengo e Fortaleza (Foto: Alexandre Vidal\/Flamengo)\"},{\"@type\":\"BreadcrumbList\",\"@id\":\"https:\/\/www.gaveanews.com\/index.php\/2021\/01\/25\/cantor-detona-rogerio-ceni-tem-mais-medo-de-perder-do-que-vontade-de-ganhar\/#breadcrumb\",\"itemListElement\":[{\"@type\":\"ListItem\",\"position\":1,\"name\":\"Home\",\"item\":\"https:\/\/www.gaveanews.com\/\"},{\"@type\":\"ListItem\",\"position\":2,\"name\":\"Cantor detona Rog\u00e9rio Ceni: &#8216;Tem mais medo de perder do que vontade de ganhar&#8217;\"}]},{\"@type\":\"WebSite\",\"@id\":\"https:\/\/www.gaveanews.com\/#website\",\"url\":\"https:\/\/www.gaveanews.com\/\",\"name\":\"G\u00e1vea News\",\"description\":\"Veja todas as not\u00edcias sobre o Flamengo: Contrata\u00e7\u00f5es, categorias de base, resultados das partidas, tabela de classifica\u00e7\u00e3o, pr\u00f3ximos jogos!\",\"potentialAction\":[{\"@type\":\"SearchAction\",\"target\":{\"@type\":\"EntryPoint\",\"urlTemplate\":\"https:\/\/www.gaveanews.com\/?s={search_term_string}\"},\"query-input\":{\"@type\":\"PropertyValueSpecification\",\"valueRequired\":true,\"valueName\":\"search_term_string\"}}],\"inLanguage\":\"pt-BR\"},{\"@type\":\"Person\",\"@id\":\"https:\/\/www.gaveanews.com\/#\/schema\/person\/2ec14f73fb96be2caf28f91afb14749d\",\"name\":\"Equipe G\u00e1vea News\",\"image\":{\"@type\":\"ImageObject\",\"inLanguage\":\"pt-BR\",\"@id\":\"https:\/\/www.gaveanews.com\/#\/schema\/person\/image\/\",\"url\":\"https:\/\/secure.gravatar.com\/avatar\/1e1956f1facbffd3f8fa53a326721950116b3b9dc9bd44939c01180fd4a745a9?s=96&d=mm&r=g\",\"contentUrl\":\"https:\/\/secure.gravatar.com\/avatar\/1e1956f1facbffd3f8fa53a326721950116b3b9dc9bd44939c01180fd4a745a9?s=96&d=mm&r=g\",\"caption\":\"Equipe G\u00e1vea News\"}}]}<\/script>\n<!-- \/ Yoast SEO Premium plugin. -->","yoast_head_json":{"title":"Cantor detona Ceni: 'Mais medo de perder do que vontade de ganhar'","description":"\"Ceni estava aonde nos \u00faltimos anos? Ele n\u00e3o viu os gols do Gabigol aos 43 e 46 na final? Que jogo ele viu hoje pra entrar com Vitinho?\".","robots":{"index":"index","follow":"follow","max-snippet":"max-snippet:-1","max-image-preview":"max-image-preview:large","max-video-preview":"max-video-preview:-1"},"canonical":"https:\/\/www.gaveanews.com\/index.php\/2021\/01\/25\/cantor-detona-rogerio-ceni-tem-mais-medo-de-perder-do-que-vontade-de-ganhar\/","og_locale":"pt_BR","og_type":"article","og_title":"Cantor detona Rog\u00e9rio Ceni: 'Tem mais medo de perder do que vontade de ganhar'","og_description":"\"Ceni estava aonde nos \u00faltimos anos? Ele n\u00e3o viu os gols do Gabigol aos 43 e 46 na final? Que jogo ele viu hoje pra entrar com Vitinho?\".","og_url":"https:\/\/www.gaveanews.com\/index.php\/2021\/01\/25\/cantor-detona-rogerio-ceni-tem-mais-medo-de-perder-do-que-vontade-de-ganhar\/","og_site_name":"G\u00e1vea News","article_publisher":"https:\/\/facebook.com\/gaveaNews\/","article_published_time":"2021-01-25T22:20:00+00:00","og_image":[{"width":799,"height":532,"url":"https:\/\/www.gaveanews.com\/wp-content\/uploads\/Ceni-durante-a-partida-entre-Flamengo-e-Fortaleza.webp","type":"image\/jpeg"}],"author":"Equipe G\u00e1vea News","twitter_card":"summary_large_image","twitter_misc":{"Escrito por":"Equipe G\u00e1vea News","Est. tempo de leitura":"2 minutos"},"schema":{"@context":"https:\/\/schema.org","@graph":[{"@type":"NewsArticle","@id":"https:\/\/www.gaveanews.com\/index.php\/2021\/01\/25\/cantor-detona-rogerio-ceni-tem-mais-medo-de-perder-do-que-vontade-de-ganhar\/#article","isPartOf":{"@id":"https:\/\/www.gaveanews.com\/index.php\/2021\/01\/25\/cantor-detona-rogerio-ceni-tem-mais-medo-de-perder-do-que-vontade-de-ganhar\/"},"author":{"name":"Equipe G\u00e1vea News","@id":"https:\/\/www.gaveanews.com\/#\/schema\/person\/2ec14f73fb96be2caf28f91afb14749d"},"headline":"Cantor detona Rog\u00e9rio Ceni: &#8216;Tem mais medo de perder do que vontade de ganhar&#8217;","datePublished":"2021-01-25T22:20:00+00:00","mainEntityOfPage":{"@id":"https:\/\/www.gaveanews.com\/index.php\/2021\/01\/25\/cantor-detona-rogerio-ceni-tem-mais-medo-de-perder-do-que-vontade-de-ganhar\/"},"wordCount":363,"commentCount":25,"image":{"@id":"https:\/\/www.gaveanews.com\/index.php\/2021\/01\/25\/cantor-detona-rogerio-ceni-tem-mais-medo-de-perder-do-que-vontade-de-ganhar\/#primaryimage"},"thumbnailUrl":"https:\/\/www.gaveanews.com\/wp-content\/uploads\/Ceni-durante-a-partida-entre-Flamengo-e-Fortaleza.webp","articleSection":["Destaques"],"inLanguage":"pt-BR","potentialAction":[{"@type":"CommentAction","name":"Comment","target":["https:\/\/www.gaveanews.com\/index.php\/2021\/01\/25\/cantor-detona-rogerio-ceni-tem-mais-medo-de-perder-do-que-vontade-de-ganhar\/#respond"]}],"copyrightYear":"2021","copyrightHolder":{"@id":"https:\/\/www.gaveanews.com\/#organization"}},{"@type":"WebPage","@id":"https:\/\/www.gaveanews.com\/index.php\/2021\/01\/25\/cantor-detona-rogerio-ceni-tem-mais-medo-de-perder-do-que-vontade-de-ganhar\/","url":"https:\/\/www.gaveanews.com\/index.php\/2021\/01\/25\/cantor-detona-rogerio-ceni-tem-mais-medo-de-perder-do-que-vontade-de-ganhar\/","name":"Cantor detona Ceni: 'Mais medo de perder do que vontade de ganhar'","isPartOf":{"@id":"https:\/\/www.gaveanews.com\/#website"},"primaryImageOfPage":{"@id":"https:\/\/www.gaveanews.com\/index.php\/2021\/01\/25\/cantor-detona-rogerio-ceni-tem-mais-medo-de-perder-do-que-vontade-de-ganhar\/#primaryimage"},"image":{"@id":"https:\/\/www.gaveanews.com\/index.php\/2021\/01\/25\/cantor-detona-rogerio-ceni-tem-mais-medo-de-perder-do-que-vontade-de-ganhar\/#primaryimage"},"thumbnailUrl":"https:\/\/www.gaveanews.com\/wp-content\/uploads\/Ceni-durante-a-partida-entre-Flamengo-e-Fortaleza.webp","datePublished":"2021-01-25T22:20:00+00:00","author":{"@id":"https:\/\/www.gaveanews.com\/#\/schema\/person\/2ec14f73fb96be2caf28f91afb14749d"},"description":"\"Ceni estava aonde nos \u00faltimos anos? Ele n\u00e3o viu os gols do Gabigol aos 43 e 46 na final? Que jogo ele viu hoje pra entrar com Vitinho?\".","breadcrumb":{"@id":"https:\/\/www.gaveanews.com\/index.php\/2021\/01\/25\/cantor-detona-rogerio-ceni-tem-mais-medo-de-perder-do-que-vontade-de-ganhar\/#breadcrumb"},"inLanguage":"pt-BR","potentialAction":[{"@type":"ReadAction","target":["https:\/\/www.gaveanews.com\/index.php\/2021\/01\/25\/cantor-detona-rogerio-ceni-tem-mais-medo-de-perder-do-que-vontade-de-ganhar\/"]}]},{"@type":"ImageObject","inLanguage":"pt-BR","@id":"https:\/\/www.gaveanews.com\/index.php\/2021\/01\/25\/cantor-detona-rogerio-ceni-tem-mais-medo-de-perder-do-que-vontade-de-ganhar\/#primaryimage","url":"https:\/\/www.gaveanews.com\/wp-content\/uploads\/Ceni-durante-a-partida-entre-Flamengo-e-Fortaleza.webp","contentUrl":"https:\/\/www.gaveanews.com\/wp-content\/uploads\/Ceni-durante-a-partida-entre-Flamengo-e-Fortaleza.webp","width":799,"height":532,"caption":"Ceni durante a partida entre Flamengo e Fortaleza (Foto: Alexandre Vidal\/Flamengo)"},{"@type":"BreadcrumbList","@id":"https:\/\/www.gaveanews.com\/index.php\/2021\/01\/25\/cantor-detona-rogerio-ceni-tem-mais-medo-de-perder-do-que-vontade-de-ganhar\/#breadcrumb","itemListElement":[{"@type":"ListItem","position":1,"name":"Home","item":"https:\/\/www.gaveanews.com\/"},{"@type":"ListItem","position":2,"name":"Cantor detona Rog\u00e9rio Ceni: &#8216;Tem mais medo de perder do que vontade de ganhar&#8217;"}]},{"@type":"WebSite","@id":"https:\/\/www.gaveanews.com\/#website","url":"https:\/\/www.gaveanews.com\/","name":"G\u00e1vea News","description":"Veja todas as not\u00edcias sobre o Flamengo: Contrata\u00e7\u00f5es, categorias de base, resultados das partidas, tabela de classifica\u00e7\u00e3o, pr\u00f3ximos jogos!","potentialAction":[{"@type":"SearchAction","target":{"@type":"EntryPoint","urlTemplate":"https:\/\/www.gaveanews.com\/?s={search_term_string}"},"query-input":{"@type":"PropertyValueSpecification","valueRequired":true,"valueName":"search_term_string"}}],"inLanguage":"pt-BR"},{"@type":"Person","@id":"https:\/\/www.gaveanews.com\/#\/schema\/person\/2ec14f73fb96be2caf28f91afb14749d","name":"Equipe G\u00e1vea News","image":{"@type":"ImageObject","inLanguage":"pt-BR","@id":"https:\/\/www.gaveanews.com\/#\/schema\/person\/image\/","url":"https:\/\/secure.gravatar.com\/avatar\/1e1956f1facbffd3f8fa53a326721950116b3b9dc9bd44939c01180fd4a745a9?s=96&d=mm&r=g","contentUrl":"https:\/\/secure.gravatar.com\/avatar\/1e1956f1facbffd3f8fa53a326721950116b3b9dc9bd44939c01180fd4a745a9?s=96&d=mm&r=g","caption":"Equipe G\u00e1vea News"}}]}},"_links":{"self":[{"href":"https:\/\/www.gaveanews.com\/index.php\/wp-json\/wp\/v2\/posts\/55288","targetHints":{"allow":["GET"]}}],"collection":[{"href":"https:\/\/www.gaveanews.com\/index.php\/wp-json\/wp\/v2\/posts"}],"about":[{"href":"https:\/\/www.gaveanews.com\/index.php\/wp-json\/wp\/v2\/types\/post"}],"author":[{"embeddable":true,"href":"https:\/\/www.gaveanews.com\/index.php\/wp-json\/wp\/v2\/users\/1"}],"replies":[{"embeddable":true,"href":"https:\/\/www.gaveanews.com\/index.php\/wp-json\/wp\/v2\/comments?post=55288"}],"version-history":[{"count":0,"href":"https:\/\/www.gaveanews.com\/index.php\/wp-json\/wp\/v2\/posts\/55288\/revisions"}],"wp:featuredmedia":[{"embeddable":true,"href":"https:\/\/www.gaveanews.com\/index.php\/wp-json\/wp\/v2\/media\/54073"}],"wp:attachment":[{"href":"https:\/\/www.gaveanews.com\/index.php\/wp-json\/wp\/v2\/media?parent=55288"}],"wp:term":[{"taxonomy":"category","embeddable":true,"href":"https:\/\/www.gaveanews.com\/index.php\/wp-json\/wp\/v2\/categories?post=55288"},{"taxonomy":"post_tag","embeddable":true,"href":"https:\/\/www.gaveanews.com\/index.php\/wp-json\/wp\/v2\/tags?post=55288"}],"curies":[{"name":"wp","href":"https:\/\/api.w.org\/{rel}","templated":true}]}}