{"id":55306,"date":"2021-01-26T08:26:05","date_gmt":"2021-01-26T11:26:05","guid":{"rendered":"https:\/\/www.gaveanews.com\/?p=55306"},"modified":"2021-01-26T08:26:07","modified_gmt":"2021-01-26T11:26:07","slug":"meia-do-flamengo-everton-ribeiro-avalia-deixar-o-clube","status":"publish","type":"post","link":"https:\/\/www.gaveanews.com\/index.php\/2021\/01\/26\/meia-do-flamengo-everton-ribeiro-avalia-deixar-o-clube\/","title":{"rendered":"Meia do Flamengo, Everton  Ribeiro avalia deixar o clube"},"content":{"rendered":"\n<p>Everton Ribeiro avalia deixar o Flamengo. O jogador recebeu uma sondagem do Al-Nasr, dos Emirados \u00c1rabes Unidos, e debate com fam\u00edlia e estafe os pr\u00f3ximos passos de sua carreira.<\/p>\n\n\n\n<p>O time de Dubai ainda n\u00e3o formalizou uma proposta oficial aos cariocas, mas j\u00e1 sinalizou a interlocutores que participam das conversas que pode atingir R$ 40 milh\u00f5es (pouco mais de sete milh\u00f5es de d\u00f3lares na cota\u00e7\u00e3o atual) para tirar o camisa 7 da G\u00e1vea.<\/p>\n\n\n\n<p>O interesse dos \u00e1rabes n\u00e3o chega a ser novidade. Desde que Everton deixou o\u00a0futebol\u00a0do pa\u00eds, em 2017, para defender o Flamengo, dirigentes locais monitoram a situa\u00e7\u00e3o do meia. Naquele momento, o Rubro-negro pagou R$ 22 milh\u00f5es (seis milh\u00f5es de euros \u00e0 \u00e9poca) para tirar Ribeiro do Al-Ahli.<\/p>\n\n\n\n<h2 class=\"wp-block-heading\" id=\"h-vontade-de-voltar-ao-mundo-ar-be\"><strong>Vontade de voltar ao mundo ar\u00e1be<\/strong><\/h2>\n\n\n\n<p>Everton Ribeiro avalia a sondagem de momento. Com boas mem\u00f3rias de Dubai, o jogador nunca escondeu a vontade de um dia retornar aos Emirados \u00c1rabes. Al\u00e9m das boas condi\u00e7\u00f5es de vida para sua fam\u00edlia &#8211; crescimento dos filhos -, a moral elevada junto a torcedores e dirigentes \u00e9 um fator que pesa positivamente para uma volta ao pa\u00eds.<\/p>\n\n\n\n<p>O Flamengo ainda acompanha o desenrolar das conversas \u00e0 dist\u00e2ncia. Ao mesmo tempo, sabe dos planos de Everton e do desejo elevado dos \u00e1rabes.<\/p>\n\n\n\n<p>A entrada de R$ 40 milh\u00f5es nos cofres em uma poss\u00edvel venda dos direitos de um jogador que custou R$ 22 milh\u00f5es em 2017 impede que o neg\u00f3cio seja classificado como ruim internamente.<\/p>\n\n\n\n<p>Everton Ribeiro tem contrato com o Flamengo at\u00e9 o final de 2023. O v\u00ednculo foi estendido em acordo firmado no final de 2019 &#8211; o acordo interior era v\u00e1lido at\u00e9 2021.<\/p>\n\n\n\n<p>No Flamengo desde junho de 2017, Everton disputou 207 jogos e marcou 32 gols. O jogador conquistou dois estaduais (2019 e 2020), uma Supercopa do Brasil (2020), um Campeonato Brasileiro (2019), uma Recopa Sul-Americana (2020) e uma\u00a0Libertadores\u00a0(2019). Pelo Rubro-negro, voltou a ser convocado pelo t\u00e9cnico Tite para a sele\u00e7\u00e3o brasileira.<\/p>\n\n\n\n<p>Vivendo seu pior momento t\u00e9cnico nos \u00faltimos anos, Everton tem encarado a press\u00e3o de cr\u00edticos e torcida. Ainda assim, o jogador vem deixando claro para pessoas pr\u00f3ximas que uma mudan\u00e7a de clube n\u00e3o teria nenhuma rela\u00e7\u00e3o com a fase em campo.<\/p>\n\n\n\n<p>Retirado de: UOL<\/p>\n","protected":false},"excerpt":{"rendered":"<p>Everton Ribeiro avalia deixar o Flamengo. O jogador recebeu uma sondagem do Al-Nasr, dos Emirados \u00c1rabes Unidos, e debate com fam\u00edlia e estafe os pr\u00f3ximos passos de sua carreira. O time de Dubai ainda n\u00e3o formalizou uma proposta oficial aos cariocas, mas j\u00e1 sinalizou a interlocutores que participam das conversas que pode atingir R$ 40 [&hellip;]<\/p>\n","protected":false},"author":1,"featured_media":50432,"comment_status":"open","ping_status":"closed","sticky":false,"template":"","format":"standard","meta":{"footnotes":""},"categories":[48],"tags":[],"class_list":["post-55306","post","type-post","status-publish","format-standard","has-post-thumbnail","hentry","category-negociacoes"],"yoast_head":"<!-- This site is optimized with the Yoast SEO Premium plugin v24.2 (Yoast SEO v26.9) - https:\/\/yoast.com\/product\/yoast-seo-premium-wordpress\/ -->\n<title>Meia do Flamengo, Everton Ribeiro avalia deixar o clube<\/title>\n<meta name=\"description\" content=\"O jogador vem deixando claro para pessoas pr\u00f3ximas que uma mudan\u00e7a de clube n\u00e3o teria nenhuma rela\u00e7\u00e3o com a fase em campo.\" \/>\n<meta name=\"robots\" content=\"index, follow, max-snippet:-1, max-image-preview:large, max-video-preview:-1\" \/>\n<link rel=\"canonical\" href=\"https:\/\/www.gaveanews.com\/index.php\/2021\/01\/26\/meia-do-flamengo-everton-ribeiro-avalia-deixar-o-clube\/\" \/>\n<meta property=\"og:locale\" content=\"pt_BR\" \/>\n<meta property=\"og:type\" content=\"article\" \/>\n<meta property=\"og:title\" content=\"Meia do Flamengo, Everton Ribeiro avalia deixar o clube\" \/>\n<meta property=\"og:description\" content=\"O jogador vem deixando claro para pessoas pr\u00f3ximas que uma mudan\u00e7a de clube n\u00e3o teria nenhuma rela\u00e7\u00e3o com a fase em campo.\" \/>\n<meta property=\"og:url\" content=\"https:\/\/www.gaveanews.com\/index.php\/2021\/01\/26\/meia-do-flamengo-everton-ribeiro-avalia-deixar-o-clube\/\" \/>\n<meta property=\"og:site_name\" content=\"G\u00e1vea News\" \/>\n<meta property=\"article:publisher\" content=\"https:\/\/facebook.com\/gaveaNews\/\" \/>\n<meta property=\"article:published_time\" content=\"2021-01-26T11:26:05+00:00\" \/>\n<meta property=\"article:modified_time\" content=\"2021-01-26T11:26:07+00:00\" \/>\n<meta property=\"og:image\" content=\"https:\/\/www.gaveanews.com\/wp-content\/uploads\/Everton-Ribeiro-em-acao-pelo-Flamengo-contra-o-Sao-Paulo.webp\" \/>\n\t<meta property=\"og:image:width\" content=\"799\" \/>\n\t<meta property=\"og:image:height\" content=\"532\" \/>\n\t<meta property=\"og:image:type\" content=\"image\/jpeg\" \/>\n<meta name=\"author\" content=\"Equipe G\u00e1vea News\" \/>\n<meta name=\"twitter:card\" content=\"summary_large_image\" \/>\n<meta name=\"twitter:label1\" content=\"Escrito por\" \/>\n\t<meta name=\"twitter:data1\" content=\"Equipe G\u00e1vea News\" \/>\n\t<meta name=\"twitter:label2\" content=\"Est. tempo de leitura\" \/>\n\t<meta name=\"twitter:data2\" content=\"2 minutos\" \/>\n<script type=\"application\/ld+json\" class=\"yoast-schema-graph\">{\"@context\":\"https:\/\/schema.org\",\"@graph\":[{\"@type\":\"NewsArticle\",\"@id\":\"https:\/\/www.gaveanews.com\/index.php\/2021\/01\/26\/meia-do-flamengo-everton-ribeiro-avalia-deixar-o-clube\/#article\",\"isPartOf\":{\"@id\":\"https:\/\/www.gaveanews.com\/index.php\/2021\/01\/26\/meia-do-flamengo-everton-ribeiro-avalia-deixar-o-clube\/\"},\"author\":{\"name\":\"Equipe G\u00e1vea News\",\"@id\":\"https:\/\/www.gaveanews.com\/#\/schema\/person\/2ec14f73fb96be2caf28f91afb14749d\"},\"headline\":\"Meia do Flamengo, Everton Ribeiro avalia deixar o clube\",\"datePublished\":\"2021-01-26T11:26:05+00:00\",\"dateModified\":\"2021-01-26T11:26:07+00:00\",\"mainEntityOfPage\":{\"@id\":\"https:\/\/www.gaveanews.com\/index.php\/2021\/01\/26\/meia-do-flamengo-everton-ribeiro-avalia-deixar-o-clube\/\"},\"wordCount\":392,\"commentCount\":57,\"image\":{\"@id\":\"https:\/\/www.gaveanews.com\/index.php\/2021\/01\/26\/meia-do-flamengo-everton-ribeiro-avalia-deixar-o-clube\/#primaryimage\"},\"thumbnailUrl\":\"https:\/\/www.gaveanews.com\/wp-content\/uploads\/Everton-Ribeiro-em-acao-pelo-Flamengo-contra-o-Sao-Paulo.webp\",\"articleSection\":[\"Negocia\u00e7\u00f5es\"],\"inLanguage\":\"pt-BR\",\"potentialAction\":[{\"@type\":\"CommentAction\",\"name\":\"Comment\",\"target\":[\"https:\/\/www.gaveanews.com\/index.php\/2021\/01\/26\/meia-do-flamengo-everton-ribeiro-avalia-deixar-o-clube\/#respond\"]}],\"copyrightYear\":\"2021\",\"copyrightHolder\":{\"@id\":\"https:\/\/www.gaveanews.com\/#organization\"}},{\"@type\":\"WebPage\",\"@id\":\"https:\/\/www.gaveanews.com\/index.php\/2021\/01\/26\/meia-do-flamengo-everton-ribeiro-avalia-deixar-o-clube\/\",\"url\":\"https:\/\/www.gaveanews.com\/index.php\/2021\/01\/26\/meia-do-flamengo-everton-ribeiro-avalia-deixar-o-clube\/\",\"name\":\"Meia do Flamengo, Everton Ribeiro avalia deixar o clube\",\"isPartOf\":{\"@id\":\"https:\/\/www.gaveanews.com\/#website\"},\"primaryImageOfPage\":{\"@id\":\"https:\/\/www.gaveanews.com\/index.php\/2021\/01\/26\/meia-do-flamengo-everton-ribeiro-avalia-deixar-o-clube\/#primaryimage\"},\"image\":{\"@id\":\"https:\/\/www.gaveanews.com\/index.php\/2021\/01\/26\/meia-do-flamengo-everton-ribeiro-avalia-deixar-o-clube\/#primaryimage\"},\"thumbnailUrl\":\"https:\/\/www.gaveanews.com\/wp-content\/uploads\/Everton-Ribeiro-em-acao-pelo-Flamengo-contra-o-Sao-Paulo.webp\",\"datePublished\":\"2021-01-26T11:26:05+00:00\",\"dateModified\":\"2021-01-26T11:26:07+00:00\",\"author\":{\"@id\":\"https:\/\/www.gaveanews.com\/#\/schema\/person\/2ec14f73fb96be2caf28f91afb14749d\"},\"description\":\"O jogador vem deixando claro para pessoas pr\u00f3ximas que uma mudan\u00e7a de clube n\u00e3o teria nenhuma rela\u00e7\u00e3o com a fase em campo.\",\"breadcrumb\":{\"@id\":\"https:\/\/www.gaveanews.com\/index.php\/2021\/01\/26\/meia-do-flamengo-everton-ribeiro-avalia-deixar-o-clube\/#breadcrumb\"},\"inLanguage\":\"pt-BR\",\"potentialAction\":[{\"@type\":\"ReadAction\",\"target\":[\"https:\/\/www.gaveanews.com\/index.php\/2021\/01\/26\/meia-do-flamengo-everton-ribeiro-avalia-deixar-o-clube\/\"]}]},{\"@type\":\"ImageObject\",\"inLanguage\":\"pt-BR\",\"@id\":\"https:\/\/www.gaveanews.com\/index.php\/2021\/01\/26\/meia-do-flamengo-everton-ribeiro-avalia-deixar-o-clube\/#primaryimage\",\"url\":\"https:\/\/www.gaveanews.com\/wp-content\/uploads\/Everton-Ribeiro-em-acao-pelo-Flamengo-contra-o-Sao-Paulo.webp\",\"contentUrl\":\"https:\/\/www.gaveanews.com\/wp-content\/uploads\/Everton-Ribeiro-em-acao-pelo-Flamengo-contra-o-Sao-Paulo.webp\",\"width\":799,\"height\":532,\"caption\":\"Everton Ribeiro em a\u00e7\u00e3o pelo Flamengo contra o S\u00e3o Paulo (Foto: Alexandre Vidal, Marcelo Cortes e Paula Reis\/Flamengo)\"},{\"@type\":\"BreadcrumbList\",\"@id\":\"https:\/\/www.gaveanews.com\/index.php\/2021\/01\/26\/meia-do-flamengo-everton-ribeiro-avalia-deixar-o-clube\/#breadcrumb\",\"itemListElement\":[{\"@type\":\"ListItem\",\"position\":1,\"name\":\"Home\",\"item\":\"https:\/\/www.gaveanews.com\/\"},{\"@type\":\"ListItem\",\"position\":2,\"name\":\"Meia do Flamengo, Everton Ribeiro avalia deixar o clube\"}]},{\"@type\":\"WebSite\",\"@id\":\"https:\/\/www.gaveanews.com\/#website\",\"url\":\"https:\/\/www.gaveanews.com\/\",\"name\":\"G\u00e1vea News\",\"description\":\"Veja todas as not\u00edcias sobre o Flamengo: Contrata\u00e7\u00f5es, categorias de base, resultados das partidas, tabela de classifica\u00e7\u00e3o, pr\u00f3ximos jogos!\",\"potentialAction\":[{\"@type\":\"SearchAction\",\"target\":{\"@type\":\"EntryPoint\",\"urlTemplate\":\"https:\/\/www.gaveanews.com\/?s={search_term_string}\"},\"query-input\":{\"@type\":\"PropertyValueSpecification\",\"valueRequired\":true,\"valueName\":\"search_term_string\"}}],\"inLanguage\":\"pt-BR\"},{\"@type\":\"Person\",\"@id\":\"https:\/\/www.gaveanews.com\/#\/schema\/person\/2ec14f73fb96be2caf28f91afb14749d\",\"name\":\"Equipe G\u00e1vea News\",\"image\":{\"@type\":\"ImageObject\",\"inLanguage\":\"pt-BR\",\"@id\":\"https:\/\/www.gaveanews.com\/#\/schema\/person\/image\/\",\"url\":\"https:\/\/secure.gravatar.com\/avatar\/1e1956f1facbffd3f8fa53a326721950116b3b9dc9bd44939c01180fd4a745a9?s=96&d=mm&r=g\",\"contentUrl\":\"https:\/\/secure.gravatar.com\/avatar\/1e1956f1facbffd3f8fa53a326721950116b3b9dc9bd44939c01180fd4a745a9?s=96&d=mm&r=g\",\"caption\":\"Equipe G\u00e1vea News\"}}]}<\/script>\n<!-- \/ Yoast SEO Premium plugin. -->","yoast_head_json":{"title":"Meia do Flamengo, Everton Ribeiro avalia deixar o clube","description":"O jogador vem deixando claro para pessoas pr\u00f3ximas que uma mudan\u00e7a de clube n\u00e3o teria nenhuma rela\u00e7\u00e3o com a fase em campo.","robots":{"index":"index","follow":"follow","max-snippet":"max-snippet:-1","max-image-preview":"max-image-preview:large","max-video-preview":"max-video-preview:-1"},"canonical":"https:\/\/www.gaveanews.com\/index.php\/2021\/01\/26\/meia-do-flamengo-everton-ribeiro-avalia-deixar-o-clube\/","og_locale":"pt_BR","og_type":"article","og_title":"Meia do Flamengo, Everton Ribeiro avalia deixar o clube","og_description":"O jogador vem deixando claro para pessoas pr\u00f3ximas que uma mudan\u00e7a de clube n\u00e3o teria nenhuma rela\u00e7\u00e3o com a fase em campo.","og_url":"https:\/\/www.gaveanews.com\/index.php\/2021\/01\/26\/meia-do-flamengo-everton-ribeiro-avalia-deixar-o-clube\/","og_site_name":"G\u00e1vea News","article_publisher":"https:\/\/facebook.com\/gaveaNews\/","article_published_time":"2021-01-26T11:26:05+00:00","article_modified_time":"2021-01-26T11:26:07+00:00","og_image":[{"width":799,"height":532,"url":"https:\/\/www.gaveanews.com\/wp-content\/uploads\/Everton-Ribeiro-em-acao-pelo-Flamengo-contra-o-Sao-Paulo.webp","type":"image\/jpeg"}],"author":"Equipe G\u00e1vea News","twitter_card":"summary_large_image","twitter_misc":{"Escrito por":"Equipe G\u00e1vea News","Est. tempo de leitura":"2 minutos"},"schema":{"@context":"https:\/\/schema.org","@graph":[{"@type":"NewsArticle","@id":"https:\/\/www.gaveanews.com\/index.php\/2021\/01\/26\/meia-do-flamengo-everton-ribeiro-avalia-deixar-o-clube\/#article","isPartOf":{"@id":"https:\/\/www.gaveanews.com\/index.php\/2021\/01\/26\/meia-do-flamengo-everton-ribeiro-avalia-deixar-o-clube\/"},"author":{"name":"Equipe G\u00e1vea News","@id":"https:\/\/www.gaveanews.com\/#\/schema\/person\/2ec14f73fb96be2caf28f91afb14749d"},"headline":"Meia do Flamengo, Everton Ribeiro avalia deixar o clube","datePublished":"2021-01-26T11:26:05+00:00","dateModified":"2021-01-26T11:26:07+00:00","mainEntityOfPage":{"@id":"https:\/\/www.gaveanews.com\/index.php\/2021\/01\/26\/meia-do-flamengo-everton-ribeiro-avalia-deixar-o-clube\/"},"wordCount":392,"commentCount":57,"image":{"@id":"https:\/\/www.gaveanews.com\/index.php\/2021\/01\/26\/meia-do-flamengo-everton-ribeiro-avalia-deixar-o-clube\/#primaryimage"},"thumbnailUrl":"https:\/\/www.gaveanews.com\/wp-content\/uploads\/Everton-Ribeiro-em-acao-pelo-Flamengo-contra-o-Sao-Paulo.webp","articleSection":["Negocia\u00e7\u00f5es"],"inLanguage":"pt-BR","potentialAction":[{"@type":"CommentAction","name":"Comment","target":["https:\/\/www.gaveanews.com\/index.php\/2021\/01\/26\/meia-do-flamengo-everton-ribeiro-avalia-deixar-o-clube\/#respond"]}],"copyrightYear":"2021","copyrightHolder":{"@id":"https:\/\/www.gaveanews.com\/#organization"}},{"@type":"WebPage","@id":"https:\/\/www.gaveanews.com\/index.php\/2021\/01\/26\/meia-do-flamengo-everton-ribeiro-avalia-deixar-o-clube\/","url":"https:\/\/www.gaveanews.com\/index.php\/2021\/01\/26\/meia-do-flamengo-everton-ribeiro-avalia-deixar-o-clube\/","name":"Meia do Flamengo, Everton Ribeiro avalia deixar o clube","isPartOf":{"@id":"https:\/\/www.gaveanews.com\/#website"},"primaryImageOfPage":{"@id":"https:\/\/www.gaveanews.com\/index.php\/2021\/01\/26\/meia-do-flamengo-everton-ribeiro-avalia-deixar-o-clube\/#primaryimage"},"image":{"@id":"https:\/\/www.gaveanews.com\/index.php\/2021\/01\/26\/meia-do-flamengo-everton-ribeiro-avalia-deixar-o-clube\/#primaryimage"},"thumbnailUrl":"https:\/\/www.gaveanews.com\/wp-content\/uploads\/Everton-Ribeiro-em-acao-pelo-Flamengo-contra-o-Sao-Paulo.webp","datePublished":"2021-01-26T11:26:05+00:00","dateModified":"2021-01-26T11:26:07+00:00","author":{"@id":"https:\/\/www.gaveanews.com\/#\/schema\/person\/2ec14f73fb96be2caf28f91afb14749d"},"description":"O jogador vem deixando claro para pessoas pr\u00f3ximas que uma mudan\u00e7a de clube n\u00e3o teria nenhuma rela\u00e7\u00e3o com a fase em campo.","breadcrumb":{"@id":"https:\/\/www.gaveanews.com\/index.php\/2021\/01\/26\/meia-do-flamengo-everton-ribeiro-avalia-deixar-o-clube\/#breadcrumb"},"inLanguage":"pt-BR","potentialAction":[{"@type":"ReadAction","target":["https:\/\/www.gaveanews.com\/index.php\/2021\/01\/26\/meia-do-flamengo-everton-ribeiro-avalia-deixar-o-clube\/"]}]},{"@type":"ImageObject","inLanguage":"pt-BR","@id":"https:\/\/www.gaveanews.com\/index.php\/2021\/01\/26\/meia-do-flamengo-everton-ribeiro-avalia-deixar-o-clube\/#primaryimage","url":"https:\/\/www.gaveanews.com\/wp-content\/uploads\/Everton-Ribeiro-em-acao-pelo-Flamengo-contra-o-Sao-Paulo.webp","contentUrl":"https:\/\/www.gaveanews.com\/wp-content\/uploads\/Everton-Ribeiro-em-acao-pelo-Flamengo-contra-o-Sao-Paulo.webp","width":799,"height":532,"caption":"Everton Ribeiro em a\u00e7\u00e3o pelo Flamengo contra o S\u00e3o Paulo (Foto: Alexandre Vidal, Marcelo Cortes e Paula Reis\/Flamengo)"},{"@type":"BreadcrumbList","@id":"https:\/\/www.gaveanews.com\/index.php\/2021\/01\/26\/meia-do-flamengo-everton-ribeiro-avalia-deixar-o-clube\/#breadcrumb","itemListElement":[{"@type":"ListItem","position":1,"name":"Home","item":"https:\/\/www.gaveanews.com\/"},{"@type":"ListItem","position":2,"name":"Meia do Flamengo, Everton Ribeiro avalia deixar o clube"}]},{"@type":"WebSite","@id":"https:\/\/www.gaveanews.com\/#website","url":"https:\/\/www.gaveanews.com\/","name":"G\u00e1vea News","description":"Veja todas as not\u00edcias sobre o Flamengo: Contrata\u00e7\u00f5es, categorias de base, resultados das partidas, tabela de classifica\u00e7\u00e3o, pr\u00f3ximos jogos!","potentialAction":[{"@type":"SearchAction","target":{"@type":"EntryPoint","urlTemplate":"https:\/\/www.gaveanews.com\/?s={search_term_string}"},"query-input":{"@type":"PropertyValueSpecification","valueRequired":true,"valueName":"search_term_string"}}],"inLanguage":"pt-BR"},{"@type":"Person","@id":"https:\/\/www.gaveanews.com\/#\/schema\/person\/2ec14f73fb96be2caf28f91afb14749d","name":"Equipe G\u00e1vea News","image":{"@type":"ImageObject","inLanguage":"pt-BR","@id":"https:\/\/www.gaveanews.com\/#\/schema\/person\/image\/","url":"https:\/\/secure.gravatar.com\/avatar\/1e1956f1facbffd3f8fa53a326721950116b3b9dc9bd44939c01180fd4a745a9?s=96&d=mm&r=g","contentUrl":"https:\/\/secure.gravatar.com\/avatar\/1e1956f1facbffd3f8fa53a326721950116b3b9dc9bd44939c01180fd4a745a9?s=96&d=mm&r=g","caption":"Equipe G\u00e1vea News"}}]}},"_links":{"self":[{"href":"https:\/\/www.gaveanews.com\/index.php\/wp-json\/wp\/v2\/posts\/55306","targetHints":{"allow":["GET"]}}],"collection":[{"href":"https:\/\/www.gaveanews.com\/index.php\/wp-json\/wp\/v2\/posts"}],"about":[{"href":"https:\/\/www.gaveanews.com\/index.php\/wp-json\/wp\/v2\/types\/post"}],"author":[{"embeddable":true,"href":"https:\/\/www.gaveanews.com\/index.php\/wp-json\/wp\/v2\/users\/1"}],"replies":[{"embeddable":true,"href":"https:\/\/www.gaveanews.com\/index.php\/wp-json\/wp\/v2\/comments?post=55306"}],"version-history":[{"count":0,"href":"https:\/\/www.gaveanews.com\/index.php\/wp-json\/wp\/v2\/posts\/55306\/revisions"}],"wp:featuredmedia":[{"embeddable":true,"href":"https:\/\/www.gaveanews.com\/index.php\/wp-json\/wp\/v2\/media\/50432"}],"wp:attachment":[{"href":"https:\/\/www.gaveanews.com\/index.php\/wp-json\/wp\/v2\/media?parent=55306"}],"wp:term":[{"taxonomy":"category","embeddable":true,"href":"https:\/\/www.gaveanews.com\/index.php\/wp-json\/wp\/v2\/categories?post=55306"},{"taxonomy":"post_tag","embeddable":true,"href":"https:\/\/www.gaveanews.com\/index.php\/wp-json\/wp\/v2\/tags?post=55306"}],"curies":[{"name":"wp","href":"https:\/\/api.w.org\/{rel}","templated":true}]}}