{"id":55308,"date":"2021-01-27T21:32:36","date_gmt":"2021-01-28T00:32:36","guid":{"rendered":"https:\/\/www.gaveanews.com\/?p=55308"},"modified":"2021-08-12T00:49:38","modified_gmt":"2021-08-12T03:49:38","slug":"zico-aponta-motivos-de-o-rendimento-do-flamengo-ter-caido","status":"publish","type":"post","link":"https:\/\/www.gaveanews.com\/index.php\/2021\/01\/27\/zico-aponta-motivos-de-o-rendimento-do-flamengo-ter-caido\/","title":{"rendered":"Zico aponta motivos de o rendimento do Flamengo ter ca\u00eddo"},"content":{"rendered":"\n<p>Em um in\u00edcio de ano muito inst\u00e1vel, o Flamengo ainda cambaleia entre as primeiras posi\u00e7\u00f5es da tabela do Brasileir\u00e3o. O time tem vivido de tombos e arrancadas que n\u00e3o duram e com o psicol\u00f3gico ainda bem abalado. <\/p>\n\n\n\n<p>Por diversas vezes o clube esteve perto da lideran\u00e7a e com chances de assegur\u00e1-la de antem\u00e3o, mas o treinamento parecia n\u00e3o fazer muito efeito nas finaliza\u00e7\u00f5es e o elenco permanece tendo v\u00e1rios erros individuais. Sobre a situa\u00e7\u00e3o atual vivida pela equipe, o \u00eddolo rubro-negro teve pontua\u00e7\u00f5es a fazer.<\/p>\n\n\n\n<p>Em entrevista ao canal da apresentadora Livia Nepomuceno, Zico foi questionado sobre qual seria o motivo do baixo rendimento nesta temporada do Flamengo. Em resposta, o ex-jogador afirmou que a sa\u00edda de Jorge Jesus ainda afeta o time, que n\u00e3o tem tido l\u00edderes para gerir o grupo.<\/p>\n\n\n\n<p><strong><em>&#8220;Eu acho que a grande lideran\u00e7a era fora do campo, era o grande Jorge Jesus. Ele que mantinha aquele grupo todo daquela maneira, e quando eles perderam ele, eu acho que ficaram sem ch\u00e3o&#8221;<\/em><\/strong>, disse.<\/p>\n\n\n\n<p>Ele ainda falou sobre atletas que deixaram o clube e tamb\u00e9m tinham muita influ\u00eancia e respeito de seus ex-companheiros tamb\u00e9m foi um fator que enfraqueceu o elenco.<\/p>\n\n\n\n<p><strong><em>&#8220;Perderam jogadores importantes tamb\u00e9m que, de certo ponto, tem uma certa lideran\u00e7a, como o Rafinha. Pouca gente conhece o l\u00edder que \u00e9 o Rafinha, dentro e fora do campo, as cobran\u00e7as dele. O Pablo Mar\u00ed tamb\u00e9m era um cara que tinha uma postura e um respeito muito grande&#8221;<\/em><\/strong>, afirmou.<\/p>\n\n\n\n<p>Ainda sem solu\u00e7\u00f5es para os problemas enfrentados dentro das quatro linhas, o Flamengo se reapresentar\u00e1 nesta ter\u00e7a-feira (26) no Ninho do Urubu, onde se preparar\u00e3o para enfrentar o Gr\u00eamio nesta quinta-feira, em um duelo adiado da 23\u00aa rodada. Atualmente, o Mais Querido ocupa a terceira posi\u00e7\u00e3o na tabela do Campeonato Brasileiro, com 55 pontos, logo abaixo de Internacional e S\u00e3o Paulo.<\/p>\n","protected":false},"excerpt":{"rendered":"<p>Em um in\u00edcio de ano muito inst\u00e1vel, o Flamengo ainda cambaleia entre as primeiras posi\u00e7\u00f5es da tabela do Brasileir\u00e3o. O time tem vivido de tombos e arrancadas que n\u00e3o duram e com o psicol\u00f3gico ainda bem abalado. Por diversas vezes o clube esteve perto da lideran\u00e7a e com chances de assegur\u00e1-la de antem\u00e3o, mas o [&hellip;]<\/p>\n","protected":false},"author":4,"featured_media":15070,"comment_status":"open","ping_status":"closed","sticky":false,"template":"","format":"standard","meta":{"footnotes":""},"categories":[1],"tags":[],"class_list":["post-55308","post","type-post","status-publish","format-standard","has-post-thumbnail","hentry","category-flamengo"],"yoast_head":"<!-- This site is optimized with the Yoast SEO Premium plugin v24.2 (Yoast SEO v26.9) - https:\/\/yoast.com\/product\/yoast-seo-premium-wordpress\/ -->\n<title>Zico aponta motivos de o rendimento do Flamengo ter ca\u00eddo<\/title>\n<meta name=\"description\" content=\"O ex-jogador afirmou que a sa\u00edda de Jorge Jesus ainda afeta o time, que n\u00e3o tem tido l\u00edderes para gerir o grupo.\" \/>\n<meta name=\"robots\" content=\"index, follow, max-snippet:-1, max-image-preview:large, max-video-preview:-1\" \/>\n<link rel=\"canonical\" href=\"https:\/\/www.gaveanews.com\/index.php\/2021\/01\/27\/zico-aponta-motivos-de-o-rendimento-do-flamengo-ter-caido\/\" \/>\n<meta property=\"og:locale\" content=\"pt_BR\" \/>\n<meta property=\"og:type\" content=\"article\" \/>\n<meta property=\"og:title\" content=\"Zico aponta motivos de o rendimento do Flamengo ter ca\u00eddo\" \/>\n<meta property=\"og:description\" content=\"O ex-jogador afirmou que a sa\u00edda de Jorge Jesus ainda afeta o time, que n\u00e3o tem tido l\u00edderes para gerir o grupo.\" \/>\n<meta property=\"og:url\" content=\"https:\/\/www.gaveanews.com\/index.php\/2021\/01\/27\/zico-aponta-motivos-de-o-rendimento-do-flamengo-ter-caido\/\" \/>\n<meta property=\"og:site_name\" content=\"G\u00e1vea News\" \/>\n<meta property=\"article:publisher\" content=\"https:\/\/facebook.com\/gaveaNews\/\" \/>\n<meta property=\"article:published_time\" content=\"2021-01-28T00:32:36+00:00\" \/>\n<meta property=\"article:modified_time\" content=\"2021-08-12T03:49:38+00:00\" \/>\n<meta property=\"og:image\" content=\"https:\/\/www.gaveanews.com\/wp-content\/uploads\/2019\/03\/Zico-acena-para-os-torcedores-do-Flamengo-durante-partida-no-Maracana.webp\" \/>\n\t<meta property=\"og:image:width\" content=\"1\" \/>\n\t<meta property=\"og:image:height\" content=\"1\" \/>\n\t<meta property=\"og:image:type\" content=\"image\/jpeg\" \/>\n<meta name=\"author\" content=\"Let\u00edcia Gerheim\" \/>\n<meta name=\"twitter:card\" content=\"summary_large_image\" \/>\n<meta name=\"twitter:label1\" content=\"Escrito por\" \/>\n\t<meta name=\"twitter:data1\" content=\"Let\u00edcia Gerheim\" \/>\n\t<meta name=\"twitter:label2\" content=\"Est. tempo de leitura\" \/>\n\t<meta name=\"twitter:data2\" content=\"2 minutos\" \/>\n<script type=\"application\/ld+json\" class=\"yoast-schema-graph\">{\"@context\":\"https:\/\/schema.org\",\"@graph\":[{\"@type\":\"NewsArticle\",\"@id\":\"https:\/\/www.gaveanews.com\/index.php\/2021\/01\/27\/zico-aponta-motivos-de-o-rendimento-do-flamengo-ter-caido\/#article\",\"isPartOf\":{\"@id\":\"https:\/\/www.gaveanews.com\/index.php\/2021\/01\/27\/zico-aponta-motivos-de-o-rendimento-do-flamengo-ter-caido\/\"},\"author\":{\"name\":\"Let\u00edcia Gerheim\",\"@id\":\"https:\/\/www.gaveanews.com\/#\/schema\/person\/714c67050b836198af2450ba1c142a67\"},\"headline\":\"Zico aponta motivos de o rendimento do Flamengo ter ca\u00eddo\",\"datePublished\":\"2021-01-28T00:32:36+00:00\",\"dateModified\":\"2021-08-12T03:49:38+00:00\",\"mainEntityOfPage\":{\"@id\":\"https:\/\/www.gaveanews.com\/index.php\/2021\/01\/27\/zico-aponta-motivos-de-o-rendimento-do-flamengo-ter-caido\/\"},\"wordCount\":344,\"commentCount\":28,\"image\":{\"@id\":\"https:\/\/www.gaveanews.com\/index.php\/2021\/01\/27\/zico-aponta-motivos-de-o-rendimento-do-flamengo-ter-caido\/#primaryimage\"},\"thumbnailUrl\":\"https:\/\/www.gaveanews.com\/wp-content\/uploads\/2019\/03\/Zico-acena-para-os-torcedores-do-Flamengo-durante-partida-no-Maracana.webp\",\"articleSection\":[\"Flamengo\"],\"inLanguage\":\"pt-BR\",\"potentialAction\":[{\"@type\":\"CommentAction\",\"name\":\"Comment\",\"target\":[\"https:\/\/www.gaveanews.com\/index.php\/2021\/01\/27\/zico-aponta-motivos-de-o-rendimento-do-flamengo-ter-caido\/#respond\"]}],\"copyrightYear\":\"2021\",\"copyrightHolder\":{\"@id\":\"https:\/\/www.gaveanews.com\/#organization\"}},{\"@type\":\"WebPage\",\"@id\":\"https:\/\/www.gaveanews.com\/index.php\/2021\/01\/27\/zico-aponta-motivos-de-o-rendimento-do-flamengo-ter-caido\/\",\"url\":\"https:\/\/www.gaveanews.com\/index.php\/2021\/01\/27\/zico-aponta-motivos-de-o-rendimento-do-flamengo-ter-caido\/\",\"name\":\"Zico aponta motivos de o rendimento do Flamengo ter ca\u00eddo\",\"isPartOf\":{\"@id\":\"https:\/\/www.gaveanews.com\/#website\"},\"primaryImageOfPage\":{\"@id\":\"https:\/\/www.gaveanews.com\/index.php\/2021\/01\/27\/zico-aponta-motivos-de-o-rendimento-do-flamengo-ter-caido\/#primaryimage\"},\"image\":{\"@id\":\"https:\/\/www.gaveanews.com\/index.php\/2021\/01\/27\/zico-aponta-motivos-de-o-rendimento-do-flamengo-ter-caido\/#primaryimage\"},\"thumbnailUrl\":\"https:\/\/www.gaveanews.com\/wp-content\/uploads\/2019\/03\/Zico-acena-para-os-torcedores-do-Flamengo-durante-partida-no-Maracana.webp\",\"datePublished\":\"2021-01-28T00:32:36+00:00\",\"dateModified\":\"2021-08-12T03:49:38+00:00\",\"author\":{\"@id\":\"https:\/\/www.gaveanews.com\/#\/schema\/person\/714c67050b836198af2450ba1c142a67\"},\"description\":\"O ex-jogador afirmou que a sa\u00edda de Jorge Jesus ainda afeta o time, que n\u00e3o tem tido l\u00edderes para gerir o grupo.\",\"breadcrumb\":{\"@id\":\"https:\/\/www.gaveanews.com\/index.php\/2021\/01\/27\/zico-aponta-motivos-de-o-rendimento-do-flamengo-ter-caido\/#breadcrumb\"},\"inLanguage\":\"pt-BR\",\"potentialAction\":[{\"@type\":\"ReadAction\",\"target\":[\"https:\/\/www.gaveanews.com\/index.php\/2021\/01\/27\/zico-aponta-motivos-de-o-rendimento-do-flamengo-ter-caido\/\"]}]},{\"@type\":\"ImageObject\",\"inLanguage\":\"pt-BR\",\"@id\":\"https:\/\/www.gaveanews.com\/index.php\/2021\/01\/27\/zico-aponta-motivos-de-o-rendimento-do-flamengo-ter-caido\/#primaryimage\",\"url\":\"https:\/\/www.gaveanews.com\/wp-content\/uploads\/2019\/03\/Zico-acena-para-os-torcedores-do-Flamengo-durante-partida-no-Maracana.webp\",\"contentUrl\":\"https:\/\/www.gaveanews.com\/wp-content\/uploads\/2019\/03\/Zico-acena-para-os-torcedores-do-Flamengo-durante-partida-no-Maracana.webp\",\"width\":900,\"height\":600,\"caption\":\"Zico acena para os torcedores do Flamengo, durante partida no Maracan\u00e3 (Foto: Alexandre Vidal\/Flamengo)\"},{\"@type\":\"BreadcrumbList\",\"@id\":\"https:\/\/www.gaveanews.com\/index.php\/2021\/01\/27\/zico-aponta-motivos-de-o-rendimento-do-flamengo-ter-caido\/#breadcrumb\",\"itemListElement\":[{\"@type\":\"ListItem\",\"position\":1,\"name\":\"Home\",\"item\":\"https:\/\/www.gaveanews.com\/\"},{\"@type\":\"ListItem\",\"position\":2,\"name\":\"Zico aponta motivos de o rendimento do Flamengo ter ca\u00eddo\"}]},{\"@type\":\"WebSite\",\"@id\":\"https:\/\/www.gaveanews.com\/#website\",\"url\":\"https:\/\/www.gaveanews.com\/\",\"name\":\"G\u00e1vea News\",\"description\":\"Veja todas as not\u00edcias sobre o Flamengo: Contrata\u00e7\u00f5es, categorias de base, resultados das partidas, tabela de classifica\u00e7\u00e3o, pr\u00f3ximos jogos!\",\"potentialAction\":[{\"@type\":\"SearchAction\",\"target\":{\"@type\":\"EntryPoint\",\"urlTemplate\":\"https:\/\/www.gaveanews.com\/?s={search_term_string}\"},\"query-input\":{\"@type\":\"PropertyValueSpecification\",\"valueRequired\":true,\"valueName\":\"search_term_string\"}}],\"inLanguage\":\"pt-BR\"},{\"@type\":\"Person\",\"@id\":\"https:\/\/www.gaveanews.com\/#\/schema\/person\/714c67050b836198af2450ba1c142a67\",\"name\":\"Let\u00edcia Gerheim\",\"image\":{\"@type\":\"ImageObject\",\"inLanguage\":\"pt-BR\",\"@id\":\"https:\/\/www.gaveanews.com\/#\/schema\/person\/image\/\",\"url\":\"https:\/\/secure.gravatar.com\/avatar\/60734739c50fcebfbac509e2a826ccd0ff405c019bc73aab9354f19ecad1dcb4?s=96&d=mm&r=g\",\"contentUrl\":\"https:\/\/secure.gravatar.com\/avatar\/60734739c50fcebfbac509e2a826ccd0ff405c019bc73aab9354f19ecad1dcb4?s=96&d=mm&r=g\",\"caption\":\"Let\u00edcia Gerheim\"}}]}<\/script>\n<!-- \/ Yoast SEO Premium plugin. -->","yoast_head_json":{"title":"Zico aponta motivos de o rendimento do Flamengo ter ca\u00eddo","description":"O ex-jogador afirmou que a sa\u00edda de Jorge Jesus ainda afeta o time, que n\u00e3o tem tido l\u00edderes para gerir o grupo.","robots":{"index":"index","follow":"follow","max-snippet":"max-snippet:-1","max-image-preview":"max-image-preview:large","max-video-preview":"max-video-preview:-1"},"canonical":"https:\/\/www.gaveanews.com\/index.php\/2021\/01\/27\/zico-aponta-motivos-de-o-rendimento-do-flamengo-ter-caido\/","og_locale":"pt_BR","og_type":"article","og_title":"Zico aponta motivos de o rendimento do Flamengo ter ca\u00eddo","og_description":"O ex-jogador afirmou que a sa\u00edda de Jorge Jesus ainda afeta o time, que n\u00e3o tem tido l\u00edderes para gerir o grupo.","og_url":"https:\/\/www.gaveanews.com\/index.php\/2021\/01\/27\/zico-aponta-motivos-de-o-rendimento-do-flamengo-ter-caido\/","og_site_name":"G\u00e1vea News","article_publisher":"https:\/\/facebook.com\/gaveaNews\/","article_published_time":"2021-01-28T00:32:36+00:00","article_modified_time":"2021-08-12T03:49:38+00:00","og_image":[{"url":"https:\/\/www.gaveanews.com\/wp-content\/uploads\/2019\/03\/Zico-acena-para-os-torcedores-do-Flamengo-durante-partida-no-Maracana.webp","width":1,"height":1,"type":"image\/jpeg"}],"author":"Let\u00edcia Gerheim","twitter_card":"summary_large_image","twitter_misc":{"Escrito por":"Let\u00edcia Gerheim","Est. tempo de leitura":"2 minutos"},"schema":{"@context":"https:\/\/schema.org","@graph":[{"@type":"NewsArticle","@id":"https:\/\/www.gaveanews.com\/index.php\/2021\/01\/27\/zico-aponta-motivos-de-o-rendimento-do-flamengo-ter-caido\/#article","isPartOf":{"@id":"https:\/\/www.gaveanews.com\/index.php\/2021\/01\/27\/zico-aponta-motivos-de-o-rendimento-do-flamengo-ter-caido\/"},"author":{"name":"Let\u00edcia Gerheim","@id":"https:\/\/www.gaveanews.com\/#\/schema\/person\/714c67050b836198af2450ba1c142a67"},"headline":"Zico aponta motivos de o rendimento do Flamengo ter ca\u00eddo","datePublished":"2021-01-28T00:32:36+00:00","dateModified":"2021-08-12T03:49:38+00:00","mainEntityOfPage":{"@id":"https:\/\/www.gaveanews.com\/index.php\/2021\/01\/27\/zico-aponta-motivos-de-o-rendimento-do-flamengo-ter-caido\/"},"wordCount":344,"commentCount":28,"image":{"@id":"https:\/\/www.gaveanews.com\/index.php\/2021\/01\/27\/zico-aponta-motivos-de-o-rendimento-do-flamengo-ter-caido\/#primaryimage"},"thumbnailUrl":"https:\/\/www.gaveanews.com\/wp-content\/uploads\/2019\/03\/Zico-acena-para-os-torcedores-do-Flamengo-durante-partida-no-Maracana.webp","articleSection":["Flamengo"],"inLanguage":"pt-BR","potentialAction":[{"@type":"CommentAction","name":"Comment","target":["https:\/\/www.gaveanews.com\/index.php\/2021\/01\/27\/zico-aponta-motivos-de-o-rendimento-do-flamengo-ter-caido\/#respond"]}],"copyrightYear":"2021","copyrightHolder":{"@id":"https:\/\/www.gaveanews.com\/#organization"}},{"@type":"WebPage","@id":"https:\/\/www.gaveanews.com\/index.php\/2021\/01\/27\/zico-aponta-motivos-de-o-rendimento-do-flamengo-ter-caido\/","url":"https:\/\/www.gaveanews.com\/index.php\/2021\/01\/27\/zico-aponta-motivos-de-o-rendimento-do-flamengo-ter-caido\/","name":"Zico aponta motivos de o rendimento do Flamengo ter ca\u00eddo","isPartOf":{"@id":"https:\/\/www.gaveanews.com\/#website"},"primaryImageOfPage":{"@id":"https:\/\/www.gaveanews.com\/index.php\/2021\/01\/27\/zico-aponta-motivos-de-o-rendimento-do-flamengo-ter-caido\/#primaryimage"},"image":{"@id":"https:\/\/www.gaveanews.com\/index.php\/2021\/01\/27\/zico-aponta-motivos-de-o-rendimento-do-flamengo-ter-caido\/#primaryimage"},"thumbnailUrl":"https:\/\/www.gaveanews.com\/wp-content\/uploads\/2019\/03\/Zico-acena-para-os-torcedores-do-Flamengo-durante-partida-no-Maracana.webp","datePublished":"2021-01-28T00:32:36+00:00","dateModified":"2021-08-12T03:49:38+00:00","author":{"@id":"https:\/\/www.gaveanews.com\/#\/schema\/person\/714c67050b836198af2450ba1c142a67"},"description":"O ex-jogador afirmou que a sa\u00edda de Jorge Jesus ainda afeta o time, que n\u00e3o tem tido l\u00edderes para gerir o grupo.","breadcrumb":{"@id":"https:\/\/www.gaveanews.com\/index.php\/2021\/01\/27\/zico-aponta-motivos-de-o-rendimento-do-flamengo-ter-caido\/#breadcrumb"},"inLanguage":"pt-BR","potentialAction":[{"@type":"ReadAction","target":["https:\/\/www.gaveanews.com\/index.php\/2021\/01\/27\/zico-aponta-motivos-de-o-rendimento-do-flamengo-ter-caido\/"]}]},{"@type":"ImageObject","inLanguage":"pt-BR","@id":"https:\/\/www.gaveanews.com\/index.php\/2021\/01\/27\/zico-aponta-motivos-de-o-rendimento-do-flamengo-ter-caido\/#primaryimage","url":"https:\/\/www.gaveanews.com\/wp-content\/uploads\/2019\/03\/Zico-acena-para-os-torcedores-do-Flamengo-durante-partida-no-Maracana.webp","contentUrl":"https:\/\/www.gaveanews.com\/wp-content\/uploads\/2019\/03\/Zico-acena-para-os-torcedores-do-Flamengo-durante-partida-no-Maracana.webp","width":900,"height":600,"caption":"Zico acena para os torcedores do Flamengo, durante partida no Maracan\u00e3 (Foto: Alexandre Vidal\/Flamengo)"},{"@type":"BreadcrumbList","@id":"https:\/\/www.gaveanews.com\/index.php\/2021\/01\/27\/zico-aponta-motivos-de-o-rendimento-do-flamengo-ter-caido\/#breadcrumb","itemListElement":[{"@type":"ListItem","position":1,"name":"Home","item":"https:\/\/www.gaveanews.com\/"},{"@type":"ListItem","position":2,"name":"Zico aponta motivos de o rendimento do Flamengo ter ca\u00eddo"}]},{"@type":"WebSite","@id":"https:\/\/www.gaveanews.com\/#website","url":"https:\/\/www.gaveanews.com\/","name":"G\u00e1vea News","description":"Veja todas as not\u00edcias sobre o Flamengo: Contrata\u00e7\u00f5es, categorias de base, resultados das partidas, tabela de classifica\u00e7\u00e3o, pr\u00f3ximos jogos!","potentialAction":[{"@type":"SearchAction","target":{"@type":"EntryPoint","urlTemplate":"https:\/\/www.gaveanews.com\/?s={search_term_string}"},"query-input":{"@type":"PropertyValueSpecification","valueRequired":true,"valueName":"search_term_string"}}],"inLanguage":"pt-BR"},{"@type":"Person","@id":"https:\/\/www.gaveanews.com\/#\/schema\/person\/714c67050b836198af2450ba1c142a67","name":"Let\u00edcia Gerheim","image":{"@type":"ImageObject","inLanguage":"pt-BR","@id":"https:\/\/www.gaveanews.com\/#\/schema\/person\/image\/","url":"https:\/\/secure.gravatar.com\/avatar\/60734739c50fcebfbac509e2a826ccd0ff405c019bc73aab9354f19ecad1dcb4?s=96&d=mm&r=g","contentUrl":"https:\/\/secure.gravatar.com\/avatar\/60734739c50fcebfbac509e2a826ccd0ff405c019bc73aab9354f19ecad1dcb4?s=96&d=mm&r=g","caption":"Let\u00edcia Gerheim"}}]}},"_links":{"self":[{"href":"https:\/\/www.gaveanews.com\/index.php\/wp-json\/wp\/v2\/posts\/55308","targetHints":{"allow":["GET"]}}],"collection":[{"href":"https:\/\/www.gaveanews.com\/index.php\/wp-json\/wp\/v2\/posts"}],"about":[{"href":"https:\/\/www.gaveanews.com\/index.php\/wp-json\/wp\/v2\/types\/post"}],"author":[{"embeddable":true,"href":"https:\/\/www.gaveanews.com\/index.php\/wp-json\/wp\/v2\/users\/4"}],"replies":[{"embeddable":true,"href":"https:\/\/www.gaveanews.com\/index.php\/wp-json\/wp\/v2\/comments?post=55308"}],"version-history":[{"count":0,"href":"https:\/\/www.gaveanews.com\/index.php\/wp-json\/wp\/v2\/posts\/55308\/revisions"}],"wp:featuredmedia":[{"embeddable":true,"href":"https:\/\/www.gaveanews.com\/index.php\/wp-json\/wp\/v2\/media\/15070"}],"wp:attachment":[{"href":"https:\/\/www.gaveanews.com\/index.php\/wp-json\/wp\/v2\/media?parent=55308"}],"wp:term":[{"taxonomy":"category","embeddable":true,"href":"https:\/\/www.gaveanews.com\/index.php\/wp-json\/wp\/v2\/categories?post=55308"},{"taxonomy":"post_tag","embeddable":true,"href":"https:\/\/www.gaveanews.com\/index.php\/wp-json\/wp\/v2\/tags?post=55308"}],"curies":[{"name":"wp","href":"https:\/\/api.w.org\/{rel}","templated":true}]}}