{"id":55312,"date":"2021-01-26T10:27:29","date_gmt":"2021-01-26T13:27:29","guid":{"rendered":"https:\/\/www.gaveanews.com\/?p=55312"},"modified":"2021-08-12T00:49:52","modified_gmt":"2021-08-12T03:49:52","slug":"zico-afirma-que-nao-ve-diego-ribas-como-capitao-do-flamengo","status":"publish","type":"post","link":"https:\/\/www.gaveanews.com\/index.php\/2021\/01\/26\/zico-afirma-que-nao-ve-diego-ribas-como-capitao-do-flamengo\/","title":{"rendered":"Zico afirma que n\u00e3o v\u00ea Diego Ribas como capit\u00e3o do Flamengo"},"content":{"rendered":"\n<p>Na \u00faltima segunda-feira (25), o apresentadora Livia Nepomuceno publicou sua entrevista ao ex-jogador do Flamengo.<\/p>\n\n\n\n<p>Entre as perguntas feitas ao \u00eddolo rubro-negro, ela conversou com Zico sobre lideran\u00e7a no time e o questionou se, em sua vis\u00e3o, Diego Ribas \u00e9 um efetivo capit\u00e3o da equipe. Ele foi enf\u00e1tico em sua resposta e declarou:<\/p>\n\n\n\n<p><strong><em>&#8220;N\u00e3o vejo! Pra voc\u00ea ver, o capit\u00e3o principal n\u00e3o \u00e9 um titular absoluto. \u00c9 um grande jogador, gosto muito dele, tenho grande respeito, que \u00e9 o Diego. Mas ele n\u00e3o \u00e9 um titular do time. Eu acho que \u00e9 importante voc\u00ea ter um capit\u00e3o que seja titular absoluto do time, e isso o Flamengo n\u00e3o tem. Ent\u00e3o acontecem alguns entreveros, normais, e voc\u00ea tem que estar ali no meio pra segurar a peteca toda&#8221;<\/em><\/strong>, disse Zico.<\/p>\n\n\n\n<p>O ex-jogador fez um paralelo entre a atual capitania do time e seu tempo como capit\u00e3o do Fla, apontando as diferen\u00e7as, vistas como importantes para ele. Zico explicou tamb\u00e9m que quem carrega a bra\u00e7adeira precisa dar exemplo ao restante do grupo.<\/p>\n\n\n\n<p><strong><em>&#8220;A gente tinha uma lideran\u00e7a dentro de campo tamb\u00e9m. Eu sempre falo que a minha import\u00e2ncia n\u00e3o era s\u00f3 dentro do campo jogando. A minha import\u00e2ncia era fora, no meu modo de agir. E voc\u00ea acaba se tornando uma grande refer\u00eancia e o que voc\u00ea faz, cara, t\u00e1 todo mundo de olho. Ent\u00e3o, \u00e9 o primeiro a chegar, o \u00faltimo a sair, joga todas, viaja todas. Ent\u00e3o os caras ficam olhando e pensando: se o cara t\u00e1 l\u00e1 e faz isso, eu vou fazer tamb\u00e9m&#8221;<\/em><\/strong>, completou.<\/p>\n\n\n\n<p>Com claras defici\u00eancias no time, o Flamengo se prepara esta semana para enfrentar o Gr\u00eamio, nesta quinta-feira (28), na Arena do Gr\u00eamio. A partida, v\u00e1lida pela 23\u00aa rodada do Campeonato Brasileiro, ocorrer\u00e1 \u00e0s 20h (hor\u00e1rio de Bras\u00edlia).<\/p>\n","protected":false},"excerpt":{"rendered":"<p>Na \u00faltima segunda-feira (25), o apresentadora Livia Nepomuceno publicou sua entrevista ao ex-jogador do Flamengo. Entre as perguntas feitas ao \u00eddolo rubro-negro, ela conversou com Zico sobre lideran\u00e7a no time e o questionou se, em sua vis\u00e3o, Diego Ribas \u00e9 um efetivo capit\u00e3o da equipe. Ele foi enf\u00e1tico em sua resposta e declarou: &#8220;N\u00e3o vejo! [&hellip;]<\/p>\n","protected":false},"author":4,"featured_media":15070,"comment_status":"open","ping_status":"closed","sticky":false,"template":"","format":"standard","meta":{"footnotes":""},"categories":[1],"tags":[],"class_list":["post-55312","post","type-post","status-publish","format-standard","has-post-thumbnail","hentry","category-flamengo"],"yoast_head":"<!-- This site is optimized with the Yoast SEO Premium plugin v24.2 (Yoast SEO v26.9) - https:\/\/yoast.com\/product\/yoast-seo-premium-wordpress\/ -->\n<title>Zico afirma que n\u00e3o v\u00ea Diego Ribas como capit\u00e3o do Flamengo<\/title>\n<meta name=\"description\" content=\"Zico falou sobre lideran\u00e7a no time e afirmou enfaticamente que n]ao v\u00ea Diego Ribas como um efetivo capit\u00e3o da equipe.\" \/>\n<meta name=\"robots\" content=\"index, follow, max-snippet:-1, max-image-preview:large, max-video-preview:-1\" \/>\n<link rel=\"canonical\" href=\"https:\/\/www.gaveanews.com\/index.php\/2021\/01\/26\/zico-afirma-que-nao-ve-diego-ribas-como-capitao-do-flamengo\/\" \/>\n<meta property=\"og:locale\" content=\"pt_BR\" \/>\n<meta property=\"og:type\" content=\"article\" \/>\n<meta property=\"og:title\" content=\"Zico afirma que n\u00e3o v\u00ea Diego Ribas como capit\u00e3o do Flamengo\" \/>\n<meta property=\"og:description\" content=\"Zico falou sobre lideran\u00e7a no time e afirmou enfaticamente que n]ao v\u00ea Diego Ribas como um efetivo capit\u00e3o da equipe.\" \/>\n<meta property=\"og:url\" content=\"https:\/\/www.gaveanews.com\/index.php\/2021\/01\/26\/zico-afirma-que-nao-ve-diego-ribas-como-capitao-do-flamengo\/\" \/>\n<meta property=\"og:site_name\" content=\"G\u00e1vea News\" \/>\n<meta property=\"article:publisher\" content=\"https:\/\/facebook.com\/gaveaNews\/\" \/>\n<meta property=\"article:published_time\" content=\"2021-01-26T13:27:29+00:00\" \/>\n<meta property=\"article:modified_time\" content=\"2021-08-12T03:49:52+00:00\" \/>\n<meta property=\"og:image\" content=\"https:\/\/www.gaveanews.com\/wp-content\/uploads\/2019\/03\/Zico-acena-para-os-torcedores-do-Flamengo-durante-partida-no-Maracana.webp\" \/>\n\t<meta property=\"og:image:width\" content=\"1\" \/>\n\t<meta property=\"og:image:height\" content=\"1\" \/>\n\t<meta property=\"og:image:type\" content=\"image\/jpeg\" \/>\n<meta name=\"author\" content=\"Let\u00edcia Gerheim\" \/>\n<meta name=\"twitter:card\" content=\"summary_large_image\" \/>\n<meta name=\"twitter:label1\" content=\"Escrito por\" \/>\n\t<meta name=\"twitter:data1\" content=\"Let\u00edcia Gerheim\" \/>\n\t<meta name=\"twitter:label2\" content=\"Est. tempo de leitura\" \/>\n\t<meta name=\"twitter:data2\" content=\"2 minutos\" \/>\n<script type=\"application\/ld+json\" class=\"yoast-schema-graph\">{\"@context\":\"https:\/\/schema.org\",\"@graph\":[{\"@type\":\"NewsArticle\",\"@id\":\"https:\/\/www.gaveanews.com\/index.php\/2021\/01\/26\/zico-afirma-que-nao-ve-diego-ribas-como-capitao-do-flamengo\/#article\",\"isPartOf\":{\"@id\":\"https:\/\/www.gaveanews.com\/index.php\/2021\/01\/26\/zico-afirma-que-nao-ve-diego-ribas-como-capitao-do-flamengo\/\"},\"author\":{\"name\":\"Let\u00edcia Gerheim\",\"@id\":\"https:\/\/www.gaveanews.com\/#\/schema\/person\/714c67050b836198af2450ba1c142a67\"},\"headline\":\"Zico afirma que n\u00e3o v\u00ea Diego Ribas como capit\u00e3o do Flamengo\",\"datePublished\":\"2021-01-26T13:27:29+00:00\",\"dateModified\":\"2021-08-12T03:49:52+00:00\",\"mainEntityOfPage\":{\"@id\":\"https:\/\/www.gaveanews.com\/index.php\/2021\/01\/26\/zico-afirma-que-nao-ve-diego-ribas-como-capitao-do-flamengo\/\"},\"wordCount\":326,\"commentCount\":29,\"image\":{\"@id\":\"https:\/\/www.gaveanews.com\/index.php\/2021\/01\/26\/zico-afirma-que-nao-ve-diego-ribas-como-capitao-do-flamengo\/#primaryimage\"},\"thumbnailUrl\":\"https:\/\/www.gaveanews.com\/wp-content\/uploads\/2019\/03\/Zico-acena-para-os-torcedores-do-Flamengo-durante-partida-no-Maracana.webp\",\"articleSection\":[\"Flamengo\"],\"inLanguage\":\"pt-BR\",\"potentialAction\":[{\"@type\":\"CommentAction\",\"name\":\"Comment\",\"target\":[\"https:\/\/www.gaveanews.com\/index.php\/2021\/01\/26\/zico-afirma-que-nao-ve-diego-ribas-como-capitao-do-flamengo\/#respond\"]}],\"copyrightYear\":\"2021\",\"copyrightHolder\":{\"@id\":\"https:\/\/www.gaveanews.com\/#organization\"}},{\"@type\":\"WebPage\",\"@id\":\"https:\/\/www.gaveanews.com\/index.php\/2021\/01\/26\/zico-afirma-que-nao-ve-diego-ribas-como-capitao-do-flamengo\/\",\"url\":\"https:\/\/www.gaveanews.com\/index.php\/2021\/01\/26\/zico-afirma-que-nao-ve-diego-ribas-como-capitao-do-flamengo\/\",\"name\":\"Zico afirma que n\u00e3o v\u00ea Diego Ribas como capit\u00e3o do Flamengo\",\"isPartOf\":{\"@id\":\"https:\/\/www.gaveanews.com\/#website\"},\"primaryImageOfPage\":{\"@id\":\"https:\/\/www.gaveanews.com\/index.php\/2021\/01\/26\/zico-afirma-que-nao-ve-diego-ribas-como-capitao-do-flamengo\/#primaryimage\"},\"image\":{\"@id\":\"https:\/\/www.gaveanews.com\/index.php\/2021\/01\/26\/zico-afirma-que-nao-ve-diego-ribas-como-capitao-do-flamengo\/#primaryimage\"},\"thumbnailUrl\":\"https:\/\/www.gaveanews.com\/wp-content\/uploads\/2019\/03\/Zico-acena-para-os-torcedores-do-Flamengo-durante-partida-no-Maracana.webp\",\"datePublished\":\"2021-01-26T13:27:29+00:00\",\"dateModified\":\"2021-08-12T03:49:52+00:00\",\"author\":{\"@id\":\"https:\/\/www.gaveanews.com\/#\/schema\/person\/714c67050b836198af2450ba1c142a67\"},\"description\":\"Zico falou sobre lideran\u00e7a no time e afirmou enfaticamente que n]ao v\u00ea Diego Ribas como um efetivo capit\u00e3o da equipe.\",\"breadcrumb\":{\"@id\":\"https:\/\/www.gaveanews.com\/index.php\/2021\/01\/26\/zico-afirma-que-nao-ve-diego-ribas-como-capitao-do-flamengo\/#breadcrumb\"},\"inLanguage\":\"pt-BR\",\"potentialAction\":[{\"@type\":\"ReadAction\",\"target\":[\"https:\/\/www.gaveanews.com\/index.php\/2021\/01\/26\/zico-afirma-que-nao-ve-diego-ribas-como-capitao-do-flamengo\/\"]}]},{\"@type\":\"ImageObject\",\"inLanguage\":\"pt-BR\",\"@id\":\"https:\/\/www.gaveanews.com\/index.php\/2021\/01\/26\/zico-afirma-que-nao-ve-diego-ribas-como-capitao-do-flamengo\/#primaryimage\",\"url\":\"https:\/\/www.gaveanews.com\/wp-content\/uploads\/2019\/03\/Zico-acena-para-os-torcedores-do-Flamengo-durante-partida-no-Maracana.webp\",\"contentUrl\":\"https:\/\/www.gaveanews.com\/wp-content\/uploads\/2019\/03\/Zico-acena-para-os-torcedores-do-Flamengo-durante-partida-no-Maracana.webp\",\"width\":900,\"height\":600,\"caption\":\"Zico acena para os torcedores do Flamengo, durante partida no Maracan\u00e3 (Foto: Alexandre Vidal\/Flamengo)\"},{\"@type\":\"BreadcrumbList\",\"@id\":\"https:\/\/www.gaveanews.com\/index.php\/2021\/01\/26\/zico-afirma-que-nao-ve-diego-ribas-como-capitao-do-flamengo\/#breadcrumb\",\"itemListElement\":[{\"@type\":\"ListItem\",\"position\":1,\"name\":\"Home\",\"item\":\"https:\/\/www.gaveanews.com\/\"},{\"@type\":\"ListItem\",\"position\":2,\"name\":\"Zico afirma que n\u00e3o v\u00ea Diego Ribas como capit\u00e3o do Flamengo\"}]},{\"@type\":\"WebSite\",\"@id\":\"https:\/\/www.gaveanews.com\/#website\",\"url\":\"https:\/\/www.gaveanews.com\/\",\"name\":\"G\u00e1vea News\",\"description\":\"Veja todas as not\u00edcias sobre o Flamengo: Contrata\u00e7\u00f5es, categorias de base, resultados das partidas, tabela de classifica\u00e7\u00e3o, pr\u00f3ximos jogos!\",\"potentialAction\":[{\"@type\":\"SearchAction\",\"target\":{\"@type\":\"EntryPoint\",\"urlTemplate\":\"https:\/\/www.gaveanews.com\/?s={search_term_string}\"},\"query-input\":{\"@type\":\"PropertyValueSpecification\",\"valueRequired\":true,\"valueName\":\"search_term_string\"}}],\"inLanguage\":\"pt-BR\"},{\"@type\":\"Person\",\"@id\":\"https:\/\/www.gaveanews.com\/#\/schema\/person\/714c67050b836198af2450ba1c142a67\",\"name\":\"Let\u00edcia Gerheim\",\"image\":{\"@type\":\"ImageObject\",\"inLanguage\":\"pt-BR\",\"@id\":\"https:\/\/www.gaveanews.com\/#\/schema\/person\/image\/\",\"url\":\"https:\/\/secure.gravatar.com\/avatar\/60734739c50fcebfbac509e2a826ccd0ff405c019bc73aab9354f19ecad1dcb4?s=96&d=mm&r=g\",\"contentUrl\":\"https:\/\/secure.gravatar.com\/avatar\/60734739c50fcebfbac509e2a826ccd0ff405c019bc73aab9354f19ecad1dcb4?s=96&d=mm&r=g\",\"caption\":\"Let\u00edcia Gerheim\"}}]}<\/script>\n<!-- \/ Yoast SEO Premium plugin. -->","yoast_head_json":{"title":"Zico afirma que n\u00e3o v\u00ea Diego Ribas como capit\u00e3o do Flamengo","description":"Zico falou sobre lideran\u00e7a no time e afirmou enfaticamente que n]ao v\u00ea Diego Ribas como um efetivo capit\u00e3o da equipe.","robots":{"index":"index","follow":"follow","max-snippet":"max-snippet:-1","max-image-preview":"max-image-preview:large","max-video-preview":"max-video-preview:-1"},"canonical":"https:\/\/www.gaveanews.com\/index.php\/2021\/01\/26\/zico-afirma-que-nao-ve-diego-ribas-como-capitao-do-flamengo\/","og_locale":"pt_BR","og_type":"article","og_title":"Zico afirma que n\u00e3o v\u00ea Diego Ribas como capit\u00e3o do Flamengo","og_description":"Zico falou sobre lideran\u00e7a no time e afirmou enfaticamente que n]ao v\u00ea Diego Ribas como um efetivo capit\u00e3o da equipe.","og_url":"https:\/\/www.gaveanews.com\/index.php\/2021\/01\/26\/zico-afirma-que-nao-ve-diego-ribas-como-capitao-do-flamengo\/","og_site_name":"G\u00e1vea News","article_publisher":"https:\/\/facebook.com\/gaveaNews\/","article_published_time":"2021-01-26T13:27:29+00:00","article_modified_time":"2021-08-12T03:49:52+00:00","og_image":[{"url":"https:\/\/www.gaveanews.com\/wp-content\/uploads\/2019\/03\/Zico-acena-para-os-torcedores-do-Flamengo-durante-partida-no-Maracana.webp","width":1,"height":1,"type":"image\/jpeg"}],"author":"Let\u00edcia Gerheim","twitter_card":"summary_large_image","twitter_misc":{"Escrito por":"Let\u00edcia Gerheim","Est. tempo de leitura":"2 minutos"},"schema":{"@context":"https:\/\/schema.org","@graph":[{"@type":"NewsArticle","@id":"https:\/\/www.gaveanews.com\/index.php\/2021\/01\/26\/zico-afirma-que-nao-ve-diego-ribas-como-capitao-do-flamengo\/#article","isPartOf":{"@id":"https:\/\/www.gaveanews.com\/index.php\/2021\/01\/26\/zico-afirma-que-nao-ve-diego-ribas-como-capitao-do-flamengo\/"},"author":{"name":"Let\u00edcia Gerheim","@id":"https:\/\/www.gaveanews.com\/#\/schema\/person\/714c67050b836198af2450ba1c142a67"},"headline":"Zico afirma que n\u00e3o v\u00ea Diego Ribas como capit\u00e3o do Flamengo","datePublished":"2021-01-26T13:27:29+00:00","dateModified":"2021-08-12T03:49:52+00:00","mainEntityOfPage":{"@id":"https:\/\/www.gaveanews.com\/index.php\/2021\/01\/26\/zico-afirma-que-nao-ve-diego-ribas-como-capitao-do-flamengo\/"},"wordCount":326,"commentCount":29,"image":{"@id":"https:\/\/www.gaveanews.com\/index.php\/2021\/01\/26\/zico-afirma-que-nao-ve-diego-ribas-como-capitao-do-flamengo\/#primaryimage"},"thumbnailUrl":"https:\/\/www.gaveanews.com\/wp-content\/uploads\/2019\/03\/Zico-acena-para-os-torcedores-do-Flamengo-durante-partida-no-Maracana.webp","articleSection":["Flamengo"],"inLanguage":"pt-BR","potentialAction":[{"@type":"CommentAction","name":"Comment","target":["https:\/\/www.gaveanews.com\/index.php\/2021\/01\/26\/zico-afirma-que-nao-ve-diego-ribas-como-capitao-do-flamengo\/#respond"]}],"copyrightYear":"2021","copyrightHolder":{"@id":"https:\/\/www.gaveanews.com\/#organization"}},{"@type":"WebPage","@id":"https:\/\/www.gaveanews.com\/index.php\/2021\/01\/26\/zico-afirma-que-nao-ve-diego-ribas-como-capitao-do-flamengo\/","url":"https:\/\/www.gaveanews.com\/index.php\/2021\/01\/26\/zico-afirma-que-nao-ve-diego-ribas-como-capitao-do-flamengo\/","name":"Zico afirma que n\u00e3o v\u00ea Diego Ribas como capit\u00e3o do Flamengo","isPartOf":{"@id":"https:\/\/www.gaveanews.com\/#website"},"primaryImageOfPage":{"@id":"https:\/\/www.gaveanews.com\/index.php\/2021\/01\/26\/zico-afirma-que-nao-ve-diego-ribas-como-capitao-do-flamengo\/#primaryimage"},"image":{"@id":"https:\/\/www.gaveanews.com\/index.php\/2021\/01\/26\/zico-afirma-que-nao-ve-diego-ribas-como-capitao-do-flamengo\/#primaryimage"},"thumbnailUrl":"https:\/\/www.gaveanews.com\/wp-content\/uploads\/2019\/03\/Zico-acena-para-os-torcedores-do-Flamengo-durante-partida-no-Maracana.webp","datePublished":"2021-01-26T13:27:29+00:00","dateModified":"2021-08-12T03:49:52+00:00","author":{"@id":"https:\/\/www.gaveanews.com\/#\/schema\/person\/714c67050b836198af2450ba1c142a67"},"description":"Zico falou sobre lideran\u00e7a no time e afirmou enfaticamente que n]ao v\u00ea Diego Ribas como um efetivo capit\u00e3o da equipe.","breadcrumb":{"@id":"https:\/\/www.gaveanews.com\/index.php\/2021\/01\/26\/zico-afirma-que-nao-ve-diego-ribas-como-capitao-do-flamengo\/#breadcrumb"},"inLanguage":"pt-BR","potentialAction":[{"@type":"ReadAction","target":["https:\/\/www.gaveanews.com\/index.php\/2021\/01\/26\/zico-afirma-que-nao-ve-diego-ribas-como-capitao-do-flamengo\/"]}]},{"@type":"ImageObject","inLanguage":"pt-BR","@id":"https:\/\/www.gaveanews.com\/index.php\/2021\/01\/26\/zico-afirma-que-nao-ve-diego-ribas-como-capitao-do-flamengo\/#primaryimage","url":"https:\/\/www.gaveanews.com\/wp-content\/uploads\/2019\/03\/Zico-acena-para-os-torcedores-do-Flamengo-durante-partida-no-Maracana.webp","contentUrl":"https:\/\/www.gaveanews.com\/wp-content\/uploads\/2019\/03\/Zico-acena-para-os-torcedores-do-Flamengo-durante-partida-no-Maracana.webp","width":900,"height":600,"caption":"Zico acena para os torcedores do Flamengo, durante partida no Maracan\u00e3 (Foto: Alexandre Vidal\/Flamengo)"},{"@type":"BreadcrumbList","@id":"https:\/\/www.gaveanews.com\/index.php\/2021\/01\/26\/zico-afirma-que-nao-ve-diego-ribas-como-capitao-do-flamengo\/#breadcrumb","itemListElement":[{"@type":"ListItem","position":1,"name":"Home","item":"https:\/\/www.gaveanews.com\/"},{"@type":"ListItem","position":2,"name":"Zico afirma que n\u00e3o v\u00ea Diego Ribas como capit\u00e3o do Flamengo"}]},{"@type":"WebSite","@id":"https:\/\/www.gaveanews.com\/#website","url":"https:\/\/www.gaveanews.com\/","name":"G\u00e1vea News","description":"Veja todas as not\u00edcias sobre o Flamengo: Contrata\u00e7\u00f5es, categorias de base, resultados das partidas, tabela de classifica\u00e7\u00e3o, pr\u00f3ximos jogos!","potentialAction":[{"@type":"SearchAction","target":{"@type":"EntryPoint","urlTemplate":"https:\/\/www.gaveanews.com\/?s={search_term_string}"},"query-input":{"@type":"PropertyValueSpecification","valueRequired":true,"valueName":"search_term_string"}}],"inLanguage":"pt-BR"},{"@type":"Person","@id":"https:\/\/www.gaveanews.com\/#\/schema\/person\/714c67050b836198af2450ba1c142a67","name":"Let\u00edcia Gerheim","image":{"@type":"ImageObject","inLanguage":"pt-BR","@id":"https:\/\/www.gaveanews.com\/#\/schema\/person\/image\/","url":"https:\/\/secure.gravatar.com\/avatar\/60734739c50fcebfbac509e2a826ccd0ff405c019bc73aab9354f19ecad1dcb4?s=96&d=mm&r=g","contentUrl":"https:\/\/secure.gravatar.com\/avatar\/60734739c50fcebfbac509e2a826ccd0ff405c019bc73aab9354f19ecad1dcb4?s=96&d=mm&r=g","caption":"Let\u00edcia Gerheim"}}]}},"_links":{"self":[{"href":"https:\/\/www.gaveanews.com\/index.php\/wp-json\/wp\/v2\/posts\/55312","targetHints":{"allow":["GET"]}}],"collection":[{"href":"https:\/\/www.gaveanews.com\/index.php\/wp-json\/wp\/v2\/posts"}],"about":[{"href":"https:\/\/www.gaveanews.com\/index.php\/wp-json\/wp\/v2\/types\/post"}],"author":[{"embeddable":true,"href":"https:\/\/www.gaveanews.com\/index.php\/wp-json\/wp\/v2\/users\/4"}],"replies":[{"embeddable":true,"href":"https:\/\/www.gaveanews.com\/index.php\/wp-json\/wp\/v2\/comments?post=55312"}],"version-history":[{"count":0,"href":"https:\/\/www.gaveanews.com\/index.php\/wp-json\/wp\/v2\/posts\/55312\/revisions"}],"wp:featuredmedia":[{"embeddable":true,"href":"https:\/\/www.gaveanews.com\/index.php\/wp-json\/wp\/v2\/media\/15070"}],"wp:attachment":[{"href":"https:\/\/www.gaveanews.com\/index.php\/wp-json\/wp\/v2\/media?parent=55312"}],"wp:term":[{"taxonomy":"category","embeddable":true,"href":"https:\/\/www.gaveanews.com\/index.php\/wp-json\/wp\/v2\/categories?post=55312"},{"taxonomy":"post_tag","embeddable":true,"href":"https:\/\/www.gaveanews.com\/index.php\/wp-json\/wp\/v2\/tags?post=55312"}],"curies":[{"name":"wp","href":"https:\/\/api.w.org\/{rel}","templated":true}]}}