{"id":55315,"date":"2021-01-26T18:57:08","date_gmt":"2021-01-26T21:57:08","guid":{"rendered":"https:\/\/www.gaveanews.com\/?p=55315"},"modified":"2021-08-12T00:49:45","modified_gmt":"2021-08-12T03:49:45","slug":"zico-avalia-time-e-diz-que-nao-ve-flamengo-sendo-campeao-brasileiro","status":"publish","type":"post","link":"https:\/\/www.gaveanews.com\/index.php\/2021\/01\/26\/zico-avalia-time-e-diz-que-nao-ve-flamengo-sendo-campeao-brasileiro\/","title":{"rendered":"Zico avalia time e diz que n\u00e3o v\u00ea Flamengo sendo campe\u00e3o brasileiro"},"content":{"rendered":"\n<p>Em reta final de Brasileir\u00e3o, o Flamengo ainda n\u00e3o se estabilizou e v\u00ea suas chances cada vez menores de levantar o trof\u00e9u no fim da competi\u00e7\u00e3o. Para ser octacampe\u00e3o, o time precisa de uma rea\u00e7\u00e3o r\u00e1pida em campo, al\u00e9m de contar com trope\u00e7os do Internacional.<\/p>\n\n\n\n<p>No in\u00edcio desta semana, Livia Nepomuceno publicou em seu canal do YouTube, uma entrevista com Zico. Sobre a probabilidade do clube reconquistar o t\u00edtulo, o \u00eddolo rubro-negro disse:<\/p>\n\n\n\n<p><strong><em>&#8220;H\u00e1 muito tempo n\u00e3o tem esse equil\u00edbrio de disputa. Mas a reta final t\u00e1 muito boa pro Internacional, deu uma arrancada boa e eu acho que \u00e9 dif\u00edcil voc\u00ea tirar uma diferen\u00e7a como essa. A tabela t\u00e1 mais prop\u00edcia para Internacional, porque o Atl\u00e9tico, S\u00e3o Paulo, Flamengo, Palmeiras est\u00e3o com uma tabela mais complicada de reverter&#8230;Gr\u00eamio e tal<\/em><\/strong>&#8220;, afirmou.<\/p>\n\n\n\n<p>O ex-jogador apontou a vis\u00e3o de outros clubes ao enfrentar o Fla, ressaltando que \u00e9 importante que os jogadores sempre estejam preparados para dar tudo de si em campo.<\/p>\n\n\n\n<p><strong><em>&#8220;Eu acho que isso a\u00ed foi um momento de transi\u00e7\u00e3o dif\u00edcil, mas pode ser recuperado. Os jogadores tem que entender. A maioria dos times jogando contra o Flamengo, de uma forma&#8230;empatou, ganhou, \u00e9 uma comemora\u00e7\u00e3o absurda, porque o Flamengo \u00e9 a bola da vez, Flamengo \u00e9 o time que d\u00e1 repercuss\u00e3o, ganhou do Flamengo \u00e9 um neg\u00f3cio fant\u00e1stico. Ent\u00e3o, a\u00ed voc\u00ea v\u00ea ele jogar um outro jogo, \u00e9 um time completamente diferente&#8221;<\/em><\/strong>, afirmou, antes de completar:<\/p>\n\n\n\n<p><strong><em>&#8220;Os jogadores tem que estar preparados pra isso. Eu sempre dizia e cobrava dos nossos jogadores isso: olha, agora os caras v\u00e3o vir com a faca nos dentes contra a gente, a gente tem que ir com duas facas. Agora mudou, a gente n\u00e3o pode ir achando que a gente vai ganhar todas vez&#8230;a gente tem que ir com sangue nos olhos pra poder ganhar.&#8221;<\/em><\/strong><\/p>\n\n\n\n<p>Com 55 pontos e ocupando a terceira posi\u00e7\u00e3o na tabela do Brasileiro, a equipe do Flamengo se prepara nesta semana para enfrentar o Gr\u00eamio, em uma partida adiada pela 23\u00aa rodada. O duelo ocorrer\u00e1 nesta quinta-feira (28), \u00e0s 20h (hor\u00e1rio de Bras\u00edlia), com transmiss\u00e3o garantida pelo canal Premiere.<\/p>\n","protected":false},"excerpt":{"rendered":"<p>Em reta final de Brasileir\u00e3o, o Flamengo ainda n\u00e3o se estabilizou e v\u00ea suas chances cada vez menores de levantar o trof\u00e9u no fim da competi\u00e7\u00e3o. Para ser octacampe\u00e3o, o time precisa de uma rea\u00e7\u00e3o r\u00e1pida em campo, al\u00e9m de contar com trope\u00e7os do Internacional. No in\u00edcio desta semana, Livia Nepomuceno publicou em seu canal [&hellip;]<\/p>\n","protected":false},"author":4,"featured_media":15070,"comment_status":"open","ping_status":"closed","sticky":false,"template":"","format":"standard","meta":{"footnotes":""},"categories":[1],"tags":[],"class_list":["post-55315","post","type-post","status-publish","format-standard","has-post-thumbnail","hentry","category-flamengo"],"yoast_head":"<!-- This site is optimized with the Yoast SEO Premium plugin v24.2 (Yoast SEO v26.9) - https:\/\/yoast.com\/product\/yoast-seo-premium-wordpress\/ -->\n<title>Zico avalia time e diz que n\u00e3o v\u00ea Flamengo sendo campe\u00e3o brasileiro<\/title>\n<meta name=\"description\" content=\"Para ser octacampe\u00e3o, o time precisa de uma rea\u00e7\u00e3o r\u00e1pida em campo, al\u00e9m de contar com trope\u00e7os do Internacional.\" \/>\n<meta name=\"robots\" content=\"index, follow, max-snippet:-1, max-image-preview:large, max-video-preview:-1\" \/>\n<link rel=\"canonical\" href=\"https:\/\/www.gaveanews.com\/index.php\/2021\/01\/26\/zico-avalia-time-e-diz-que-nao-ve-flamengo-sendo-campeao-brasileiro\/\" \/>\n<meta property=\"og:locale\" content=\"pt_BR\" \/>\n<meta property=\"og:type\" content=\"article\" \/>\n<meta property=\"og:title\" content=\"Zico avalia time e diz que n\u00e3o v\u00ea Flamengo sendo campe\u00e3o brasileiro\" \/>\n<meta property=\"og:description\" content=\"Para ser octacampe\u00e3o, o time precisa de uma rea\u00e7\u00e3o r\u00e1pida em campo, al\u00e9m de contar com trope\u00e7os do Internacional.\" \/>\n<meta property=\"og:url\" content=\"https:\/\/www.gaveanews.com\/index.php\/2021\/01\/26\/zico-avalia-time-e-diz-que-nao-ve-flamengo-sendo-campeao-brasileiro\/\" \/>\n<meta property=\"og:site_name\" content=\"G\u00e1vea News\" \/>\n<meta property=\"article:publisher\" content=\"https:\/\/facebook.com\/gaveaNews\/\" \/>\n<meta property=\"article:published_time\" content=\"2021-01-26T21:57:08+00:00\" \/>\n<meta property=\"article:modified_time\" content=\"2021-08-12T03:49:45+00:00\" \/>\n<meta property=\"og:image\" content=\"https:\/\/www.gaveanews.com\/wp-content\/uploads\/2019\/03\/Zico-acena-para-os-torcedores-do-Flamengo-durante-partida-no-Maracana.webp\" \/>\n\t<meta property=\"og:image:width\" content=\"1\" \/>\n\t<meta property=\"og:image:height\" content=\"1\" \/>\n\t<meta property=\"og:image:type\" content=\"image\/jpeg\" \/>\n<meta name=\"author\" content=\"Let\u00edcia Gerheim\" \/>\n<meta name=\"twitter:card\" content=\"summary_large_image\" \/>\n<meta name=\"twitter:label1\" content=\"Escrito por\" \/>\n\t<meta name=\"twitter:data1\" content=\"Let\u00edcia Gerheim\" \/>\n\t<meta name=\"twitter:label2\" content=\"Est. tempo de leitura\" \/>\n\t<meta name=\"twitter:data2\" content=\"2 minutos\" \/>\n<script type=\"application\/ld+json\" class=\"yoast-schema-graph\">{\"@context\":\"https:\/\/schema.org\",\"@graph\":[{\"@type\":\"NewsArticle\",\"@id\":\"https:\/\/www.gaveanews.com\/index.php\/2021\/01\/26\/zico-avalia-time-e-diz-que-nao-ve-flamengo-sendo-campeao-brasileiro\/#article\",\"isPartOf\":{\"@id\":\"https:\/\/www.gaveanews.com\/index.php\/2021\/01\/26\/zico-avalia-time-e-diz-que-nao-ve-flamengo-sendo-campeao-brasileiro\/\"},\"author\":{\"name\":\"Let\u00edcia Gerheim\",\"@id\":\"https:\/\/www.gaveanews.com\/#\/schema\/person\/714c67050b836198af2450ba1c142a67\"},\"headline\":\"Zico avalia time e diz que n\u00e3o v\u00ea Flamengo sendo campe\u00e3o brasileiro\",\"datePublished\":\"2021-01-26T21:57:08+00:00\",\"dateModified\":\"2021-08-12T03:49:45+00:00\",\"mainEntityOfPage\":{\"@id\":\"https:\/\/www.gaveanews.com\/index.php\/2021\/01\/26\/zico-avalia-time-e-diz-que-nao-ve-flamengo-sendo-campeao-brasileiro\/\"},\"wordCount\":392,\"commentCount\":19,\"image\":{\"@id\":\"https:\/\/www.gaveanews.com\/index.php\/2021\/01\/26\/zico-avalia-time-e-diz-que-nao-ve-flamengo-sendo-campeao-brasileiro\/#primaryimage\"},\"thumbnailUrl\":\"https:\/\/www.gaveanews.com\/wp-content\/uploads\/2019\/03\/Zico-acena-para-os-torcedores-do-Flamengo-durante-partida-no-Maracana.webp\",\"articleSection\":[\"Flamengo\"],\"inLanguage\":\"pt-BR\",\"potentialAction\":[{\"@type\":\"CommentAction\",\"name\":\"Comment\",\"target\":[\"https:\/\/www.gaveanews.com\/index.php\/2021\/01\/26\/zico-avalia-time-e-diz-que-nao-ve-flamengo-sendo-campeao-brasileiro\/#respond\"]}],\"copyrightYear\":\"2021\",\"copyrightHolder\":{\"@id\":\"https:\/\/www.gaveanews.com\/#organization\"}},{\"@type\":\"WebPage\",\"@id\":\"https:\/\/www.gaveanews.com\/index.php\/2021\/01\/26\/zico-avalia-time-e-diz-que-nao-ve-flamengo-sendo-campeao-brasileiro\/\",\"url\":\"https:\/\/www.gaveanews.com\/index.php\/2021\/01\/26\/zico-avalia-time-e-diz-que-nao-ve-flamengo-sendo-campeao-brasileiro\/\",\"name\":\"Zico avalia time e diz que n\u00e3o v\u00ea Flamengo sendo campe\u00e3o brasileiro\",\"isPartOf\":{\"@id\":\"https:\/\/www.gaveanews.com\/#website\"},\"primaryImageOfPage\":{\"@id\":\"https:\/\/www.gaveanews.com\/index.php\/2021\/01\/26\/zico-avalia-time-e-diz-que-nao-ve-flamengo-sendo-campeao-brasileiro\/#primaryimage\"},\"image\":{\"@id\":\"https:\/\/www.gaveanews.com\/index.php\/2021\/01\/26\/zico-avalia-time-e-diz-que-nao-ve-flamengo-sendo-campeao-brasileiro\/#primaryimage\"},\"thumbnailUrl\":\"https:\/\/www.gaveanews.com\/wp-content\/uploads\/2019\/03\/Zico-acena-para-os-torcedores-do-Flamengo-durante-partida-no-Maracana.webp\",\"datePublished\":\"2021-01-26T21:57:08+00:00\",\"dateModified\":\"2021-08-12T03:49:45+00:00\",\"author\":{\"@id\":\"https:\/\/www.gaveanews.com\/#\/schema\/person\/714c67050b836198af2450ba1c142a67\"},\"description\":\"Para ser octacampe\u00e3o, o time precisa de uma rea\u00e7\u00e3o r\u00e1pida em campo, al\u00e9m de contar com trope\u00e7os do Internacional.\",\"breadcrumb\":{\"@id\":\"https:\/\/www.gaveanews.com\/index.php\/2021\/01\/26\/zico-avalia-time-e-diz-que-nao-ve-flamengo-sendo-campeao-brasileiro\/#breadcrumb\"},\"inLanguage\":\"pt-BR\",\"potentialAction\":[{\"@type\":\"ReadAction\",\"target\":[\"https:\/\/www.gaveanews.com\/index.php\/2021\/01\/26\/zico-avalia-time-e-diz-que-nao-ve-flamengo-sendo-campeao-brasileiro\/\"]}]},{\"@type\":\"ImageObject\",\"inLanguage\":\"pt-BR\",\"@id\":\"https:\/\/www.gaveanews.com\/index.php\/2021\/01\/26\/zico-avalia-time-e-diz-que-nao-ve-flamengo-sendo-campeao-brasileiro\/#primaryimage\",\"url\":\"https:\/\/www.gaveanews.com\/wp-content\/uploads\/2019\/03\/Zico-acena-para-os-torcedores-do-Flamengo-durante-partida-no-Maracana.webp\",\"contentUrl\":\"https:\/\/www.gaveanews.com\/wp-content\/uploads\/2019\/03\/Zico-acena-para-os-torcedores-do-Flamengo-durante-partida-no-Maracana.webp\",\"width\":900,\"height\":600,\"caption\":\"Zico acena para os torcedores do Flamengo, durante partida no Maracan\u00e3 (Foto: Alexandre Vidal\/Flamengo)\"},{\"@type\":\"BreadcrumbList\",\"@id\":\"https:\/\/www.gaveanews.com\/index.php\/2021\/01\/26\/zico-avalia-time-e-diz-que-nao-ve-flamengo-sendo-campeao-brasileiro\/#breadcrumb\",\"itemListElement\":[{\"@type\":\"ListItem\",\"position\":1,\"name\":\"Home\",\"item\":\"https:\/\/www.gaveanews.com\/\"},{\"@type\":\"ListItem\",\"position\":2,\"name\":\"Zico avalia time e diz que n\u00e3o v\u00ea Flamengo sendo campe\u00e3o brasileiro\"}]},{\"@type\":\"WebSite\",\"@id\":\"https:\/\/www.gaveanews.com\/#website\",\"url\":\"https:\/\/www.gaveanews.com\/\",\"name\":\"G\u00e1vea News\",\"description\":\"Veja todas as not\u00edcias sobre o Flamengo: Contrata\u00e7\u00f5es, categorias de base, resultados das partidas, tabela de classifica\u00e7\u00e3o, pr\u00f3ximos jogos!\",\"potentialAction\":[{\"@type\":\"SearchAction\",\"target\":{\"@type\":\"EntryPoint\",\"urlTemplate\":\"https:\/\/www.gaveanews.com\/?s={search_term_string}\"},\"query-input\":{\"@type\":\"PropertyValueSpecification\",\"valueRequired\":true,\"valueName\":\"search_term_string\"}}],\"inLanguage\":\"pt-BR\"},{\"@type\":\"Person\",\"@id\":\"https:\/\/www.gaveanews.com\/#\/schema\/person\/714c67050b836198af2450ba1c142a67\",\"name\":\"Let\u00edcia Gerheim\",\"image\":{\"@type\":\"ImageObject\",\"inLanguage\":\"pt-BR\",\"@id\":\"https:\/\/www.gaveanews.com\/#\/schema\/person\/image\/\",\"url\":\"https:\/\/secure.gravatar.com\/avatar\/60734739c50fcebfbac509e2a826ccd0ff405c019bc73aab9354f19ecad1dcb4?s=96&d=mm&r=g\",\"contentUrl\":\"https:\/\/secure.gravatar.com\/avatar\/60734739c50fcebfbac509e2a826ccd0ff405c019bc73aab9354f19ecad1dcb4?s=96&d=mm&r=g\",\"caption\":\"Let\u00edcia Gerheim\"}}]}<\/script>\n<!-- \/ Yoast SEO Premium plugin. -->","yoast_head_json":{"title":"Zico avalia time e diz que n\u00e3o v\u00ea Flamengo sendo campe\u00e3o brasileiro","description":"Para ser octacampe\u00e3o, o time precisa de uma rea\u00e7\u00e3o r\u00e1pida em campo, al\u00e9m de contar com trope\u00e7os do Internacional.","robots":{"index":"index","follow":"follow","max-snippet":"max-snippet:-1","max-image-preview":"max-image-preview:large","max-video-preview":"max-video-preview:-1"},"canonical":"https:\/\/www.gaveanews.com\/index.php\/2021\/01\/26\/zico-avalia-time-e-diz-que-nao-ve-flamengo-sendo-campeao-brasileiro\/","og_locale":"pt_BR","og_type":"article","og_title":"Zico avalia time e diz que n\u00e3o v\u00ea Flamengo sendo campe\u00e3o brasileiro","og_description":"Para ser octacampe\u00e3o, o time precisa de uma rea\u00e7\u00e3o r\u00e1pida em campo, al\u00e9m de contar com trope\u00e7os do Internacional.","og_url":"https:\/\/www.gaveanews.com\/index.php\/2021\/01\/26\/zico-avalia-time-e-diz-que-nao-ve-flamengo-sendo-campeao-brasileiro\/","og_site_name":"G\u00e1vea News","article_publisher":"https:\/\/facebook.com\/gaveaNews\/","article_published_time":"2021-01-26T21:57:08+00:00","article_modified_time":"2021-08-12T03:49:45+00:00","og_image":[{"url":"https:\/\/www.gaveanews.com\/wp-content\/uploads\/2019\/03\/Zico-acena-para-os-torcedores-do-Flamengo-durante-partida-no-Maracana.webp","width":1,"height":1,"type":"image\/jpeg"}],"author":"Let\u00edcia Gerheim","twitter_card":"summary_large_image","twitter_misc":{"Escrito por":"Let\u00edcia Gerheim","Est. tempo de leitura":"2 minutos"},"schema":{"@context":"https:\/\/schema.org","@graph":[{"@type":"NewsArticle","@id":"https:\/\/www.gaveanews.com\/index.php\/2021\/01\/26\/zico-avalia-time-e-diz-que-nao-ve-flamengo-sendo-campeao-brasileiro\/#article","isPartOf":{"@id":"https:\/\/www.gaveanews.com\/index.php\/2021\/01\/26\/zico-avalia-time-e-diz-que-nao-ve-flamengo-sendo-campeao-brasileiro\/"},"author":{"name":"Let\u00edcia Gerheim","@id":"https:\/\/www.gaveanews.com\/#\/schema\/person\/714c67050b836198af2450ba1c142a67"},"headline":"Zico avalia time e diz que n\u00e3o v\u00ea Flamengo sendo campe\u00e3o brasileiro","datePublished":"2021-01-26T21:57:08+00:00","dateModified":"2021-08-12T03:49:45+00:00","mainEntityOfPage":{"@id":"https:\/\/www.gaveanews.com\/index.php\/2021\/01\/26\/zico-avalia-time-e-diz-que-nao-ve-flamengo-sendo-campeao-brasileiro\/"},"wordCount":392,"commentCount":19,"image":{"@id":"https:\/\/www.gaveanews.com\/index.php\/2021\/01\/26\/zico-avalia-time-e-diz-que-nao-ve-flamengo-sendo-campeao-brasileiro\/#primaryimage"},"thumbnailUrl":"https:\/\/www.gaveanews.com\/wp-content\/uploads\/2019\/03\/Zico-acena-para-os-torcedores-do-Flamengo-durante-partida-no-Maracana.webp","articleSection":["Flamengo"],"inLanguage":"pt-BR","potentialAction":[{"@type":"CommentAction","name":"Comment","target":["https:\/\/www.gaveanews.com\/index.php\/2021\/01\/26\/zico-avalia-time-e-diz-que-nao-ve-flamengo-sendo-campeao-brasileiro\/#respond"]}],"copyrightYear":"2021","copyrightHolder":{"@id":"https:\/\/www.gaveanews.com\/#organization"}},{"@type":"WebPage","@id":"https:\/\/www.gaveanews.com\/index.php\/2021\/01\/26\/zico-avalia-time-e-diz-que-nao-ve-flamengo-sendo-campeao-brasileiro\/","url":"https:\/\/www.gaveanews.com\/index.php\/2021\/01\/26\/zico-avalia-time-e-diz-que-nao-ve-flamengo-sendo-campeao-brasileiro\/","name":"Zico avalia time e diz que n\u00e3o v\u00ea Flamengo sendo campe\u00e3o brasileiro","isPartOf":{"@id":"https:\/\/www.gaveanews.com\/#website"},"primaryImageOfPage":{"@id":"https:\/\/www.gaveanews.com\/index.php\/2021\/01\/26\/zico-avalia-time-e-diz-que-nao-ve-flamengo-sendo-campeao-brasileiro\/#primaryimage"},"image":{"@id":"https:\/\/www.gaveanews.com\/index.php\/2021\/01\/26\/zico-avalia-time-e-diz-que-nao-ve-flamengo-sendo-campeao-brasileiro\/#primaryimage"},"thumbnailUrl":"https:\/\/www.gaveanews.com\/wp-content\/uploads\/2019\/03\/Zico-acena-para-os-torcedores-do-Flamengo-durante-partida-no-Maracana.webp","datePublished":"2021-01-26T21:57:08+00:00","dateModified":"2021-08-12T03:49:45+00:00","author":{"@id":"https:\/\/www.gaveanews.com\/#\/schema\/person\/714c67050b836198af2450ba1c142a67"},"description":"Para ser octacampe\u00e3o, o time precisa de uma rea\u00e7\u00e3o r\u00e1pida em campo, al\u00e9m de contar com trope\u00e7os do Internacional.","breadcrumb":{"@id":"https:\/\/www.gaveanews.com\/index.php\/2021\/01\/26\/zico-avalia-time-e-diz-que-nao-ve-flamengo-sendo-campeao-brasileiro\/#breadcrumb"},"inLanguage":"pt-BR","potentialAction":[{"@type":"ReadAction","target":["https:\/\/www.gaveanews.com\/index.php\/2021\/01\/26\/zico-avalia-time-e-diz-que-nao-ve-flamengo-sendo-campeao-brasileiro\/"]}]},{"@type":"ImageObject","inLanguage":"pt-BR","@id":"https:\/\/www.gaveanews.com\/index.php\/2021\/01\/26\/zico-avalia-time-e-diz-que-nao-ve-flamengo-sendo-campeao-brasileiro\/#primaryimage","url":"https:\/\/www.gaveanews.com\/wp-content\/uploads\/2019\/03\/Zico-acena-para-os-torcedores-do-Flamengo-durante-partida-no-Maracana.webp","contentUrl":"https:\/\/www.gaveanews.com\/wp-content\/uploads\/2019\/03\/Zico-acena-para-os-torcedores-do-Flamengo-durante-partida-no-Maracana.webp","width":900,"height":600,"caption":"Zico acena para os torcedores do Flamengo, durante partida no Maracan\u00e3 (Foto: Alexandre Vidal\/Flamengo)"},{"@type":"BreadcrumbList","@id":"https:\/\/www.gaveanews.com\/index.php\/2021\/01\/26\/zico-avalia-time-e-diz-que-nao-ve-flamengo-sendo-campeao-brasileiro\/#breadcrumb","itemListElement":[{"@type":"ListItem","position":1,"name":"Home","item":"https:\/\/www.gaveanews.com\/"},{"@type":"ListItem","position":2,"name":"Zico avalia time e diz que n\u00e3o v\u00ea Flamengo sendo campe\u00e3o brasileiro"}]},{"@type":"WebSite","@id":"https:\/\/www.gaveanews.com\/#website","url":"https:\/\/www.gaveanews.com\/","name":"G\u00e1vea News","description":"Veja todas as not\u00edcias sobre o Flamengo: Contrata\u00e7\u00f5es, categorias de base, resultados das partidas, tabela de classifica\u00e7\u00e3o, pr\u00f3ximos jogos!","potentialAction":[{"@type":"SearchAction","target":{"@type":"EntryPoint","urlTemplate":"https:\/\/www.gaveanews.com\/?s={search_term_string}"},"query-input":{"@type":"PropertyValueSpecification","valueRequired":true,"valueName":"search_term_string"}}],"inLanguage":"pt-BR"},{"@type":"Person","@id":"https:\/\/www.gaveanews.com\/#\/schema\/person\/714c67050b836198af2450ba1c142a67","name":"Let\u00edcia Gerheim","image":{"@type":"ImageObject","inLanguage":"pt-BR","@id":"https:\/\/www.gaveanews.com\/#\/schema\/person\/image\/","url":"https:\/\/secure.gravatar.com\/avatar\/60734739c50fcebfbac509e2a826ccd0ff405c019bc73aab9354f19ecad1dcb4?s=96&d=mm&r=g","contentUrl":"https:\/\/secure.gravatar.com\/avatar\/60734739c50fcebfbac509e2a826ccd0ff405c019bc73aab9354f19ecad1dcb4?s=96&d=mm&r=g","caption":"Let\u00edcia Gerheim"}}]}},"_links":{"self":[{"href":"https:\/\/www.gaveanews.com\/index.php\/wp-json\/wp\/v2\/posts\/55315","targetHints":{"allow":["GET"]}}],"collection":[{"href":"https:\/\/www.gaveanews.com\/index.php\/wp-json\/wp\/v2\/posts"}],"about":[{"href":"https:\/\/www.gaveanews.com\/index.php\/wp-json\/wp\/v2\/types\/post"}],"author":[{"embeddable":true,"href":"https:\/\/www.gaveanews.com\/index.php\/wp-json\/wp\/v2\/users\/4"}],"replies":[{"embeddable":true,"href":"https:\/\/www.gaveanews.com\/index.php\/wp-json\/wp\/v2\/comments?post=55315"}],"version-history":[{"count":0,"href":"https:\/\/www.gaveanews.com\/index.php\/wp-json\/wp\/v2\/posts\/55315\/revisions"}],"wp:featuredmedia":[{"embeddable":true,"href":"https:\/\/www.gaveanews.com\/index.php\/wp-json\/wp\/v2\/media\/15070"}],"wp:attachment":[{"href":"https:\/\/www.gaveanews.com\/index.php\/wp-json\/wp\/v2\/media?parent=55315"}],"wp:term":[{"taxonomy":"category","embeddable":true,"href":"https:\/\/www.gaveanews.com\/index.php\/wp-json\/wp\/v2\/categories?post=55315"},{"taxonomy":"post_tag","embeddable":true,"href":"https:\/\/www.gaveanews.com\/index.php\/wp-json\/wp\/v2\/tags?post=55315"}],"curies":[{"name":"wp","href":"https:\/\/api.w.org\/{rel}","templated":true}]}}