{"id":55319,"date":"2021-01-26T11:06:04","date_gmt":"2021-01-26T14:06:04","guid":{"rendered":"https:\/\/www.gaveanews.com\/?p=55319"},"modified":"2021-01-26T11:06:10","modified_gmt":"2021-01-26T14:06:10","slug":"comentarista-critica-fase-de-gabigol-no-flamengo-parou-em-2019","status":"publish","type":"post","link":"https:\/\/www.gaveanews.com\/index.php\/2021\/01\/26\/comentarista-critica-fase-de-gabigol-no-flamengo-parou-em-2019\/","title":{"rendered":"Comentarista critica fase de Gabigol no Flamengo: &#8216;Parou em 2019&#8217;"},"content":{"rendered":"\n<p>Com um gol nos \u00faltimos seis jogos e substitu\u00eddo em todos os jogos que come\u00e7ou como titular com Rog\u00e9rio Ceni, Gabigol n\u00e3o vive seus melhores dias com a camisa do Flamengo.<\/p>\n\n\n\n<p>O ex-jogador Z\u00e9 Elias criticou a fase do atleta, que virou manchete principalmente pela postura ao ser substitu\u00eddo no \u00faltimo jogo. Segundo o comentarista, o atacante &#8220;parou em 2019&#8221;.<\/p>\n\n\n\n<p>\u2014 O Gabigol parou em 2019. Ele precisa evoluir. N\u00e3o adianta falar que o time n\u00e3o evoluiu, que a equipe era treinada de outra maneira. Ele poderia tirar proveito das mudan\u00e7as. Todo mundo aprende todos os dias &#8211; afirmou durante o &#8220;SportsCenter&#8221;, no domingo.<\/p>\n\n\n\n<p>O ex-jogador explicou sua cr\u00edtica ao atacante, afirmando que n\u00e3o enxerga o mesmo Gabigol de 2019 na fase atual, citando a falta de vibra\u00e7\u00e3o no jogador.<\/p>\n\n\n\n<p>\u2014 N\u00e3o vejo o Gabigol o mesmo Gabigol de 2019. Tem a quest\u00e3o do respeito e dos treinos. N\u00e3o posso julgar a titularidade dele sem ver os treinos. Mas jogo \u00e9 outra coisa. Talvez, se fosse um t\u00e9cnico mais &#8220;casca grossa&#8221;, o pr\u00f3prio Jorge Jesus, ele n\u00e3o estaria sem a vibra\u00e7\u00e3o do ano passado, e se estivesse, iria para o banco, e sem reclamar como tem feito &#8211; concluiu.<\/p>\n\n\n\n<p>Retirado de: Lance<\/p>\n","protected":false},"excerpt":{"rendered":"<p>Com um gol nos \u00faltimos seis jogos e substitu\u00eddo em todos os jogos que come\u00e7ou como titular com Rog\u00e9rio Ceni, Gabigol n\u00e3o vive seus melhores dias com a camisa do Flamengo. O ex-jogador Z\u00e9 Elias criticou a fase do atleta, que virou manchete principalmente pela postura ao ser substitu\u00eddo no \u00faltimo jogo. Segundo o comentarista, [&hellip;]<\/p>\n","protected":false},"author":1,"featured_media":54648,"comment_status":"open","ping_status":"closed","sticky":false,"template":"","format":"standard","meta":{"footnotes":""},"categories":[1],"tags":[],"class_list":["post-55319","post","type-post","status-publish","format-standard","has-post-thumbnail","hentry","category-flamengo"],"yoast_head":"<!-- This site is optimized with the Yoast SEO Premium plugin v24.2 (Yoast SEO v26.9) - https:\/\/yoast.com\/product\/yoast-seo-premium-wordpress\/ -->\n<title>Comentarista critica fase de Gabigol no Flamengo: &#039;Parou em 2019&#039;<\/title>\n<meta name=\"description\" content=\"Com marcou um gol nos \u00faltimos seis jogos e foi substitu\u00eddo em todos os jogos que come\u00e7ou como titular com Rog\u00e9rio Ceni.\" \/>\n<meta name=\"robots\" content=\"index, follow, max-snippet:-1, max-image-preview:large, max-video-preview:-1\" \/>\n<link rel=\"canonical\" href=\"https:\/\/www.gaveanews.com\/index.php\/2021\/01\/26\/comentarista-critica-fase-de-gabigol-no-flamengo-parou-em-2019\/\" \/>\n<meta property=\"og:locale\" content=\"pt_BR\" \/>\n<meta property=\"og:type\" content=\"article\" \/>\n<meta property=\"og:title\" content=\"Comentarista critica fase de Gabigol no Flamengo: &#039;Parou em 2019&#039;\" \/>\n<meta property=\"og:description\" content=\"Com marcou um gol nos \u00faltimos seis jogos e foi substitu\u00eddo em todos os jogos que come\u00e7ou como titular com Rog\u00e9rio Ceni.\" \/>\n<meta property=\"og:url\" content=\"https:\/\/www.gaveanews.com\/index.php\/2021\/01\/26\/comentarista-critica-fase-de-gabigol-no-flamengo-parou-em-2019\/\" \/>\n<meta property=\"og:site_name\" content=\"G\u00e1vea News\" \/>\n<meta property=\"article:publisher\" content=\"https:\/\/facebook.com\/gaveaNews\/\" \/>\n<meta property=\"article:published_time\" content=\"2021-01-26T14:06:04+00:00\" \/>\n<meta property=\"article:modified_time\" content=\"2021-01-26T14:06:10+00:00\" \/>\n<meta property=\"og:image\" content=\"https:\/\/www.gaveanews.com\/wp-content\/uploads\/Gabigol-passando-instrucoes-para-Rogerio-Ceni-em-jogo-do-Flamengo.webp\" \/>\n\t<meta property=\"og:image:width\" content=\"768\" \/>\n\t<meta property=\"og:image:height\" content=\"423\" \/>\n\t<meta property=\"og:image:type\" content=\"image\/jpeg\" \/>\n<meta name=\"author\" content=\"Equipe G\u00e1vea News\" \/>\n<meta name=\"twitter:card\" content=\"summary_large_image\" \/>\n<meta name=\"twitter:label1\" content=\"Escrito por\" \/>\n\t<meta name=\"twitter:data1\" content=\"Equipe G\u00e1vea News\" \/>\n\t<meta name=\"twitter:label2\" content=\"Est. tempo de leitura\" \/>\n\t<meta name=\"twitter:data2\" content=\"1 minuto\" \/>\n<script type=\"application\/ld+json\" class=\"yoast-schema-graph\">{\"@context\":\"https:\/\/schema.org\",\"@graph\":[{\"@type\":\"NewsArticle\",\"@id\":\"https:\/\/www.gaveanews.com\/index.php\/2021\/01\/26\/comentarista-critica-fase-de-gabigol-no-flamengo-parou-em-2019\/#article\",\"isPartOf\":{\"@id\":\"https:\/\/www.gaveanews.com\/index.php\/2021\/01\/26\/comentarista-critica-fase-de-gabigol-no-flamengo-parou-em-2019\/\"},\"author\":{\"name\":\"Equipe G\u00e1vea News\",\"@id\":\"https:\/\/www.gaveanews.com\/#\/schema\/person\/2ec14f73fb96be2caf28f91afb14749d\"},\"headline\":\"Comentarista critica fase de Gabigol no Flamengo: &#8216;Parou em 2019&#8217;\",\"datePublished\":\"2021-01-26T14:06:04+00:00\",\"dateModified\":\"2021-01-26T14:06:10+00:00\",\"mainEntityOfPage\":{\"@id\":\"https:\/\/www.gaveanews.com\/index.php\/2021\/01\/26\/comentarista-critica-fase-de-gabigol-no-flamengo-parou-em-2019\/\"},\"wordCount\":222,\"commentCount\":14,\"image\":{\"@id\":\"https:\/\/www.gaveanews.com\/index.php\/2021\/01\/26\/comentarista-critica-fase-de-gabigol-no-flamengo-parou-em-2019\/#primaryimage\"},\"thumbnailUrl\":\"https:\/\/www.gaveanews.com\/wp-content\/uploads\/Gabigol-passando-instrucoes-para-Rogerio-Ceni-em-jogo-do-Flamengo.webp\",\"articleSection\":[\"Flamengo\"],\"inLanguage\":\"pt-BR\",\"potentialAction\":[{\"@type\":\"CommentAction\",\"name\":\"Comment\",\"target\":[\"https:\/\/www.gaveanews.com\/index.php\/2021\/01\/26\/comentarista-critica-fase-de-gabigol-no-flamengo-parou-em-2019\/#respond\"]}],\"copyrightYear\":\"2021\",\"copyrightHolder\":{\"@id\":\"https:\/\/www.gaveanews.com\/#organization\"}},{\"@type\":\"WebPage\",\"@id\":\"https:\/\/www.gaveanews.com\/index.php\/2021\/01\/26\/comentarista-critica-fase-de-gabigol-no-flamengo-parou-em-2019\/\",\"url\":\"https:\/\/www.gaveanews.com\/index.php\/2021\/01\/26\/comentarista-critica-fase-de-gabigol-no-flamengo-parou-em-2019\/\",\"name\":\"Comentarista critica fase de Gabigol no Flamengo: 'Parou em 2019'\",\"isPartOf\":{\"@id\":\"https:\/\/www.gaveanews.com\/#website\"},\"primaryImageOfPage\":{\"@id\":\"https:\/\/www.gaveanews.com\/index.php\/2021\/01\/26\/comentarista-critica-fase-de-gabigol-no-flamengo-parou-em-2019\/#primaryimage\"},\"image\":{\"@id\":\"https:\/\/www.gaveanews.com\/index.php\/2021\/01\/26\/comentarista-critica-fase-de-gabigol-no-flamengo-parou-em-2019\/#primaryimage\"},\"thumbnailUrl\":\"https:\/\/www.gaveanews.com\/wp-content\/uploads\/Gabigol-passando-instrucoes-para-Rogerio-Ceni-em-jogo-do-Flamengo.webp\",\"datePublished\":\"2021-01-26T14:06:04+00:00\",\"dateModified\":\"2021-01-26T14:06:10+00:00\",\"author\":{\"@id\":\"https:\/\/www.gaveanews.com\/#\/schema\/person\/2ec14f73fb96be2caf28f91afb14749d\"},\"description\":\"Com marcou um gol nos \u00faltimos seis jogos e foi substitu\u00eddo em todos os jogos que come\u00e7ou como titular com Rog\u00e9rio Ceni.\",\"breadcrumb\":{\"@id\":\"https:\/\/www.gaveanews.com\/index.php\/2021\/01\/26\/comentarista-critica-fase-de-gabigol-no-flamengo-parou-em-2019\/#breadcrumb\"},\"inLanguage\":\"pt-BR\",\"potentialAction\":[{\"@type\":\"ReadAction\",\"target\":[\"https:\/\/www.gaveanews.com\/index.php\/2021\/01\/26\/comentarista-critica-fase-de-gabigol-no-flamengo-parou-em-2019\/\"]}]},{\"@type\":\"ImageObject\",\"inLanguage\":\"pt-BR\",\"@id\":\"https:\/\/www.gaveanews.com\/index.php\/2021\/01\/26\/comentarista-critica-fase-de-gabigol-no-flamengo-parou-em-2019\/#primaryimage\",\"url\":\"https:\/\/www.gaveanews.com\/wp-content\/uploads\/Gabigol-passando-instrucoes-para-Rogerio-Ceni-em-jogo-do-Flamengo.webp\",\"contentUrl\":\"https:\/\/www.gaveanews.com\/wp-content\/uploads\/Gabigol-passando-instrucoes-para-Rogerio-Ceni-em-jogo-do-Flamengo.webp\",\"width\":768,\"height\":423,\"caption\":\"Gabigol passando instru\u00e7\u00f5es para Rog\u00e9rio Ceni em jogo do Flamengo (Foto:Reprodu\u00e7\u00e3o)\"},{\"@type\":\"BreadcrumbList\",\"@id\":\"https:\/\/www.gaveanews.com\/index.php\/2021\/01\/26\/comentarista-critica-fase-de-gabigol-no-flamengo-parou-em-2019\/#breadcrumb\",\"itemListElement\":[{\"@type\":\"ListItem\",\"position\":1,\"name\":\"Home\",\"item\":\"https:\/\/www.gaveanews.com\/\"},{\"@type\":\"ListItem\",\"position\":2,\"name\":\"Comentarista critica fase de Gabigol no Flamengo: &#8216;Parou em 2019&#8217;\"}]},{\"@type\":\"WebSite\",\"@id\":\"https:\/\/www.gaveanews.com\/#website\",\"url\":\"https:\/\/www.gaveanews.com\/\",\"name\":\"G\u00e1vea News\",\"description\":\"Veja todas as not\u00edcias sobre o Flamengo: Contrata\u00e7\u00f5es, categorias de base, resultados das partidas, tabela de classifica\u00e7\u00e3o, pr\u00f3ximos jogos!\",\"potentialAction\":[{\"@type\":\"SearchAction\",\"target\":{\"@type\":\"EntryPoint\",\"urlTemplate\":\"https:\/\/www.gaveanews.com\/?s={search_term_string}\"},\"query-input\":{\"@type\":\"PropertyValueSpecification\",\"valueRequired\":true,\"valueName\":\"search_term_string\"}}],\"inLanguage\":\"pt-BR\"},{\"@type\":\"Person\",\"@id\":\"https:\/\/www.gaveanews.com\/#\/schema\/person\/2ec14f73fb96be2caf28f91afb14749d\",\"name\":\"Equipe G\u00e1vea News\",\"image\":{\"@type\":\"ImageObject\",\"inLanguage\":\"pt-BR\",\"@id\":\"https:\/\/www.gaveanews.com\/#\/schema\/person\/image\/\",\"url\":\"https:\/\/secure.gravatar.com\/avatar\/1e1956f1facbffd3f8fa53a326721950116b3b9dc9bd44939c01180fd4a745a9?s=96&d=mm&r=g\",\"contentUrl\":\"https:\/\/secure.gravatar.com\/avatar\/1e1956f1facbffd3f8fa53a326721950116b3b9dc9bd44939c01180fd4a745a9?s=96&d=mm&r=g\",\"caption\":\"Equipe G\u00e1vea News\"}}]}<\/script>\n<!-- \/ Yoast SEO Premium plugin. -->","yoast_head_json":{"title":"Comentarista critica fase de Gabigol no Flamengo: 'Parou em 2019'","description":"Com marcou um gol nos \u00faltimos seis jogos e foi substitu\u00eddo em todos os jogos que come\u00e7ou como titular com Rog\u00e9rio Ceni.","robots":{"index":"index","follow":"follow","max-snippet":"max-snippet:-1","max-image-preview":"max-image-preview:large","max-video-preview":"max-video-preview:-1"},"canonical":"https:\/\/www.gaveanews.com\/index.php\/2021\/01\/26\/comentarista-critica-fase-de-gabigol-no-flamengo-parou-em-2019\/","og_locale":"pt_BR","og_type":"article","og_title":"Comentarista critica fase de Gabigol no Flamengo: 'Parou em 2019'","og_description":"Com marcou um gol nos \u00faltimos seis jogos e foi substitu\u00eddo em todos os jogos que come\u00e7ou como titular com Rog\u00e9rio Ceni.","og_url":"https:\/\/www.gaveanews.com\/index.php\/2021\/01\/26\/comentarista-critica-fase-de-gabigol-no-flamengo-parou-em-2019\/","og_site_name":"G\u00e1vea News","article_publisher":"https:\/\/facebook.com\/gaveaNews\/","article_published_time":"2021-01-26T14:06:04+00:00","article_modified_time":"2021-01-26T14:06:10+00:00","og_image":[{"width":768,"height":423,"url":"https:\/\/www.gaveanews.com\/wp-content\/uploads\/Gabigol-passando-instrucoes-para-Rogerio-Ceni-em-jogo-do-Flamengo.webp","type":"image\/jpeg"}],"author":"Equipe G\u00e1vea News","twitter_card":"summary_large_image","twitter_misc":{"Escrito por":"Equipe G\u00e1vea News","Est. tempo de leitura":"1 minuto"},"schema":{"@context":"https:\/\/schema.org","@graph":[{"@type":"NewsArticle","@id":"https:\/\/www.gaveanews.com\/index.php\/2021\/01\/26\/comentarista-critica-fase-de-gabigol-no-flamengo-parou-em-2019\/#article","isPartOf":{"@id":"https:\/\/www.gaveanews.com\/index.php\/2021\/01\/26\/comentarista-critica-fase-de-gabigol-no-flamengo-parou-em-2019\/"},"author":{"name":"Equipe G\u00e1vea News","@id":"https:\/\/www.gaveanews.com\/#\/schema\/person\/2ec14f73fb96be2caf28f91afb14749d"},"headline":"Comentarista critica fase de Gabigol no Flamengo: &#8216;Parou em 2019&#8217;","datePublished":"2021-01-26T14:06:04+00:00","dateModified":"2021-01-26T14:06:10+00:00","mainEntityOfPage":{"@id":"https:\/\/www.gaveanews.com\/index.php\/2021\/01\/26\/comentarista-critica-fase-de-gabigol-no-flamengo-parou-em-2019\/"},"wordCount":222,"commentCount":14,"image":{"@id":"https:\/\/www.gaveanews.com\/index.php\/2021\/01\/26\/comentarista-critica-fase-de-gabigol-no-flamengo-parou-em-2019\/#primaryimage"},"thumbnailUrl":"https:\/\/www.gaveanews.com\/wp-content\/uploads\/Gabigol-passando-instrucoes-para-Rogerio-Ceni-em-jogo-do-Flamengo.webp","articleSection":["Flamengo"],"inLanguage":"pt-BR","potentialAction":[{"@type":"CommentAction","name":"Comment","target":["https:\/\/www.gaveanews.com\/index.php\/2021\/01\/26\/comentarista-critica-fase-de-gabigol-no-flamengo-parou-em-2019\/#respond"]}],"copyrightYear":"2021","copyrightHolder":{"@id":"https:\/\/www.gaveanews.com\/#organization"}},{"@type":"WebPage","@id":"https:\/\/www.gaveanews.com\/index.php\/2021\/01\/26\/comentarista-critica-fase-de-gabigol-no-flamengo-parou-em-2019\/","url":"https:\/\/www.gaveanews.com\/index.php\/2021\/01\/26\/comentarista-critica-fase-de-gabigol-no-flamengo-parou-em-2019\/","name":"Comentarista critica fase de Gabigol no Flamengo: 'Parou em 2019'","isPartOf":{"@id":"https:\/\/www.gaveanews.com\/#website"},"primaryImageOfPage":{"@id":"https:\/\/www.gaveanews.com\/index.php\/2021\/01\/26\/comentarista-critica-fase-de-gabigol-no-flamengo-parou-em-2019\/#primaryimage"},"image":{"@id":"https:\/\/www.gaveanews.com\/index.php\/2021\/01\/26\/comentarista-critica-fase-de-gabigol-no-flamengo-parou-em-2019\/#primaryimage"},"thumbnailUrl":"https:\/\/www.gaveanews.com\/wp-content\/uploads\/Gabigol-passando-instrucoes-para-Rogerio-Ceni-em-jogo-do-Flamengo.webp","datePublished":"2021-01-26T14:06:04+00:00","dateModified":"2021-01-26T14:06:10+00:00","author":{"@id":"https:\/\/www.gaveanews.com\/#\/schema\/person\/2ec14f73fb96be2caf28f91afb14749d"},"description":"Com marcou um gol nos \u00faltimos seis jogos e foi substitu\u00eddo em todos os jogos que come\u00e7ou como titular com Rog\u00e9rio Ceni.","breadcrumb":{"@id":"https:\/\/www.gaveanews.com\/index.php\/2021\/01\/26\/comentarista-critica-fase-de-gabigol-no-flamengo-parou-em-2019\/#breadcrumb"},"inLanguage":"pt-BR","potentialAction":[{"@type":"ReadAction","target":["https:\/\/www.gaveanews.com\/index.php\/2021\/01\/26\/comentarista-critica-fase-de-gabigol-no-flamengo-parou-em-2019\/"]}]},{"@type":"ImageObject","inLanguage":"pt-BR","@id":"https:\/\/www.gaveanews.com\/index.php\/2021\/01\/26\/comentarista-critica-fase-de-gabigol-no-flamengo-parou-em-2019\/#primaryimage","url":"https:\/\/www.gaveanews.com\/wp-content\/uploads\/Gabigol-passando-instrucoes-para-Rogerio-Ceni-em-jogo-do-Flamengo.webp","contentUrl":"https:\/\/www.gaveanews.com\/wp-content\/uploads\/Gabigol-passando-instrucoes-para-Rogerio-Ceni-em-jogo-do-Flamengo.webp","width":768,"height":423,"caption":"Gabigol passando instru\u00e7\u00f5es para Rog\u00e9rio Ceni em jogo do Flamengo (Foto:Reprodu\u00e7\u00e3o)"},{"@type":"BreadcrumbList","@id":"https:\/\/www.gaveanews.com\/index.php\/2021\/01\/26\/comentarista-critica-fase-de-gabigol-no-flamengo-parou-em-2019\/#breadcrumb","itemListElement":[{"@type":"ListItem","position":1,"name":"Home","item":"https:\/\/www.gaveanews.com\/"},{"@type":"ListItem","position":2,"name":"Comentarista critica fase de Gabigol no Flamengo: &#8216;Parou em 2019&#8217;"}]},{"@type":"WebSite","@id":"https:\/\/www.gaveanews.com\/#website","url":"https:\/\/www.gaveanews.com\/","name":"G\u00e1vea News","description":"Veja todas as not\u00edcias sobre o Flamengo: Contrata\u00e7\u00f5es, categorias de base, resultados das partidas, tabela de classifica\u00e7\u00e3o, pr\u00f3ximos jogos!","potentialAction":[{"@type":"SearchAction","target":{"@type":"EntryPoint","urlTemplate":"https:\/\/www.gaveanews.com\/?s={search_term_string}"},"query-input":{"@type":"PropertyValueSpecification","valueRequired":true,"valueName":"search_term_string"}}],"inLanguage":"pt-BR"},{"@type":"Person","@id":"https:\/\/www.gaveanews.com\/#\/schema\/person\/2ec14f73fb96be2caf28f91afb14749d","name":"Equipe G\u00e1vea News","image":{"@type":"ImageObject","inLanguage":"pt-BR","@id":"https:\/\/www.gaveanews.com\/#\/schema\/person\/image\/","url":"https:\/\/secure.gravatar.com\/avatar\/1e1956f1facbffd3f8fa53a326721950116b3b9dc9bd44939c01180fd4a745a9?s=96&d=mm&r=g","contentUrl":"https:\/\/secure.gravatar.com\/avatar\/1e1956f1facbffd3f8fa53a326721950116b3b9dc9bd44939c01180fd4a745a9?s=96&d=mm&r=g","caption":"Equipe G\u00e1vea News"}}]}},"_links":{"self":[{"href":"https:\/\/www.gaveanews.com\/index.php\/wp-json\/wp\/v2\/posts\/55319","targetHints":{"allow":["GET"]}}],"collection":[{"href":"https:\/\/www.gaveanews.com\/index.php\/wp-json\/wp\/v2\/posts"}],"about":[{"href":"https:\/\/www.gaveanews.com\/index.php\/wp-json\/wp\/v2\/types\/post"}],"author":[{"embeddable":true,"href":"https:\/\/www.gaveanews.com\/index.php\/wp-json\/wp\/v2\/users\/1"}],"replies":[{"embeddable":true,"href":"https:\/\/www.gaveanews.com\/index.php\/wp-json\/wp\/v2\/comments?post=55319"}],"version-history":[{"count":0,"href":"https:\/\/www.gaveanews.com\/index.php\/wp-json\/wp\/v2\/posts\/55319\/revisions"}],"wp:featuredmedia":[{"embeddable":true,"href":"https:\/\/www.gaveanews.com\/index.php\/wp-json\/wp\/v2\/media\/54648"}],"wp:attachment":[{"href":"https:\/\/www.gaveanews.com\/index.php\/wp-json\/wp\/v2\/media?parent=55319"}],"wp:term":[{"taxonomy":"category","embeddable":true,"href":"https:\/\/www.gaveanews.com\/index.php\/wp-json\/wp\/v2\/categories?post=55319"},{"taxonomy":"post_tag","embeddable":true,"href":"https:\/\/www.gaveanews.com\/index.php\/wp-json\/wp\/v2\/tags?post=55319"}],"curies":[{"name":"wp","href":"https:\/\/api.w.org\/{rel}","templated":true}]}}