{"id":55332,"date":"2021-01-26T17:44:13","date_gmt":"2021-01-26T20:44:13","guid":{"rendered":"https:\/\/www.gaveanews.com\/?p=55332"},"modified":"2021-08-12T00:49:46","modified_gmt":"2021-08-12T03:49:46","slug":"flamengo-encaminha-venda-de-yuri-cesar-para-o-al-shabab","status":"publish","type":"post","link":"https:\/\/www.gaveanews.com\/index.php\/2021\/01\/26\/flamengo-encaminha-venda-de-yuri-cesar-para-o-al-shabab\/","title":{"rendered":"Flamengo encaminha venda de Yuri C\u00e9sar para o Al Shabab"},"content":{"rendered":"\n<p>O atacante Yuri C\u00e9sar, que pertence ao Flamengo, j\u00e1 deixou o estado do Cear\u00e1. O jovem rescindiu contrato com o Fortaleza e rumar\u00e1 aos Emirados \u00c1rabes em breve.<\/p>\n\n\n\n<p>A decis\u00e3o do Mais Querido de negociar o garoto da base render\u00e1 6 milh\u00f5es de d\u00f3lares (32 milh\u00f5es de reais) aos cofres rubro-negros. Desta forma, o time carioca manter\u00e1 20% dos direitos do atleta, com contrato de cinco anos com o clube \u00e1rabe.\u00a0A multa rescis\u00f3ria era de de 70 milh\u00f5es de euros, com ajuste salarial, o que agradou o atleta.<\/p>\n\n\n\n<p>Sobre a parceria do Flamengo com o clube cearense, o presidente do Fortaleza afirmou:<\/p>\n\n\n\n<p><em><strong>&#8220;Com o Flamengo, a gente abriu uma parceria muito interessante (\u2026) e por conta dessa abertura foram passados outros nomes, inclusive o do Hugo (Moura). S\u00f3 que a gente tem que entender o que quer. O Hugo \u00e9 um volante que atua como primeiro ou segundo e nesse perfil a gente j\u00e1 tem o Luiz Henrique, que \u00e9 um jogador proveniente da categoria de base, h\u00e1 pouco estava no sub-20 do Flamengo e tem esse perfil de proje\u00e7\u00e3o. N\u00e3o sei se na atual situa\u00e7\u00e3o seria interessante trazer um jogador no mesmo perfil que voc\u00ea j\u00e1 tem.&#8221;&nbsp;<\/strong><\/em><\/p>\n\n\n\n<p>Na transi\u00e7\u00e3o, o Fortaleza receber\u00e1 750 mil de reais por ter sido o clube de vitrine. Yuri C\u00e9sar foi emprestado ao time nordestino em 2020, onde somou &nbsp;39 jogos e 5 gols marcados. Pela equipe da G\u00e1vea, o jovem atuou por 6 anos, participando de 89 partidas e balan\u00e7ando as redes advers\u00e1rias 26 vezes.<\/p>\n","protected":false},"excerpt":{"rendered":"<p>O atacante Yuri C\u00e9sar, que pertence ao Flamengo, j\u00e1 deixou o estado do Cear\u00e1. O jovem rescindiu contrato com o Fortaleza e rumar\u00e1 aos Emirados \u00c1rabes em breve. A decis\u00e3o do Mais Querido de negociar o garoto da base render\u00e1 6 milh\u00f5es de d\u00f3lares (32 milh\u00f5es de reais) aos cofres rubro-negros. Desta forma, o time [&hellip;]<\/p>\n","protected":false},"author":4,"featured_media":43769,"comment_status":"open","ping_status":"closed","sticky":false,"template":"","format":"standard","meta":{"footnotes":""},"categories":[48],"tags":[],"class_list":["post-55332","post","type-post","status-publish","format-standard","has-post-thumbnail","hentry","category-negociacoes"],"yoast_head":"<!-- This site is optimized with the Yoast SEO Premium plugin v24.2 (Yoast SEO v26.9) - https:\/\/yoast.com\/product\/yoast-seo-premium-wordpress\/ -->\n<title>Flamengo encaminha venda de Yuri C\u00e9sar para o Al Shabab<\/title>\n<meta name=\"description\" content=\"O atacante, que pertence ao Flamengo, j\u00e1 deixou o Fortaleza. O jovem rescindiu contrato com o Fortaleza e rumar\u00e1 aos Emirados \u00c1rabes em breve\" \/>\n<meta name=\"robots\" content=\"index, follow, max-snippet:-1, max-image-preview:large, max-video-preview:-1\" \/>\n<link rel=\"canonical\" href=\"https:\/\/www.gaveanews.com\/index.php\/2021\/01\/26\/flamengo-encaminha-venda-de-yuri-cesar-para-o-al-shabab\/\" \/>\n<meta property=\"og:locale\" content=\"pt_BR\" \/>\n<meta property=\"og:type\" content=\"article\" \/>\n<meta property=\"og:title\" content=\"Flamengo encaminha venda de Yuri C\u00e9sar para o Al Shabab\" \/>\n<meta property=\"og:description\" content=\"O atacante, que pertence ao Flamengo, j\u00e1 deixou o Fortaleza. O jovem rescindiu contrato com o Fortaleza e rumar\u00e1 aos Emirados \u00c1rabes em breve\" \/>\n<meta property=\"og:url\" content=\"https:\/\/www.gaveanews.com\/index.php\/2021\/01\/26\/flamengo-encaminha-venda-de-yuri-cesar-para-o-al-shabab\/\" \/>\n<meta property=\"og:site_name\" content=\"G\u00e1vea News\" \/>\n<meta property=\"article:publisher\" content=\"https:\/\/facebook.com\/gaveaNews\/\" \/>\n<meta property=\"article:published_time\" content=\"2021-01-26T20:44:13+00:00\" \/>\n<meta property=\"article:modified_time\" content=\"2021-08-12T03:49:46+00:00\" \/>\n<meta property=\"og:image\" content=\"https:\/\/www.gaveanews.com\/wp-content\/uploads\/Yuri-Cesar-posa-para-foto-com-a-taca-do-Campeonato-Carioca.webp\" \/>\n\t<meta property=\"og:image:width\" content=\"1\" \/>\n\t<meta property=\"og:image:height\" content=\"1\" \/>\n\t<meta property=\"og:image:type\" content=\"image\/jpeg\" \/>\n<meta name=\"author\" content=\"Let\u00edcia Gerheim\" \/>\n<meta name=\"twitter:card\" content=\"summary_large_image\" \/>\n<meta name=\"twitter:label1\" content=\"Escrito por\" \/>\n\t<meta name=\"twitter:data1\" content=\"Let\u00edcia Gerheim\" \/>\n\t<meta name=\"twitter:label2\" content=\"Est. tempo de leitura\" \/>\n\t<meta name=\"twitter:data2\" content=\"1 minuto\" \/>\n<script type=\"application\/ld+json\" class=\"yoast-schema-graph\">{\"@context\":\"https:\/\/schema.org\",\"@graph\":[{\"@type\":\"NewsArticle\",\"@id\":\"https:\/\/www.gaveanews.com\/index.php\/2021\/01\/26\/flamengo-encaminha-venda-de-yuri-cesar-para-o-al-shabab\/#article\",\"isPartOf\":{\"@id\":\"https:\/\/www.gaveanews.com\/index.php\/2021\/01\/26\/flamengo-encaminha-venda-de-yuri-cesar-para-o-al-shabab\/\"},\"author\":{\"name\":\"Let\u00edcia Gerheim\",\"@id\":\"https:\/\/www.gaveanews.com\/#\/schema\/person\/714c67050b836198af2450ba1c142a67\"},\"headline\":\"Flamengo encaminha venda de Yuri C\u00e9sar para o Al Shabab\",\"datePublished\":\"2021-01-26T20:44:13+00:00\",\"dateModified\":\"2021-08-12T03:49:46+00:00\",\"mainEntityOfPage\":{\"@id\":\"https:\/\/www.gaveanews.com\/index.php\/2021\/01\/26\/flamengo-encaminha-venda-de-yuri-cesar-para-o-al-shabab\/\"},\"wordCount\":267,\"commentCount\":27,\"image\":{\"@id\":\"https:\/\/www.gaveanews.com\/index.php\/2021\/01\/26\/flamengo-encaminha-venda-de-yuri-cesar-para-o-al-shabab\/#primaryimage\"},\"thumbnailUrl\":\"https:\/\/www.gaveanews.com\/wp-content\/uploads\/Yuri-Cesar-posa-para-foto-com-a-taca-do-Campeonato-Carioca.webp\",\"articleSection\":[\"Negocia\u00e7\u00f5es\"],\"inLanguage\":\"pt-BR\",\"potentialAction\":[{\"@type\":\"CommentAction\",\"name\":\"Comment\",\"target\":[\"https:\/\/www.gaveanews.com\/index.php\/2021\/01\/26\/flamengo-encaminha-venda-de-yuri-cesar-para-o-al-shabab\/#respond\"]}],\"copyrightYear\":\"2021\",\"copyrightHolder\":{\"@id\":\"https:\/\/www.gaveanews.com\/#organization\"}},{\"@type\":\"WebPage\",\"@id\":\"https:\/\/www.gaveanews.com\/index.php\/2021\/01\/26\/flamengo-encaminha-venda-de-yuri-cesar-para-o-al-shabab\/\",\"url\":\"https:\/\/www.gaveanews.com\/index.php\/2021\/01\/26\/flamengo-encaminha-venda-de-yuri-cesar-para-o-al-shabab\/\",\"name\":\"Flamengo encaminha venda de Yuri C\u00e9sar para o Al Shabab\",\"isPartOf\":{\"@id\":\"https:\/\/www.gaveanews.com\/#website\"},\"primaryImageOfPage\":{\"@id\":\"https:\/\/www.gaveanews.com\/index.php\/2021\/01\/26\/flamengo-encaminha-venda-de-yuri-cesar-para-o-al-shabab\/#primaryimage\"},\"image\":{\"@id\":\"https:\/\/www.gaveanews.com\/index.php\/2021\/01\/26\/flamengo-encaminha-venda-de-yuri-cesar-para-o-al-shabab\/#primaryimage\"},\"thumbnailUrl\":\"https:\/\/www.gaveanews.com\/wp-content\/uploads\/Yuri-Cesar-posa-para-foto-com-a-taca-do-Campeonato-Carioca.webp\",\"datePublished\":\"2021-01-26T20:44:13+00:00\",\"dateModified\":\"2021-08-12T03:49:46+00:00\",\"author\":{\"@id\":\"https:\/\/www.gaveanews.com\/#\/schema\/person\/714c67050b836198af2450ba1c142a67\"},\"description\":\"O atacante, que pertence ao Flamengo, j\u00e1 deixou o Fortaleza. O jovem rescindiu contrato com o Fortaleza e rumar\u00e1 aos Emirados \u00c1rabes em breve\",\"breadcrumb\":{\"@id\":\"https:\/\/www.gaveanews.com\/index.php\/2021\/01\/26\/flamengo-encaminha-venda-de-yuri-cesar-para-o-al-shabab\/#breadcrumb\"},\"inLanguage\":\"pt-BR\",\"potentialAction\":[{\"@type\":\"ReadAction\",\"target\":[\"https:\/\/www.gaveanews.com\/index.php\/2021\/01\/26\/flamengo-encaminha-venda-de-yuri-cesar-para-o-al-shabab\/\"]}]},{\"@type\":\"ImageObject\",\"inLanguage\":\"pt-BR\",\"@id\":\"https:\/\/www.gaveanews.com\/index.php\/2021\/01\/26\/flamengo-encaminha-venda-de-yuri-cesar-para-o-al-shabab\/#primaryimage\",\"url\":\"https:\/\/www.gaveanews.com\/wp-content\/uploads\/Yuri-Cesar-posa-para-foto-com-a-taca-do-Campeonato-Carioca.webp\",\"contentUrl\":\"https:\/\/www.gaveanews.com\/wp-content\/uploads\/Yuri-Cesar-posa-para-foto-com-a-taca-do-Campeonato-Carioca.webp\",\"caption\":\"Yuri C\u00e9sar posa para foto com a ta\u00e7a do Campeonato Carioca (Foto: Reprodu\u00e7\u00e3o\/Instagram)\"},{\"@type\":\"BreadcrumbList\",\"@id\":\"https:\/\/www.gaveanews.com\/index.php\/2021\/01\/26\/flamengo-encaminha-venda-de-yuri-cesar-para-o-al-shabab\/#breadcrumb\",\"itemListElement\":[{\"@type\":\"ListItem\",\"position\":1,\"name\":\"Home\",\"item\":\"https:\/\/www.gaveanews.com\/\"},{\"@type\":\"ListItem\",\"position\":2,\"name\":\"Flamengo encaminha venda de Yuri C\u00e9sar para o Al Shabab\"}]},{\"@type\":\"WebSite\",\"@id\":\"https:\/\/www.gaveanews.com\/#website\",\"url\":\"https:\/\/www.gaveanews.com\/\",\"name\":\"G\u00e1vea News\",\"description\":\"Veja todas as not\u00edcias sobre o Flamengo: Contrata\u00e7\u00f5es, categorias de base, resultados das partidas, tabela de classifica\u00e7\u00e3o, pr\u00f3ximos jogos!\",\"potentialAction\":[{\"@type\":\"SearchAction\",\"target\":{\"@type\":\"EntryPoint\",\"urlTemplate\":\"https:\/\/www.gaveanews.com\/?s={search_term_string}\"},\"query-input\":{\"@type\":\"PropertyValueSpecification\",\"valueRequired\":true,\"valueName\":\"search_term_string\"}}],\"inLanguage\":\"pt-BR\"},{\"@type\":\"Person\",\"@id\":\"https:\/\/www.gaveanews.com\/#\/schema\/person\/714c67050b836198af2450ba1c142a67\",\"name\":\"Let\u00edcia Gerheim\",\"image\":{\"@type\":\"ImageObject\",\"inLanguage\":\"pt-BR\",\"@id\":\"https:\/\/www.gaveanews.com\/#\/schema\/person\/image\/\",\"url\":\"https:\/\/secure.gravatar.com\/avatar\/60734739c50fcebfbac509e2a826ccd0ff405c019bc73aab9354f19ecad1dcb4?s=96&d=mm&r=g\",\"contentUrl\":\"https:\/\/secure.gravatar.com\/avatar\/60734739c50fcebfbac509e2a826ccd0ff405c019bc73aab9354f19ecad1dcb4?s=96&d=mm&r=g\",\"caption\":\"Let\u00edcia Gerheim\"}}]}<\/script>\n<!-- \/ Yoast SEO Premium plugin. -->","yoast_head_json":{"title":"Flamengo encaminha venda de Yuri C\u00e9sar para o Al Shabab","description":"O atacante, que pertence ao Flamengo, j\u00e1 deixou o Fortaleza. O jovem rescindiu contrato com o Fortaleza e rumar\u00e1 aos Emirados \u00c1rabes em breve","robots":{"index":"index","follow":"follow","max-snippet":"max-snippet:-1","max-image-preview":"max-image-preview:large","max-video-preview":"max-video-preview:-1"},"canonical":"https:\/\/www.gaveanews.com\/index.php\/2021\/01\/26\/flamengo-encaminha-venda-de-yuri-cesar-para-o-al-shabab\/","og_locale":"pt_BR","og_type":"article","og_title":"Flamengo encaminha venda de Yuri C\u00e9sar para o Al Shabab","og_description":"O atacante, que pertence ao Flamengo, j\u00e1 deixou o Fortaleza. O jovem rescindiu contrato com o Fortaleza e rumar\u00e1 aos Emirados \u00c1rabes em breve","og_url":"https:\/\/www.gaveanews.com\/index.php\/2021\/01\/26\/flamengo-encaminha-venda-de-yuri-cesar-para-o-al-shabab\/","og_site_name":"G\u00e1vea News","article_publisher":"https:\/\/facebook.com\/gaveaNews\/","article_published_time":"2021-01-26T20:44:13+00:00","article_modified_time":"2021-08-12T03:49:46+00:00","og_image":[{"url":"https:\/\/www.gaveanews.com\/wp-content\/uploads\/Yuri-Cesar-posa-para-foto-com-a-taca-do-Campeonato-Carioca.webp","width":1,"height":1,"type":"image\/jpeg"}],"author":"Let\u00edcia Gerheim","twitter_card":"summary_large_image","twitter_misc":{"Escrito por":"Let\u00edcia Gerheim","Est. tempo de leitura":"1 minuto"},"schema":{"@context":"https:\/\/schema.org","@graph":[{"@type":"NewsArticle","@id":"https:\/\/www.gaveanews.com\/index.php\/2021\/01\/26\/flamengo-encaminha-venda-de-yuri-cesar-para-o-al-shabab\/#article","isPartOf":{"@id":"https:\/\/www.gaveanews.com\/index.php\/2021\/01\/26\/flamengo-encaminha-venda-de-yuri-cesar-para-o-al-shabab\/"},"author":{"name":"Let\u00edcia Gerheim","@id":"https:\/\/www.gaveanews.com\/#\/schema\/person\/714c67050b836198af2450ba1c142a67"},"headline":"Flamengo encaminha venda de Yuri C\u00e9sar para o Al Shabab","datePublished":"2021-01-26T20:44:13+00:00","dateModified":"2021-08-12T03:49:46+00:00","mainEntityOfPage":{"@id":"https:\/\/www.gaveanews.com\/index.php\/2021\/01\/26\/flamengo-encaminha-venda-de-yuri-cesar-para-o-al-shabab\/"},"wordCount":267,"commentCount":27,"image":{"@id":"https:\/\/www.gaveanews.com\/index.php\/2021\/01\/26\/flamengo-encaminha-venda-de-yuri-cesar-para-o-al-shabab\/#primaryimage"},"thumbnailUrl":"https:\/\/www.gaveanews.com\/wp-content\/uploads\/Yuri-Cesar-posa-para-foto-com-a-taca-do-Campeonato-Carioca.webp","articleSection":["Negocia\u00e7\u00f5es"],"inLanguage":"pt-BR","potentialAction":[{"@type":"CommentAction","name":"Comment","target":["https:\/\/www.gaveanews.com\/index.php\/2021\/01\/26\/flamengo-encaminha-venda-de-yuri-cesar-para-o-al-shabab\/#respond"]}],"copyrightYear":"2021","copyrightHolder":{"@id":"https:\/\/www.gaveanews.com\/#organization"}},{"@type":"WebPage","@id":"https:\/\/www.gaveanews.com\/index.php\/2021\/01\/26\/flamengo-encaminha-venda-de-yuri-cesar-para-o-al-shabab\/","url":"https:\/\/www.gaveanews.com\/index.php\/2021\/01\/26\/flamengo-encaminha-venda-de-yuri-cesar-para-o-al-shabab\/","name":"Flamengo encaminha venda de Yuri C\u00e9sar para o Al Shabab","isPartOf":{"@id":"https:\/\/www.gaveanews.com\/#website"},"primaryImageOfPage":{"@id":"https:\/\/www.gaveanews.com\/index.php\/2021\/01\/26\/flamengo-encaminha-venda-de-yuri-cesar-para-o-al-shabab\/#primaryimage"},"image":{"@id":"https:\/\/www.gaveanews.com\/index.php\/2021\/01\/26\/flamengo-encaminha-venda-de-yuri-cesar-para-o-al-shabab\/#primaryimage"},"thumbnailUrl":"https:\/\/www.gaveanews.com\/wp-content\/uploads\/Yuri-Cesar-posa-para-foto-com-a-taca-do-Campeonato-Carioca.webp","datePublished":"2021-01-26T20:44:13+00:00","dateModified":"2021-08-12T03:49:46+00:00","author":{"@id":"https:\/\/www.gaveanews.com\/#\/schema\/person\/714c67050b836198af2450ba1c142a67"},"description":"O atacante, que pertence ao Flamengo, j\u00e1 deixou o Fortaleza. O jovem rescindiu contrato com o Fortaleza e rumar\u00e1 aos Emirados \u00c1rabes em breve","breadcrumb":{"@id":"https:\/\/www.gaveanews.com\/index.php\/2021\/01\/26\/flamengo-encaminha-venda-de-yuri-cesar-para-o-al-shabab\/#breadcrumb"},"inLanguage":"pt-BR","potentialAction":[{"@type":"ReadAction","target":["https:\/\/www.gaveanews.com\/index.php\/2021\/01\/26\/flamengo-encaminha-venda-de-yuri-cesar-para-o-al-shabab\/"]}]},{"@type":"ImageObject","inLanguage":"pt-BR","@id":"https:\/\/www.gaveanews.com\/index.php\/2021\/01\/26\/flamengo-encaminha-venda-de-yuri-cesar-para-o-al-shabab\/#primaryimage","url":"https:\/\/www.gaveanews.com\/wp-content\/uploads\/Yuri-Cesar-posa-para-foto-com-a-taca-do-Campeonato-Carioca.webp","contentUrl":"https:\/\/www.gaveanews.com\/wp-content\/uploads\/Yuri-Cesar-posa-para-foto-com-a-taca-do-Campeonato-Carioca.webp","caption":"Yuri C\u00e9sar posa para foto com a ta\u00e7a do Campeonato Carioca (Foto: Reprodu\u00e7\u00e3o\/Instagram)"},{"@type":"BreadcrumbList","@id":"https:\/\/www.gaveanews.com\/index.php\/2021\/01\/26\/flamengo-encaminha-venda-de-yuri-cesar-para-o-al-shabab\/#breadcrumb","itemListElement":[{"@type":"ListItem","position":1,"name":"Home","item":"https:\/\/www.gaveanews.com\/"},{"@type":"ListItem","position":2,"name":"Flamengo encaminha venda de Yuri C\u00e9sar para o Al Shabab"}]},{"@type":"WebSite","@id":"https:\/\/www.gaveanews.com\/#website","url":"https:\/\/www.gaveanews.com\/","name":"G\u00e1vea News","description":"Veja todas as not\u00edcias sobre o Flamengo: Contrata\u00e7\u00f5es, categorias de base, resultados das partidas, tabela de classifica\u00e7\u00e3o, pr\u00f3ximos jogos!","potentialAction":[{"@type":"SearchAction","target":{"@type":"EntryPoint","urlTemplate":"https:\/\/www.gaveanews.com\/?s={search_term_string}"},"query-input":{"@type":"PropertyValueSpecification","valueRequired":true,"valueName":"search_term_string"}}],"inLanguage":"pt-BR"},{"@type":"Person","@id":"https:\/\/www.gaveanews.com\/#\/schema\/person\/714c67050b836198af2450ba1c142a67","name":"Let\u00edcia Gerheim","image":{"@type":"ImageObject","inLanguage":"pt-BR","@id":"https:\/\/www.gaveanews.com\/#\/schema\/person\/image\/","url":"https:\/\/secure.gravatar.com\/avatar\/60734739c50fcebfbac509e2a826ccd0ff405c019bc73aab9354f19ecad1dcb4?s=96&d=mm&r=g","contentUrl":"https:\/\/secure.gravatar.com\/avatar\/60734739c50fcebfbac509e2a826ccd0ff405c019bc73aab9354f19ecad1dcb4?s=96&d=mm&r=g","caption":"Let\u00edcia Gerheim"}}]}},"_links":{"self":[{"href":"https:\/\/www.gaveanews.com\/index.php\/wp-json\/wp\/v2\/posts\/55332","targetHints":{"allow":["GET"]}}],"collection":[{"href":"https:\/\/www.gaveanews.com\/index.php\/wp-json\/wp\/v2\/posts"}],"about":[{"href":"https:\/\/www.gaveanews.com\/index.php\/wp-json\/wp\/v2\/types\/post"}],"author":[{"embeddable":true,"href":"https:\/\/www.gaveanews.com\/index.php\/wp-json\/wp\/v2\/users\/4"}],"replies":[{"embeddable":true,"href":"https:\/\/www.gaveanews.com\/index.php\/wp-json\/wp\/v2\/comments?post=55332"}],"version-history":[{"count":0,"href":"https:\/\/www.gaveanews.com\/index.php\/wp-json\/wp\/v2\/posts\/55332\/revisions"}],"wp:featuredmedia":[{"embeddable":true,"href":"https:\/\/www.gaveanews.com\/index.php\/wp-json\/wp\/v2\/media\/43769"}],"wp:attachment":[{"href":"https:\/\/www.gaveanews.com\/index.php\/wp-json\/wp\/v2\/media?parent=55332"}],"wp:term":[{"taxonomy":"category","embeddable":true,"href":"https:\/\/www.gaveanews.com\/index.php\/wp-json\/wp\/v2\/categories?post=55332"},{"taxonomy":"post_tag","embeddable":true,"href":"https:\/\/www.gaveanews.com\/index.php\/wp-json\/wp\/v2\/tags?post=55332"}],"curies":[{"name":"wp","href":"https:\/\/api.w.org\/{rel}","templated":true}]}}