{"id":55344,"date":"2021-01-27T00:50:53","date_gmt":"2021-01-27T03:50:53","guid":{"rendered":"https:\/\/www.gaveanews.com\/?p=55344"},"modified":"2021-01-27T00:50:55","modified_gmt":"2021-01-27T03:50:55","slug":"crise-no-flamengo-aumenta-pressao-sobre-futebol-e-faz-ferver-caldeirao-politico","status":"publish","type":"post","link":"https:\/\/www.gaveanews.com\/index.php\/2021\/01\/27\/crise-no-flamengo-aumenta-pressao-sobre-futebol-e-faz-ferver-caldeirao-politico\/","title":{"rendered":"Crise no Flamengo aumenta press\u00e3o sobre futebol e faz ferver caldeir\u00e3o pol\u00edtico"},"content":{"rendered":"\n<p>O mau desempenho do Flamengo ap\u00f3s a paralisa\u00e7\u00e3o da pandemia da COVID-19 praticamente obriga o clube a ferver o seu caldeir\u00e3o. Principalmente em ano eleitoral. A meses do pleito para o novo mandato de presidente, marcado para dezembro, a expectativa sobre a pr\u00f3xima temporada encharca o ambiente.<\/p>\n\n\n\n<p>Existe uma certeza interna: as disputas pol\u00edticas come\u00e7am a afetar a atmosfera rubro-negra com mais for\u00e7a a cada insucesso dentro de campo. H\u00e1 grande insatisfa\u00e7\u00e3o de boa parte da alta c\u00fapula com o dia a dia do futebol, desde escolhas, contrata\u00e7\u00f5es de profissionais e gerenciamento do dia a dia, o que aumenta a press\u00e3o sobre o vice-presidente da pasta, Marcos Braz. H\u00e1 quem j\u00e1 seja a favor de sua sa\u00edda.<\/p>\n\n\n\n<p>No meio do caminho, o presidente Rodolfo Landim tenta equilibrar os lados para n\u00e3o ter nenhum grande desgaste pol\u00edtico em 2021. O mandat\u00e1rio ainda n\u00e3o confirmou nem mesmo dentro do clube se vai concorrer \u00e0 reelei\u00e7\u00e3o. Considera que teve de deixar de lado neg\u00f3cios pessoais para assumir a cadeira mais importante da G\u00e1vea e ainda pesa a sua balan\u00e7a.<\/p>\n\n\n\n<p>Inicialmente, o pacto no grupo chamado de Chapa Azul &#8220;puro sangue&#8221; indicava um revezamento de nomes no cargo. A ideia j\u00e1 existia no primeiro mandato de Eduardo Bandeira Mello, entre 2013 e 2015. Mas o ent\u00e3o presidente optou por tentar a reelei\u00e7\u00e3o e conseguiu. A consequ\u00eancia foi um enorme racha entre as for\u00e7as e caciques como o atual vice de rela\u00e7\u00f5es externas, Luiz Eduardo Baptista, o Bap, e o pr\u00f3prio Landim migraram para a oposi\u00e7\u00e3o.<\/p>\n\n\n\n<p>Na luta para ser eleito ao fim de 2018, o atual presidente optou por um acordo de coaliz\u00e3o com v\u00e1rias correntes da G\u00e1vea. Uma delas conta com Marcos Braz. O capital pol\u00edtico do dirigente aumentou consideravelmente com o sucesso do futebol em 2019. Landim sabe disso e no xadrez eleitoral perder Braz ainda a meses da elei\u00e7\u00e3o seria um baque importante na tentativa de manter o mandato. Mas a press\u00e3o n\u00e3o cessa.<\/p>\n\n\n\n<p>H\u00e1 reclama\u00e7\u00f5es internas de que falta detalhamento \u00e0 c\u00fapula sobre o dia a dia do futebol rubro-negro. O CEO do clube, Reinaldo Belotti, \u00e9 pouco consultado pelos vice-presidentes de diversas pastas para alinhar todo o fluxo. O descompasso de uma gest\u00e3o antes considerada mais profissional rumo a um perfil novamente amador \u00e9 o motivo de v\u00e1rias diverg\u00eancias e queixas.<\/p>\n\n\n\n<p>Escolhas entendidas como de car\u00e1ter pessoal para reorganizar o departamento de futebol ap\u00f3s a sa\u00edda de Jorge Jesus, ainda no meio de 2020, s\u00e3o alvos de cr\u00edticas ferozes. A chegada de um fisioterapeuta de rela\u00e7\u00e3o pessoal com Marcos Braz \u00e9 sempre um dos exemplos citados como um dos motivos para a enorme dificuldade atual refletida em campo. A contrata\u00e7\u00e3o teria sido inicialmente vetada pelo CEO do clube e tamb\u00e9m por outros setores. Mas teve o aval do presidente e assim foi conclu\u00edda. Em todo o pacote, a situa\u00e7\u00e3o financeira j\u00e1 acena como poss\u00edvel problema no horizonte pr\u00f3ximo.<\/p>\n\n\n\n<p>A maior preocupa\u00e7\u00e3o \u00e9 com a possibilidade de n\u00e3o honrar sal\u00e1rios em curto per\u00edodo caso n\u00e3o haja nova verba, como a de jogadores negociados. O elenco n\u00e3o conseguiu atingir metas m\u00ednimas estabelecidas em Copa do Brasil, Libertadores e, por enquanto, Brasileiro. O reflexo no caixa \u00e9 inevit\u00e1vel. E acirra a divis\u00e3o entre G\u00e1vea e Ninho do Urubu.<\/p>\n\n\n\n<p>Em meio \u00e0 pandemia, a venda de atletas era uma op\u00e7\u00e3o para criar um colch\u00e3o de conforto mesmo em caso de insucesso esportivo. O departamento de futebol resistiu \u00e0 ideia e apostou na manuten\u00e7\u00e3o do elenco. Nesta semana, mais precisamente na segunda-feira, venceu o prazo de pagamento para a terceira e \u00faltima parcela de 2,5 milh\u00f5es de euros ao Goi\u00e1s por Michael.<\/p>\n\n\n\n<p>A primeira foi quitada em 5 de fevereiro de 2020, dias ap\u00f3s o acordo de 7,5 milh\u00f5es de euros por 80% do atacante. A segunda, que venceria em 15 de julho, foi renegociada devido \u00e0 pandemia. A terceira ainda n\u00e3o foi paga, como informou primeiro a R\u00e1dio Bandeirantes de Goi\u00e2nia, e as partes negociam para chegar a uma resolu\u00e7\u00e3o sem celeumas.<\/p>\n\n\n\n<p>Na mesa, o clube teve recentemente proposta do Besiktas, da Turquia, de empr\u00e9stimo com valor fixado para venda do zagueiro L\u00e9o Pereira. A an\u00e1lise \u00e9 que a oferta n\u00e3o foi satisfat\u00f3ria. Por enquanto.<\/p>\n\n\n\n<p>Retirado de: ESPN<\/p>\n","protected":false},"excerpt":{"rendered":"<p>O mau desempenho do Flamengo ap\u00f3s a paralisa\u00e7\u00e3o da pandemia da COVID-19 praticamente obriga o clube a ferver o seu caldeir\u00e3o. Principalmente em ano eleitoral. A meses do pleito para o novo mandato de presidente, marcado para dezembro, a expectativa sobre a pr\u00f3xima temporada encharca o ambiente. Existe uma certeza interna: as disputas pol\u00edticas come\u00e7am [&hellip;]<\/p>\n","protected":false},"author":1,"featured_media":46957,"comment_status":"open","ping_status":"closed","sticky":false,"template":"","format":"standard","meta":{"footnotes":""},"categories":[47],"tags":[],"class_list":["post-55344","post","type-post","status-publish","format-standard","has-post-thumbnail","hentry","category-destaques"],"yoast_head":"<!-- This site is optimized with the Yoast SEO Premium plugin v24.2 (Yoast SEO v26.9) - https:\/\/yoast.com\/product\/yoast-seo-premium-wordpress\/ -->\n<title>Crise no Flamengo aumenta press\u00e3o sobre o departamento de futebol<\/title>\n<meta name=\"description\" content=\"Existe uma certeza interna: as disputas pol\u00edticas come\u00e7am a afetar a atmosfera rubro-negra com mais for\u00e7a a cada insucesso.\" \/>\n<meta name=\"robots\" content=\"index, follow, max-snippet:-1, max-image-preview:large, max-video-preview:-1\" \/>\n<link rel=\"canonical\" href=\"https:\/\/www.gaveanews.com\/index.php\/2021\/01\/27\/crise-no-flamengo-aumenta-pressao-sobre-futebol-e-faz-ferver-caldeirao-politico\/\" \/>\n<meta property=\"og:locale\" content=\"pt_BR\" \/>\n<meta property=\"og:type\" content=\"article\" \/>\n<meta property=\"og:title\" content=\"Crise no Flamengo aumenta press\u00e3o sobre futebol e faz ferver caldeir\u00e3o pol\u00edtico\" \/>\n<meta property=\"og:description\" content=\"Existe uma certeza interna: as disputas pol\u00edticas come\u00e7am a afetar a atmosfera rubro-negra com mais for\u00e7a a cada insucesso.\" \/>\n<meta property=\"og:url\" content=\"https:\/\/www.gaveanews.com\/index.php\/2021\/01\/27\/crise-no-flamengo-aumenta-pressao-sobre-futebol-e-faz-ferver-caldeirao-politico\/\" \/>\n<meta property=\"og:site_name\" content=\"G\u00e1vea News\" \/>\n<meta property=\"article:publisher\" content=\"https:\/\/facebook.com\/gaveaNews\/\" \/>\n<meta property=\"article:published_time\" content=\"2021-01-27T03:50:53+00:00\" \/>\n<meta property=\"article:modified_time\" content=\"2021-01-27T03:50:55+00:00\" \/>\n<meta property=\"og:image\" content=\"https:\/\/www.gaveanews.com\/wp-content\/uploads\/Marcos-Braz-no-gramado-do-Maracana.webp\" \/>\n\t<meta property=\"og:image:width\" content=\"799\" \/>\n\t<meta property=\"og:image:height\" content=\"532\" \/>\n\t<meta property=\"og:image:type\" content=\"image\/jpeg\" \/>\n<meta name=\"author\" content=\"Equipe G\u00e1vea News\" \/>\n<meta name=\"twitter:card\" content=\"summary_large_image\" \/>\n<meta name=\"twitter:label1\" content=\"Escrito por\" \/>\n\t<meta name=\"twitter:data1\" content=\"Equipe G\u00e1vea News\" \/>\n\t<meta name=\"twitter:label2\" content=\"Est. tempo de leitura\" \/>\n\t<meta name=\"twitter:data2\" content=\"4 minutos\" \/>\n<script type=\"application\/ld+json\" class=\"yoast-schema-graph\">{\"@context\":\"https:\/\/schema.org\",\"@graph\":[{\"@type\":\"NewsArticle\",\"@id\":\"https:\/\/www.gaveanews.com\/index.php\/2021\/01\/27\/crise-no-flamengo-aumenta-pressao-sobre-futebol-e-faz-ferver-caldeirao-politico\/#article\",\"isPartOf\":{\"@id\":\"https:\/\/www.gaveanews.com\/index.php\/2021\/01\/27\/crise-no-flamengo-aumenta-pressao-sobre-futebol-e-faz-ferver-caldeirao-politico\/\"},\"author\":{\"name\":\"Equipe G\u00e1vea News\",\"@id\":\"https:\/\/www.gaveanews.com\/#\/schema\/person\/2ec14f73fb96be2caf28f91afb14749d\"},\"headline\":\"Crise no Flamengo aumenta press\u00e3o sobre futebol e faz ferver caldeir\u00e3o pol\u00edtico\",\"datePublished\":\"2021-01-27T03:50:53+00:00\",\"dateModified\":\"2021-01-27T03:50:55+00:00\",\"mainEntityOfPage\":{\"@id\":\"https:\/\/www.gaveanews.com\/index.php\/2021\/01\/27\/crise-no-flamengo-aumenta-pressao-sobre-futebol-e-faz-ferver-caldeirao-politico\/\"},\"wordCount\":764,\"commentCount\":13,\"image\":{\"@id\":\"https:\/\/www.gaveanews.com\/index.php\/2021\/01\/27\/crise-no-flamengo-aumenta-pressao-sobre-futebol-e-faz-ferver-caldeirao-politico\/#primaryimage\"},\"thumbnailUrl\":\"https:\/\/www.gaveanews.com\/wp-content\/uploads\/Marcos-Braz-no-gramado-do-Maracana.webp\",\"articleSection\":[\"Destaques\"],\"inLanguage\":\"pt-BR\",\"potentialAction\":[{\"@type\":\"CommentAction\",\"name\":\"Comment\",\"target\":[\"https:\/\/www.gaveanews.com\/index.php\/2021\/01\/27\/crise-no-flamengo-aumenta-pressao-sobre-futebol-e-faz-ferver-caldeirao-politico\/#respond\"]}],\"copyrightYear\":\"2021\",\"copyrightHolder\":{\"@id\":\"https:\/\/www.gaveanews.com\/#organization\"}},{\"@type\":\"WebPage\",\"@id\":\"https:\/\/www.gaveanews.com\/index.php\/2021\/01\/27\/crise-no-flamengo-aumenta-pressao-sobre-futebol-e-faz-ferver-caldeirao-politico\/\",\"url\":\"https:\/\/www.gaveanews.com\/index.php\/2021\/01\/27\/crise-no-flamengo-aumenta-pressao-sobre-futebol-e-faz-ferver-caldeirao-politico\/\",\"name\":\"Crise no Flamengo aumenta press\u00e3o sobre o departamento de futebol\",\"isPartOf\":{\"@id\":\"https:\/\/www.gaveanews.com\/#website\"},\"primaryImageOfPage\":{\"@id\":\"https:\/\/www.gaveanews.com\/index.php\/2021\/01\/27\/crise-no-flamengo-aumenta-pressao-sobre-futebol-e-faz-ferver-caldeirao-politico\/#primaryimage\"},\"image\":{\"@id\":\"https:\/\/www.gaveanews.com\/index.php\/2021\/01\/27\/crise-no-flamengo-aumenta-pressao-sobre-futebol-e-faz-ferver-caldeirao-politico\/#primaryimage\"},\"thumbnailUrl\":\"https:\/\/www.gaveanews.com\/wp-content\/uploads\/Marcos-Braz-no-gramado-do-Maracana.webp\",\"datePublished\":\"2021-01-27T03:50:53+00:00\",\"dateModified\":\"2021-01-27T03:50:55+00:00\",\"author\":{\"@id\":\"https:\/\/www.gaveanews.com\/#\/schema\/person\/2ec14f73fb96be2caf28f91afb14749d\"},\"description\":\"Existe uma certeza interna: as disputas pol\u00edticas come\u00e7am a afetar a atmosfera rubro-negra com mais for\u00e7a a cada insucesso.\",\"breadcrumb\":{\"@id\":\"https:\/\/www.gaveanews.com\/index.php\/2021\/01\/27\/crise-no-flamengo-aumenta-pressao-sobre-futebol-e-faz-ferver-caldeirao-politico\/#breadcrumb\"},\"inLanguage\":\"pt-BR\",\"potentialAction\":[{\"@type\":\"ReadAction\",\"target\":[\"https:\/\/www.gaveanews.com\/index.php\/2021\/01\/27\/crise-no-flamengo-aumenta-pressao-sobre-futebol-e-faz-ferver-caldeirao-politico\/\"]}]},{\"@type\":\"ImageObject\",\"inLanguage\":\"pt-BR\",\"@id\":\"https:\/\/www.gaveanews.com\/index.php\/2021\/01\/27\/crise-no-flamengo-aumenta-pressao-sobre-futebol-e-faz-ferver-caldeirao-politico\/#primaryimage\",\"url\":\"https:\/\/www.gaveanews.com\/wp-content\/uploads\/Marcos-Braz-no-gramado-do-Maracana.webp\",\"contentUrl\":\"https:\/\/www.gaveanews.com\/wp-content\/uploads\/Marcos-Braz-no-gramado-do-Maracana.webp\",\"width\":799,\"height\":532,\"caption\":\"Marcos Braz no gramado do Maracan\u00e3 (Foto: Alexandre Vidal\/Flamengo)\"},{\"@type\":\"BreadcrumbList\",\"@id\":\"https:\/\/www.gaveanews.com\/index.php\/2021\/01\/27\/crise-no-flamengo-aumenta-pressao-sobre-futebol-e-faz-ferver-caldeirao-politico\/#breadcrumb\",\"itemListElement\":[{\"@type\":\"ListItem\",\"position\":1,\"name\":\"Home\",\"item\":\"https:\/\/www.gaveanews.com\/\"},{\"@type\":\"ListItem\",\"position\":2,\"name\":\"Crise no Flamengo aumenta press\u00e3o sobre futebol e faz ferver caldeir\u00e3o pol\u00edtico\"}]},{\"@type\":\"WebSite\",\"@id\":\"https:\/\/www.gaveanews.com\/#website\",\"url\":\"https:\/\/www.gaveanews.com\/\",\"name\":\"G\u00e1vea News\",\"description\":\"Veja todas as not\u00edcias sobre o Flamengo: Contrata\u00e7\u00f5es, categorias de base, resultados das partidas, tabela de classifica\u00e7\u00e3o, pr\u00f3ximos jogos!\",\"potentialAction\":[{\"@type\":\"SearchAction\",\"target\":{\"@type\":\"EntryPoint\",\"urlTemplate\":\"https:\/\/www.gaveanews.com\/?s={search_term_string}\"},\"query-input\":{\"@type\":\"PropertyValueSpecification\",\"valueRequired\":true,\"valueName\":\"search_term_string\"}}],\"inLanguage\":\"pt-BR\"},{\"@type\":\"Person\",\"@id\":\"https:\/\/www.gaveanews.com\/#\/schema\/person\/2ec14f73fb96be2caf28f91afb14749d\",\"name\":\"Equipe G\u00e1vea News\",\"image\":{\"@type\":\"ImageObject\",\"inLanguage\":\"pt-BR\",\"@id\":\"https:\/\/www.gaveanews.com\/#\/schema\/person\/image\/\",\"url\":\"https:\/\/secure.gravatar.com\/avatar\/1e1956f1facbffd3f8fa53a326721950116b3b9dc9bd44939c01180fd4a745a9?s=96&d=mm&r=g\",\"contentUrl\":\"https:\/\/secure.gravatar.com\/avatar\/1e1956f1facbffd3f8fa53a326721950116b3b9dc9bd44939c01180fd4a745a9?s=96&d=mm&r=g\",\"caption\":\"Equipe G\u00e1vea News\"}}]}<\/script>\n<!-- \/ Yoast SEO Premium plugin. -->","yoast_head_json":{"title":"Crise no Flamengo aumenta press\u00e3o sobre o departamento de futebol","description":"Existe uma certeza interna: as disputas pol\u00edticas come\u00e7am a afetar a atmosfera rubro-negra com mais for\u00e7a a cada insucesso.","robots":{"index":"index","follow":"follow","max-snippet":"max-snippet:-1","max-image-preview":"max-image-preview:large","max-video-preview":"max-video-preview:-1"},"canonical":"https:\/\/www.gaveanews.com\/index.php\/2021\/01\/27\/crise-no-flamengo-aumenta-pressao-sobre-futebol-e-faz-ferver-caldeirao-politico\/","og_locale":"pt_BR","og_type":"article","og_title":"Crise no Flamengo aumenta press\u00e3o sobre futebol e faz ferver caldeir\u00e3o pol\u00edtico","og_description":"Existe uma certeza interna: as disputas pol\u00edticas come\u00e7am a afetar a atmosfera rubro-negra com mais for\u00e7a a cada insucesso.","og_url":"https:\/\/www.gaveanews.com\/index.php\/2021\/01\/27\/crise-no-flamengo-aumenta-pressao-sobre-futebol-e-faz-ferver-caldeirao-politico\/","og_site_name":"G\u00e1vea News","article_publisher":"https:\/\/facebook.com\/gaveaNews\/","article_published_time":"2021-01-27T03:50:53+00:00","article_modified_time":"2021-01-27T03:50:55+00:00","og_image":[{"width":799,"height":532,"url":"https:\/\/www.gaveanews.com\/wp-content\/uploads\/Marcos-Braz-no-gramado-do-Maracana.webp","type":"image\/jpeg"}],"author":"Equipe G\u00e1vea News","twitter_card":"summary_large_image","twitter_misc":{"Escrito por":"Equipe G\u00e1vea News","Est. tempo de leitura":"4 minutos"},"schema":{"@context":"https:\/\/schema.org","@graph":[{"@type":"NewsArticle","@id":"https:\/\/www.gaveanews.com\/index.php\/2021\/01\/27\/crise-no-flamengo-aumenta-pressao-sobre-futebol-e-faz-ferver-caldeirao-politico\/#article","isPartOf":{"@id":"https:\/\/www.gaveanews.com\/index.php\/2021\/01\/27\/crise-no-flamengo-aumenta-pressao-sobre-futebol-e-faz-ferver-caldeirao-politico\/"},"author":{"name":"Equipe G\u00e1vea News","@id":"https:\/\/www.gaveanews.com\/#\/schema\/person\/2ec14f73fb96be2caf28f91afb14749d"},"headline":"Crise no Flamengo aumenta press\u00e3o sobre futebol e faz ferver caldeir\u00e3o pol\u00edtico","datePublished":"2021-01-27T03:50:53+00:00","dateModified":"2021-01-27T03:50:55+00:00","mainEntityOfPage":{"@id":"https:\/\/www.gaveanews.com\/index.php\/2021\/01\/27\/crise-no-flamengo-aumenta-pressao-sobre-futebol-e-faz-ferver-caldeirao-politico\/"},"wordCount":764,"commentCount":13,"image":{"@id":"https:\/\/www.gaveanews.com\/index.php\/2021\/01\/27\/crise-no-flamengo-aumenta-pressao-sobre-futebol-e-faz-ferver-caldeirao-politico\/#primaryimage"},"thumbnailUrl":"https:\/\/www.gaveanews.com\/wp-content\/uploads\/Marcos-Braz-no-gramado-do-Maracana.webp","articleSection":["Destaques"],"inLanguage":"pt-BR","potentialAction":[{"@type":"CommentAction","name":"Comment","target":["https:\/\/www.gaveanews.com\/index.php\/2021\/01\/27\/crise-no-flamengo-aumenta-pressao-sobre-futebol-e-faz-ferver-caldeirao-politico\/#respond"]}],"copyrightYear":"2021","copyrightHolder":{"@id":"https:\/\/www.gaveanews.com\/#organization"}},{"@type":"WebPage","@id":"https:\/\/www.gaveanews.com\/index.php\/2021\/01\/27\/crise-no-flamengo-aumenta-pressao-sobre-futebol-e-faz-ferver-caldeirao-politico\/","url":"https:\/\/www.gaveanews.com\/index.php\/2021\/01\/27\/crise-no-flamengo-aumenta-pressao-sobre-futebol-e-faz-ferver-caldeirao-politico\/","name":"Crise no Flamengo aumenta press\u00e3o sobre o departamento de futebol","isPartOf":{"@id":"https:\/\/www.gaveanews.com\/#website"},"primaryImageOfPage":{"@id":"https:\/\/www.gaveanews.com\/index.php\/2021\/01\/27\/crise-no-flamengo-aumenta-pressao-sobre-futebol-e-faz-ferver-caldeirao-politico\/#primaryimage"},"image":{"@id":"https:\/\/www.gaveanews.com\/index.php\/2021\/01\/27\/crise-no-flamengo-aumenta-pressao-sobre-futebol-e-faz-ferver-caldeirao-politico\/#primaryimage"},"thumbnailUrl":"https:\/\/www.gaveanews.com\/wp-content\/uploads\/Marcos-Braz-no-gramado-do-Maracana.webp","datePublished":"2021-01-27T03:50:53+00:00","dateModified":"2021-01-27T03:50:55+00:00","author":{"@id":"https:\/\/www.gaveanews.com\/#\/schema\/person\/2ec14f73fb96be2caf28f91afb14749d"},"description":"Existe uma certeza interna: as disputas pol\u00edticas come\u00e7am a afetar a atmosfera rubro-negra com mais for\u00e7a a cada insucesso.","breadcrumb":{"@id":"https:\/\/www.gaveanews.com\/index.php\/2021\/01\/27\/crise-no-flamengo-aumenta-pressao-sobre-futebol-e-faz-ferver-caldeirao-politico\/#breadcrumb"},"inLanguage":"pt-BR","potentialAction":[{"@type":"ReadAction","target":["https:\/\/www.gaveanews.com\/index.php\/2021\/01\/27\/crise-no-flamengo-aumenta-pressao-sobre-futebol-e-faz-ferver-caldeirao-politico\/"]}]},{"@type":"ImageObject","inLanguage":"pt-BR","@id":"https:\/\/www.gaveanews.com\/index.php\/2021\/01\/27\/crise-no-flamengo-aumenta-pressao-sobre-futebol-e-faz-ferver-caldeirao-politico\/#primaryimage","url":"https:\/\/www.gaveanews.com\/wp-content\/uploads\/Marcos-Braz-no-gramado-do-Maracana.webp","contentUrl":"https:\/\/www.gaveanews.com\/wp-content\/uploads\/Marcos-Braz-no-gramado-do-Maracana.webp","width":799,"height":532,"caption":"Marcos Braz no gramado do Maracan\u00e3 (Foto: Alexandre Vidal\/Flamengo)"},{"@type":"BreadcrumbList","@id":"https:\/\/www.gaveanews.com\/index.php\/2021\/01\/27\/crise-no-flamengo-aumenta-pressao-sobre-futebol-e-faz-ferver-caldeirao-politico\/#breadcrumb","itemListElement":[{"@type":"ListItem","position":1,"name":"Home","item":"https:\/\/www.gaveanews.com\/"},{"@type":"ListItem","position":2,"name":"Crise no Flamengo aumenta press\u00e3o sobre futebol e faz ferver caldeir\u00e3o pol\u00edtico"}]},{"@type":"WebSite","@id":"https:\/\/www.gaveanews.com\/#website","url":"https:\/\/www.gaveanews.com\/","name":"G\u00e1vea News","description":"Veja todas as not\u00edcias sobre o Flamengo: Contrata\u00e7\u00f5es, categorias de base, resultados das partidas, tabela de classifica\u00e7\u00e3o, pr\u00f3ximos jogos!","potentialAction":[{"@type":"SearchAction","target":{"@type":"EntryPoint","urlTemplate":"https:\/\/www.gaveanews.com\/?s={search_term_string}"},"query-input":{"@type":"PropertyValueSpecification","valueRequired":true,"valueName":"search_term_string"}}],"inLanguage":"pt-BR"},{"@type":"Person","@id":"https:\/\/www.gaveanews.com\/#\/schema\/person\/2ec14f73fb96be2caf28f91afb14749d","name":"Equipe G\u00e1vea News","image":{"@type":"ImageObject","inLanguage":"pt-BR","@id":"https:\/\/www.gaveanews.com\/#\/schema\/person\/image\/","url":"https:\/\/secure.gravatar.com\/avatar\/1e1956f1facbffd3f8fa53a326721950116b3b9dc9bd44939c01180fd4a745a9?s=96&d=mm&r=g","contentUrl":"https:\/\/secure.gravatar.com\/avatar\/1e1956f1facbffd3f8fa53a326721950116b3b9dc9bd44939c01180fd4a745a9?s=96&d=mm&r=g","caption":"Equipe G\u00e1vea News"}}]}},"_links":{"self":[{"href":"https:\/\/www.gaveanews.com\/index.php\/wp-json\/wp\/v2\/posts\/55344","targetHints":{"allow":["GET"]}}],"collection":[{"href":"https:\/\/www.gaveanews.com\/index.php\/wp-json\/wp\/v2\/posts"}],"about":[{"href":"https:\/\/www.gaveanews.com\/index.php\/wp-json\/wp\/v2\/types\/post"}],"author":[{"embeddable":true,"href":"https:\/\/www.gaveanews.com\/index.php\/wp-json\/wp\/v2\/users\/1"}],"replies":[{"embeddable":true,"href":"https:\/\/www.gaveanews.com\/index.php\/wp-json\/wp\/v2\/comments?post=55344"}],"version-history":[{"count":0,"href":"https:\/\/www.gaveanews.com\/index.php\/wp-json\/wp\/v2\/posts\/55344\/revisions"}],"wp:featuredmedia":[{"embeddable":true,"href":"https:\/\/www.gaveanews.com\/index.php\/wp-json\/wp\/v2\/media\/46957"}],"wp:attachment":[{"href":"https:\/\/www.gaveanews.com\/index.php\/wp-json\/wp\/v2\/media?parent=55344"}],"wp:term":[{"taxonomy":"category","embeddable":true,"href":"https:\/\/www.gaveanews.com\/index.php\/wp-json\/wp\/v2\/categories?post=55344"},{"taxonomy":"post_tag","embeddable":true,"href":"https:\/\/www.gaveanews.com\/index.php\/wp-json\/wp\/v2\/tags?post=55344"}],"curies":[{"name":"wp","href":"https:\/\/api.w.org\/{rel}","templated":true}]}}