{"id":55352,"date":"2021-01-27T11:13:53","date_gmt":"2021-01-27T14:13:53","guid":{"rendered":"https:\/\/www.gaveanews.com\/?p=55352"},"modified":"2021-08-12T00:49:44","modified_gmt":"2021-08-12T03:49:44","slug":"piris-e-rodinei-se-valorizam-fora-e-flamengo-mira-janela-no-meio-do-ano","status":"publish","type":"post","link":"https:\/\/www.gaveanews.com\/index.php\/2021\/01\/27\/piris-e-rodinei-se-valorizam-fora-e-flamengo-mira-janela-no-meio-do-ano\/","title":{"rendered":"Piris e Rodinei se valorizam fora, e Flamengo mira janela no meio do ano"},"content":{"rendered":"\n<p>Sem espa\u00e7o no elenco do Flamengo, Priris da Motta e Rodinei se valorizam em seus empr\u00e9stimos e poder\u00e3o ser fonte de lucro na janela de transfer\u00eancia do meio deste ano.<\/p>\n\n\n\n<p>Ambos os jogadores s\u00e3o destaques nos times onde est\u00e3o atuando, com clubes em situa\u00e7\u00f5es opostas das competi\u00e7\u00f5es que participam. Enquanto Rodinei fortalece o Internacional em sua busca pelo t\u00edtulo do Brasileir\u00e3o, Piris luta contra o rebaixamento do Gen\u00e7lerbirli\u011f\u00a0em campeonato turco.<\/p>\n\n\n\n<p>O desejo de encerrar a jornada com o time carioca \u00e9 m\u00fatuo, pois tanto o Flamengo n\u00e3o pretende reintegrar os atletas na equipe, quanto os jogadores acreditam que o ciclo no rubro-negro est\u00e1 encerrado. O contrato deles com o Mais Querido termina no final de 2022. Confira a situa\u00e7\u00e3o de ambos.<\/p>\n\n\n\n<h3 class=\"wp-block-heading\" id=\"h-piris-da-motta\">Piris da Motta<\/h3>\n\n\n\n<ul class=\"wp-block-list\"><li><strong>Idade:<\/strong> 26 anos<\/li><li><strong>Clube:<\/strong>\u00a0Gen\u00e7lerbirli\u011f<\/li><li><strong>Empr\u00e9stimo:<\/strong>\u00a0at\u00e9 31 de junho<\/li><li><strong>Valor estipulado:<\/strong>\u00a03.5 mi de euros (R$ 22.8 mi)<\/li><li><strong>Contrato com o Flamengo:<\/strong>\u00a0at\u00e9 o fim de 2022<\/li><\/ul>\n\n\n\n<h3 class=\"wp-block-heading\" id=\"h-rodinei\"> Rodinei<\/h3>\n\n\n\n<ul class=\"wp-block-list\"><li><strong>Idade:<\/strong> 28 anos<\/li><li><strong>Clube:<\/strong>\u00a0Internacional<\/li><li><strong>Empr\u00e9stimo:<\/strong>\u00a0at\u00e9 30 de maio<\/li><li><strong>Valor estipulado:<\/strong>\u00a04 mi de euros (R$ 26 mi)<\/li><li><strong>Contrato com o Flamengo:\u00a0<\/strong>at\u00e9 o fim de 2022<\/li><\/ul>\n\n\n\n<p>\u00c9 importante ressaltar que os dois jogadores possuem valores estipulados para compra em seus contratos de empr\u00e9stimo. A pretens\u00e3o do time da G\u00e1vea, no entanto, \u00e9 de que a visibilidade atual inicie uma movimenta\u00e7\u00e3o pelo mercado e se confirme em propostas na janela de ver\u00e3o na Europa.<\/p>\n\n\n\n<p>Com Piris da Motta sendo refer\u00eancia na cobran\u00e7a de p\u00eanaltis no time turco e Rodinei sendo titular em quase todas as partidas no Inter sob o comando de Abel Braga (com exce\u00e7\u00e3o da partida na qual esteve suspenso), os jogadores entram na lista de atletas que poder\u00e3o aumentar a receita do Flamengo. Juntamente com eles, est\u00e3o Lincoln, Yuri C\u00e9sar (que j\u00e1 foram negociaados) e Michael e L\u00e9o Pereira (que j\u00e1 receberam propostas).<\/p>\n","protected":false},"excerpt":{"rendered":"<p>Sem espa\u00e7o no elenco do Flamengo, Priris da Motta e Rodinei se valorizam em seus empr\u00e9stimos e poder\u00e3o ser fonte de lucro na janela de transfer\u00eancia do meio deste ano. Ambos os jogadores s\u00e3o destaques nos times onde est\u00e3o atuando, com clubes em situa\u00e7\u00f5es opostas das competi\u00e7\u00f5es que participam. Enquanto Rodinei fortalece o Internacional em [&hellip;]<\/p>\n","protected":false},"author":4,"featured_media":28928,"comment_status":"open","ping_status":"closed","sticky":false,"template":"","format":"standard","meta":{"footnotes":""},"categories":[1],"tags":[],"class_list":["post-55352","post","type-post","status-publish","format-standard","has-post-thumbnail","hentry","category-flamengo"],"yoast_head":"<!-- This site is optimized with the Yoast SEO Premium plugin v24.2 (Yoast SEO v26.9) - https:\/\/yoast.com\/product\/yoast-seo-premium-wordpress\/ -->\n<title>Piris e Rodinei se valorizam fora, e Flamengo mira janela no meio do ano<\/title>\n<meta name=\"description\" content=\"Sem espa\u00e7o no Flamengo, Priris da Motta e Rodinei valorizam em seus empr\u00e9stimos e gerar\u00e3o lucro na janela de transfer\u00eancia do meio de 2021.\" \/>\n<meta name=\"robots\" content=\"index, follow, max-snippet:-1, max-image-preview:large, max-video-preview:-1\" \/>\n<link rel=\"canonical\" href=\"https:\/\/www.gaveanews.com\/index.php\/2021\/01\/27\/piris-e-rodinei-se-valorizam-fora-e-flamengo-mira-janela-no-meio-do-ano\/\" \/>\n<meta property=\"og:locale\" content=\"pt_BR\" \/>\n<meta property=\"og:type\" content=\"article\" \/>\n<meta property=\"og:title\" content=\"Piris e Rodinei se valorizam fora, e Flamengo mira janela no meio do ano\" \/>\n<meta property=\"og:description\" content=\"Sem espa\u00e7o no Flamengo, Priris da Motta e Rodinei valorizam em seus empr\u00e9stimos e gerar\u00e3o lucro na janela de transfer\u00eancia do meio de 2021.\" \/>\n<meta property=\"og:url\" content=\"https:\/\/www.gaveanews.com\/index.php\/2021\/01\/27\/piris-e-rodinei-se-valorizam-fora-e-flamengo-mira-janela-no-meio-do-ano\/\" \/>\n<meta property=\"og:site_name\" content=\"G\u00e1vea News\" \/>\n<meta property=\"article:publisher\" content=\"https:\/\/facebook.com\/gaveaNews\/\" \/>\n<meta property=\"article:published_time\" content=\"2021-01-27T14:13:53+00:00\" \/>\n<meta property=\"article:modified_time\" content=\"2021-08-12T03:49:44+00:00\" \/>\n<meta property=\"og:image\" content=\"https:\/\/www.gaveanews.com\/wp-content\/uploads\/Rodinei-em-acao-com-o-uniforme-do-Flamengo.webp\" \/>\n\t<meta property=\"og:image:width\" content=\"1\" \/>\n\t<meta property=\"og:image:height\" content=\"1\" \/>\n\t<meta property=\"og:image:type\" content=\"image\/jpeg\" \/>\n<meta name=\"author\" content=\"Let\u00edcia Gerheim\" \/>\n<meta name=\"twitter:card\" content=\"summary_large_image\" \/>\n<meta name=\"twitter:label1\" content=\"Escrito por\" \/>\n\t<meta name=\"twitter:data1\" content=\"Let\u00edcia Gerheim\" \/>\n\t<meta name=\"twitter:label2\" content=\"Est. tempo de leitura\" \/>\n\t<meta name=\"twitter:data2\" content=\"2 minutos\" \/>\n<script type=\"application\/ld+json\" class=\"yoast-schema-graph\">{\"@context\":\"https:\/\/schema.org\",\"@graph\":[{\"@type\":\"NewsArticle\",\"@id\":\"https:\/\/www.gaveanews.com\/index.php\/2021\/01\/27\/piris-e-rodinei-se-valorizam-fora-e-flamengo-mira-janela-no-meio-do-ano\/#article\",\"isPartOf\":{\"@id\":\"https:\/\/www.gaveanews.com\/index.php\/2021\/01\/27\/piris-e-rodinei-se-valorizam-fora-e-flamengo-mira-janela-no-meio-do-ano\/\"},\"author\":{\"name\":\"Let\u00edcia Gerheim\",\"@id\":\"https:\/\/www.gaveanews.com\/#\/schema\/person\/714c67050b836198af2450ba1c142a67\"},\"headline\":\"Piris e Rodinei se valorizam fora, e Flamengo mira janela no meio do ano\",\"datePublished\":\"2021-01-27T14:13:53+00:00\",\"dateModified\":\"2021-08-12T03:49:44+00:00\",\"mainEntityOfPage\":{\"@id\":\"https:\/\/www.gaveanews.com\/index.php\/2021\/01\/27\/piris-e-rodinei-se-valorizam-fora-e-flamengo-mira-janela-no-meio-do-ano\/\"},\"wordCount\":331,\"commentCount\":13,\"image\":{\"@id\":\"https:\/\/www.gaveanews.com\/index.php\/2021\/01\/27\/piris-e-rodinei-se-valorizam-fora-e-flamengo-mira-janela-no-meio-do-ano\/#primaryimage\"},\"thumbnailUrl\":\"https:\/\/www.gaveanews.com\/wp-content\/uploads\/Rodinei-em-acao-com-o-uniforme-do-Flamengo.webp\",\"articleSection\":[\"Flamengo\"],\"inLanguage\":\"pt-BR\",\"potentialAction\":[{\"@type\":\"CommentAction\",\"name\":\"Comment\",\"target\":[\"https:\/\/www.gaveanews.com\/index.php\/2021\/01\/27\/piris-e-rodinei-se-valorizam-fora-e-flamengo-mira-janela-no-meio-do-ano\/#respond\"]}],\"copyrightYear\":\"2021\",\"copyrightHolder\":{\"@id\":\"https:\/\/www.gaveanews.com\/#organization\"}},{\"@type\":\"WebPage\",\"@id\":\"https:\/\/www.gaveanews.com\/index.php\/2021\/01\/27\/piris-e-rodinei-se-valorizam-fora-e-flamengo-mira-janela-no-meio-do-ano\/\",\"url\":\"https:\/\/www.gaveanews.com\/index.php\/2021\/01\/27\/piris-e-rodinei-se-valorizam-fora-e-flamengo-mira-janela-no-meio-do-ano\/\",\"name\":\"Piris e Rodinei se valorizam fora, e Flamengo mira janela no meio do ano\",\"isPartOf\":{\"@id\":\"https:\/\/www.gaveanews.com\/#website\"},\"primaryImageOfPage\":{\"@id\":\"https:\/\/www.gaveanews.com\/index.php\/2021\/01\/27\/piris-e-rodinei-se-valorizam-fora-e-flamengo-mira-janela-no-meio-do-ano\/#primaryimage\"},\"image\":{\"@id\":\"https:\/\/www.gaveanews.com\/index.php\/2021\/01\/27\/piris-e-rodinei-se-valorizam-fora-e-flamengo-mira-janela-no-meio-do-ano\/#primaryimage\"},\"thumbnailUrl\":\"https:\/\/www.gaveanews.com\/wp-content\/uploads\/Rodinei-em-acao-com-o-uniforme-do-Flamengo.webp\",\"datePublished\":\"2021-01-27T14:13:53+00:00\",\"dateModified\":\"2021-08-12T03:49:44+00:00\",\"author\":{\"@id\":\"https:\/\/www.gaveanews.com\/#\/schema\/person\/714c67050b836198af2450ba1c142a67\"},\"description\":\"Sem espa\u00e7o no Flamengo, Priris da Motta e Rodinei valorizam em seus empr\u00e9stimos e gerar\u00e3o lucro na janela de transfer\u00eancia do meio de 2021.\",\"breadcrumb\":{\"@id\":\"https:\/\/www.gaveanews.com\/index.php\/2021\/01\/27\/piris-e-rodinei-se-valorizam-fora-e-flamengo-mira-janela-no-meio-do-ano\/#breadcrumb\"},\"inLanguage\":\"pt-BR\",\"potentialAction\":[{\"@type\":\"ReadAction\",\"target\":[\"https:\/\/www.gaveanews.com\/index.php\/2021\/01\/27\/piris-e-rodinei-se-valorizam-fora-e-flamengo-mira-janela-no-meio-do-ano\/\"]}]},{\"@type\":\"ImageObject\",\"inLanguage\":\"pt-BR\",\"@id\":\"https:\/\/www.gaveanews.com\/index.php\/2021\/01\/27\/piris-e-rodinei-se-valorizam-fora-e-flamengo-mira-janela-no-meio-do-ano\/#primaryimage\",\"url\":\"https:\/\/www.gaveanews.com\/wp-content\/uploads\/Rodinei-em-acao-com-o-uniforme-do-Flamengo.webp\",\"contentUrl\":\"https:\/\/www.gaveanews.com\/wp-content\/uploads\/Rodinei-em-acao-com-o-uniforme-do-Flamengo.webp\",\"caption\":\"Rodinei em a\u00e7\u00e3o com o uniforme do Flamengo (Foto: Alexandre Vidal\/Flamengo)\"},{\"@type\":\"BreadcrumbList\",\"@id\":\"https:\/\/www.gaveanews.com\/index.php\/2021\/01\/27\/piris-e-rodinei-se-valorizam-fora-e-flamengo-mira-janela-no-meio-do-ano\/#breadcrumb\",\"itemListElement\":[{\"@type\":\"ListItem\",\"position\":1,\"name\":\"Home\",\"item\":\"https:\/\/www.gaveanews.com\/\"},{\"@type\":\"ListItem\",\"position\":2,\"name\":\"Piris e Rodinei se valorizam fora, e Flamengo mira janela no meio do ano\"}]},{\"@type\":\"WebSite\",\"@id\":\"https:\/\/www.gaveanews.com\/#website\",\"url\":\"https:\/\/www.gaveanews.com\/\",\"name\":\"G\u00e1vea News\",\"description\":\"Veja todas as not\u00edcias sobre o Flamengo: Contrata\u00e7\u00f5es, categorias de base, resultados das partidas, tabela de classifica\u00e7\u00e3o, pr\u00f3ximos jogos!\",\"potentialAction\":[{\"@type\":\"SearchAction\",\"target\":{\"@type\":\"EntryPoint\",\"urlTemplate\":\"https:\/\/www.gaveanews.com\/?s={search_term_string}\"},\"query-input\":{\"@type\":\"PropertyValueSpecification\",\"valueRequired\":true,\"valueName\":\"search_term_string\"}}],\"inLanguage\":\"pt-BR\"},{\"@type\":\"Person\",\"@id\":\"https:\/\/www.gaveanews.com\/#\/schema\/person\/714c67050b836198af2450ba1c142a67\",\"name\":\"Let\u00edcia Gerheim\",\"image\":{\"@type\":\"ImageObject\",\"inLanguage\":\"pt-BR\",\"@id\":\"https:\/\/www.gaveanews.com\/#\/schema\/person\/image\/\",\"url\":\"https:\/\/secure.gravatar.com\/avatar\/60734739c50fcebfbac509e2a826ccd0ff405c019bc73aab9354f19ecad1dcb4?s=96&d=mm&r=g\",\"contentUrl\":\"https:\/\/secure.gravatar.com\/avatar\/60734739c50fcebfbac509e2a826ccd0ff405c019bc73aab9354f19ecad1dcb4?s=96&d=mm&r=g\",\"caption\":\"Let\u00edcia Gerheim\"}}]}<\/script>\n<!-- \/ Yoast SEO Premium plugin. -->","yoast_head_json":{"title":"Piris e Rodinei se valorizam fora, e Flamengo mira janela no meio do ano","description":"Sem espa\u00e7o no Flamengo, Priris da Motta e Rodinei valorizam em seus empr\u00e9stimos e gerar\u00e3o lucro na janela de transfer\u00eancia do meio de 2021.","robots":{"index":"index","follow":"follow","max-snippet":"max-snippet:-1","max-image-preview":"max-image-preview:large","max-video-preview":"max-video-preview:-1"},"canonical":"https:\/\/www.gaveanews.com\/index.php\/2021\/01\/27\/piris-e-rodinei-se-valorizam-fora-e-flamengo-mira-janela-no-meio-do-ano\/","og_locale":"pt_BR","og_type":"article","og_title":"Piris e Rodinei se valorizam fora, e Flamengo mira janela no meio do ano","og_description":"Sem espa\u00e7o no Flamengo, Priris da Motta e Rodinei valorizam em seus empr\u00e9stimos e gerar\u00e3o lucro na janela de transfer\u00eancia do meio de 2021.","og_url":"https:\/\/www.gaveanews.com\/index.php\/2021\/01\/27\/piris-e-rodinei-se-valorizam-fora-e-flamengo-mira-janela-no-meio-do-ano\/","og_site_name":"G\u00e1vea News","article_publisher":"https:\/\/facebook.com\/gaveaNews\/","article_published_time":"2021-01-27T14:13:53+00:00","article_modified_time":"2021-08-12T03:49:44+00:00","og_image":[{"url":"https:\/\/www.gaveanews.com\/wp-content\/uploads\/Rodinei-em-acao-com-o-uniforme-do-Flamengo.webp","width":1,"height":1,"type":"image\/jpeg"}],"author":"Let\u00edcia Gerheim","twitter_card":"summary_large_image","twitter_misc":{"Escrito por":"Let\u00edcia Gerheim","Est. tempo de leitura":"2 minutos"},"schema":{"@context":"https:\/\/schema.org","@graph":[{"@type":"NewsArticle","@id":"https:\/\/www.gaveanews.com\/index.php\/2021\/01\/27\/piris-e-rodinei-se-valorizam-fora-e-flamengo-mira-janela-no-meio-do-ano\/#article","isPartOf":{"@id":"https:\/\/www.gaveanews.com\/index.php\/2021\/01\/27\/piris-e-rodinei-se-valorizam-fora-e-flamengo-mira-janela-no-meio-do-ano\/"},"author":{"name":"Let\u00edcia Gerheim","@id":"https:\/\/www.gaveanews.com\/#\/schema\/person\/714c67050b836198af2450ba1c142a67"},"headline":"Piris e Rodinei se valorizam fora, e Flamengo mira janela no meio do ano","datePublished":"2021-01-27T14:13:53+00:00","dateModified":"2021-08-12T03:49:44+00:00","mainEntityOfPage":{"@id":"https:\/\/www.gaveanews.com\/index.php\/2021\/01\/27\/piris-e-rodinei-se-valorizam-fora-e-flamengo-mira-janela-no-meio-do-ano\/"},"wordCount":331,"commentCount":13,"image":{"@id":"https:\/\/www.gaveanews.com\/index.php\/2021\/01\/27\/piris-e-rodinei-se-valorizam-fora-e-flamengo-mira-janela-no-meio-do-ano\/#primaryimage"},"thumbnailUrl":"https:\/\/www.gaveanews.com\/wp-content\/uploads\/Rodinei-em-acao-com-o-uniforme-do-Flamengo.webp","articleSection":["Flamengo"],"inLanguage":"pt-BR","potentialAction":[{"@type":"CommentAction","name":"Comment","target":["https:\/\/www.gaveanews.com\/index.php\/2021\/01\/27\/piris-e-rodinei-se-valorizam-fora-e-flamengo-mira-janela-no-meio-do-ano\/#respond"]}],"copyrightYear":"2021","copyrightHolder":{"@id":"https:\/\/www.gaveanews.com\/#organization"}},{"@type":"WebPage","@id":"https:\/\/www.gaveanews.com\/index.php\/2021\/01\/27\/piris-e-rodinei-se-valorizam-fora-e-flamengo-mira-janela-no-meio-do-ano\/","url":"https:\/\/www.gaveanews.com\/index.php\/2021\/01\/27\/piris-e-rodinei-se-valorizam-fora-e-flamengo-mira-janela-no-meio-do-ano\/","name":"Piris e Rodinei se valorizam fora, e Flamengo mira janela no meio do ano","isPartOf":{"@id":"https:\/\/www.gaveanews.com\/#website"},"primaryImageOfPage":{"@id":"https:\/\/www.gaveanews.com\/index.php\/2021\/01\/27\/piris-e-rodinei-se-valorizam-fora-e-flamengo-mira-janela-no-meio-do-ano\/#primaryimage"},"image":{"@id":"https:\/\/www.gaveanews.com\/index.php\/2021\/01\/27\/piris-e-rodinei-se-valorizam-fora-e-flamengo-mira-janela-no-meio-do-ano\/#primaryimage"},"thumbnailUrl":"https:\/\/www.gaveanews.com\/wp-content\/uploads\/Rodinei-em-acao-com-o-uniforme-do-Flamengo.webp","datePublished":"2021-01-27T14:13:53+00:00","dateModified":"2021-08-12T03:49:44+00:00","author":{"@id":"https:\/\/www.gaveanews.com\/#\/schema\/person\/714c67050b836198af2450ba1c142a67"},"description":"Sem espa\u00e7o no Flamengo, Priris da Motta e Rodinei valorizam em seus empr\u00e9stimos e gerar\u00e3o lucro na janela de transfer\u00eancia do meio de 2021.","breadcrumb":{"@id":"https:\/\/www.gaveanews.com\/index.php\/2021\/01\/27\/piris-e-rodinei-se-valorizam-fora-e-flamengo-mira-janela-no-meio-do-ano\/#breadcrumb"},"inLanguage":"pt-BR","potentialAction":[{"@type":"ReadAction","target":["https:\/\/www.gaveanews.com\/index.php\/2021\/01\/27\/piris-e-rodinei-se-valorizam-fora-e-flamengo-mira-janela-no-meio-do-ano\/"]}]},{"@type":"ImageObject","inLanguage":"pt-BR","@id":"https:\/\/www.gaveanews.com\/index.php\/2021\/01\/27\/piris-e-rodinei-se-valorizam-fora-e-flamengo-mira-janela-no-meio-do-ano\/#primaryimage","url":"https:\/\/www.gaveanews.com\/wp-content\/uploads\/Rodinei-em-acao-com-o-uniforme-do-Flamengo.webp","contentUrl":"https:\/\/www.gaveanews.com\/wp-content\/uploads\/Rodinei-em-acao-com-o-uniforme-do-Flamengo.webp","caption":"Rodinei em a\u00e7\u00e3o com o uniforme do Flamengo (Foto: Alexandre Vidal\/Flamengo)"},{"@type":"BreadcrumbList","@id":"https:\/\/www.gaveanews.com\/index.php\/2021\/01\/27\/piris-e-rodinei-se-valorizam-fora-e-flamengo-mira-janela-no-meio-do-ano\/#breadcrumb","itemListElement":[{"@type":"ListItem","position":1,"name":"Home","item":"https:\/\/www.gaveanews.com\/"},{"@type":"ListItem","position":2,"name":"Piris e Rodinei se valorizam fora, e Flamengo mira janela no meio do ano"}]},{"@type":"WebSite","@id":"https:\/\/www.gaveanews.com\/#website","url":"https:\/\/www.gaveanews.com\/","name":"G\u00e1vea News","description":"Veja todas as not\u00edcias sobre o Flamengo: Contrata\u00e7\u00f5es, categorias de base, resultados das partidas, tabela de classifica\u00e7\u00e3o, pr\u00f3ximos jogos!","potentialAction":[{"@type":"SearchAction","target":{"@type":"EntryPoint","urlTemplate":"https:\/\/www.gaveanews.com\/?s={search_term_string}"},"query-input":{"@type":"PropertyValueSpecification","valueRequired":true,"valueName":"search_term_string"}}],"inLanguage":"pt-BR"},{"@type":"Person","@id":"https:\/\/www.gaveanews.com\/#\/schema\/person\/714c67050b836198af2450ba1c142a67","name":"Let\u00edcia Gerheim","image":{"@type":"ImageObject","inLanguage":"pt-BR","@id":"https:\/\/www.gaveanews.com\/#\/schema\/person\/image\/","url":"https:\/\/secure.gravatar.com\/avatar\/60734739c50fcebfbac509e2a826ccd0ff405c019bc73aab9354f19ecad1dcb4?s=96&d=mm&r=g","contentUrl":"https:\/\/secure.gravatar.com\/avatar\/60734739c50fcebfbac509e2a826ccd0ff405c019bc73aab9354f19ecad1dcb4?s=96&d=mm&r=g","caption":"Let\u00edcia Gerheim"}}]}},"_links":{"self":[{"href":"https:\/\/www.gaveanews.com\/index.php\/wp-json\/wp\/v2\/posts\/55352","targetHints":{"allow":["GET"]}}],"collection":[{"href":"https:\/\/www.gaveanews.com\/index.php\/wp-json\/wp\/v2\/posts"}],"about":[{"href":"https:\/\/www.gaveanews.com\/index.php\/wp-json\/wp\/v2\/types\/post"}],"author":[{"embeddable":true,"href":"https:\/\/www.gaveanews.com\/index.php\/wp-json\/wp\/v2\/users\/4"}],"replies":[{"embeddable":true,"href":"https:\/\/www.gaveanews.com\/index.php\/wp-json\/wp\/v2\/comments?post=55352"}],"version-history":[{"count":0,"href":"https:\/\/www.gaveanews.com\/index.php\/wp-json\/wp\/v2\/posts\/55352\/revisions"}],"wp:featuredmedia":[{"embeddable":true,"href":"https:\/\/www.gaveanews.com\/index.php\/wp-json\/wp\/v2\/media\/28928"}],"wp:attachment":[{"href":"https:\/\/www.gaveanews.com\/index.php\/wp-json\/wp\/v2\/media?parent=55352"}],"wp:term":[{"taxonomy":"category","embeddable":true,"href":"https:\/\/www.gaveanews.com\/index.php\/wp-json\/wp\/v2\/categories?post=55352"},{"taxonomy":"post_tag","embeddable":true,"href":"https:\/\/www.gaveanews.com\/index.php\/wp-json\/wp\/v2\/tags?post=55352"}],"curies":[{"name":"wp","href":"https:\/\/api.w.org\/{rel}","templated":true}]}}