{"id":55354,"date":"2021-01-27T13:07:46","date_gmt":"2021-01-27T16:07:46","guid":{"rendered":"https:\/\/www.gaveanews.com\/?p=55354"},"modified":"2021-08-12T00:49:43","modified_gmt":"2021-08-12T03:49:43","slug":"confira-a-lista-de-relacionados-do-flamengo-para-enfrentar-o-gremio","status":"publish","type":"post","link":"https:\/\/www.gaveanews.com\/index.php\/2021\/01\/27\/confira-a-lista-de-relacionados-do-flamengo-para-enfrentar-o-gremio\/","title":{"rendered":"Confira a lista de relacionados do Flamengo para enfrentar o Gr\u00eamio"},"content":{"rendered":"\n<p>Nesta quinta-feira (28), o Flamengo confrontar\u00e1 o Gr\u00eamio em um duelo adiado da 23\u00aa rodada do Brasileir\u00e3o. A partida ocorrer\u00e1 \u00e0s 20h (hor\u00e1rio de Bras\u00edlia), na Arena do Gr\u00eamio, e a transmiss\u00e3o ser\u00e1 garantida pelo Premiere, que iniciar\u00e1 a cobertura do evento \u00e0s 19h50.<\/p>\n\n\n\n<p>Retornando de 3 jogos fora de casa, o Mais Querido teve poucos dias de treinamento para poder viajar para o sul do pa\u00eds. Mesmo com a agenda apertada, a equipe de Rog\u00e9rio Ceni optou por conceder um dia de folga para os jogadores, que se reapresentaram ao Ninho do Urubu na \u00faltima ter\u00e7a-feira (26), ap\u00f3s ter perdido para o Athletico no domingo (24).<\/p>\n\n\n\n<p>Para vencer o tricolor ga\u00facho, o grupo precisar\u00e1 corrigir os erros cometidos contra o Furac\u00e3o e ir a campo com confian\u00e7a na reconquista do t\u00edtulo. Neste compromisso, o treinador do time ter\u00e1 como refor\u00e7o o retorno de Bruno Henrique e Ren\u00ea, que cumpriram suspens\u00e3o contra o Athletico pelo excesso de cart\u00f5es amarelos.<\/p>\n\n\n\n<p>A equipe, no entanto, ainda n\u00e3o poder\u00e1 contar com Rodrigo Caio e Diego Alves. Ambos permanecem em tratamento de suas respectivas les\u00f5es com o Departamento M\u00e9dico e n\u00e3o possuem data certa para voltar \u00e0s atividades coletivas. Al\u00e9m desta quest\u00e3o, Ceni tamb\u00e9m precisar\u00e1 ter um pouco mais de cautela com os jogadores que est\u00e3o pendurados, para que o time n\u00e3o tenha mais nenhum desfalque contra o Sport.<\/p>\n\n\n\n<h2 class=\"wp-block-heading\" id=\"h-confira-a-lista-de-relacionados-pelo-flamengo\">Confira a lista de relacionados pelo Flamengo:<\/h2>\n\n\n\n<ul class=\"wp-block-list\"><li><strong>Goleiros:<\/strong> C\u00e9sar, Gabriel, Hugo<\/li><li><strong>Zagueiros: <\/strong>Gustavo Henrique, L\u00e9o Pereira, Natan, <\/li><li><strong>Laterais:<\/strong> Filipe Lu\u00eds, Isla, Jo\u00e3o Lucas, Matheuzinho, Ren\u00ea<\/li><li><strong>Meio-campistas:<\/strong> De Arrascaeta, Diego, Everton, Gerson, Gomes, Pepe, Ar\u00e3o<\/li><li><strong>Atacantes:<\/strong> Bruno Henrique, Gabi, Michael, Pedro, Vitinho, Muniz<\/li><\/ul>\n","protected":false},"excerpt":{"rendered":"<p>Nesta quinta-feira (28), o Flamengo confrontar\u00e1 o Gr\u00eamio em um duelo adiado da 23\u00aa rodada do Brasileir\u00e3o. A partida ocorrer\u00e1 \u00e0s 20h (hor\u00e1rio de Bras\u00edlia), na Arena do Gr\u00eamio, e a transmiss\u00e3o ser\u00e1 garantida pelo Premiere, que iniciar\u00e1 a cobertura do evento \u00e0s 19h50. Retornando de 3 jogos fora de casa, o Mais Querido teve [&hellip;]<\/p>\n","protected":false},"author":4,"featured_media":55115,"comment_status":"open","ping_status":"closed","sticky":false,"template":"","format":"standard","meta":{"footnotes":""},"categories":[1],"tags":[],"class_list":["post-55354","post","type-post","status-publish","format-standard","has-post-thumbnail","hentry","category-flamengo"],"yoast_head":"<!-- This site is optimized with the Yoast SEO Premium plugin v24.2 (Yoast SEO v26.9) - https:\/\/yoast.com\/product\/yoast-seo-premium-wordpress\/ -->\n<title>Confira a lista de relacionados do Flamengo para enfrentar o Gr\u00eamio<\/title>\n<meta name=\"description\" content=\"A partida ocorrer\u00e1 \u00e0s 20h, na Arena do Gr\u00eamio, e a transmiss\u00e3o ser\u00e1 garantida pelo Premiere, que iniciar\u00e1 a cobertura do evento \u00e0s 19h50.\" \/>\n<meta name=\"robots\" content=\"index, follow, max-snippet:-1, max-image-preview:large, max-video-preview:-1\" \/>\n<link rel=\"canonical\" href=\"https:\/\/www.gaveanews.com\/index.php\/2021\/01\/27\/confira-a-lista-de-relacionados-do-flamengo-para-enfrentar-o-gremio\/\" \/>\n<meta property=\"og:locale\" content=\"pt_BR\" \/>\n<meta property=\"og:type\" content=\"article\" \/>\n<meta property=\"og:title\" content=\"Confira a lista de relacionados do Flamengo para enfrentar o Gr\u00eamio\" \/>\n<meta property=\"og:description\" content=\"A partida ocorrer\u00e1 \u00e0s 20h, na Arena do Gr\u00eamio, e a transmiss\u00e3o ser\u00e1 garantida pelo Premiere, que iniciar\u00e1 a cobertura do evento \u00e0s 19h50.\" \/>\n<meta property=\"og:url\" content=\"https:\/\/www.gaveanews.com\/index.php\/2021\/01\/27\/confira-a-lista-de-relacionados-do-flamengo-para-enfrentar-o-gremio\/\" \/>\n<meta property=\"og:site_name\" content=\"G\u00e1vea News\" \/>\n<meta property=\"article:publisher\" content=\"https:\/\/facebook.com\/gaveaNews\/\" \/>\n<meta property=\"article:published_time\" content=\"2021-01-27T16:07:46+00:00\" \/>\n<meta property=\"article:modified_time\" content=\"2021-08-12T03:49:43+00:00\" \/>\n<meta property=\"og:image\" content=\"https:\/\/www.gaveanews.com\/wp-content\/uploads\/Bruno-Henrique-em-acao-pelo-Flamengo-durante-a-partida-contra-o-Palmeiras-no-Campeonato-Brasileiro-de-2020.webp\" \/>\n\t<meta property=\"og:image:width\" content=\"799\" \/>\n\t<meta property=\"og:image:height\" content=\"532\" \/>\n\t<meta property=\"og:image:type\" content=\"image\/jpeg\" \/>\n<meta name=\"author\" content=\"Let\u00edcia Gerheim\" \/>\n<meta name=\"twitter:card\" content=\"summary_large_image\" \/>\n<meta name=\"twitter:label1\" content=\"Escrito por\" \/>\n\t<meta name=\"twitter:data1\" content=\"Let\u00edcia Gerheim\" \/>\n\t<meta name=\"twitter:label2\" content=\"Est. tempo de leitura\" \/>\n\t<meta name=\"twitter:data2\" content=\"1 minuto\" \/>\n<script type=\"application\/ld+json\" class=\"yoast-schema-graph\">{\"@context\":\"https:\/\/schema.org\",\"@graph\":[{\"@type\":\"NewsArticle\",\"@id\":\"https:\/\/www.gaveanews.com\/index.php\/2021\/01\/27\/confira-a-lista-de-relacionados-do-flamengo-para-enfrentar-o-gremio\/#article\",\"isPartOf\":{\"@id\":\"https:\/\/www.gaveanews.com\/index.php\/2021\/01\/27\/confira-a-lista-de-relacionados-do-flamengo-para-enfrentar-o-gremio\/\"},\"author\":{\"name\":\"Let\u00edcia Gerheim\",\"@id\":\"https:\/\/www.gaveanews.com\/#\/schema\/person\/714c67050b836198af2450ba1c142a67\"},\"headline\":\"Confira a lista de relacionados do Flamengo para enfrentar o Gr\u00eamio\",\"datePublished\":\"2021-01-27T16:07:46+00:00\",\"dateModified\":\"2021-08-12T03:49:43+00:00\",\"mainEntityOfPage\":{\"@id\":\"https:\/\/www.gaveanews.com\/index.php\/2021\/01\/27\/confira-a-lista-de-relacionados-do-flamengo-para-enfrentar-o-gremio\/\"},\"wordCount\":305,\"commentCount\":32,\"image\":{\"@id\":\"https:\/\/www.gaveanews.com\/index.php\/2021\/01\/27\/confira-a-lista-de-relacionados-do-flamengo-para-enfrentar-o-gremio\/#primaryimage\"},\"thumbnailUrl\":\"https:\/\/www.gaveanews.com\/wp-content\/uploads\/Bruno-Henrique-em-acao-pelo-Flamengo-durante-a-partida-contra-o-Palmeiras-no-Campeonato-Brasileiro-de-2020.webp\",\"articleSection\":[\"Flamengo\"],\"inLanguage\":\"pt-BR\",\"potentialAction\":[{\"@type\":\"CommentAction\",\"name\":\"Comment\",\"target\":[\"https:\/\/www.gaveanews.com\/index.php\/2021\/01\/27\/confira-a-lista-de-relacionados-do-flamengo-para-enfrentar-o-gremio\/#respond\"]}],\"copyrightYear\":\"2021\",\"copyrightHolder\":{\"@id\":\"https:\/\/www.gaveanews.com\/#organization\"}},{\"@type\":\"WebPage\",\"@id\":\"https:\/\/www.gaveanews.com\/index.php\/2021\/01\/27\/confira-a-lista-de-relacionados-do-flamengo-para-enfrentar-o-gremio\/\",\"url\":\"https:\/\/www.gaveanews.com\/index.php\/2021\/01\/27\/confira-a-lista-de-relacionados-do-flamengo-para-enfrentar-o-gremio\/\",\"name\":\"Confira a lista de relacionados do Flamengo para enfrentar o Gr\u00eamio\",\"isPartOf\":{\"@id\":\"https:\/\/www.gaveanews.com\/#website\"},\"primaryImageOfPage\":{\"@id\":\"https:\/\/www.gaveanews.com\/index.php\/2021\/01\/27\/confira-a-lista-de-relacionados-do-flamengo-para-enfrentar-o-gremio\/#primaryimage\"},\"image\":{\"@id\":\"https:\/\/www.gaveanews.com\/index.php\/2021\/01\/27\/confira-a-lista-de-relacionados-do-flamengo-para-enfrentar-o-gremio\/#primaryimage\"},\"thumbnailUrl\":\"https:\/\/www.gaveanews.com\/wp-content\/uploads\/Bruno-Henrique-em-acao-pelo-Flamengo-durante-a-partida-contra-o-Palmeiras-no-Campeonato-Brasileiro-de-2020.webp\",\"datePublished\":\"2021-01-27T16:07:46+00:00\",\"dateModified\":\"2021-08-12T03:49:43+00:00\",\"author\":{\"@id\":\"https:\/\/www.gaveanews.com\/#\/schema\/person\/714c67050b836198af2450ba1c142a67\"},\"description\":\"A partida ocorrer\u00e1 \u00e0s 20h, na Arena do Gr\u00eamio, e a transmiss\u00e3o ser\u00e1 garantida pelo Premiere, que iniciar\u00e1 a cobertura do evento \u00e0s 19h50.\",\"breadcrumb\":{\"@id\":\"https:\/\/www.gaveanews.com\/index.php\/2021\/01\/27\/confira-a-lista-de-relacionados-do-flamengo-para-enfrentar-o-gremio\/#breadcrumb\"},\"inLanguage\":\"pt-BR\",\"potentialAction\":[{\"@type\":\"ReadAction\",\"target\":[\"https:\/\/www.gaveanews.com\/index.php\/2021\/01\/27\/confira-a-lista-de-relacionados-do-flamengo-para-enfrentar-o-gremio\/\"]}]},{\"@type\":\"ImageObject\",\"inLanguage\":\"pt-BR\",\"@id\":\"https:\/\/www.gaveanews.com\/index.php\/2021\/01\/27\/confira-a-lista-de-relacionados-do-flamengo-para-enfrentar-o-gremio\/#primaryimage\",\"url\":\"https:\/\/www.gaveanews.com\/wp-content\/uploads\/Bruno-Henrique-em-acao-pelo-Flamengo-durante-a-partida-contra-o-Palmeiras-no-Campeonato-Brasileiro-de-2020.webp\",\"contentUrl\":\"https:\/\/www.gaveanews.com\/wp-content\/uploads\/Bruno-Henrique-em-acao-pelo-Flamengo-durante-a-partida-contra-o-Palmeiras-no-Campeonato-Brasileiro-de-2020.webp\",\"width\":799,\"height\":532,\"caption\":\"Bruno Henrique em a\u00e7\u00e3o pelo Flamengo durante a partida contra o Palmeiras no Campeonato Brasileiro de 2020 (Foto: Alexandre Vidal\/Flamengo)\"},{\"@type\":\"BreadcrumbList\",\"@id\":\"https:\/\/www.gaveanews.com\/index.php\/2021\/01\/27\/confira-a-lista-de-relacionados-do-flamengo-para-enfrentar-o-gremio\/#breadcrumb\",\"itemListElement\":[{\"@type\":\"ListItem\",\"position\":1,\"name\":\"Home\",\"item\":\"https:\/\/www.gaveanews.com\/\"},{\"@type\":\"ListItem\",\"position\":2,\"name\":\"Confira a lista de relacionados do Flamengo para enfrentar o Gr\u00eamio\"}]},{\"@type\":\"WebSite\",\"@id\":\"https:\/\/www.gaveanews.com\/#website\",\"url\":\"https:\/\/www.gaveanews.com\/\",\"name\":\"G\u00e1vea News\",\"description\":\"Veja todas as not\u00edcias sobre o Flamengo: Contrata\u00e7\u00f5es, categorias de base, resultados das partidas, tabela de classifica\u00e7\u00e3o, pr\u00f3ximos jogos!\",\"potentialAction\":[{\"@type\":\"SearchAction\",\"target\":{\"@type\":\"EntryPoint\",\"urlTemplate\":\"https:\/\/www.gaveanews.com\/?s={search_term_string}\"},\"query-input\":{\"@type\":\"PropertyValueSpecification\",\"valueRequired\":true,\"valueName\":\"search_term_string\"}}],\"inLanguage\":\"pt-BR\"},{\"@type\":\"Person\",\"@id\":\"https:\/\/www.gaveanews.com\/#\/schema\/person\/714c67050b836198af2450ba1c142a67\",\"name\":\"Let\u00edcia Gerheim\",\"image\":{\"@type\":\"ImageObject\",\"inLanguage\":\"pt-BR\",\"@id\":\"https:\/\/www.gaveanews.com\/#\/schema\/person\/image\/\",\"url\":\"https:\/\/secure.gravatar.com\/avatar\/60734739c50fcebfbac509e2a826ccd0ff405c019bc73aab9354f19ecad1dcb4?s=96&d=mm&r=g\",\"contentUrl\":\"https:\/\/secure.gravatar.com\/avatar\/60734739c50fcebfbac509e2a826ccd0ff405c019bc73aab9354f19ecad1dcb4?s=96&d=mm&r=g\",\"caption\":\"Let\u00edcia Gerheim\"}}]}<\/script>\n<!-- \/ Yoast SEO Premium plugin. -->","yoast_head_json":{"title":"Confira a lista de relacionados do Flamengo para enfrentar o Gr\u00eamio","description":"A partida ocorrer\u00e1 \u00e0s 20h, na Arena do Gr\u00eamio, e a transmiss\u00e3o ser\u00e1 garantida pelo Premiere, que iniciar\u00e1 a cobertura do evento \u00e0s 19h50.","robots":{"index":"index","follow":"follow","max-snippet":"max-snippet:-1","max-image-preview":"max-image-preview:large","max-video-preview":"max-video-preview:-1"},"canonical":"https:\/\/www.gaveanews.com\/index.php\/2021\/01\/27\/confira-a-lista-de-relacionados-do-flamengo-para-enfrentar-o-gremio\/","og_locale":"pt_BR","og_type":"article","og_title":"Confira a lista de relacionados do Flamengo para enfrentar o Gr\u00eamio","og_description":"A partida ocorrer\u00e1 \u00e0s 20h, na Arena do Gr\u00eamio, e a transmiss\u00e3o ser\u00e1 garantida pelo Premiere, que iniciar\u00e1 a cobertura do evento \u00e0s 19h50.","og_url":"https:\/\/www.gaveanews.com\/index.php\/2021\/01\/27\/confira-a-lista-de-relacionados-do-flamengo-para-enfrentar-o-gremio\/","og_site_name":"G\u00e1vea News","article_publisher":"https:\/\/facebook.com\/gaveaNews\/","article_published_time":"2021-01-27T16:07:46+00:00","article_modified_time":"2021-08-12T03:49:43+00:00","og_image":[{"width":799,"height":532,"url":"https:\/\/www.gaveanews.com\/wp-content\/uploads\/Bruno-Henrique-em-acao-pelo-Flamengo-durante-a-partida-contra-o-Palmeiras-no-Campeonato-Brasileiro-de-2020.webp","type":"image\/jpeg"}],"author":"Let\u00edcia Gerheim","twitter_card":"summary_large_image","twitter_misc":{"Escrito por":"Let\u00edcia Gerheim","Est. tempo de leitura":"1 minuto"},"schema":{"@context":"https:\/\/schema.org","@graph":[{"@type":"NewsArticle","@id":"https:\/\/www.gaveanews.com\/index.php\/2021\/01\/27\/confira-a-lista-de-relacionados-do-flamengo-para-enfrentar-o-gremio\/#article","isPartOf":{"@id":"https:\/\/www.gaveanews.com\/index.php\/2021\/01\/27\/confira-a-lista-de-relacionados-do-flamengo-para-enfrentar-o-gremio\/"},"author":{"name":"Let\u00edcia Gerheim","@id":"https:\/\/www.gaveanews.com\/#\/schema\/person\/714c67050b836198af2450ba1c142a67"},"headline":"Confira a lista de relacionados do Flamengo para enfrentar o Gr\u00eamio","datePublished":"2021-01-27T16:07:46+00:00","dateModified":"2021-08-12T03:49:43+00:00","mainEntityOfPage":{"@id":"https:\/\/www.gaveanews.com\/index.php\/2021\/01\/27\/confira-a-lista-de-relacionados-do-flamengo-para-enfrentar-o-gremio\/"},"wordCount":305,"commentCount":32,"image":{"@id":"https:\/\/www.gaveanews.com\/index.php\/2021\/01\/27\/confira-a-lista-de-relacionados-do-flamengo-para-enfrentar-o-gremio\/#primaryimage"},"thumbnailUrl":"https:\/\/www.gaveanews.com\/wp-content\/uploads\/Bruno-Henrique-em-acao-pelo-Flamengo-durante-a-partida-contra-o-Palmeiras-no-Campeonato-Brasileiro-de-2020.webp","articleSection":["Flamengo"],"inLanguage":"pt-BR","potentialAction":[{"@type":"CommentAction","name":"Comment","target":["https:\/\/www.gaveanews.com\/index.php\/2021\/01\/27\/confira-a-lista-de-relacionados-do-flamengo-para-enfrentar-o-gremio\/#respond"]}],"copyrightYear":"2021","copyrightHolder":{"@id":"https:\/\/www.gaveanews.com\/#organization"}},{"@type":"WebPage","@id":"https:\/\/www.gaveanews.com\/index.php\/2021\/01\/27\/confira-a-lista-de-relacionados-do-flamengo-para-enfrentar-o-gremio\/","url":"https:\/\/www.gaveanews.com\/index.php\/2021\/01\/27\/confira-a-lista-de-relacionados-do-flamengo-para-enfrentar-o-gremio\/","name":"Confira a lista de relacionados do Flamengo para enfrentar o Gr\u00eamio","isPartOf":{"@id":"https:\/\/www.gaveanews.com\/#website"},"primaryImageOfPage":{"@id":"https:\/\/www.gaveanews.com\/index.php\/2021\/01\/27\/confira-a-lista-de-relacionados-do-flamengo-para-enfrentar-o-gremio\/#primaryimage"},"image":{"@id":"https:\/\/www.gaveanews.com\/index.php\/2021\/01\/27\/confira-a-lista-de-relacionados-do-flamengo-para-enfrentar-o-gremio\/#primaryimage"},"thumbnailUrl":"https:\/\/www.gaveanews.com\/wp-content\/uploads\/Bruno-Henrique-em-acao-pelo-Flamengo-durante-a-partida-contra-o-Palmeiras-no-Campeonato-Brasileiro-de-2020.webp","datePublished":"2021-01-27T16:07:46+00:00","dateModified":"2021-08-12T03:49:43+00:00","author":{"@id":"https:\/\/www.gaveanews.com\/#\/schema\/person\/714c67050b836198af2450ba1c142a67"},"description":"A partida ocorrer\u00e1 \u00e0s 20h, na Arena do Gr\u00eamio, e a transmiss\u00e3o ser\u00e1 garantida pelo Premiere, que iniciar\u00e1 a cobertura do evento \u00e0s 19h50.","breadcrumb":{"@id":"https:\/\/www.gaveanews.com\/index.php\/2021\/01\/27\/confira-a-lista-de-relacionados-do-flamengo-para-enfrentar-o-gremio\/#breadcrumb"},"inLanguage":"pt-BR","potentialAction":[{"@type":"ReadAction","target":["https:\/\/www.gaveanews.com\/index.php\/2021\/01\/27\/confira-a-lista-de-relacionados-do-flamengo-para-enfrentar-o-gremio\/"]}]},{"@type":"ImageObject","inLanguage":"pt-BR","@id":"https:\/\/www.gaveanews.com\/index.php\/2021\/01\/27\/confira-a-lista-de-relacionados-do-flamengo-para-enfrentar-o-gremio\/#primaryimage","url":"https:\/\/www.gaveanews.com\/wp-content\/uploads\/Bruno-Henrique-em-acao-pelo-Flamengo-durante-a-partida-contra-o-Palmeiras-no-Campeonato-Brasileiro-de-2020.webp","contentUrl":"https:\/\/www.gaveanews.com\/wp-content\/uploads\/Bruno-Henrique-em-acao-pelo-Flamengo-durante-a-partida-contra-o-Palmeiras-no-Campeonato-Brasileiro-de-2020.webp","width":799,"height":532,"caption":"Bruno Henrique em a\u00e7\u00e3o pelo Flamengo durante a partida contra o Palmeiras no Campeonato Brasileiro de 2020 (Foto: Alexandre Vidal\/Flamengo)"},{"@type":"BreadcrumbList","@id":"https:\/\/www.gaveanews.com\/index.php\/2021\/01\/27\/confira-a-lista-de-relacionados-do-flamengo-para-enfrentar-o-gremio\/#breadcrumb","itemListElement":[{"@type":"ListItem","position":1,"name":"Home","item":"https:\/\/www.gaveanews.com\/"},{"@type":"ListItem","position":2,"name":"Confira a lista de relacionados do Flamengo para enfrentar o Gr\u00eamio"}]},{"@type":"WebSite","@id":"https:\/\/www.gaveanews.com\/#website","url":"https:\/\/www.gaveanews.com\/","name":"G\u00e1vea News","description":"Veja todas as not\u00edcias sobre o Flamengo: Contrata\u00e7\u00f5es, categorias de base, resultados das partidas, tabela de classifica\u00e7\u00e3o, pr\u00f3ximos jogos!","potentialAction":[{"@type":"SearchAction","target":{"@type":"EntryPoint","urlTemplate":"https:\/\/www.gaveanews.com\/?s={search_term_string}"},"query-input":{"@type":"PropertyValueSpecification","valueRequired":true,"valueName":"search_term_string"}}],"inLanguage":"pt-BR"},{"@type":"Person","@id":"https:\/\/www.gaveanews.com\/#\/schema\/person\/714c67050b836198af2450ba1c142a67","name":"Let\u00edcia Gerheim","image":{"@type":"ImageObject","inLanguage":"pt-BR","@id":"https:\/\/www.gaveanews.com\/#\/schema\/person\/image\/","url":"https:\/\/secure.gravatar.com\/avatar\/60734739c50fcebfbac509e2a826ccd0ff405c019bc73aab9354f19ecad1dcb4?s=96&d=mm&r=g","contentUrl":"https:\/\/secure.gravatar.com\/avatar\/60734739c50fcebfbac509e2a826ccd0ff405c019bc73aab9354f19ecad1dcb4?s=96&d=mm&r=g","caption":"Let\u00edcia Gerheim"}}]}},"_links":{"self":[{"href":"https:\/\/www.gaveanews.com\/index.php\/wp-json\/wp\/v2\/posts\/55354","targetHints":{"allow":["GET"]}}],"collection":[{"href":"https:\/\/www.gaveanews.com\/index.php\/wp-json\/wp\/v2\/posts"}],"about":[{"href":"https:\/\/www.gaveanews.com\/index.php\/wp-json\/wp\/v2\/types\/post"}],"author":[{"embeddable":true,"href":"https:\/\/www.gaveanews.com\/index.php\/wp-json\/wp\/v2\/users\/4"}],"replies":[{"embeddable":true,"href":"https:\/\/www.gaveanews.com\/index.php\/wp-json\/wp\/v2\/comments?post=55354"}],"version-history":[{"count":0,"href":"https:\/\/www.gaveanews.com\/index.php\/wp-json\/wp\/v2\/posts\/55354\/revisions"}],"wp:featuredmedia":[{"embeddable":true,"href":"https:\/\/www.gaveanews.com\/index.php\/wp-json\/wp\/v2\/media\/55115"}],"wp:attachment":[{"href":"https:\/\/www.gaveanews.com\/index.php\/wp-json\/wp\/v2\/media?parent=55354"}],"wp:term":[{"taxonomy":"category","embeddable":true,"href":"https:\/\/www.gaveanews.com\/index.php\/wp-json\/wp\/v2\/categories?post=55354"},{"taxonomy":"post_tag","embeddable":true,"href":"https:\/\/www.gaveanews.com\/index.php\/wp-json\/wp\/v2\/tags?post=55354"}],"curies":[{"name":"wp","href":"https:\/\/api.w.org\/{rel}","templated":true}]}}