{"id":55366,"date":"2021-01-27T15:00:18","date_gmt":"2021-01-27T18:00:18","guid":{"rendered":"https:\/\/www.gaveanews.com\/?p=55366"},"modified":"2021-01-27T15:00:31","modified_gmt":"2021-01-27T18:00:31","slug":"flamengo-finalmente-fecha-acordo-para-rescisao-de-domenec","status":"publish","type":"post","link":"https:\/\/www.gaveanews.com\/index.php\/2021\/01\/27\/flamengo-finalmente-fecha-acordo-para-rescisao-de-domenec\/","title":{"rendered":"Flamengo finalmente fecha acordo para rescis\u00e3o de Dom\u00e9nec"},"content":{"rendered":"\n<p>Ap\u00f3s quase tr\u00eas meses de sua sa\u00edda do Flamengo, o t\u00e9cnico&nbsp;Dom\u00e9nec Torrent e o clube chegaram a um acordo pela rescis\u00e3o de contrato. A informa\u00e7\u00e3o \u00e9 do jornal Extra.<\/p>\n\n\n\n<p>O Fla vai pagar a multa de&nbsp;R$ 11 milh\u00f5es por ter demitido o treinador espanhol em novembro do ano passado. As tratativas demoraram devido o t\u00e9cnico, que n\u00e3o aceitou as ofertas apresentadas pelo clube.<\/p>\n\n\n\n<p><em>\u201cO Flamengo queria pagar parte relativa aos direitos de imagem no ato da rescis\u00e3o e o que estava na carteira de trabalho ao longo do tempo do contrato, que ia at\u00e9 janeiro de 2022\u201d<\/em>, diz o jornal.<\/p>\n\n\n\n<p>Dome comandou a equipe do Flamengo em 26 jogos, com 15 vit\u00f3ria, cinco empates e seis derrotas. Ele saiu com um aproveitamento de&nbsp;63,8%.<\/p>\n\n\n\n<p>O espanhol n\u00e3o permaneceu no clube ap\u00f3s duas goleadas pelo Campeonato Brasileiro, contra o S\u00e3o Paulo e Atl\u00e9tico-MG.<\/p>\n\n\n\n<p>Retirado de: Torcedores<\/p>\n","protected":false},"excerpt":{"rendered":"<p>Ap\u00f3s quase tr\u00eas meses de sua sa\u00edda do Flamengo, o t\u00e9cnico&nbsp;Dom\u00e9nec Torrent e o clube chegaram a um acordo pela rescis\u00e3o de contrato. A informa\u00e7\u00e3o \u00e9 do jornal Extra. O Fla vai pagar a multa de&nbsp;R$ 11 milh\u00f5es por ter demitido o treinador espanhol em novembro do ano passado. As tratativas demoraram devido o t\u00e9cnico, [&hellip;]<\/p>\n","protected":false},"author":1,"featured_media":47314,"comment_status":"open","ping_status":"closed","sticky":false,"template":"","format":"standard","meta":{"footnotes":""},"categories":[47],"tags":[],"class_list":["post-55366","post","type-post","status-publish","format-standard","has-post-thumbnail","hentry","category-destaques"],"yoast_head":"<!-- This site is optimized with the Yoast SEO Premium plugin v24.2 (Yoast SEO v26.9) - https:\/\/yoast.com\/product\/yoast-seo-premium-wordpress\/ -->\n<title>Flamengo finalmente fecha acordo para rescis\u00e3o de Dom\u00e9nec<\/title>\n<meta name=\"description\" content=\"Ap\u00f3s quase tr\u00eas meses de sua sa\u00edda do Flamengo, o t\u00e9cnico Dom\u00e9nec Torrent e o clube chegaram a um acordo pela rescis\u00e3o.\" \/>\n<meta name=\"robots\" content=\"index, follow, max-snippet:-1, max-image-preview:large, max-video-preview:-1\" \/>\n<link rel=\"canonical\" href=\"https:\/\/www.gaveanews.com\/index.php\/2021\/01\/27\/flamengo-finalmente-fecha-acordo-para-rescisao-de-domenec\/\" \/>\n<meta property=\"og:locale\" content=\"pt_BR\" \/>\n<meta property=\"og:type\" content=\"article\" \/>\n<meta property=\"og:title\" content=\"Flamengo finalmente fecha acordo para rescis\u00e3o de Dom\u00e9nec\" \/>\n<meta property=\"og:description\" content=\"Ap\u00f3s quase tr\u00eas meses de sua sa\u00edda do Flamengo, o t\u00e9cnico Dom\u00e9nec Torrent e o clube chegaram a um acordo pela rescis\u00e3o.\" \/>\n<meta property=\"og:url\" content=\"https:\/\/www.gaveanews.com\/index.php\/2021\/01\/27\/flamengo-finalmente-fecha-acordo-para-rescisao-de-domenec\/\" \/>\n<meta property=\"og:site_name\" content=\"G\u00e1vea News\" \/>\n<meta property=\"article:publisher\" content=\"https:\/\/facebook.com\/gaveaNews\/\" \/>\n<meta property=\"article:published_time\" content=\"2021-01-27T18:00:18+00:00\" \/>\n<meta property=\"article:modified_time\" content=\"2021-01-27T18:00:31+00:00\" \/>\n<meta property=\"og:image\" content=\"https:\/\/www.gaveanews.com\/wp-content\/uploads\/Domenec-Torrent-orienta-jogadores-do-Flamengo-no-Castelao.webp\" \/>\n\t<meta property=\"og:image:width\" content=\"799\" \/>\n\t<meta property=\"og:image:height\" content=\"532\" \/>\n\t<meta property=\"og:image:type\" content=\"image\/jpeg\" \/>\n<meta name=\"author\" content=\"Equipe G\u00e1vea News\" \/>\n<meta name=\"twitter:card\" content=\"summary_large_image\" \/>\n<meta name=\"twitter:label1\" content=\"Escrito por\" \/>\n\t<meta name=\"twitter:data1\" content=\"Equipe G\u00e1vea News\" \/>\n\t<meta name=\"twitter:label2\" content=\"Est. tempo de leitura\" \/>\n\t<meta name=\"twitter:data2\" content=\"1 minuto\" \/>\n<script type=\"application\/ld+json\" class=\"yoast-schema-graph\">{\"@context\":\"https:\/\/schema.org\",\"@graph\":[{\"@type\":\"NewsArticle\",\"@id\":\"https:\/\/www.gaveanews.com\/index.php\/2021\/01\/27\/flamengo-finalmente-fecha-acordo-para-rescisao-de-domenec\/#article\",\"isPartOf\":{\"@id\":\"https:\/\/www.gaveanews.com\/index.php\/2021\/01\/27\/flamengo-finalmente-fecha-acordo-para-rescisao-de-domenec\/\"},\"author\":{\"name\":\"Equipe G\u00e1vea News\",\"@id\":\"https:\/\/www.gaveanews.com\/#\/schema\/person\/2ec14f73fb96be2caf28f91afb14749d\"},\"headline\":\"Flamengo finalmente fecha acordo para rescis\u00e3o de Dom\u00e9nec\",\"datePublished\":\"2021-01-27T18:00:18+00:00\",\"dateModified\":\"2021-01-27T18:00:31+00:00\",\"mainEntityOfPage\":{\"@id\":\"https:\/\/www.gaveanews.com\/index.php\/2021\/01\/27\/flamengo-finalmente-fecha-acordo-para-rescisao-de-domenec\/\"},\"wordCount\":170,\"commentCount\":20,\"image\":{\"@id\":\"https:\/\/www.gaveanews.com\/index.php\/2021\/01\/27\/flamengo-finalmente-fecha-acordo-para-rescisao-de-domenec\/#primaryimage\"},\"thumbnailUrl\":\"https:\/\/www.gaveanews.com\/wp-content\/uploads\/Domenec-Torrent-orienta-jogadores-do-Flamengo-no-Castelao.webp\",\"articleSection\":[\"Destaques\"],\"inLanguage\":\"pt-BR\",\"potentialAction\":[{\"@type\":\"CommentAction\",\"name\":\"Comment\",\"target\":[\"https:\/\/www.gaveanews.com\/index.php\/2021\/01\/27\/flamengo-finalmente-fecha-acordo-para-rescisao-de-domenec\/#respond\"]}],\"copyrightYear\":\"2021\",\"copyrightHolder\":{\"@id\":\"https:\/\/www.gaveanews.com\/#organization\"}},{\"@type\":\"WebPage\",\"@id\":\"https:\/\/www.gaveanews.com\/index.php\/2021\/01\/27\/flamengo-finalmente-fecha-acordo-para-rescisao-de-domenec\/\",\"url\":\"https:\/\/www.gaveanews.com\/index.php\/2021\/01\/27\/flamengo-finalmente-fecha-acordo-para-rescisao-de-domenec\/\",\"name\":\"Flamengo finalmente fecha acordo para rescis\u00e3o de Dom\u00e9nec\",\"isPartOf\":{\"@id\":\"https:\/\/www.gaveanews.com\/#website\"},\"primaryImageOfPage\":{\"@id\":\"https:\/\/www.gaveanews.com\/index.php\/2021\/01\/27\/flamengo-finalmente-fecha-acordo-para-rescisao-de-domenec\/#primaryimage\"},\"image\":{\"@id\":\"https:\/\/www.gaveanews.com\/index.php\/2021\/01\/27\/flamengo-finalmente-fecha-acordo-para-rescisao-de-domenec\/#primaryimage\"},\"thumbnailUrl\":\"https:\/\/www.gaveanews.com\/wp-content\/uploads\/Domenec-Torrent-orienta-jogadores-do-Flamengo-no-Castelao.webp\",\"datePublished\":\"2021-01-27T18:00:18+00:00\",\"dateModified\":\"2021-01-27T18:00:31+00:00\",\"author\":{\"@id\":\"https:\/\/www.gaveanews.com\/#\/schema\/person\/2ec14f73fb96be2caf28f91afb14749d\"},\"description\":\"Ap\u00f3s quase tr\u00eas meses de sua sa\u00edda do Flamengo, o t\u00e9cnico Dom\u00e9nec Torrent e o clube chegaram a um acordo pela rescis\u00e3o.\",\"breadcrumb\":{\"@id\":\"https:\/\/www.gaveanews.com\/index.php\/2021\/01\/27\/flamengo-finalmente-fecha-acordo-para-rescisao-de-domenec\/#breadcrumb\"},\"inLanguage\":\"pt-BR\",\"potentialAction\":[{\"@type\":\"ReadAction\",\"target\":[\"https:\/\/www.gaveanews.com\/index.php\/2021\/01\/27\/flamengo-finalmente-fecha-acordo-para-rescisao-de-domenec\/\"]}]},{\"@type\":\"ImageObject\",\"inLanguage\":\"pt-BR\",\"@id\":\"https:\/\/www.gaveanews.com\/index.php\/2021\/01\/27\/flamengo-finalmente-fecha-acordo-para-rescisao-de-domenec\/#primaryimage\",\"url\":\"https:\/\/www.gaveanews.com\/wp-content\/uploads\/Domenec-Torrent-orienta-jogadores-do-Flamengo-no-Castelao.webp\",\"contentUrl\":\"https:\/\/www.gaveanews.com\/wp-content\/uploads\/Domenec-Torrent-orienta-jogadores-do-Flamengo-no-Castelao.webp\",\"width\":799,\"height\":532,\"caption\":\"Dom\u00e8nec Torrent orienta jogadores do Flamengo no Castel\u00e3o (Foto: Alexandre Vidal\/Flamengo)\"},{\"@type\":\"BreadcrumbList\",\"@id\":\"https:\/\/www.gaveanews.com\/index.php\/2021\/01\/27\/flamengo-finalmente-fecha-acordo-para-rescisao-de-domenec\/#breadcrumb\",\"itemListElement\":[{\"@type\":\"ListItem\",\"position\":1,\"name\":\"Home\",\"item\":\"https:\/\/www.gaveanews.com\/\"},{\"@type\":\"ListItem\",\"position\":2,\"name\":\"Flamengo finalmente fecha acordo para rescis\u00e3o de Dom\u00e9nec\"}]},{\"@type\":\"WebSite\",\"@id\":\"https:\/\/www.gaveanews.com\/#website\",\"url\":\"https:\/\/www.gaveanews.com\/\",\"name\":\"G\u00e1vea News\",\"description\":\"Veja todas as not\u00edcias sobre o Flamengo: Contrata\u00e7\u00f5es, categorias de base, resultados das partidas, tabela de classifica\u00e7\u00e3o, pr\u00f3ximos jogos!\",\"potentialAction\":[{\"@type\":\"SearchAction\",\"target\":{\"@type\":\"EntryPoint\",\"urlTemplate\":\"https:\/\/www.gaveanews.com\/?s={search_term_string}\"},\"query-input\":{\"@type\":\"PropertyValueSpecification\",\"valueRequired\":true,\"valueName\":\"search_term_string\"}}],\"inLanguage\":\"pt-BR\"},{\"@type\":\"Person\",\"@id\":\"https:\/\/www.gaveanews.com\/#\/schema\/person\/2ec14f73fb96be2caf28f91afb14749d\",\"name\":\"Equipe G\u00e1vea News\",\"image\":{\"@type\":\"ImageObject\",\"inLanguage\":\"pt-BR\",\"@id\":\"https:\/\/www.gaveanews.com\/#\/schema\/person\/image\/\",\"url\":\"https:\/\/secure.gravatar.com\/avatar\/1e1956f1facbffd3f8fa53a326721950116b3b9dc9bd44939c01180fd4a745a9?s=96&d=mm&r=g\",\"contentUrl\":\"https:\/\/secure.gravatar.com\/avatar\/1e1956f1facbffd3f8fa53a326721950116b3b9dc9bd44939c01180fd4a745a9?s=96&d=mm&r=g\",\"caption\":\"Equipe G\u00e1vea News\"}}]}<\/script>\n<!-- \/ Yoast SEO Premium plugin. -->","yoast_head_json":{"title":"Flamengo finalmente fecha acordo para rescis\u00e3o de Dom\u00e9nec","description":"Ap\u00f3s quase tr\u00eas meses de sua sa\u00edda do Flamengo, o t\u00e9cnico Dom\u00e9nec Torrent e o clube chegaram a um acordo pela rescis\u00e3o.","robots":{"index":"index","follow":"follow","max-snippet":"max-snippet:-1","max-image-preview":"max-image-preview:large","max-video-preview":"max-video-preview:-1"},"canonical":"https:\/\/www.gaveanews.com\/index.php\/2021\/01\/27\/flamengo-finalmente-fecha-acordo-para-rescisao-de-domenec\/","og_locale":"pt_BR","og_type":"article","og_title":"Flamengo finalmente fecha acordo para rescis\u00e3o de Dom\u00e9nec","og_description":"Ap\u00f3s quase tr\u00eas meses de sua sa\u00edda do Flamengo, o t\u00e9cnico Dom\u00e9nec Torrent e o clube chegaram a um acordo pela rescis\u00e3o.","og_url":"https:\/\/www.gaveanews.com\/index.php\/2021\/01\/27\/flamengo-finalmente-fecha-acordo-para-rescisao-de-domenec\/","og_site_name":"G\u00e1vea News","article_publisher":"https:\/\/facebook.com\/gaveaNews\/","article_published_time":"2021-01-27T18:00:18+00:00","article_modified_time":"2021-01-27T18:00:31+00:00","og_image":[{"width":799,"height":532,"url":"https:\/\/www.gaveanews.com\/wp-content\/uploads\/Domenec-Torrent-orienta-jogadores-do-Flamengo-no-Castelao.webp","type":"image\/jpeg"}],"author":"Equipe G\u00e1vea News","twitter_card":"summary_large_image","twitter_misc":{"Escrito por":"Equipe G\u00e1vea News","Est. tempo de leitura":"1 minuto"},"schema":{"@context":"https:\/\/schema.org","@graph":[{"@type":"NewsArticle","@id":"https:\/\/www.gaveanews.com\/index.php\/2021\/01\/27\/flamengo-finalmente-fecha-acordo-para-rescisao-de-domenec\/#article","isPartOf":{"@id":"https:\/\/www.gaveanews.com\/index.php\/2021\/01\/27\/flamengo-finalmente-fecha-acordo-para-rescisao-de-domenec\/"},"author":{"name":"Equipe G\u00e1vea News","@id":"https:\/\/www.gaveanews.com\/#\/schema\/person\/2ec14f73fb96be2caf28f91afb14749d"},"headline":"Flamengo finalmente fecha acordo para rescis\u00e3o de Dom\u00e9nec","datePublished":"2021-01-27T18:00:18+00:00","dateModified":"2021-01-27T18:00:31+00:00","mainEntityOfPage":{"@id":"https:\/\/www.gaveanews.com\/index.php\/2021\/01\/27\/flamengo-finalmente-fecha-acordo-para-rescisao-de-domenec\/"},"wordCount":170,"commentCount":20,"image":{"@id":"https:\/\/www.gaveanews.com\/index.php\/2021\/01\/27\/flamengo-finalmente-fecha-acordo-para-rescisao-de-domenec\/#primaryimage"},"thumbnailUrl":"https:\/\/www.gaveanews.com\/wp-content\/uploads\/Domenec-Torrent-orienta-jogadores-do-Flamengo-no-Castelao.webp","articleSection":["Destaques"],"inLanguage":"pt-BR","potentialAction":[{"@type":"CommentAction","name":"Comment","target":["https:\/\/www.gaveanews.com\/index.php\/2021\/01\/27\/flamengo-finalmente-fecha-acordo-para-rescisao-de-domenec\/#respond"]}],"copyrightYear":"2021","copyrightHolder":{"@id":"https:\/\/www.gaveanews.com\/#organization"}},{"@type":"WebPage","@id":"https:\/\/www.gaveanews.com\/index.php\/2021\/01\/27\/flamengo-finalmente-fecha-acordo-para-rescisao-de-domenec\/","url":"https:\/\/www.gaveanews.com\/index.php\/2021\/01\/27\/flamengo-finalmente-fecha-acordo-para-rescisao-de-domenec\/","name":"Flamengo finalmente fecha acordo para rescis\u00e3o de Dom\u00e9nec","isPartOf":{"@id":"https:\/\/www.gaveanews.com\/#website"},"primaryImageOfPage":{"@id":"https:\/\/www.gaveanews.com\/index.php\/2021\/01\/27\/flamengo-finalmente-fecha-acordo-para-rescisao-de-domenec\/#primaryimage"},"image":{"@id":"https:\/\/www.gaveanews.com\/index.php\/2021\/01\/27\/flamengo-finalmente-fecha-acordo-para-rescisao-de-domenec\/#primaryimage"},"thumbnailUrl":"https:\/\/www.gaveanews.com\/wp-content\/uploads\/Domenec-Torrent-orienta-jogadores-do-Flamengo-no-Castelao.webp","datePublished":"2021-01-27T18:00:18+00:00","dateModified":"2021-01-27T18:00:31+00:00","author":{"@id":"https:\/\/www.gaveanews.com\/#\/schema\/person\/2ec14f73fb96be2caf28f91afb14749d"},"description":"Ap\u00f3s quase tr\u00eas meses de sua sa\u00edda do Flamengo, o t\u00e9cnico Dom\u00e9nec Torrent e o clube chegaram a um acordo pela rescis\u00e3o.","breadcrumb":{"@id":"https:\/\/www.gaveanews.com\/index.php\/2021\/01\/27\/flamengo-finalmente-fecha-acordo-para-rescisao-de-domenec\/#breadcrumb"},"inLanguage":"pt-BR","potentialAction":[{"@type":"ReadAction","target":["https:\/\/www.gaveanews.com\/index.php\/2021\/01\/27\/flamengo-finalmente-fecha-acordo-para-rescisao-de-domenec\/"]}]},{"@type":"ImageObject","inLanguage":"pt-BR","@id":"https:\/\/www.gaveanews.com\/index.php\/2021\/01\/27\/flamengo-finalmente-fecha-acordo-para-rescisao-de-domenec\/#primaryimage","url":"https:\/\/www.gaveanews.com\/wp-content\/uploads\/Domenec-Torrent-orienta-jogadores-do-Flamengo-no-Castelao.webp","contentUrl":"https:\/\/www.gaveanews.com\/wp-content\/uploads\/Domenec-Torrent-orienta-jogadores-do-Flamengo-no-Castelao.webp","width":799,"height":532,"caption":"Dom\u00e8nec Torrent orienta jogadores do Flamengo no Castel\u00e3o (Foto: Alexandre Vidal\/Flamengo)"},{"@type":"BreadcrumbList","@id":"https:\/\/www.gaveanews.com\/index.php\/2021\/01\/27\/flamengo-finalmente-fecha-acordo-para-rescisao-de-domenec\/#breadcrumb","itemListElement":[{"@type":"ListItem","position":1,"name":"Home","item":"https:\/\/www.gaveanews.com\/"},{"@type":"ListItem","position":2,"name":"Flamengo finalmente fecha acordo para rescis\u00e3o de Dom\u00e9nec"}]},{"@type":"WebSite","@id":"https:\/\/www.gaveanews.com\/#website","url":"https:\/\/www.gaveanews.com\/","name":"G\u00e1vea News","description":"Veja todas as not\u00edcias sobre o Flamengo: Contrata\u00e7\u00f5es, categorias de base, resultados das partidas, tabela de classifica\u00e7\u00e3o, pr\u00f3ximos jogos!","potentialAction":[{"@type":"SearchAction","target":{"@type":"EntryPoint","urlTemplate":"https:\/\/www.gaveanews.com\/?s={search_term_string}"},"query-input":{"@type":"PropertyValueSpecification","valueRequired":true,"valueName":"search_term_string"}}],"inLanguage":"pt-BR"},{"@type":"Person","@id":"https:\/\/www.gaveanews.com\/#\/schema\/person\/2ec14f73fb96be2caf28f91afb14749d","name":"Equipe G\u00e1vea News","image":{"@type":"ImageObject","inLanguage":"pt-BR","@id":"https:\/\/www.gaveanews.com\/#\/schema\/person\/image\/","url":"https:\/\/secure.gravatar.com\/avatar\/1e1956f1facbffd3f8fa53a326721950116b3b9dc9bd44939c01180fd4a745a9?s=96&d=mm&r=g","contentUrl":"https:\/\/secure.gravatar.com\/avatar\/1e1956f1facbffd3f8fa53a326721950116b3b9dc9bd44939c01180fd4a745a9?s=96&d=mm&r=g","caption":"Equipe G\u00e1vea News"}}]}},"_links":{"self":[{"href":"https:\/\/www.gaveanews.com\/index.php\/wp-json\/wp\/v2\/posts\/55366","targetHints":{"allow":["GET"]}}],"collection":[{"href":"https:\/\/www.gaveanews.com\/index.php\/wp-json\/wp\/v2\/posts"}],"about":[{"href":"https:\/\/www.gaveanews.com\/index.php\/wp-json\/wp\/v2\/types\/post"}],"author":[{"embeddable":true,"href":"https:\/\/www.gaveanews.com\/index.php\/wp-json\/wp\/v2\/users\/1"}],"replies":[{"embeddable":true,"href":"https:\/\/www.gaveanews.com\/index.php\/wp-json\/wp\/v2\/comments?post=55366"}],"version-history":[{"count":0,"href":"https:\/\/www.gaveanews.com\/index.php\/wp-json\/wp\/v2\/posts\/55366\/revisions"}],"wp:featuredmedia":[{"embeddable":true,"href":"https:\/\/www.gaveanews.com\/index.php\/wp-json\/wp\/v2\/media\/47314"}],"wp:attachment":[{"href":"https:\/\/www.gaveanews.com\/index.php\/wp-json\/wp\/v2\/media?parent=55366"}],"wp:term":[{"taxonomy":"category","embeddable":true,"href":"https:\/\/www.gaveanews.com\/index.php\/wp-json\/wp\/v2\/categories?post=55366"},{"taxonomy":"post_tag","embeddable":true,"href":"https:\/\/www.gaveanews.com\/index.php\/wp-json\/wp\/v2\/tags?post=55366"}],"curies":[{"name":"wp","href":"https:\/\/api.w.org\/{rel}","templated":true}]}}