{"id":55380,"date":"2021-01-28T00:45:31","date_gmt":"2021-01-28T03:45:31","guid":{"rendered":"https:\/\/www.gaveanews.com\/?p=55380"},"modified":"2021-01-28T00:45:36","modified_gmt":"2021-01-28T03:45:36","slug":"flamengo-vive-clima-de-reformulacao-de-elenco","status":"publish","type":"post","link":"https:\/\/www.gaveanews.com\/index.php\/2021\/01\/28\/flamengo-vive-clima-de-reformulacao-de-elenco\/","title":{"rendered":"Flamengo vive clima de reformula\u00e7\u00e3o de elenco"},"content":{"rendered":"\n<p>A temporada vai chegando ao fim, as avalia\u00e7\u00f5es sobre o elenco se intensificam, e o Flamengo convive com a amea\u00e7a de desmanche do time que ganhou tudo em 2019, iniciou 2020 com o status de bicho pap\u00e3o e agora se v\u00ea em posi\u00e7\u00e3o desfavor\u00e1vel na luta pelo t\u00edtulo do Brasileir\u00e3o.<\/p>\n\n\n\n<p>Exce\u00e7\u00e3o feita a Yuri C\u00e9sar, cuja venda j\u00e1 est\u00e1 acertada para o Shabab Al Ahli (EAU), o Fla n\u00e3o tem nenhuma negocia\u00e7\u00e3o avan\u00e7ada para uma nova sa\u00edda, mas h\u00e1 ass\u00e9dio de clubes de fora e tamb\u00e9m o interesse de jogadores em mudar de ares.<\/p>\n\n\n\n<p>Pe\u00e7a das mais importantes do Rubro-Negro nas recentes conquistas, Everton Ribeiro \u00e9 namorado pelo Al-Nasr, clube dos Emirados \u00c1rabes. Uma proposta j\u00e1 foi recusada anteriormente, mas uma nova investida \u00e9 aguardada. O camisa 7 j\u00e1 n\u00e3o v\u00ea uma sa\u00edda com maus olhos. Por\u00e9m, essa quest\u00e3o ainda est\u00e1 um est\u00e1gio ainda informal.<\/p>\n\n\n\n<p>O Rubro-Negro n\u00e3o tem inten\u00e7\u00e3o de perder o meia, mas entende que uma oferta tentadora pode mudar os rumos. Aos 31 anos, em m\u00e1 fase no clube carioca, Everton Ribeiro sabe que este poderia ser o seu \u00faltimo grande contrato, embora receba um alto sal\u00e1rio na G\u00e1vea. Por outro lado, o jogador tamb\u00e9m tem em mente que uma eventual mudan\u00e7a para a Ar\u00e1bia Saudita praticamente encerraria a chance de disputar a Copa do Mundo de 2022, no Qatar.<\/p>\n\n\n\n<p>O caso de L\u00e9o Pereira, por sua vez, \u00e9 diferente. O zagueiro est\u00e1 no mercado, e o clube entende que o melhor caminho \u00e9 um neg\u00f3cio. O jogador, que custou quase R$ 30 milh\u00f5es na cota\u00e7\u00e3o da \u00e9poca, foi uma das maiores frustra\u00e7\u00f5es de 2020. Inseguro, n\u00e3o deu conta do recado e jamais conseguiu se destacar. Os agentes do defensor est\u00e3o buscando interessados. O Rubro-Negro s\u00f3 n\u00e3o est\u00e1 disposto a fazer qualquer neg\u00f3cio: tudo dependeria dos valores levantados.<\/p>\n\n\n\n<p>Na mesma situa\u00e7\u00e3o de Pereira est\u00e1 Michael, contratado por cerca de R$ 35 milh\u00f5es. O Al-Ain, tamb\u00e9m dos Emirados, acenou com uma proposta, mas os flamenguistas endurecem o jogo para tentar subir os valores. Ainda em d\u00edvida com o Goi\u00e1s, o Fla tenta ganhar tempo para saldar o preju\u00edzo com a conversa com os \u00e1rabes.<\/p>\n\n\n\n<p>Depois de uma temporada com meses e meses de port\u00f5es fechados, tamb\u00e9m levando em conta as metas financeiras que o time deixou de cumprir em campo, o Flamengo n\u00e3o est\u00e1 em uma posi\u00e7\u00e3o de cortar comunica\u00e7\u00e3o com o mercado. Pelo contr\u00e1rio. De todo modo, a ideia da diretoria \u00e9 evitar um clima de \u2018liquida\u00e7\u00e3o\u2019 e fim de festa, at\u00e9 para que a imagem de solidez financeira constru\u00edda nos \u00faltimos anos n\u00e3o fique arranhada. As ofertas ser\u00e3o estudadas e haver\u00e1 uma ordem de \u201cprioridade\u201d na hora de se desfazer de algum atleta.<\/p>\n\n\n\n<p>Esse clima de mudan\u00e7a de ciclo come\u00e7ou a ser iniciado com a sa\u00edda do treinador Jorge Jesus para o Benfica, fato que desestruturou completamente o departamento de futebol. Em seguida, o lateral Rafinha foi para o Olympiacos (GRE). No in\u00edcio do ano passado, o zagueiro Pablo Mar\u00ed j\u00e1 havia se despedido rumo ao Arsenal, sendo a primeira baixa da equipe mais vitoriosa do Rubro-Negro em d\u00e9cadas.<\/p>\n\n\n\n<p>Em meio ao ambiente de reformula\u00e7\u00e3o, o Flamengo se agarra \u00e0 matem\u00e1tica para seguir sonhando com o t\u00edtulo do Campeonato Brasileiro. A seis pontos do l\u00edder Internacional, o time encara amanh\u00e3 (28) o Gr\u00eamio, \u00e0s 20h, em Porto Alegre, em jogo adiado pela 23\u00aa rodada. Uma derrota joga um balde de \u00e1gua fria nas pretens\u00f5es do clube e torna o futuro ainda mais nebuloso.<\/p>\n\n\n\n<p>Retirado de: UOL<\/p>\n","protected":false},"excerpt":{"rendered":"<p>A temporada vai chegando ao fim, as avalia\u00e7\u00f5es sobre o elenco se intensificam, e o Flamengo convive com a amea\u00e7a de desmanche do time que ganhou tudo em 2019, iniciou 2020 com o status de bicho pap\u00e3o e agora se v\u00ea em posi\u00e7\u00e3o desfavor\u00e1vel na luta pelo t\u00edtulo do Brasileir\u00e3o. Exce\u00e7\u00e3o feita a Yuri C\u00e9sar, [&hellip;]<\/p>\n","protected":false},"author":1,"featured_media":46931,"comment_status":"open","ping_status":"closed","sticky":false,"template":"","format":"standard","meta":{"footnotes":""},"categories":[1],"tags":[],"class_list":["post-55380","post","type-post","status-publish","format-standard","has-post-thumbnail","hentry","category-flamengo"],"yoast_head":"<!-- This site is optimized with the Yoast SEO Premium plugin v24.2 (Yoast SEO v26.9) - https:\/\/yoast.com\/product\/yoast-seo-premium-wordpress\/ -->\n<title>Flamengo vive clima de reformula\u00e7\u00e3o de elenco<\/title>\n<meta name=\"robots\" content=\"index, follow, max-snippet:-1, max-image-preview:large, max-video-preview:-1\" \/>\n<link rel=\"canonical\" href=\"https:\/\/www.gaveanews.com\/index.php\/2021\/01\/28\/flamengo-vive-clima-de-reformulacao-de-elenco\/\" \/>\n<meta property=\"og:locale\" content=\"pt_BR\" \/>\n<meta property=\"og:type\" content=\"article\" \/>\n<meta property=\"og:title\" content=\"Flamengo vive clima de reformula\u00e7\u00e3o de elenco\" \/>\n<meta property=\"og:description\" content=\"A temporada vai chegando ao fim, as avalia\u00e7\u00f5es sobre o elenco se intensificam, e o Flamengo convive com a amea\u00e7a de desmanche do time que ganhou tudo em 2019, iniciou 2020 com o status de bicho pap\u00e3o e agora se v\u00ea em posi\u00e7\u00e3o desfavor\u00e1vel na luta pelo t\u00edtulo do Brasileir\u00e3o. Exce\u00e7\u00e3o feita a Yuri C\u00e9sar, [&hellip;]\" \/>\n<meta property=\"og:url\" content=\"https:\/\/www.gaveanews.com\/index.php\/2021\/01\/28\/flamengo-vive-clima-de-reformulacao-de-elenco\/\" \/>\n<meta property=\"og:site_name\" content=\"G\u00e1vea News\" \/>\n<meta property=\"article:publisher\" content=\"https:\/\/facebook.com\/gaveaNews\/\" \/>\n<meta property=\"article:published_time\" content=\"2021-01-28T03:45:31+00:00\" \/>\n<meta property=\"article:modified_time\" content=\"2021-01-28T03:45:36+00:00\" \/>\n<meta property=\"og:image\" content=\"https:\/\/www.gaveanews.com\/wp-content\/uploads\/Everton-Ribeiro-em-acao-contra-o-Fortaleza.webp\" \/>\n\t<meta property=\"og:image:width\" content=\"800\" \/>\n\t<meta property=\"og:image:height\" content=\"533\" \/>\n\t<meta property=\"og:image:type\" content=\"image\/jpeg\" \/>\n<meta name=\"author\" content=\"Equipe G\u00e1vea News\" \/>\n<meta name=\"twitter:card\" content=\"summary_large_image\" \/>\n<meta name=\"twitter:label1\" content=\"Escrito por\" \/>\n\t<meta name=\"twitter:data1\" content=\"Equipe G\u00e1vea News\" \/>\n\t<meta name=\"twitter:label2\" content=\"Est. tempo de leitura\" \/>\n\t<meta name=\"twitter:data2\" content=\"3 minutos\" \/>\n<script type=\"application\/ld+json\" class=\"yoast-schema-graph\">{\"@context\":\"https:\/\/schema.org\",\"@graph\":[{\"@type\":\"NewsArticle\",\"@id\":\"https:\/\/www.gaveanews.com\/index.php\/2021\/01\/28\/flamengo-vive-clima-de-reformulacao-de-elenco\/#article\",\"isPartOf\":{\"@id\":\"https:\/\/www.gaveanews.com\/index.php\/2021\/01\/28\/flamengo-vive-clima-de-reformulacao-de-elenco\/\"},\"author\":{\"name\":\"Equipe G\u00e1vea News\",\"@id\":\"https:\/\/www.gaveanews.com\/#\/schema\/person\/2ec14f73fb96be2caf28f91afb14749d\"},\"headline\":\"Flamengo vive clima de reformula\u00e7\u00e3o de elenco\",\"datePublished\":\"2021-01-28T03:45:31+00:00\",\"dateModified\":\"2021-01-28T03:45:36+00:00\",\"mainEntityOfPage\":{\"@id\":\"https:\/\/www.gaveanews.com\/index.php\/2021\/01\/28\/flamengo-vive-clima-de-reformulacao-de-elenco\/\"},\"wordCount\":636,\"commentCount\":11,\"image\":{\"@id\":\"https:\/\/www.gaveanews.com\/index.php\/2021\/01\/28\/flamengo-vive-clima-de-reformulacao-de-elenco\/#primaryimage\"},\"thumbnailUrl\":\"https:\/\/www.gaveanews.com\/wp-content\/uploads\/Everton-Ribeiro-em-acao-contra-o-Fortaleza.webp\",\"articleSection\":[\"Flamengo\"],\"inLanguage\":\"pt-BR\",\"potentialAction\":[{\"@type\":\"CommentAction\",\"name\":\"Comment\",\"target\":[\"https:\/\/www.gaveanews.com\/index.php\/2021\/01\/28\/flamengo-vive-clima-de-reformulacao-de-elenco\/#respond\"]}],\"copyrightYear\":\"2021\",\"copyrightHolder\":{\"@id\":\"https:\/\/www.gaveanews.com\/#organization\"}},{\"@type\":\"WebPage\",\"@id\":\"https:\/\/www.gaveanews.com\/index.php\/2021\/01\/28\/flamengo-vive-clima-de-reformulacao-de-elenco\/\",\"url\":\"https:\/\/www.gaveanews.com\/index.php\/2021\/01\/28\/flamengo-vive-clima-de-reformulacao-de-elenco\/\",\"name\":\"Flamengo vive clima de reformula\u00e7\u00e3o de elenco\",\"isPartOf\":{\"@id\":\"https:\/\/www.gaveanews.com\/#website\"},\"primaryImageOfPage\":{\"@id\":\"https:\/\/www.gaveanews.com\/index.php\/2021\/01\/28\/flamengo-vive-clima-de-reformulacao-de-elenco\/#primaryimage\"},\"image\":{\"@id\":\"https:\/\/www.gaveanews.com\/index.php\/2021\/01\/28\/flamengo-vive-clima-de-reformulacao-de-elenco\/#primaryimage\"},\"thumbnailUrl\":\"https:\/\/www.gaveanews.com\/wp-content\/uploads\/Everton-Ribeiro-em-acao-contra-o-Fortaleza.webp\",\"datePublished\":\"2021-01-28T03:45:31+00:00\",\"dateModified\":\"2021-01-28T03:45:36+00:00\",\"author\":{\"@id\":\"https:\/\/www.gaveanews.com\/#\/schema\/person\/2ec14f73fb96be2caf28f91afb14749d\"},\"breadcrumb\":{\"@id\":\"https:\/\/www.gaveanews.com\/index.php\/2021\/01\/28\/flamengo-vive-clima-de-reformulacao-de-elenco\/#breadcrumb\"},\"inLanguage\":\"pt-BR\",\"potentialAction\":[{\"@type\":\"ReadAction\",\"target\":[\"https:\/\/www.gaveanews.com\/index.php\/2021\/01\/28\/flamengo-vive-clima-de-reformulacao-de-elenco\/\"]}]},{\"@type\":\"ImageObject\",\"inLanguage\":\"pt-BR\",\"@id\":\"https:\/\/www.gaveanews.com\/index.php\/2021\/01\/28\/flamengo-vive-clima-de-reformulacao-de-elenco\/#primaryimage\",\"url\":\"https:\/\/www.gaveanews.com\/wp-content\/uploads\/Everton-Ribeiro-em-acao-contra-o-Fortaleza.webp\",\"contentUrl\":\"https:\/\/www.gaveanews.com\/wp-content\/uploads\/Everton-Ribeiro-em-acao-contra-o-Fortaleza.webp\",\"width\":800,\"height\":533,\"caption\":\"Everton Ribeiro em a\u00e7\u00e3o contra o Fortaleza (Foto: Alexandre Vidal\/Flamengo)\"},{\"@type\":\"BreadcrumbList\",\"@id\":\"https:\/\/www.gaveanews.com\/index.php\/2021\/01\/28\/flamengo-vive-clima-de-reformulacao-de-elenco\/#breadcrumb\",\"itemListElement\":[{\"@type\":\"ListItem\",\"position\":1,\"name\":\"Home\",\"item\":\"https:\/\/www.gaveanews.com\/\"},{\"@type\":\"ListItem\",\"position\":2,\"name\":\"Flamengo vive clima de reformula\u00e7\u00e3o de elenco\"}]},{\"@type\":\"WebSite\",\"@id\":\"https:\/\/www.gaveanews.com\/#website\",\"url\":\"https:\/\/www.gaveanews.com\/\",\"name\":\"G\u00e1vea News\",\"description\":\"Veja todas as not\u00edcias sobre o Flamengo: Contrata\u00e7\u00f5es, categorias de base, resultados das partidas, tabela de classifica\u00e7\u00e3o, pr\u00f3ximos jogos!\",\"potentialAction\":[{\"@type\":\"SearchAction\",\"target\":{\"@type\":\"EntryPoint\",\"urlTemplate\":\"https:\/\/www.gaveanews.com\/?s={search_term_string}\"},\"query-input\":{\"@type\":\"PropertyValueSpecification\",\"valueRequired\":true,\"valueName\":\"search_term_string\"}}],\"inLanguage\":\"pt-BR\"},{\"@type\":\"Person\",\"@id\":\"https:\/\/www.gaveanews.com\/#\/schema\/person\/2ec14f73fb96be2caf28f91afb14749d\",\"name\":\"Equipe G\u00e1vea News\",\"image\":{\"@type\":\"ImageObject\",\"inLanguage\":\"pt-BR\",\"@id\":\"https:\/\/www.gaveanews.com\/#\/schema\/person\/image\/\",\"url\":\"https:\/\/secure.gravatar.com\/avatar\/1e1956f1facbffd3f8fa53a326721950116b3b9dc9bd44939c01180fd4a745a9?s=96&d=mm&r=g\",\"contentUrl\":\"https:\/\/secure.gravatar.com\/avatar\/1e1956f1facbffd3f8fa53a326721950116b3b9dc9bd44939c01180fd4a745a9?s=96&d=mm&r=g\",\"caption\":\"Equipe G\u00e1vea News\"}}]}<\/script>\n<!-- \/ Yoast SEO Premium plugin. -->","yoast_head_json":{"title":"Flamengo vive clima de reformula\u00e7\u00e3o de elenco","robots":{"index":"index","follow":"follow","max-snippet":"max-snippet:-1","max-image-preview":"max-image-preview:large","max-video-preview":"max-video-preview:-1"},"canonical":"https:\/\/www.gaveanews.com\/index.php\/2021\/01\/28\/flamengo-vive-clima-de-reformulacao-de-elenco\/","og_locale":"pt_BR","og_type":"article","og_title":"Flamengo vive clima de reformula\u00e7\u00e3o de elenco","og_description":"A temporada vai chegando ao fim, as avalia\u00e7\u00f5es sobre o elenco se intensificam, e o Flamengo convive com a amea\u00e7a de desmanche do time que ganhou tudo em 2019, iniciou 2020 com o status de bicho pap\u00e3o e agora se v\u00ea em posi\u00e7\u00e3o desfavor\u00e1vel na luta pelo t\u00edtulo do Brasileir\u00e3o. Exce\u00e7\u00e3o feita a Yuri C\u00e9sar, [&hellip;]","og_url":"https:\/\/www.gaveanews.com\/index.php\/2021\/01\/28\/flamengo-vive-clima-de-reformulacao-de-elenco\/","og_site_name":"G\u00e1vea News","article_publisher":"https:\/\/facebook.com\/gaveaNews\/","article_published_time":"2021-01-28T03:45:31+00:00","article_modified_time":"2021-01-28T03:45:36+00:00","og_image":[{"width":800,"height":533,"url":"https:\/\/www.gaveanews.com\/wp-content\/uploads\/Everton-Ribeiro-em-acao-contra-o-Fortaleza.webp","type":"image\/jpeg"}],"author":"Equipe G\u00e1vea News","twitter_card":"summary_large_image","twitter_misc":{"Escrito por":"Equipe G\u00e1vea News","Est. tempo de leitura":"3 minutos"},"schema":{"@context":"https:\/\/schema.org","@graph":[{"@type":"NewsArticle","@id":"https:\/\/www.gaveanews.com\/index.php\/2021\/01\/28\/flamengo-vive-clima-de-reformulacao-de-elenco\/#article","isPartOf":{"@id":"https:\/\/www.gaveanews.com\/index.php\/2021\/01\/28\/flamengo-vive-clima-de-reformulacao-de-elenco\/"},"author":{"name":"Equipe G\u00e1vea News","@id":"https:\/\/www.gaveanews.com\/#\/schema\/person\/2ec14f73fb96be2caf28f91afb14749d"},"headline":"Flamengo vive clima de reformula\u00e7\u00e3o de elenco","datePublished":"2021-01-28T03:45:31+00:00","dateModified":"2021-01-28T03:45:36+00:00","mainEntityOfPage":{"@id":"https:\/\/www.gaveanews.com\/index.php\/2021\/01\/28\/flamengo-vive-clima-de-reformulacao-de-elenco\/"},"wordCount":636,"commentCount":11,"image":{"@id":"https:\/\/www.gaveanews.com\/index.php\/2021\/01\/28\/flamengo-vive-clima-de-reformulacao-de-elenco\/#primaryimage"},"thumbnailUrl":"https:\/\/www.gaveanews.com\/wp-content\/uploads\/Everton-Ribeiro-em-acao-contra-o-Fortaleza.webp","articleSection":["Flamengo"],"inLanguage":"pt-BR","potentialAction":[{"@type":"CommentAction","name":"Comment","target":["https:\/\/www.gaveanews.com\/index.php\/2021\/01\/28\/flamengo-vive-clima-de-reformulacao-de-elenco\/#respond"]}],"copyrightYear":"2021","copyrightHolder":{"@id":"https:\/\/www.gaveanews.com\/#organization"}},{"@type":"WebPage","@id":"https:\/\/www.gaveanews.com\/index.php\/2021\/01\/28\/flamengo-vive-clima-de-reformulacao-de-elenco\/","url":"https:\/\/www.gaveanews.com\/index.php\/2021\/01\/28\/flamengo-vive-clima-de-reformulacao-de-elenco\/","name":"Flamengo vive clima de reformula\u00e7\u00e3o de elenco","isPartOf":{"@id":"https:\/\/www.gaveanews.com\/#website"},"primaryImageOfPage":{"@id":"https:\/\/www.gaveanews.com\/index.php\/2021\/01\/28\/flamengo-vive-clima-de-reformulacao-de-elenco\/#primaryimage"},"image":{"@id":"https:\/\/www.gaveanews.com\/index.php\/2021\/01\/28\/flamengo-vive-clima-de-reformulacao-de-elenco\/#primaryimage"},"thumbnailUrl":"https:\/\/www.gaveanews.com\/wp-content\/uploads\/Everton-Ribeiro-em-acao-contra-o-Fortaleza.webp","datePublished":"2021-01-28T03:45:31+00:00","dateModified":"2021-01-28T03:45:36+00:00","author":{"@id":"https:\/\/www.gaveanews.com\/#\/schema\/person\/2ec14f73fb96be2caf28f91afb14749d"},"breadcrumb":{"@id":"https:\/\/www.gaveanews.com\/index.php\/2021\/01\/28\/flamengo-vive-clima-de-reformulacao-de-elenco\/#breadcrumb"},"inLanguage":"pt-BR","potentialAction":[{"@type":"ReadAction","target":["https:\/\/www.gaveanews.com\/index.php\/2021\/01\/28\/flamengo-vive-clima-de-reformulacao-de-elenco\/"]}]},{"@type":"ImageObject","inLanguage":"pt-BR","@id":"https:\/\/www.gaveanews.com\/index.php\/2021\/01\/28\/flamengo-vive-clima-de-reformulacao-de-elenco\/#primaryimage","url":"https:\/\/www.gaveanews.com\/wp-content\/uploads\/Everton-Ribeiro-em-acao-contra-o-Fortaleza.webp","contentUrl":"https:\/\/www.gaveanews.com\/wp-content\/uploads\/Everton-Ribeiro-em-acao-contra-o-Fortaleza.webp","width":800,"height":533,"caption":"Everton Ribeiro em a\u00e7\u00e3o contra o Fortaleza (Foto: Alexandre Vidal\/Flamengo)"},{"@type":"BreadcrumbList","@id":"https:\/\/www.gaveanews.com\/index.php\/2021\/01\/28\/flamengo-vive-clima-de-reformulacao-de-elenco\/#breadcrumb","itemListElement":[{"@type":"ListItem","position":1,"name":"Home","item":"https:\/\/www.gaveanews.com\/"},{"@type":"ListItem","position":2,"name":"Flamengo vive clima de reformula\u00e7\u00e3o de elenco"}]},{"@type":"WebSite","@id":"https:\/\/www.gaveanews.com\/#website","url":"https:\/\/www.gaveanews.com\/","name":"G\u00e1vea News","description":"Veja todas as not\u00edcias sobre o Flamengo: Contrata\u00e7\u00f5es, categorias de base, resultados das partidas, tabela de classifica\u00e7\u00e3o, pr\u00f3ximos jogos!","potentialAction":[{"@type":"SearchAction","target":{"@type":"EntryPoint","urlTemplate":"https:\/\/www.gaveanews.com\/?s={search_term_string}"},"query-input":{"@type":"PropertyValueSpecification","valueRequired":true,"valueName":"search_term_string"}}],"inLanguage":"pt-BR"},{"@type":"Person","@id":"https:\/\/www.gaveanews.com\/#\/schema\/person\/2ec14f73fb96be2caf28f91afb14749d","name":"Equipe G\u00e1vea News","image":{"@type":"ImageObject","inLanguage":"pt-BR","@id":"https:\/\/www.gaveanews.com\/#\/schema\/person\/image\/","url":"https:\/\/secure.gravatar.com\/avatar\/1e1956f1facbffd3f8fa53a326721950116b3b9dc9bd44939c01180fd4a745a9?s=96&d=mm&r=g","contentUrl":"https:\/\/secure.gravatar.com\/avatar\/1e1956f1facbffd3f8fa53a326721950116b3b9dc9bd44939c01180fd4a745a9?s=96&d=mm&r=g","caption":"Equipe G\u00e1vea News"}}]}},"_links":{"self":[{"href":"https:\/\/www.gaveanews.com\/index.php\/wp-json\/wp\/v2\/posts\/55380","targetHints":{"allow":["GET"]}}],"collection":[{"href":"https:\/\/www.gaveanews.com\/index.php\/wp-json\/wp\/v2\/posts"}],"about":[{"href":"https:\/\/www.gaveanews.com\/index.php\/wp-json\/wp\/v2\/types\/post"}],"author":[{"embeddable":true,"href":"https:\/\/www.gaveanews.com\/index.php\/wp-json\/wp\/v2\/users\/1"}],"replies":[{"embeddable":true,"href":"https:\/\/www.gaveanews.com\/index.php\/wp-json\/wp\/v2\/comments?post=55380"}],"version-history":[{"count":0,"href":"https:\/\/www.gaveanews.com\/index.php\/wp-json\/wp\/v2\/posts\/55380\/revisions"}],"wp:featuredmedia":[{"embeddable":true,"href":"https:\/\/www.gaveanews.com\/index.php\/wp-json\/wp\/v2\/media\/46931"}],"wp:attachment":[{"href":"https:\/\/www.gaveanews.com\/index.php\/wp-json\/wp\/v2\/media?parent=55380"}],"wp:term":[{"taxonomy":"category","embeddable":true,"href":"https:\/\/www.gaveanews.com\/index.php\/wp-json\/wp\/v2\/categories?post=55380"},{"taxonomy":"post_tag","embeddable":true,"href":"https:\/\/www.gaveanews.com\/index.php\/wp-json\/wp\/v2\/tags?post=55380"}],"curies":[{"name":"wp","href":"https:\/\/api.w.org\/{rel}","templated":true}]}}