{"id":55424,"date":"2021-01-28T22:17:50","date_gmt":"2021-01-29T01:17:50","guid":{"rendered":"https:\/\/www.gaveanews.com\/?p=55424"},"modified":"2021-01-28T22:21:53","modified_gmt":"2021-01-29T01:21:53","slug":"torcida-do-flamengo-provoca-renato-gaucho-nas-redes-sociais","status":"publish","type":"post","link":"https:\/\/www.gaveanews.com\/index.php\/2021\/01\/28\/torcida-do-flamengo-provoca-renato-gaucho-nas-redes-sociais\/","title":{"rendered":"Torcida do Flamengo provoca Renato Ga\u00facho nas redes sociais"},"content":{"rendered":"\n<p>O jogo atrasado pela 23\u00aa rodada do Campeonato Brasileiro reservou emo\u00e7\u00f5es do in\u00edcio ao fim e um embate de alto n\u00edvel na Arena do Gr\u00eamio, nesta quinta-feira. <\/p>\n\n\n\n<p>E deu Flamengo, no embalo do el\u00e9trico Gabigol, que marcou um gol e deu duas assist\u00eancias (para Everton Ribeiro e Arrascaeta), na vit\u00f3ria por 4 a 2, de virada, sobre o Tricolor, cujo artilheiro da noite foi Diego Souza, autor de duas bolas na rede. <\/p>\n\n\n\n<p>Com o resultado, a torcida do Flamengo n\u00e3o perdoou Renato Ga\u00facho. <strong>Confira abaixo algumas publica\u00e7\u00f5es:<\/strong><\/p>\n\n\n\n<figure class=\"wp-block-embed is-type-rich is-provider-twitter wp-block-embed-twitter\"><div class=\"wp-block-embed__wrapper\">\n<blockquote class=\"twitter-tweet\" data-width=\"550\" data-dnt=\"true\"><p lang=\"es\" dir=\"ltr\">*Gremio e Flamengo se enfrentando*<br><br>Renato Gaucho automaticamente: <a href=\"https:\/\/t.co\/lIwdSgAHgH\">pic.twitter.com\/lIwdSgAHgH<\/a><\/p>&mdash; Zona de Clubismo (@zonadeclubismo) <a href=\"https:\/\/twitter.com\/zonadeclubismo\/status\/1354950178520899586?ref_src=twsrc%5Etfw\">January 29, 2021<\/a><\/blockquote><script async src=\"https:\/\/platform.twitter.com\/widgets.js\" charset=\"utf-8\"><\/script>\n<\/div><\/figure>\n\n\n\n<figure class=\"wp-block-embed is-type-rich is-provider-twitter wp-block-embed-twitter\"><div class=\"wp-block-embed__wrapper\">\n<blockquote class=\"twitter-tweet\" data-width=\"550\" data-dnt=\"true\"><p lang=\"pt\" dir=\"ltr\">Agora  vcs ganham esse campeonato  brasileiro Caralhhhoo..<br><br>&#8211; Renato Ga\u00facho <a href=\"https:\/\/t.co\/eGVt27pNCg\">pic.twitter.com\/eGVt27pNCg<\/a><\/p>&mdash; Flamengo (@UmFlamenguistta) <a href=\"https:\/\/twitter.com\/UmFlamenguistta\/status\/1354961169828732949?ref_src=twsrc%5Etfw\">January 29, 2021<\/a><\/blockquote><script async src=\"https:\/\/platform.twitter.com\/widgets.js\" charset=\"utf-8\"><\/script>\n<\/div><\/figure>\n\n\n\n<figure class=\"wp-block-embed is-type-rich is-provider-twitter wp-block-embed-twitter\"><div class=\"wp-block-embed__wrapper\">\n<blockquote class=\"twitter-tweet\" data-width=\"550\" data-dnt=\"true\"><p lang=\"pt\" dir=\"ltr\">Renato Ga\u00facho \u00e9 nossa putinha de f\u00e9 <a href=\"https:\/\/t.co\/KKjH7cJq9c\">https:\/\/t.co\/KKjH7cJq9c<\/a><\/p>&mdash; Augsto Magalhaes (@augustogatuzo) <a href=\"https:\/\/twitter.com\/augustogatuzo\/status\/1354961248274817030?ref_src=twsrc%5Etfw\">January 29, 2021<\/a><\/blockquote><script async src=\"https:\/\/platform.twitter.com\/widgets.js\" charset=\"utf-8\"><\/script>\n<\/div><\/figure>\n\n\n\n<figure class=\"wp-block-embed is-type-rich is-provider-twitter wp-block-embed-twitter\"><div class=\"wp-block-embed__wrapper\">\nhttps:\/\/twitter.com\/CRitmista\/status\/1354959999731163138\n<\/div><\/figure>\n\n\n\n<figure class=\"wp-block-embed is-type-rich is-provider-twitter wp-block-embed-twitter\"><div class=\"wp-block-embed__wrapper\">\nhttps:\/\/twitter.com\/oficialsouza9\/status\/1354959196169633795\n<\/div><\/figure>\n\n\n\n<figure class=\"wp-block-embed is-type-rich is-provider-twitter wp-block-embed-twitter\"><div class=\"wp-block-embed__wrapper\">\n<blockquote class=\"twitter-tweet\" data-width=\"550\" data-dnt=\"true\"><p lang=\"pt\" dir=\"ltr\">Gabigol  sempre deixando o Renato Ga\u00facho  de cara quente ! \ud83d\udc4a\ud83d\udd34\u26ab\ud83e\udd23 <a href=\"https:\/\/t.co\/zIyG4L234U\">https:\/\/t.co\/zIyG4L234U<\/a><\/p>&mdash; Tevez \ud83e\udd85\ud83c\udde6\ud83c\uddf7 (@MatheusTourinh3) <a href=\"https:\/\/twitter.com\/MatheusTourinh3\/status\/1354960279730335744?ref_src=twsrc%5Etfw\">January 29, 2021<\/a><\/blockquote><script async src=\"https:\/\/platform.twitter.com\/widgets.js\" charset=\"utf-8\"><\/script>\n<\/div><\/figure>\n\n\n\n<figure class=\"wp-block-embed is-type-rich is-provider-twitter wp-block-embed-twitter\"><div class=\"wp-block-embed__wrapper\">\n<blockquote class=\"twitter-tweet\" data-width=\"550\" data-dnt=\"true\"><p lang=\"pt\" dir=\"ltr\">Hj Renato Ga\u00facho vai deitar sua cabe\u00e7a no travesseiro e perceber q perder de 2 gols de diferen\u00e7a pro Ceni \u00e9 mais humilhante q de 5 pro Jesus<\/p>&mdash; Poetas (@PoetasFla) <a href=\"https:\/\/twitter.com\/PoetasFla\/status\/1354956656170438658?ref_src=twsrc%5Etfw\">January 29, 2021<\/a><\/blockquote><script async src=\"https:\/\/platform.twitter.com\/widgets.js\" charset=\"utf-8\"><\/script>\n<\/div><\/figure>\n\n\n\n<figure class=\"wp-block-embed is-type-rich is-provider-twitter wp-block-embed-twitter\"><div class=\"wp-block-embed__wrapper\">\n<blockquote class=\"twitter-tweet\" data-width=\"550\" data-dnt=\"true\"><p lang=\"pt\" dir=\"ltr\">Renato ga\u00facho deve ter pesadelo com o Flamengo.<\/p>&mdash; Caetano C (@Mortacc1) <a href=\"https:\/\/twitter.com\/Mortacc1\/status\/1354959728917544964?ref_src=twsrc%5Etfw\">January 29, 2021<\/a><\/blockquote><script async src=\"https:\/\/platform.twitter.com\/widgets.js\" charset=\"utf-8\"><\/script>\n<\/div><\/figure>\n\n\n\n<figure class=\"wp-block-embed is-type-rich is-provider-twitter wp-block-embed-twitter\"><div class=\"wp-block-embed__wrapper\">\n<blockquote class=\"twitter-tweet\" data-width=\"550\" data-dnt=\"true\"><p lang=\"pt\" dir=\"ltr\">Renato Ga\u00facho s\u00f3 toma goleada do Flamengo<\/p>&mdash; lucas deolindo (@deolind0) <a href=\"https:\/\/twitter.com\/deolind0\/status\/1354955902265286667?ref_src=twsrc%5Etfw\">January 29, 2021<\/a><\/blockquote><script async src=\"https:\/\/platform.twitter.com\/widgets.js\" charset=\"utf-8\"><\/script>\n<\/div><\/figure>\n\n\n\n<figure class=\"wp-block-embed is-type-rich is-provider-twitter wp-block-embed-twitter\"><div class=\"wp-block-embed__wrapper\">\n<blockquote class=\"twitter-tweet\" data-width=\"550\" data-dnt=\"true\"><p lang=\"pt\" dir=\"ltr\">Coitado do Renato ga\u00facho s\u00f3 toma sapecada do Flamengo<\/p>&mdash; Everton Nascimento (@roxbone) <a href=\"https:\/\/twitter.com\/roxbone\/status\/1354950677986992137?ref_src=twsrc%5Etfw\">January 29, 2021<\/a><\/blockquote><script async src=\"https:\/\/platform.twitter.com\/widgets.js\" charset=\"utf-8\"><\/script>\n<\/div><\/figure>\n\n\n\n<p>Adaptado de: Lance<\/p>\n","protected":false},"excerpt":{"rendered":"<p>O jogo atrasado pela 23\u00aa rodada do Campeonato Brasileiro reservou emo\u00e7\u00f5es do in\u00edcio ao fim e um embate de alto n\u00edvel na Arena do Gr\u00eamio, nesta quinta-feira. E deu Flamengo, no embalo do el\u00e9trico Gabigol, que marcou um gol e deu duas assist\u00eancias (para Everton Ribeiro e Arrascaeta), na vit\u00f3ria por 4 a 2, de [&hellip;]<\/p>\n","protected":false},"author":1,"featured_media":28763,"comment_status":"open","ping_status":"closed","sticky":false,"template":"","format":"standard","meta":{"footnotes":""},"categories":[47],"tags":[],"class_list":["post-55424","post","type-post","status-publish","format-standard","has-post-thumbnail","hentry","category-destaques"],"yoast_head":"<!-- This site is optimized with the Yoast SEO Premium plugin v24.2 (Yoast SEO v26.9) - https:\/\/yoast.com\/product\/yoast-seo-premium-wordpress\/ -->\n<title>Torcida do Flamengo provoca Renato Ga\u00facho nas redes sociais<\/title>\n<meta name=\"description\" content=\"O jogo atrasado pela 23\u00aa rodada do Campeonato Brasileiro reservou emo\u00e7\u00f5es do in\u00edcio ao fim e um embate de alto n\u00edvel.\" \/>\n<meta name=\"robots\" content=\"index, follow, max-snippet:-1, max-image-preview:large, max-video-preview:-1\" \/>\n<link rel=\"canonical\" href=\"https:\/\/www.gaveanews.com\/index.php\/2021\/01\/28\/torcida-do-flamengo-provoca-renato-gaucho-nas-redes-sociais\/\" \/>\n<meta property=\"og:locale\" content=\"pt_BR\" \/>\n<meta property=\"og:type\" content=\"article\" \/>\n<meta property=\"og:title\" content=\"Torcida do Flamengo provoca Renato Ga\u00facho nas redes sociais\" \/>\n<meta property=\"og:description\" content=\"O jogo atrasado pela 23\u00aa rodada do Campeonato Brasileiro reservou emo\u00e7\u00f5es do in\u00edcio ao fim e um embate de alto n\u00edvel.\" \/>\n<meta property=\"og:url\" content=\"https:\/\/www.gaveanews.com\/index.php\/2021\/01\/28\/torcida-do-flamengo-provoca-renato-gaucho-nas-redes-sociais\/\" \/>\n<meta property=\"og:site_name\" content=\"G\u00e1vea News\" \/>\n<meta property=\"article:publisher\" content=\"https:\/\/facebook.com\/gaveaNews\/\" \/>\n<meta property=\"article:published_time\" content=\"2021-01-29T01:17:50+00:00\" \/>\n<meta property=\"article:modified_time\" content=\"2021-01-29T01:21:53+00:00\" \/>\n<meta property=\"og:image\" content=\"https:\/\/www.gaveanews.com\/wp-content\/uploads\/Renato-Gaucho-durante-uma-partida-do-Gremio.webp\" \/>\n\t<meta property=\"og:image:width\" content=\"1\" \/>\n\t<meta property=\"og:image:height\" content=\"1\" \/>\n\t<meta property=\"og:image:type\" content=\"image\/jpeg\" \/>\n<meta name=\"author\" content=\"Equipe G\u00e1vea News\" \/>\n<meta name=\"twitter:card\" content=\"summary_large_image\" \/>\n<meta name=\"twitter:label1\" content=\"Escrito por\" \/>\n\t<meta name=\"twitter:data1\" content=\"Equipe G\u00e1vea News\" \/>\n\t<meta name=\"twitter:label2\" content=\"Est. tempo de leitura\" \/>\n\t<meta name=\"twitter:data2\" content=\"1 minuto\" \/>\n<script type=\"application\/ld+json\" class=\"yoast-schema-graph\">{\"@context\":\"https:\/\/schema.org\",\"@graph\":[{\"@type\":\"NewsArticle\",\"@id\":\"https:\/\/www.gaveanews.com\/index.php\/2021\/01\/28\/torcida-do-flamengo-provoca-renato-gaucho-nas-redes-sociais\/#article\",\"isPartOf\":{\"@id\":\"https:\/\/www.gaveanews.com\/index.php\/2021\/01\/28\/torcida-do-flamengo-provoca-renato-gaucho-nas-redes-sociais\/\"},\"author\":{\"name\":\"Equipe G\u00e1vea News\",\"@id\":\"https:\/\/www.gaveanews.com\/#\/schema\/person\/2ec14f73fb96be2caf28f91afb14749d\"},\"headline\":\"Torcida do Flamengo provoca Renato Ga\u00facho nas redes sociais\",\"datePublished\":\"2021-01-29T01:17:50+00:00\",\"dateModified\":\"2021-01-29T01:21:53+00:00\",\"mainEntityOfPage\":{\"@id\":\"https:\/\/www.gaveanews.com\/index.php\/2021\/01\/28\/torcida-do-flamengo-provoca-renato-gaucho-nas-redes-sociais\/\"},\"wordCount\":157,\"commentCount\":13,\"image\":{\"@id\":\"https:\/\/www.gaveanews.com\/index.php\/2021\/01\/28\/torcida-do-flamengo-provoca-renato-gaucho-nas-redes-sociais\/#primaryimage\"},\"thumbnailUrl\":\"https:\/\/www.gaveanews.com\/wp-content\/uploads\/Renato-Gaucho-durante-uma-partida-do-Gremio.webp\",\"articleSection\":[\"Destaques\"],\"inLanguage\":\"pt-BR\",\"potentialAction\":[{\"@type\":\"CommentAction\",\"name\":\"Comment\",\"target\":[\"https:\/\/www.gaveanews.com\/index.php\/2021\/01\/28\/torcida-do-flamengo-provoca-renato-gaucho-nas-redes-sociais\/#respond\"]}],\"copyrightYear\":\"2021\",\"copyrightHolder\":{\"@id\":\"https:\/\/www.gaveanews.com\/#organization\"}},{\"@type\":\"WebPage\",\"@id\":\"https:\/\/www.gaveanews.com\/index.php\/2021\/01\/28\/torcida-do-flamengo-provoca-renato-gaucho-nas-redes-sociais\/\",\"url\":\"https:\/\/www.gaveanews.com\/index.php\/2021\/01\/28\/torcida-do-flamengo-provoca-renato-gaucho-nas-redes-sociais\/\",\"name\":\"Torcida do Flamengo provoca Renato Ga\u00facho nas redes sociais\",\"isPartOf\":{\"@id\":\"https:\/\/www.gaveanews.com\/#website\"},\"primaryImageOfPage\":{\"@id\":\"https:\/\/www.gaveanews.com\/index.php\/2021\/01\/28\/torcida-do-flamengo-provoca-renato-gaucho-nas-redes-sociais\/#primaryimage\"},\"image\":{\"@id\":\"https:\/\/www.gaveanews.com\/index.php\/2021\/01\/28\/torcida-do-flamengo-provoca-renato-gaucho-nas-redes-sociais\/#primaryimage\"},\"thumbnailUrl\":\"https:\/\/www.gaveanews.com\/wp-content\/uploads\/Renato-Gaucho-durante-uma-partida-do-Gremio.webp\",\"datePublished\":\"2021-01-29T01:17:50+00:00\",\"dateModified\":\"2021-01-29T01:21:53+00:00\",\"author\":{\"@id\":\"https:\/\/www.gaveanews.com\/#\/schema\/person\/2ec14f73fb96be2caf28f91afb14749d\"},\"description\":\"O jogo atrasado pela 23\u00aa rodada do Campeonato Brasileiro reservou emo\u00e7\u00f5es do in\u00edcio ao fim e um embate de alto n\u00edvel.\",\"breadcrumb\":{\"@id\":\"https:\/\/www.gaveanews.com\/index.php\/2021\/01\/28\/torcida-do-flamengo-provoca-renato-gaucho-nas-redes-sociais\/#breadcrumb\"},\"inLanguage\":\"pt-BR\",\"potentialAction\":[{\"@type\":\"ReadAction\",\"target\":[\"https:\/\/www.gaveanews.com\/index.php\/2021\/01\/28\/torcida-do-flamengo-provoca-renato-gaucho-nas-redes-sociais\/\"]}]},{\"@type\":\"ImageObject\",\"inLanguage\":\"pt-BR\",\"@id\":\"https:\/\/www.gaveanews.com\/index.php\/2021\/01\/28\/torcida-do-flamengo-provoca-renato-gaucho-nas-redes-sociais\/#primaryimage\",\"url\":\"https:\/\/www.gaveanews.com\/wp-content\/uploads\/Renato-Gaucho-durante-uma-partida-do-Gremio.webp\",\"contentUrl\":\"https:\/\/www.gaveanews.com\/wp-content\/uploads\/Renato-Gaucho-durante-uma-partida-do-Gremio.webp\",\"caption\":\"Renato Ga\u00facho durante uma partida do Gr\u00eamio (Foto: Lucas Uebel\/Gr\u00eamio)\"},{\"@type\":\"BreadcrumbList\",\"@id\":\"https:\/\/www.gaveanews.com\/index.php\/2021\/01\/28\/torcida-do-flamengo-provoca-renato-gaucho-nas-redes-sociais\/#breadcrumb\",\"itemListElement\":[{\"@type\":\"ListItem\",\"position\":1,\"name\":\"Home\",\"item\":\"https:\/\/www.gaveanews.com\/\"},{\"@type\":\"ListItem\",\"position\":2,\"name\":\"Torcida do Flamengo provoca Renato Ga\u00facho nas redes sociais\"}]},{\"@type\":\"WebSite\",\"@id\":\"https:\/\/www.gaveanews.com\/#website\",\"url\":\"https:\/\/www.gaveanews.com\/\",\"name\":\"G\u00e1vea News\",\"description\":\"Veja todas as not\u00edcias sobre o Flamengo: Contrata\u00e7\u00f5es, categorias de base, resultados das partidas, tabela de classifica\u00e7\u00e3o, pr\u00f3ximos jogos!\",\"potentialAction\":[{\"@type\":\"SearchAction\",\"target\":{\"@type\":\"EntryPoint\",\"urlTemplate\":\"https:\/\/www.gaveanews.com\/?s={search_term_string}\"},\"query-input\":{\"@type\":\"PropertyValueSpecification\",\"valueRequired\":true,\"valueName\":\"search_term_string\"}}],\"inLanguage\":\"pt-BR\"},{\"@type\":\"Person\",\"@id\":\"https:\/\/www.gaveanews.com\/#\/schema\/person\/2ec14f73fb96be2caf28f91afb14749d\",\"name\":\"Equipe G\u00e1vea News\",\"image\":{\"@type\":\"ImageObject\",\"inLanguage\":\"pt-BR\",\"@id\":\"https:\/\/www.gaveanews.com\/#\/schema\/person\/image\/\",\"url\":\"https:\/\/secure.gravatar.com\/avatar\/1e1956f1facbffd3f8fa53a326721950116b3b9dc9bd44939c01180fd4a745a9?s=96&d=mm&r=g\",\"contentUrl\":\"https:\/\/secure.gravatar.com\/avatar\/1e1956f1facbffd3f8fa53a326721950116b3b9dc9bd44939c01180fd4a745a9?s=96&d=mm&r=g\",\"caption\":\"Equipe G\u00e1vea News\"}}]}<\/script>\n<!-- \/ Yoast SEO Premium plugin. -->","yoast_head_json":{"title":"Torcida do Flamengo provoca Renato Ga\u00facho nas redes sociais","description":"O jogo atrasado pela 23\u00aa rodada do Campeonato Brasileiro reservou emo\u00e7\u00f5es do in\u00edcio ao fim e um embate de alto n\u00edvel.","robots":{"index":"index","follow":"follow","max-snippet":"max-snippet:-1","max-image-preview":"max-image-preview:large","max-video-preview":"max-video-preview:-1"},"canonical":"https:\/\/www.gaveanews.com\/index.php\/2021\/01\/28\/torcida-do-flamengo-provoca-renato-gaucho-nas-redes-sociais\/","og_locale":"pt_BR","og_type":"article","og_title":"Torcida do Flamengo provoca Renato Ga\u00facho nas redes sociais","og_description":"O jogo atrasado pela 23\u00aa rodada do Campeonato Brasileiro reservou emo\u00e7\u00f5es do in\u00edcio ao fim e um embate de alto n\u00edvel.","og_url":"https:\/\/www.gaveanews.com\/index.php\/2021\/01\/28\/torcida-do-flamengo-provoca-renato-gaucho-nas-redes-sociais\/","og_site_name":"G\u00e1vea News","article_publisher":"https:\/\/facebook.com\/gaveaNews\/","article_published_time":"2021-01-29T01:17:50+00:00","article_modified_time":"2021-01-29T01:21:53+00:00","og_image":[{"url":"https:\/\/www.gaveanews.com\/wp-content\/uploads\/Renato-Gaucho-durante-uma-partida-do-Gremio.webp","width":1,"height":1,"type":"image\/jpeg"}],"author":"Equipe G\u00e1vea News","twitter_card":"summary_large_image","twitter_misc":{"Escrito por":"Equipe G\u00e1vea News","Est. tempo de leitura":"1 minuto"},"schema":{"@context":"https:\/\/schema.org","@graph":[{"@type":"NewsArticle","@id":"https:\/\/www.gaveanews.com\/index.php\/2021\/01\/28\/torcida-do-flamengo-provoca-renato-gaucho-nas-redes-sociais\/#article","isPartOf":{"@id":"https:\/\/www.gaveanews.com\/index.php\/2021\/01\/28\/torcida-do-flamengo-provoca-renato-gaucho-nas-redes-sociais\/"},"author":{"name":"Equipe G\u00e1vea News","@id":"https:\/\/www.gaveanews.com\/#\/schema\/person\/2ec14f73fb96be2caf28f91afb14749d"},"headline":"Torcida do Flamengo provoca Renato Ga\u00facho nas redes sociais","datePublished":"2021-01-29T01:17:50+00:00","dateModified":"2021-01-29T01:21:53+00:00","mainEntityOfPage":{"@id":"https:\/\/www.gaveanews.com\/index.php\/2021\/01\/28\/torcida-do-flamengo-provoca-renato-gaucho-nas-redes-sociais\/"},"wordCount":157,"commentCount":13,"image":{"@id":"https:\/\/www.gaveanews.com\/index.php\/2021\/01\/28\/torcida-do-flamengo-provoca-renato-gaucho-nas-redes-sociais\/#primaryimage"},"thumbnailUrl":"https:\/\/www.gaveanews.com\/wp-content\/uploads\/Renato-Gaucho-durante-uma-partida-do-Gremio.webp","articleSection":["Destaques"],"inLanguage":"pt-BR","potentialAction":[{"@type":"CommentAction","name":"Comment","target":["https:\/\/www.gaveanews.com\/index.php\/2021\/01\/28\/torcida-do-flamengo-provoca-renato-gaucho-nas-redes-sociais\/#respond"]}],"copyrightYear":"2021","copyrightHolder":{"@id":"https:\/\/www.gaveanews.com\/#organization"}},{"@type":"WebPage","@id":"https:\/\/www.gaveanews.com\/index.php\/2021\/01\/28\/torcida-do-flamengo-provoca-renato-gaucho-nas-redes-sociais\/","url":"https:\/\/www.gaveanews.com\/index.php\/2021\/01\/28\/torcida-do-flamengo-provoca-renato-gaucho-nas-redes-sociais\/","name":"Torcida do Flamengo provoca Renato Ga\u00facho nas redes sociais","isPartOf":{"@id":"https:\/\/www.gaveanews.com\/#website"},"primaryImageOfPage":{"@id":"https:\/\/www.gaveanews.com\/index.php\/2021\/01\/28\/torcida-do-flamengo-provoca-renato-gaucho-nas-redes-sociais\/#primaryimage"},"image":{"@id":"https:\/\/www.gaveanews.com\/index.php\/2021\/01\/28\/torcida-do-flamengo-provoca-renato-gaucho-nas-redes-sociais\/#primaryimage"},"thumbnailUrl":"https:\/\/www.gaveanews.com\/wp-content\/uploads\/Renato-Gaucho-durante-uma-partida-do-Gremio.webp","datePublished":"2021-01-29T01:17:50+00:00","dateModified":"2021-01-29T01:21:53+00:00","author":{"@id":"https:\/\/www.gaveanews.com\/#\/schema\/person\/2ec14f73fb96be2caf28f91afb14749d"},"description":"O jogo atrasado pela 23\u00aa rodada do Campeonato Brasileiro reservou emo\u00e7\u00f5es do in\u00edcio ao fim e um embate de alto n\u00edvel.","breadcrumb":{"@id":"https:\/\/www.gaveanews.com\/index.php\/2021\/01\/28\/torcida-do-flamengo-provoca-renato-gaucho-nas-redes-sociais\/#breadcrumb"},"inLanguage":"pt-BR","potentialAction":[{"@type":"ReadAction","target":["https:\/\/www.gaveanews.com\/index.php\/2021\/01\/28\/torcida-do-flamengo-provoca-renato-gaucho-nas-redes-sociais\/"]}]},{"@type":"ImageObject","inLanguage":"pt-BR","@id":"https:\/\/www.gaveanews.com\/index.php\/2021\/01\/28\/torcida-do-flamengo-provoca-renato-gaucho-nas-redes-sociais\/#primaryimage","url":"https:\/\/www.gaveanews.com\/wp-content\/uploads\/Renato-Gaucho-durante-uma-partida-do-Gremio.webp","contentUrl":"https:\/\/www.gaveanews.com\/wp-content\/uploads\/Renato-Gaucho-durante-uma-partida-do-Gremio.webp","caption":"Renato Ga\u00facho durante uma partida do Gr\u00eamio (Foto: Lucas Uebel\/Gr\u00eamio)"},{"@type":"BreadcrumbList","@id":"https:\/\/www.gaveanews.com\/index.php\/2021\/01\/28\/torcida-do-flamengo-provoca-renato-gaucho-nas-redes-sociais\/#breadcrumb","itemListElement":[{"@type":"ListItem","position":1,"name":"Home","item":"https:\/\/www.gaveanews.com\/"},{"@type":"ListItem","position":2,"name":"Torcida do Flamengo provoca Renato Ga\u00facho nas redes sociais"}]},{"@type":"WebSite","@id":"https:\/\/www.gaveanews.com\/#website","url":"https:\/\/www.gaveanews.com\/","name":"G\u00e1vea News","description":"Veja todas as not\u00edcias sobre o Flamengo: Contrata\u00e7\u00f5es, categorias de base, resultados das partidas, tabela de classifica\u00e7\u00e3o, pr\u00f3ximos jogos!","potentialAction":[{"@type":"SearchAction","target":{"@type":"EntryPoint","urlTemplate":"https:\/\/www.gaveanews.com\/?s={search_term_string}"},"query-input":{"@type":"PropertyValueSpecification","valueRequired":true,"valueName":"search_term_string"}}],"inLanguage":"pt-BR"},{"@type":"Person","@id":"https:\/\/www.gaveanews.com\/#\/schema\/person\/2ec14f73fb96be2caf28f91afb14749d","name":"Equipe G\u00e1vea News","image":{"@type":"ImageObject","inLanguage":"pt-BR","@id":"https:\/\/www.gaveanews.com\/#\/schema\/person\/image\/","url":"https:\/\/secure.gravatar.com\/avatar\/1e1956f1facbffd3f8fa53a326721950116b3b9dc9bd44939c01180fd4a745a9?s=96&d=mm&r=g","contentUrl":"https:\/\/secure.gravatar.com\/avatar\/1e1956f1facbffd3f8fa53a326721950116b3b9dc9bd44939c01180fd4a745a9?s=96&d=mm&r=g","caption":"Equipe G\u00e1vea News"}}]}},"_links":{"self":[{"href":"https:\/\/www.gaveanews.com\/index.php\/wp-json\/wp\/v2\/posts\/55424","targetHints":{"allow":["GET"]}}],"collection":[{"href":"https:\/\/www.gaveanews.com\/index.php\/wp-json\/wp\/v2\/posts"}],"about":[{"href":"https:\/\/www.gaveanews.com\/index.php\/wp-json\/wp\/v2\/types\/post"}],"author":[{"embeddable":true,"href":"https:\/\/www.gaveanews.com\/index.php\/wp-json\/wp\/v2\/users\/1"}],"replies":[{"embeddable":true,"href":"https:\/\/www.gaveanews.com\/index.php\/wp-json\/wp\/v2\/comments?post=55424"}],"version-history":[{"count":0,"href":"https:\/\/www.gaveanews.com\/index.php\/wp-json\/wp\/v2\/posts\/55424\/revisions"}],"wp:featuredmedia":[{"embeddable":true,"href":"https:\/\/www.gaveanews.com\/index.php\/wp-json\/wp\/v2\/media\/28763"}],"wp:attachment":[{"href":"https:\/\/www.gaveanews.com\/index.php\/wp-json\/wp\/v2\/media?parent=55424"}],"wp:term":[{"taxonomy":"category","embeddable":true,"href":"https:\/\/www.gaveanews.com\/index.php\/wp-json\/wp\/v2\/categories?post=55424"},{"taxonomy":"post_tag","embeddable":true,"href":"https:\/\/www.gaveanews.com\/index.php\/wp-json\/wp\/v2\/tags?post=55424"}],"curies":[{"name":"wp","href":"https:\/\/api.w.org\/{rel}","templated":true}]}}