{"id":55492,"date":"2021-01-31T01:03:55","date_gmt":"2021-01-31T04:03:55","guid":{"rendered":"https:\/\/www.gaveanews.com\/?p=55492"},"modified":"2021-01-31T01:04:00","modified_gmt":"2021-01-31T04:04:00","slug":"amigo-de-jorge-jesus-conta-detalhes-sobre-o-estado-de-saude-do-treinador","status":"publish","type":"post","link":"https:\/\/www.gaveanews.com\/index.php\/2021\/01\/31\/amigo-de-jorge-jesus-conta-detalhes-sobre-o-estado-de-saude-do-treinador\/","title":{"rendered":"Amigo de Jorge Jesus conta detalhes sobre o estado de sa\u00fade do treinador"},"content":{"rendered":"\n<p>Na \u00faltima quinta-feira, foi anunciado que Jorge Jesus, treinador do Benfica, testou positivo para Covid-19. Com isso, o portugu\u00eas se ausentar\u00e1 da partida contra o Sporting, nesta segunda-feira. Segundo Julio Ant\u00f3nio, amigo de Jesus, o ex-Flamengo est\u00e1 com febres e dores no corpo.<\/p>\n\n\n\n<p>Em entrevista \u00e0 &#8216;Antena 1&#8217; e &#8216;R\u00e1dio Renascen\u00e7a&#8217;, Julio Ant\u00f3nio falou sobre o estado de Jorge Jesus, hoje com 66 anos.<\/p>\n\n\n\n<p>&#8220;(Jorge Jesus) come\u00e7ou a ter sintomas febris e muitas dores no corpo, e depois foi para o hospital, onde foi feita uma bateria de exames e, ao fim da noite, enfim, foi conhecido o resultado desses testes, onde ele tamb\u00e9m testou positivo para coronav\u00edrus. Est\u00e1 em casa, est\u00e1 combatendo este v\u00edrus e est\u00e1 abatido, com febre e muitas dores no corpo&#8221;, disse o amigo de Jesus.<\/p>\n\n\n\n<p>&#8220;Tudo isto o afetou. De uns dois meses para c\u00e1, semanalmente, ficavam dois, tr\u00eas, quatro jogadores infetados, dois, tr\u00eas elementos da sua equipe t\u00e9cnica afetados. Nos \u00faltimos dez, doze dias ele esteve sozinho. N\u00e3o teve nenhum elemento da equipa t\u00e9cnica com ele e depois ver os seus jogadores em casa, com o Covid-19, cada um com os seus sintomas, n\u00e3o h\u00e1 quem resista a isto&#8221;, adicionou Julio Ant\u00f3nio.<\/p>\n\n\n\n<p>Na entrevista, Julio Ant\u00f3nio ainda falou sobre o cl\u00e1ssico de Lisboa da pr\u00f3xima segunda-feira.<\/p>\n\n\n\n<p>&#8220;\u00c9 um d\u00e9rbi em que ele gostaria de estar presente. Obviamente que o Benfica ser\u00e1 prejudicado pela n\u00e3o presen\u00e7a de Jorge Jesus e na lideran\u00e7a da equipa no terreno de jogo. Tenho a certeza que os jogadores e a restante equipa t\u00e9cnica v\u00e3o querer dar o m\u00e1ximo&#8221;, concluiu.<\/p>\n\n\n\n<p>Retirado de: O Dia<\/p>\n","protected":false},"excerpt":{"rendered":"<p>Na \u00faltima quinta-feira, foi anunciado que Jorge Jesus, treinador do Benfica, testou positivo para Covid-19. Com isso, o portugu\u00eas se ausentar\u00e1 da partida contra o Sporting, nesta segunda-feira. Segundo Julio Ant\u00f3nio, amigo de Jesus, o ex-Flamengo est\u00e1 com febres e dores no corpo. Em entrevista \u00e0 &#8216;Antena 1&#8217; e &#8216;R\u00e1dio Renascen\u00e7a&#8217;, Julio Ant\u00f3nio falou sobre [&hellip;]<\/p>\n","protected":false},"author":1,"featured_media":28616,"comment_status":"open","ping_status":"closed","sticky":false,"template":"","format":"standard","meta":{"footnotes":""},"categories":[47],"tags":[],"class_list":["post-55492","post","type-post","status-publish","format-standard","has-post-thumbnail","hentry","category-destaques"],"yoast_head":"<!-- This site is optimized with the Yoast SEO Premium plugin v24.2 (Yoast SEO v26.9) - https:\/\/yoast.com\/product\/yoast-seo-premium-wordpress\/ -->\n<title>Amigo de Jesus conta detalhes sobre o estado de sa\u00fade do treinador<\/title>\n<meta name=\"description\" content=\"Na \u00faltima quinta-feira, foi anunciado que Jorge Jesus, treinador do Benfica, testou positivo para Covid-19.\" \/>\n<meta name=\"robots\" content=\"index, follow, max-snippet:-1, max-image-preview:large, max-video-preview:-1\" \/>\n<link rel=\"canonical\" href=\"https:\/\/www.gaveanews.com\/index.php\/2021\/01\/31\/amigo-de-jorge-jesus-conta-detalhes-sobre-o-estado-de-saude-do-treinador\/\" \/>\n<meta property=\"og:locale\" content=\"pt_BR\" \/>\n<meta property=\"og:type\" content=\"article\" \/>\n<meta property=\"og:title\" content=\"Amigo de Jorge Jesus conta detalhes sobre o estado de sa\u00fade do treinador\" \/>\n<meta property=\"og:description\" content=\"Na \u00faltima quinta-feira, foi anunciado que Jorge Jesus, treinador do Benfica, testou positivo para Covid-19.\" \/>\n<meta property=\"og:url\" content=\"https:\/\/www.gaveanews.com\/index.php\/2021\/01\/31\/amigo-de-jorge-jesus-conta-detalhes-sobre-o-estado-de-saude-do-treinador\/\" \/>\n<meta property=\"og:site_name\" content=\"G\u00e1vea News\" \/>\n<meta property=\"article:publisher\" content=\"https:\/\/facebook.com\/gaveaNews\/\" \/>\n<meta property=\"article:published_time\" content=\"2021-01-31T04:03:55+00:00\" \/>\n<meta property=\"article:modified_time\" content=\"2021-01-31T04:04:00+00:00\" \/>\n<meta property=\"og:image\" content=\"https:\/\/www.gaveanews.com\/wp-content\/uploads\/Jorge-Jesus-durante-partida-do-Flamengo-no-estadio-do-Maracana.webp\" \/>\n\t<meta property=\"og:image:width\" content=\"1\" \/>\n\t<meta property=\"og:image:height\" content=\"1\" \/>\n\t<meta property=\"og:image:type\" content=\"image\/jpeg\" \/>\n<meta name=\"author\" content=\"Equipe G\u00e1vea News\" \/>\n<meta name=\"twitter:card\" content=\"summary_large_image\" \/>\n<meta name=\"twitter:label1\" content=\"Escrito por\" \/>\n\t<meta name=\"twitter:data1\" content=\"Equipe G\u00e1vea News\" \/>\n\t<meta name=\"twitter:label2\" content=\"Est. tempo de leitura\" \/>\n\t<meta name=\"twitter:data2\" content=\"1 minuto\" \/>\n<script type=\"application\/ld+json\" class=\"yoast-schema-graph\">{\"@context\":\"https:\/\/schema.org\",\"@graph\":[{\"@type\":\"NewsArticle\",\"@id\":\"https:\/\/www.gaveanews.com\/index.php\/2021\/01\/31\/amigo-de-jorge-jesus-conta-detalhes-sobre-o-estado-de-saude-do-treinador\/#article\",\"isPartOf\":{\"@id\":\"https:\/\/www.gaveanews.com\/index.php\/2021\/01\/31\/amigo-de-jorge-jesus-conta-detalhes-sobre-o-estado-de-saude-do-treinador\/\"},\"author\":{\"name\":\"Equipe G\u00e1vea News\",\"@id\":\"https:\/\/www.gaveanews.com\/#\/schema\/person\/2ec14f73fb96be2caf28f91afb14749d\"},\"headline\":\"Amigo de Jorge Jesus conta detalhes sobre o estado de sa\u00fade do treinador\",\"datePublished\":\"2021-01-31T04:03:55+00:00\",\"dateModified\":\"2021-01-31T04:04:00+00:00\",\"mainEntityOfPage\":{\"@id\":\"https:\/\/www.gaveanews.com\/index.php\/2021\/01\/31\/amigo-de-jorge-jesus-conta-detalhes-sobre-o-estado-de-saude-do-treinador\/\"},\"wordCount\":300,\"commentCount\":32,\"image\":{\"@id\":\"https:\/\/www.gaveanews.com\/index.php\/2021\/01\/31\/amigo-de-jorge-jesus-conta-detalhes-sobre-o-estado-de-saude-do-treinador\/#primaryimage\"},\"thumbnailUrl\":\"https:\/\/www.gaveanews.com\/wp-content\/uploads\/Jorge-Jesus-durante-partida-do-Flamengo-no-estadio-do-Maracana.webp\",\"articleSection\":[\"Destaques\"],\"inLanguage\":\"pt-BR\",\"potentialAction\":[{\"@type\":\"CommentAction\",\"name\":\"Comment\",\"target\":[\"https:\/\/www.gaveanews.com\/index.php\/2021\/01\/31\/amigo-de-jorge-jesus-conta-detalhes-sobre-o-estado-de-saude-do-treinador\/#respond\"]}],\"copyrightYear\":\"2021\",\"copyrightHolder\":{\"@id\":\"https:\/\/www.gaveanews.com\/#organization\"}},{\"@type\":\"WebPage\",\"@id\":\"https:\/\/www.gaveanews.com\/index.php\/2021\/01\/31\/amigo-de-jorge-jesus-conta-detalhes-sobre-o-estado-de-saude-do-treinador\/\",\"url\":\"https:\/\/www.gaveanews.com\/index.php\/2021\/01\/31\/amigo-de-jorge-jesus-conta-detalhes-sobre-o-estado-de-saude-do-treinador\/\",\"name\":\"Amigo de Jesus conta detalhes sobre o estado de sa\u00fade do treinador\",\"isPartOf\":{\"@id\":\"https:\/\/www.gaveanews.com\/#website\"},\"primaryImageOfPage\":{\"@id\":\"https:\/\/www.gaveanews.com\/index.php\/2021\/01\/31\/amigo-de-jorge-jesus-conta-detalhes-sobre-o-estado-de-saude-do-treinador\/#primaryimage\"},\"image\":{\"@id\":\"https:\/\/www.gaveanews.com\/index.php\/2021\/01\/31\/amigo-de-jorge-jesus-conta-detalhes-sobre-o-estado-de-saude-do-treinador\/#primaryimage\"},\"thumbnailUrl\":\"https:\/\/www.gaveanews.com\/wp-content\/uploads\/Jorge-Jesus-durante-partida-do-Flamengo-no-estadio-do-Maracana.webp\",\"datePublished\":\"2021-01-31T04:03:55+00:00\",\"dateModified\":\"2021-01-31T04:04:00+00:00\",\"author\":{\"@id\":\"https:\/\/www.gaveanews.com\/#\/schema\/person\/2ec14f73fb96be2caf28f91afb14749d\"},\"description\":\"Na \u00faltima quinta-feira, foi anunciado que Jorge Jesus, treinador do Benfica, testou positivo para Covid-19.\",\"breadcrumb\":{\"@id\":\"https:\/\/www.gaveanews.com\/index.php\/2021\/01\/31\/amigo-de-jorge-jesus-conta-detalhes-sobre-o-estado-de-saude-do-treinador\/#breadcrumb\"},\"inLanguage\":\"pt-BR\",\"potentialAction\":[{\"@type\":\"ReadAction\",\"target\":[\"https:\/\/www.gaveanews.com\/index.php\/2021\/01\/31\/amigo-de-jorge-jesus-conta-detalhes-sobre-o-estado-de-saude-do-treinador\/\"]}]},{\"@type\":\"ImageObject\",\"inLanguage\":\"pt-BR\",\"@id\":\"https:\/\/www.gaveanews.com\/index.php\/2021\/01\/31\/amigo-de-jorge-jesus-conta-detalhes-sobre-o-estado-de-saude-do-treinador\/#primaryimage\",\"url\":\"https:\/\/www.gaveanews.com\/wp-content\/uploads\/Jorge-Jesus-durante-partida-do-Flamengo-no-estadio-do-Maracana.webp\",\"contentUrl\":\"https:\/\/www.gaveanews.com\/wp-content\/uploads\/Jorge-Jesus-durante-partida-do-Flamengo-no-estadio-do-Maracana.webp\",\"caption\":\"Jorge Jesus durante partida do Flamengo no est\u00e1dio do Maracan\u00e3 (Foto: Alexandre Vidal\/Flamengo)\"},{\"@type\":\"BreadcrumbList\",\"@id\":\"https:\/\/www.gaveanews.com\/index.php\/2021\/01\/31\/amigo-de-jorge-jesus-conta-detalhes-sobre-o-estado-de-saude-do-treinador\/#breadcrumb\",\"itemListElement\":[{\"@type\":\"ListItem\",\"position\":1,\"name\":\"Home\",\"item\":\"https:\/\/www.gaveanews.com\/\"},{\"@type\":\"ListItem\",\"position\":2,\"name\":\"Amigo de Jorge Jesus conta detalhes sobre o estado de sa\u00fade do treinador\"}]},{\"@type\":\"WebSite\",\"@id\":\"https:\/\/www.gaveanews.com\/#website\",\"url\":\"https:\/\/www.gaveanews.com\/\",\"name\":\"G\u00e1vea News\",\"description\":\"Veja todas as not\u00edcias sobre o Flamengo: Contrata\u00e7\u00f5es, categorias de base, resultados das partidas, tabela de classifica\u00e7\u00e3o, pr\u00f3ximos jogos!\",\"potentialAction\":[{\"@type\":\"SearchAction\",\"target\":{\"@type\":\"EntryPoint\",\"urlTemplate\":\"https:\/\/www.gaveanews.com\/?s={search_term_string}\"},\"query-input\":{\"@type\":\"PropertyValueSpecification\",\"valueRequired\":true,\"valueName\":\"search_term_string\"}}],\"inLanguage\":\"pt-BR\"},{\"@type\":\"Person\",\"@id\":\"https:\/\/www.gaveanews.com\/#\/schema\/person\/2ec14f73fb96be2caf28f91afb14749d\",\"name\":\"Equipe G\u00e1vea News\",\"image\":{\"@type\":\"ImageObject\",\"inLanguage\":\"pt-BR\",\"@id\":\"https:\/\/www.gaveanews.com\/#\/schema\/person\/image\/\",\"url\":\"https:\/\/secure.gravatar.com\/avatar\/1e1956f1facbffd3f8fa53a326721950116b3b9dc9bd44939c01180fd4a745a9?s=96&d=mm&r=g\",\"contentUrl\":\"https:\/\/secure.gravatar.com\/avatar\/1e1956f1facbffd3f8fa53a326721950116b3b9dc9bd44939c01180fd4a745a9?s=96&d=mm&r=g\",\"caption\":\"Equipe G\u00e1vea News\"}}]}<\/script>\n<!-- \/ Yoast SEO Premium plugin. -->","yoast_head_json":{"title":"Amigo de Jesus conta detalhes sobre o estado de sa\u00fade do treinador","description":"Na \u00faltima quinta-feira, foi anunciado que Jorge Jesus, treinador do Benfica, testou positivo para Covid-19.","robots":{"index":"index","follow":"follow","max-snippet":"max-snippet:-1","max-image-preview":"max-image-preview:large","max-video-preview":"max-video-preview:-1"},"canonical":"https:\/\/www.gaveanews.com\/index.php\/2021\/01\/31\/amigo-de-jorge-jesus-conta-detalhes-sobre-o-estado-de-saude-do-treinador\/","og_locale":"pt_BR","og_type":"article","og_title":"Amigo de Jorge Jesus conta detalhes sobre o estado de sa\u00fade do treinador","og_description":"Na \u00faltima quinta-feira, foi anunciado que Jorge Jesus, treinador do Benfica, testou positivo para Covid-19.","og_url":"https:\/\/www.gaveanews.com\/index.php\/2021\/01\/31\/amigo-de-jorge-jesus-conta-detalhes-sobre-o-estado-de-saude-do-treinador\/","og_site_name":"G\u00e1vea News","article_publisher":"https:\/\/facebook.com\/gaveaNews\/","article_published_time":"2021-01-31T04:03:55+00:00","article_modified_time":"2021-01-31T04:04:00+00:00","og_image":[{"url":"https:\/\/www.gaveanews.com\/wp-content\/uploads\/Jorge-Jesus-durante-partida-do-Flamengo-no-estadio-do-Maracana.webp","width":1,"height":1,"type":"image\/jpeg"}],"author":"Equipe G\u00e1vea News","twitter_card":"summary_large_image","twitter_misc":{"Escrito por":"Equipe G\u00e1vea News","Est. tempo de leitura":"1 minuto"},"schema":{"@context":"https:\/\/schema.org","@graph":[{"@type":"NewsArticle","@id":"https:\/\/www.gaveanews.com\/index.php\/2021\/01\/31\/amigo-de-jorge-jesus-conta-detalhes-sobre-o-estado-de-saude-do-treinador\/#article","isPartOf":{"@id":"https:\/\/www.gaveanews.com\/index.php\/2021\/01\/31\/amigo-de-jorge-jesus-conta-detalhes-sobre-o-estado-de-saude-do-treinador\/"},"author":{"name":"Equipe G\u00e1vea News","@id":"https:\/\/www.gaveanews.com\/#\/schema\/person\/2ec14f73fb96be2caf28f91afb14749d"},"headline":"Amigo de Jorge Jesus conta detalhes sobre o estado de sa\u00fade do treinador","datePublished":"2021-01-31T04:03:55+00:00","dateModified":"2021-01-31T04:04:00+00:00","mainEntityOfPage":{"@id":"https:\/\/www.gaveanews.com\/index.php\/2021\/01\/31\/amigo-de-jorge-jesus-conta-detalhes-sobre-o-estado-de-saude-do-treinador\/"},"wordCount":300,"commentCount":32,"image":{"@id":"https:\/\/www.gaveanews.com\/index.php\/2021\/01\/31\/amigo-de-jorge-jesus-conta-detalhes-sobre-o-estado-de-saude-do-treinador\/#primaryimage"},"thumbnailUrl":"https:\/\/www.gaveanews.com\/wp-content\/uploads\/Jorge-Jesus-durante-partida-do-Flamengo-no-estadio-do-Maracana.webp","articleSection":["Destaques"],"inLanguage":"pt-BR","potentialAction":[{"@type":"CommentAction","name":"Comment","target":["https:\/\/www.gaveanews.com\/index.php\/2021\/01\/31\/amigo-de-jorge-jesus-conta-detalhes-sobre-o-estado-de-saude-do-treinador\/#respond"]}],"copyrightYear":"2021","copyrightHolder":{"@id":"https:\/\/www.gaveanews.com\/#organization"}},{"@type":"WebPage","@id":"https:\/\/www.gaveanews.com\/index.php\/2021\/01\/31\/amigo-de-jorge-jesus-conta-detalhes-sobre-o-estado-de-saude-do-treinador\/","url":"https:\/\/www.gaveanews.com\/index.php\/2021\/01\/31\/amigo-de-jorge-jesus-conta-detalhes-sobre-o-estado-de-saude-do-treinador\/","name":"Amigo de Jesus conta detalhes sobre o estado de sa\u00fade do treinador","isPartOf":{"@id":"https:\/\/www.gaveanews.com\/#website"},"primaryImageOfPage":{"@id":"https:\/\/www.gaveanews.com\/index.php\/2021\/01\/31\/amigo-de-jorge-jesus-conta-detalhes-sobre-o-estado-de-saude-do-treinador\/#primaryimage"},"image":{"@id":"https:\/\/www.gaveanews.com\/index.php\/2021\/01\/31\/amigo-de-jorge-jesus-conta-detalhes-sobre-o-estado-de-saude-do-treinador\/#primaryimage"},"thumbnailUrl":"https:\/\/www.gaveanews.com\/wp-content\/uploads\/Jorge-Jesus-durante-partida-do-Flamengo-no-estadio-do-Maracana.webp","datePublished":"2021-01-31T04:03:55+00:00","dateModified":"2021-01-31T04:04:00+00:00","author":{"@id":"https:\/\/www.gaveanews.com\/#\/schema\/person\/2ec14f73fb96be2caf28f91afb14749d"},"description":"Na \u00faltima quinta-feira, foi anunciado que Jorge Jesus, treinador do Benfica, testou positivo para Covid-19.","breadcrumb":{"@id":"https:\/\/www.gaveanews.com\/index.php\/2021\/01\/31\/amigo-de-jorge-jesus-conta-detalhes-sobre-o-estado-de-saude-do-treinador\/#breadcrumb"},"inLanguage":"pt-BR","potentialAction":[{"@type":"ReadAction","target":["https:\/\/www.gaveanews.com\/index.php\/2021\/01\/31\/amigo-de-jorge-jesus-conta-detalhes-sobre-o-estado-de-saude-do-treinador\/"]}]},{"@type":"ImageObject","inLanguage":"pt-BR","@id":"https:\/\/www.gaveanews.com\/index.php\/2021\/01\/31\/amigo-de-jorge-jesus-conta-detalhes-sobre-o-estado-de-saude-do-treinador\/#primaryimage","url":"https:\/\/www.gaveanews.com\/wp-content\/uploads\/Jorge-Jesus-durante-partida-do-Flamengo-no-estadio-do-Maracana.webp","contentUrl":"https:\/\/www.gaveanews.com\/wp-content\/uploads\/Jorge-Jesus-durante-partida-do-Flamengo-no-estadio-do-Maracana.webp","caption":"Jorge Jesus durante partida do Flamengo no est\u00e1dio do Maracan\u00e3 (Foto: Alexandre Vidal\/Flamengo)"},{"@type":"BreadcrumbList","@id":"https:\/\/www.gaveanews.com\/index.php\/2021\/01\/31\/amigo-de-jorge-jesus-conta-detalhes-sobre-o-estado-de-saude-do-treinador\/#breadcrumb","itemListElement":[{"@type":"ListItem","position":1,"name":"Home","item":"https:\/\/www.gaveanews.com\/"},{"@type":"ListItem","position":2,"name":"Amigo de Jorge Jesus conta detalhes sobre o estado de sa\u00fade do treinador"}]},{"@type":"WebSite","@id":"https:\/\/www.gaveanews.com\/#website","url":"https:\/\/www.gaveanews.com\/","name":"G\u00e1vea News","description":"Veja todas as not\u00edcias sobre o Flamengo: Contrata\u00e7\u00f5es, categorias de base, resultados das partidas, tabela de classifica\u00e7\u00e3o, pr\u00f3ximos jogos!","potentialAction":[{"@type":"SearchAction","target":{"@type":"EntryPoint","urlTemplate":"https:\/\/www.gaveanews.com\/?s={search_term_string}"},"query-input":{"@type":"PropertyValueSpecification","valueRequired":true,"valueName":"search_term_string"}}],"inLanguage":"pt-BR"},{"@type":"Person","@id":"https:\/\/www.gaveanews.com\/#\/schema\/person\/2ec14f73fb96be2caf28f91afb14749d","name":"Equipe G\u00e1vea News","image":{"@type":"ImageObject","inLanguage":"pt-BR","@id":"https:\/\/www.gaveanews.com\/#\/schema\/person\/image\/","url":"https:\/\/secure.gravatar.com\/avatar\/1e1956f1facbffd3f8fa53a326721950116b3b9dc9bd44939c01180fd4a745a9?s=96&d=mm&r=g","contentUrl":"https:\/\/secure.gravatar.com\/avatar\/1e1956f1facbffd3f8fa53a326721950116b3b9dc9bd44939c01180fd4a745a9?s=96&d=mm&r=g","caption":"Equipe G\u00e1vea News"}}]}},"_links":{"self":[{"href":"https:\/\/www.gaveanews.com\/index.php\/wp-json\/wp\/v2\/posts\/55492","targetHints":{"allow":["GET"]}}],"collection":[{"href":"https:\/\/www.gaveanews.com\/index.php\/wp-json\/wp\/v2\/posts"}],"about":[{"href":"https:\/\/www.gaveanews.com\/index.php\/wp-json\/wp\/v2\/types\/post"}],"author":[{"embeddable":true,"href":"https:\/\/www.gaveanews.com\/index.php\/wp-json\/wp\/v2\/users\/1"}],"replies":[{"embeddable":true,"href":"https:\/\/www.gaveanews.com\/index.php\/wp-json\/wp\/v2\/comments?post=55492"}],"version-history":[{"count":0,"href":"https:\/\/www.gaveanews.com\/index.php\/wp-json\/wp\/v2\/posts\/55492\/revisions"}],"wp:featuredmedia":[{"embeddable":true,"href":"https:\/\/www.gaveanews.com\/index.php\/wp-json\/wp\/v2\/media\/28616"}],"wp:attachment":[{"href":"https:\/\/www.gaveanews.com\/index.php\/wp-json\/wp\/v2\/media?parent=55492"}],"wp:term":[{"taxonomy":"category","embeddable":true,"href":"https:\/\/www.gaveanews.com\/index.php\/wp-json\/wp\/v2\/categories?post=55492"},{"taxonomy":"post_tag","embeddable":true,"href":"https:\/\/www.gaveanews.com\/index.php\/wp-json\/wp\/v2\/tags?post=55492"}],"curies":[{"name":"wp","href":"https:\/\/api.w.org\/{rel}","templated":true}]}}