{"id":55503,"date":"2021-01-31T20:51:53","date_gmt":"2021-01-31T23:51:53","guid":{"rendered":"https:\/\/www.gaveanews.com\/?p=55503"},"modified":"2021-01-31T20:52:11","modified_gmt":"2021-01-31T23:52:11","slug":"flamengo-exercera-opcao-de-compra-de-guilherme-bala","status":"publish","type":"post","link":"https:\/\/www.gaveanews.com\/index.php\/2021\/01\/31\/flamengo-exercera-opcao-de-compra-de-guilherme-bala\/","title":{"rendered":"Flamengo exercer\u00e1 op\u00e7\u00e3o de compra de Guilherme Bala"},"content":{"rendered":"\n<p>O Flamengo est\u00e1 pr\u00f3ximo de oficializar a contrata\u00e7\u00e3o definitiva do atacante Guilherme Bala, emprestado pelo Madureira at\u00e9 este domingo. A c\u00fapula rubro-negra indicou ao Tricolor Suburbano que ir\u00e1 exercer a op\u00e7\u00e3o de compra estabelecida em contrato e ficar\u00e1 com o jovem de 19 anos.<\/p>\n\n\n\n<p>As tratativas foram at\u00e9 os minutos finais, e, nas \u00faltimas horas, o Flamengo enviou e-mail ao Madureira informando que exerceria a op\u00e7\u00e3o de compra. Detalhes burocr\u00e1ticos est\u00e3o sendo resolvidos para que o pr\u00f3ximo passo seja dado: a assinatura do novo compromisso, que ter\u00e1 validade por quatro temporadas.<\/p>\n\n\n\n<p>O DIA apurou que, quando o Flamengo contratou Guilherme Bala por empr\u00e9stimo, em 2019, adquiriu 20% dos direitos econ\u00f4micos por R$ 200 mil, segundo fontes do Madureira. Agora, ir\u00e1 desembolsar mais R$ 600 mil e ir\u00e1 &#8220;morder&#8221; mais 50% dos direitos, totalizando 70% e um total investido de R$ 800 mil em um atleta que tem, inclusive, passagem pela categoria de base da Sele\u00e7\u00e3o.<\/p>\n\n\n\n<p>Antes de definir que exerceria a op\u00e7\u00e3o de compra, o Flamengo tentou estender o empr\u00e9stimo de Guilherme Bala por mais uma temporada, mas sem sucesso.<\/p>\n\n\n\n<p>&#8220;Eles (Flamengo) me ligaram para pedir que o contrato de empr\u00e9stimo fosse estendido at\u00e9 o come\u00e7o de 2022, mas n\u00e3o aceitei. O valor da op\u00e7\u00e3o de compra em contrato \u00e9 baixo e j\u00e1 demos prioridade ao Flamengo v\u00e1rias vezes. Recebemos propostas (por Guilherme Bala), mas demos prioridade ao Flamengo. Agora \u00e9 esperar. Caso n\u00e3o paguem at\u00e9 o dia 31, a gente espera o jogador em fevereiro. Ele est\u00e1 valorizado, n\u00e9. Vamos ver&#8221;, disse Elias Duba, presidente do Madureira, em contato por telefone, no dia 26 de janeiro.<\/p>\n\n\n\n<h2 class=\"wp-block-heading\" id=\"h-quase-parou-no-rival\">Quase parou no rival:<\/h2>\n\n\n\n<p>Antes de fechar com o Flamengo, Guilherme Bala por pouco n\u00e3o se acertou com o Fluminense, um dos maiores rivais do Rubro-Negro. Na ocasi\u00e3o, o Tricolor das Laranjeiras buscou o jogador do Madureira a pedido do ent\u00e3o treinador Fernando Diniz, hoje no S\u00e3o Paulo.<\/p>\n\n\n\n<p>A ideia de Diniz era utilizar o garoto no elenco profissional do Fluminense, mas, quando soube que o Flamengo estava interessado em seu futebol, Guilherme Bala conversou com pessoas da diretoria do Madureira e disse que gostaria de realizar o seu sonho, atuar pelo Rubro-Negro, seu clube de cora\u00e7\u00e3o.<\/p>\n\n\n\n<p>Pelo Flamengo, Guilherme Bala jogou 29 partidas, sendo tr\u00eas pelo profissional e 26 pelo Sub-20, e marcou seis gols. Al\u00e9m disso, ele estava inscrito na Libertadores do time profissional em 2020.<\/p>\n","protected":false},"excerpt":{"rendered":"<p>O Flamengo est\u00e1 pr\u00f3ximo de oficializar a contrata\u00e7\u00e3o definitiva do atacante Guilherme Bala, emprestado pelo Madureira at\u00e9 este domingo. A c\u00fapula rubro-negra indicou ao Tricolor Suburbano que ir\u00e1 exercer a op\u00e7\u00e3o de compra estabelecida em contrato e ficar\u00e1 com o jovem de 19 anos. As tratativas foram at\u00e9 os minutos finais, e, nas \u00faltimas horas, [&hellip;]<\/p>\n","protected":false},"author":1,"featured_media":53717,"comment_status":"open","ping_status":"closed","sticky":false,"template":"","format":"standard","meta":{"footnotes":""},"categories":[48],"tags":[],"class_list":["post-55503","post","type-post","status-publish","format-standard","has-post-thumbnail","hentry","category-negociacoes"],"yoast_head":"<!-- This site is optimized with the Yoast SEO Premium plugin v24.2 (Yoast SEO v26.9) - https:\/\/yoast.com\/product\/yoast-seo-premium-wordpress\/ -->\n<title>Flamengo exercer\u00e1 op\u00e7\u00e3o de compra de Guilherme Bala<\/title>\n<meta name=\"description\" content=\"O Flamengo est\u00e1 pr\u00f3ximo de oficializar a contrata\u00e7\u00e3o definitiva do atacante Guilherme Bala, emprestado pelo Madureira at\u00e9 este domingo.\" \/>\n<meta name=\"robots\" content=\"index, follow, max-snippet:-1, max-image-preview:large, max-video-preview:-1\" \/>\n<link rel=\"canonical\" href=\"https:\/\/www.gaveanews.com\/index.php\/2021\/01\/31\/flamengo-exercera-opcao-de-compra-de-guilherme-bala\/\" \/>\n<meta property=\"og:locale\" content=\"pt_BR\" \/>\n<meta property=\"og:type\" content=\"article\" \/>\n<meta property=\"og:title\" content=\"Flamengo exercer\u00e1 op\u00e7\u00e3o de compra de Guilherme Bala\" \/>\n<meta property=\"og:description\" content=\"O Flamengo est\u00e1 pr\u00f3ximo de oficializar a contrata\u00e7\u00e3o definitiva do atacante Guilherme Bala, emprestado pelo Madureira at\u00e9 este domingo.\" \/>\n<meta property=\"og:url\" content=\"https:\/\/www.gaveanews.com\/index.php\/2021\/01\/31\/flamengo-exercera-opcao-de-compra-de-guilherme-bala\/\" \/>\n<meta property=\"og:site_name\" content=\"G\u00e1vea News\" \/>\n<meta property=\"article:publisher\" content=\"https:\/\/facebook.com\/gaveaNews\/\" \/>\n<meta property=\"article:published_time\" content=\"2021-01-31T23:51:53+00:00\" \/>\n<meta property=\"article:modified_time\" content=\"2021-01-31T23:52:11+00:00\" \/>\n<meta property=\"og:image\" content=\"https:\/\/www.gaveanews.com\/wp-content\/uploads\/Guilherme-Bala-com-a-taca-do-Campeonato-Brasileiro-sub-20.webp\" \/>\n\t<meta property=\"og:image:width\" content=\"640\" \/>\n\t<meta property=\"og:image:height\" content=\"426\" \/>\n\t<meta property=\"og:image:type\" content=\"image\/jpeg\" \/>\n<meta name=\"author\" content=\"Equipe G\u00e1vea News\" \/>\n<meta name=\"twitter:card\" content=\"summary_large_image\" \/>\n<meta name=\"twitter:label1\" content=\"Escrito por\" \/>\n\t<meta name=\"twitter:data1\" content=\"Equipe G\u00e1vea News\" \/>\n\t<meta name=\"twitter:label2\" content=\"Est. tempo de leitura\" \/>\n\t<meta name=\"twitter:data2\" content=\"2 minutos\" \/>\n<script type=\"application\/ld+json\" class=\"yoast-schema-graph\">{\"@context\":\"https:\/\/schema.org\",\"@graph\":[{\"@type\":\"NewsArticle\",\"@id\":\"https:\/\/www.gaveanews.com\/index.php\/2021\/01\/31\/flamengo-exercera-opcao-de-compra-de-guilherme-bala\/#article\",\"isPartOf\":{\"@id\":\"https:\/\/www.gaveanews.com\/index.php\/2021\/01\/31\/flamengo-exercera-opcao-de-compra-de-guilherme-bala\/\"},\"author\":{\"name\":\"Equipe G\u00e1vea News\",\"@id\":\"https:\/\/www.gaveanews.com\/#\/schema\/person\/2ec14f73fb96be2caf28f91afb14749d\"},\"headline\":\"Flamengo exercer\u00e1 op\u00e7\u00e3o de compra de Guilherme Bala\",\"datePublished\":\"2021-01-31T23:51:53+00:00\",\"dateModified\":\"2021-01-31T23:52:11+00:00\",\"mainEntityOfPage\":{\"@id\":\"https:\/\/www.gaveanews.com\/index.php\/2021\/01\/31\/flamengo-exercera-opcao-de-compra-de-guilherme-bala\/\"},\"wordCount\":414,\"commentCount\":5,\"image\":{\"@id\":\"https:\/\/www.gaveanews.com\/index.php\/2021\/01\/31\/flamengo-exercera-opcao-de-compra-de-guilherme-bala\/#primaryimage\"},\"thumbnailUrl\":\"https:\/\/www.gaveanews.com\/wp-content\/uploads\/Guilherme-Bala-com-a-taca-do-Campeonato-Brasileiro-sub-20.webp\",\"articleSection\":[\"Negocia\u00e7\u00f5es\"],\"inLanguage\":\"pt-BR\",\"potentialAction\":[{\"@type\":\"CommentAction\",\"name\":\"Comment\",\"target\":[\"https:\/\/www.gaveanews.com\/index.php\/2021\/01\/31\/flamengo-exercera-opcao-de-compra-de-guilherme-bala\/#respond\"]}],\"copyrightYear\":\"2021\",\"copyrightHolder\":{\"@id\":\"https:\/\/www.gaveanews.com\/#organization\"}},{\"@type\":\"WebPage\",\"@id\":\"https:\/\/www.gaveanews.com\/index.php\/2021\/01\/31\/flamengo-exercera-opcao-de-compra-de-guilherme-bala\/\",\"url\":\"https:\/\/www.gaveanews.com\/index.php\/2021\/01\/31\/flamengo-exercera-opcao-de-compra-de-guilherme-bala\/\",\"name\":\"Flamengo exercer\u00e1 op\u00e7\u00e3o de compra de Guilherme Bala\",\"isPartOf\":{\"@id\":\"https:\/\/www.gaveanews.com\/#website\"},\"primaryImageOfPage\":{\"@id\":\"https:\/\/www.gaveanews.com\/index.php\/2021\/01\/31\/flamengo-exercera-opcao-de-compra-de-guilherme-bala\/#primaryimage\"},\"image\":{\"@id\":\"https:\/\/www.gaveanews.com\/index.php\/2021\/01\/31\/flamengo-exercera-opcao-de-compra-de-guilherme-bala\/#primaryimage\"},\"thumbnailUrl\":\"https:\/\/www.gaveanews.com\/wp-content\/uploads\/Guilherme-Bala-com-a-taca-do-Campeonato-Brasileiro-sub-20.webp\",\"datePublished\":\"2021-01-31T23:51:53+00:00\",\"dateModified\":\"2021-01-31T23:52:11+00:00\",\"author\":{\"@id\":\"https:\/\/www.gaveanews.com\/#\/schema\/person\/2ec14f73fb96be2caf28f91afb14749d\"},\"description\":\"O Flamengo est\u00e1 pr\u00f3ximo de oficializar a contrata\u00e7\u00e3o definitiva do atacante Guilherme Bala, emprestado pelo Madureira at\u00e9 este domingo.\",\"breadcrumb\":{\"@id\":\"https:\/\/www.gaveanews.com\/index.php\/2021\/01\/31\/flamengo-exercera-opcao-de-compra-de-guilherme-bala\/#breadcrumb\"},\"inLanguage\":\"pt-BR\",\"potentialAction\":[{\"@type\":\"ReadAction\",\"target\":[\"https:\/\/www.gaveanews.com\/index.php\/2021\/01\/31\/flamengo-exercera-opcao-de-compra-de-guilherme-bala\/\"]}]},{\"@type\":\"ImageObject\",\"inLanguage\":\"pt-BR\",\"@id\":\"https:\/\/www.gaveanews.com\/index.php\/2021\/01\/31\/flamengo-exercera-opcao-de-compra-de-guilherme-bala\/#primaryimage\",\"url\":\"https:\/\/www.gaveanews.com\/wp-content\/uploads\/Guilherme-Bala-com-a-taca-do-Campeonato-Brasileiro-sub-20.webp\",\"contentUrl\":\"https:\/\/www.gaveanews.com\/wp-content\/uploads\/Guilherme-Bala-com-a-taca-do-Campeonato-Brasileiro-sub-20.webp\",\"width\":640,\"height\":426,\"caption\":\"Guilherme Bala com a ta\u00e7a do Campeonato Brasileiro sub-20 (Foto: Flamengo\/Divulga\u00e7\u00e3o)\"},{\"@type\":\"BreadcrumbList\",\"@id\":\"https:\/\/www.gaveanews.com\/index.php\/2021\/01\/31\/flamengo-exercera-opcao-de-compra-de-guilherme-bala\/#breadcrumb\",\"itemListElement\":[{\"@type\":\"ListItem\",\"position\":1,\"name\":\"Home\",\"item\":\"https:\/\/www.gaveanews.com\/\"},{\"@type\":\"ListItem\",\"position\":2,\"name\":\"Flamengo exercer\u00e1 op\u00e7\u00e3o de compra de Guilherme Bala\"}]},{\"@type\":\"WebSite\",\"@id\":\"https:\/\/www.gaveanews.com\/#website\",\"url\":\"https:\/\/www.gaveanews.com\/\",\"name\":\"G\u00e1vea News\",\"description\":\"Veja todas as not\u00edcias sobre o Flamengo: Contrata\u00e7\u00f5es, categorias de base, resultados das partidas, tabela de classifica\u00e7\u00e3o, pr\u00f3ximos jogos!\",\"potentialAction\":[{\"@type\":\"SearchAction\",\"target\":{\"@type\":\"EntryPoint\",\"urlTemplate\":\"https:\/\/www.gaveanews.com\/?s={search_term_string}\"},\"query-input\":{\"@type\":\"PropertyValueSpecification\",\"valueRequired\":true,\"valueName\":\"search_term_string\"}}],\"inLanguage\":\"pt-BR\"},{\"@type\":\"Person\",\"@id\":\"https:\/\/www.gaveanews.com\/#\/schema\/person\/2ec14f73fb96be2caf28f91afb14749d\",\"name\":\"Equipe G\u00e1vea News\",\"image\":{\"@type\":\"ImageObject\",\"inLanguage\":\"pt-BR\",\"@id\":\"https:\/\/www.gaveanews.com\/#\/schema\/person\/image\/\",\"url\":\"https:\/\/secure.gravatar.com\/avatar\/1e1956f1facbffd3f8fa53a326721950116b3b9dc9bd44939c01180fd4a745a9?s=96&d=mm&r=g\",\"contentUrl\":\"https:\/\/secure.gravatar.com\/avatar\/1e1956f1facbffd3f8fa53a326721950116b3b9dc9bd44939c01180fd4a745a9?s=96&d=mm&r=g\",\"caption\":\"Equipe G\u00e1vea News\"}}]}<\/script>\n<!-- \/ Yoast SEO Premium plugin. -->","yoast_head_json":{"title":"Flamengo exercer\u00e1 op\u00e7\u00e3o de compra de Guilherme Bala","description":"O Flamengo est\u00e1 pr\u00f3ximo de oficializar a contrata\u00e7\u00e3o definitiva do atacante Guilherme Bala, emprestado pelo Madureira at\u00e9 este domingo.","robots":{"index":"index","follow":"follow","max-snippet":"max-snippet:-1","max-image-preview":"max-image-preview:large","max-video-preview":"max-video-preview:-1"},"canonical":"https:\/\/www.gaveanews.com\/index.php\/2021\/01\/31\/flamengo-exercera-opcao-de-compra-de-guilherme-bala\/","og_locale":"pt_BR","og_type":"article","og_title":"Flamengo exercer\u00e1 op\u00e7\u00e3o de compra de Guilherme Bala","og_description":"O Flamengo est\u00e1 pr\u00f3ximo de oficializar a contrata\u00e7\u00e3o definitiva do atacante Guilherme Bala, emprestado pelo Madureira at\u00e9 este domingo.","og_url":"https:\/\/www.gaveanews.com\/index.php\/2021\/01\/31\/flamengo-exercera-opcao-de-compra-de-guilherme-bala\/","og_site_name":"G\u00e1vea News","article_publisher":"https:\/\/facebook.com\/gaveaNews\/","article_published_time":"2021-01-31T23:51:53+00:00","article_modified_time":"2021-01-31T23:52:11+00:00","og_image":[{"width":640,"height":426,"url":"https:\/\/www.gaveanews.com\/wp-content\/uploads\/Guilherme-Bala-com-a-taca-do-Campeonato-Brasileiro-sub-20.webp","type":"image\/jpeg"}],"author":"Equipe G\u00e1vea News","twitter_card":"summary_large_image","twitter_misc":{"Escrito por":"Equipe G\u00e1vea News","Est. tempo de leitura":"2 minutos"},"schema":{"@context":"https:\/\/schema.org","@graph":[{"@type":"NewsArticle","@id":"https:\/\/www.gaveanews.com\/index.php\/2021\/01\/31\/flamengo-exercera-opcao-de-compra-de-guilherme-bala\/#article","isPartOf":{"@id":"https:\/\/www.gaveanews.com\/index.php\/2021\/01\/31\/flamengo-exercera-opcao-de-compra-de-guilherme-bala\/"},"author":{"name":"Equipe G\u00e1vea News","@id":"https:\/\/www.gaveanews.com\/#\/schema\/person\/2ec14f73fb96be2caf28f91afb14749d"},"headline":"Flamengo exercer\u00e1 op\u00e7\u00e3o de compra de Guilherme Bala","datePublished":"2021-01-31T23:51:53+00:00","dateModified":"2021-01-31T23:52:11+00:00","mainEntityOfPage":{"@id":"https:\/\/www.gaveanews.com\/index.php\/2021\/01\/31\/flamengo-exercera-opcao-de-compra-de-guilherme-bala\/"},"wordCount":414,"commentCount":5,"image":{"@id":"https:\/\/www.gaveanews.com\/index.php\/2021\/01\/31\/flamengo-exercera-opcao-de-compra-de-guilherme-bala\/#primaryimage"},"thumbnailUrl":"https:\/\/www.gaveanews.com\/wp-content\/uploads\/Guilherme-Bala-com-a-taca-do-Campeonato-Brasileiro-sub-20.webp","articleSection":["Negocia\u00e7\u00f5es"],"inLanguage":"pt-BR","potentialAction":[{"@type":"CommentAction","name":"Comment","target":["https:\/\/www.gaveanews.com\/index.php\/2021\/01\/31\/flamengo-exercera-opcao-de-compra-de-guilherme-bala\/#respond"]}],"copyrightYear":"2021","copyrightHolder":{"@id":"https:\/\/www.gaveanews.com\/#organization"}},{"@type":"WebPage","@id":"https:\/\/www.gaveanews.com\/index.php\/2021\/01\/31\/flamengo-exercera-opcao-de-compra-de-guilherme-bala\/","url":"https:\/\/www.gaveanews.com\/index.php\/2021\/01\/31\/flamengo-exercera-opcao-de-compra-de-guilherme-bala\/","name":"Flamengo exercer\u00e1 op\u00e7\u00e3o de compra de Guilherme Bala","isPartOf":{"@id":"https:\/\/www.gaveanews.com\/#website"},"primaryImageOfPage":{"@id":"https:\/\/www.gaveanews.com\/index.php\/2021\/01\/31\/flamengo-exercera-opcao-de-compra-de-guilherme-bala\/#primaryimage"},"image":{"@id":"https:\/\/www.gaveanews.com\/index.php\/2021\/01\/31\/flamengo-exercera-opcao-de-compra-de-guilherme-bala\/#primaryimage"},"thumbnailUrl":"https:\/\/www.gaveanews.com\/wp-content\/uploads\/Guilherme-Bala-com-a-taca-do-Campeonato-Brasileiro-sub-20.webp","datePublished":"2021-01-31T23:51:53+00:00","dateModified":"2021-01-31T23:52:11+00:00","author":{"@id":"https:\/\/www.gaveanews.com\/#\/schema\/person\/2ec14f73fb96be2caf28f91afb14749d"},"description":"O Flamengo est\u00e1 pr\u00f3ximo de oficializar a contrata\u00e7\u00e3o definitiva do atacante Guilherme Bala, emprestado pelo Madureira at\u00e9 este domingo.","breadcrumb":{"@id":"https:\/\/www.gaveanews.com\/index.php\/2021\/01\/31\/flamengo-exercera-opcao-de-compra-de-guilherme-bala\/#breadcrumb"},"inLanguage":"pt-BR","potentialAction":[{"@type":"ReadAction","target":["https:\/\/www.gaveanews.com\/index.php\/2021\/01\/31\/flamengo-exercera-opcao-de-compra-de-guilherme-bala\/"]}]},{"@type":"ImageObject","inLanguage":"pt-BR","@id":"https:\/\/www.gaveanews.com\/index.php\/2021\/01\/31\/flamengo-exercera-opcao-de-compra-de-guilherme-bala\/#primaryimage","url":"https:\/\/www.gaveanews.com\/wp-content\/uploads\/Guilherme-Bala-com-a-taca-do-Campeonato-Brasileiro-sub-20.webp","contentUrl":"https:\/\/www.gaveanews.com\/wp-content\/uploads\/Guilherme-Bala-com-a-taca-do-Campeonato-Brasileiro-sub-20.webp","width":640,"height":426,"caption":"Guilherme Bala com a ta\u00e7a do Campeonato Brasileiro sub-20 (Foto: Flamengo\/Divulga\u00e7\u00e3o)"},{"@type":"BreadcrumbList","@id":"https:\/\/www.gaveanews.com\/index.php\/2021\/01\/31\/flamengo-exercera-opcao-de-compra-de-guilherme-bala\/#breadcrumb","itemListElement":[{"@type":"ListItem","position":1,"name":"Home","item":"https:\/\/www.gaveanews.com\/"},{"@type":"ListItem","position":2,"name":"Flamengo exercer\u00e1 op\u00e7\u00e3o de compra de Guilherme Bala"}]},{"@type":"WebSite","@id":"https:\/\/www.gaveanews.com\/#website","url":"https:\/\/www.gaveanews.com\/","name":"G\u00e1vea News","description":"Veja todas as not\u00edcias sobre o Flamengo: Contrata\u00e7\u00f5es, categorias de base, resultados das partidas, tabela de classifica\u00e7\u00e3o, pr\u00f3ximos jogos!","potentialAction":[{"@type":"SearchAction","target":{"@type":"EntryPoint","urlTemplate":"https:\/\/www.gaveanews.com\/?s={search_term_string}"},"query-input":{"@type":"PropertyValueSpecification","valueRequired":true,"valueName":"search_term_string"}}],"inLanguage":"pt-BR"},{"@type":"Person","@id":"https:\/\/www.gaveanews.com\/#\/schema\/person\/2ec14f73fb96be2caf28f91afb14749d","name":"Equipe G\u00e1vea News","image":{"@type":"ImageObject","inLanguage":"pt-BR","@id":"https:\/\/www.gaveanews.com\/#\/schema\/person\/image\/","url":"https:\/\/secure.gravatar.com\/avatar\/1e1956f1facbffd3f8fa53a326721950116b3b9dc9bd44939c01180fd4a745a9?s=96&d=mm&r=g","contentUrl":"https:\/\/secure.gravatar.com\/avatar\/1e1956f1facbffd3f8fa53a326721950116b3b9dc9bd44939c01180fd4a745a9?s=96&d=mm&r=g","caption":"Equipe G\u00e1vea News"}}]}},"_links":{"self":[{"href":"https:\/\/www.gaveanews.com\/index.php\/wp-json\/wp\/v2\/posts\/55503","targetHints":{"allow":["GET"]}}],"collection":[{"href":"https:\/\/www.gaveanews.com\/index.php\/wp-json\/wp\/v2\/posts"}],"about":[{"href":"https:\/\/www.gaveanews.com\/index.php\/wp-json\/wp\/v2\/types\/post"}],"author":[{"embeddable":true,"href":"https:\/\/www.gaveanews.com\/index.php\/wp-json\/wp\/v2\/users\/1"}],"replies":[{"embeddable":true,"href":"https:\/\/www.gaveanews.com\/index.php\/wp-json\/wp\/v2\/comments?post=55503"}],"version-history":[{"count":0,"href":"https:\/\/www.gaveanews.com\/index.php\/wp-json\/wp\/v2\/posts\/55503\/revisions"}],"wp:featuredmedia":[{"embeddable":true,"href":"https:\/\/www.gaveanews.com\/index.php\/wp-json\/wp\/v2\/media\/53717"}],"wp:attachment":[{"href":"https:\/\/www.gaveanews.com\/index.php\/wp-json\/wp\/v2\/media?parent=55503"}],"wp:term":[{"taxonomy":"category","embeddable":true,"href":"https:\/\/www.gaveanews.com\/index.php\/wp-json\/wp\/v2\/categories?post=55503"},{"taxonomy":"post_tag","embeddable":true,"href":"https:\/\/www.gaveanews.com\/index.php\/wp-json\/wp\/v2\/tags?post=55503"}],"curies":[{"name":"wp","href":"https:\/\/api.w.org\/{rel}","templated":true}]}}