{"id":55509,"date":"2021-01-31T23:09:48","date_gmt":"2021-02-01T02:09:48","guid":{"rendered":"https:\/\/www.gaveanews.com\/?p=55509"},"modified":"2021-01-31T23:09:53","modified_gmt":"2021-02-01T02:09:53","slug":"thiago-neves-fala-em-dar-o-troco-em-diego-ribas-apos-provocacao","status":"publish","type":"post","link":"https:\/\/www.gaveanews.com\/index.php\/2021\/01\/31\/thiago-neves-fala-em-dar-o-troco-em-diego-ribas-apos-provocacao\/","title":{"rendered":"Thiago Neves fala em dar o troco em Diego Ribas ap\u00f3s provoca\u00e7\u00e3o"},"content":{"rendered":"\n<p>Prestes a enfrentar o Flamengo, \u00e0s 20h desta segunda-feira, Thiago Neves v\u00ea um confronto de peso hist\u00f3rico para o Sport. Mas n\u00e3o s\u00f3 pelo retrospecto e momento das equipes na S\u00e9rie A. Decisivo pelo Le\u00e3o, o meia-atacante diz que a pretende dar o troco no Rubro-negro carioca ap\u00f3s a provoca\u00e7\u00e3o de Diego \u2013 que fez refer\u00eancia ao t\u00edtulo brasileiro de 1987 ao vencer o Le\u00e3o no primeiro turno.<\/p>\n\n\n\n<p>\u2014 Acho que a hist\u00f3ria fala como vai ser o jogo. \u00c9 um cl\u00e1ssico hist\u00f3rico. Uma coisa que eu presenciei \u00e9 que a gente perdeu no primeiro turno, e o Diego postou depois \u2018o campe\u00e3o de 87 venceu\u2019. Eu guardei, comentei com o Marc\u00e3o, uma pena ele n\u00e3o jogar, porque o Marc\u00e3o ia marcar o Diego \u2013 afirmou, em entrevista ao podcast oficial do clube. \u2013 \u00c9 uma coisa que ele sacaneou a gente, zoou no primeiro turno, s\u00f3 que eu acho que ele esqueceu que tinha o jogo de volta na Ilha. Ent\u00e3o vamos dar o troco e depois do jogo vai ser a minha vez, completou.<\/p>\n\n\n\n<figure class=\"wp-block-embed is-type-rich is-provider-twitter wp-block-embed-twitter\"><div class=\"wp-block-embed__wrapper\">\n<blockquote class=\"twitter-tweet\" data-width=\"550\" data-dnt=\"true\"><p lang=\"pt\" dir=\"ltr\">Muita entrega, muitos gols e mais uma grande vit\u00f3ria! Parab\u00e9ns, meus amigos! Vamos em frente! <a href=\"https:\/\/twitter.com\/hashtag\/OCampe%C3%A3oDe87Venceu?src=hash&amp;ref_src=twsrc%5Etfw\">#OCampe\u00e3oDe87Venceu<\/a> <a href=\"https:\/\/t.co\/7zTCZ55jcY\">pic.twitter.com\/7zTCZ55jcY<\/a><\/p>&mdash; Diego Ribas (@ribasdiego10) <a href=\"https:\/\/twitter.com\/ribasdiego10\/status\/1314010398266470400?ref_src=twsrc%5Etfw\">October 8, 2020<\/a><\/blockquote><script async src=\"https:\/\/platform.twitter.com\/widgets.js\" charset=\"utf-8\"><\/script>\n<\/div><\/figure>\n\n\n\n<p>Na ocasi\u00e3o, o Flamengo venceu o Sport por 3 a 0 no Maracan\u00e3, e Diego Ribas utilizou as redes sociais para parabenizar a equipe pela vit\u00f3ria e fazer a provoca\u00e7\u00e3o.<\/p>\n\n\n\n<p>Nesta segunda-feira, Sport e Flamengo se reencontram em um confronto v\u00e1lido pela 33\u00aa rodada. Atualmente, o Le\u00e3o tem os mesmos 35 pontos que o Fortaleza \u2013 primeira equipe na zona de rebaixamento. O clube da G\u00e1vea, por sua vez, est\u00e1 na terceira posi\u00e7\u00e3o e tem 58 pontos \u2013 quatro abaixo do l\u00edder, Internacional.<\/p>\n\n\n\n<p>Retirado de: Globo Esporte<\/p>\n","protected":false},"excerpt":{"rendered":"<p>Prestes a enfrentar o Flamengo, \u00e0s 20h desta segunda-feira, Thiago Neves v\u00ea um confronto de peso hist\u00f3rico para o Sport. Mas n\u00e3o s\u00f3 pelo retrospecto e momento das equipes na S\u00e9rie A. Decisivo pelo Le\u00e3o, o meia-atacante diz que a pretende dar o troco no Rubro-negro carioca ap\u00f3s a provoca\u00e7\u00e3o de Diego \u2013 que fez [&hellip;]<\/p>\n","protected":false},"author":1,"featured_media":54982,"comment_status":"open","ping_status":"closed","sticky":false,"template":"","format":"standard","meta":{"footnotes":""},"categories":[47],"tags":[],"class_list":["post-55509","post","type-post","status-publish","format-standard","has-post-thumbnail","hentry","category-destaques"],"yoast_head":"<!-- This site is optimized with the Yoast SEO Premium plugin v24.2 (Yoast SEO v26.9) - https:\/\/yoast.com\/product\/yoast-seo-premium-wordpress\/ -->\n<title>Thiago Neves fala em dar o troco em Diego Ribas ap\u00f3s provoca\u00e7\u00e3o<\/title>\n<meta name=\"description\" content=\"Prestes a enfrentar o Flamengo, \u00e0s 20h desta segunda-feira, Thiago Neves v\u00ea um confronto de peso hist\u00f3rico para o Sport.\" \/>\n<meta name=\"robots\" content=\"index, follow, max-snippet:-1, max-image-preview:large, max-video-preview:-1\" \/>\n<link rel=\"canonical\" href=\"https:\/\/www.gaveanews.com\/index.php\/2021\/01\/31\/thiago-neves-fala-em-dar-o-troco-em-diego-ribas-apos-provocacao\/\" \/>\n<meta property=\"og:locale\" content=\"pt_BR\" \/>\n<meta property=\"og:type\" content=\"article\" \/>\n<meta property=\"og:title\" content=\"Thiago Neves fala em dar o troco em Diego Ribas ap\u00f3s provoca\u00e7\u00e3o\" \/>\n<meta property=\"og:description\" content=\"Prestes a enfrentar o Flamengo, \u00e0s 20h desta segunda-feira, Thiago Neves v\u00ea um confronto de peso hist\u00f3rico para o Sport.\" \/>\n<meta property=\"og:url\" content=\"https:\/\/www.gaveanews.com\/index.php\/2021\/01\/31\/thiago-neves-fala-em-dar-o-troco-em-diego-ribas-apos-provocacao\/\" \/>\n<meta property=\"og:site_name\" content=\"G\u00e1vea News\" \/>\n<meta property=\"article:publisher\" content=\"https:\/\/facebook.com\/gaveaNews\/\" \/>\n<meta property=\"article:published_time\" content=\"2021-02-01T02:09:48+00:00\" \/>\n<meta property=\"article:modified_time\" content=\"2021-02-01T02:09:53+00:00\" \/>\n<meta property=\"og:image\" content=\"https:\/\/www.gaveanews.com\/wp-content\/uploads\/Diego-Ribas-em-acao-pelo-Flamengo-contra-o-Goias.webp\" \/>\n\t<meta property=\"og:image:width\" content=\"800\" \/>\n\t<meta property=\"og:image:height\" content=\"533\" \/>\n\t<meta property=\"og:image:type\" content=\"image\/jpeg\" \/>\n<meta name=\"author\" content=\"Equipe G\u00e1vea News\" \/>\n<meta name=\"twitter:card\" content=\"summary_large_image\" \/>\n<meta name=\"twitter:label1\" content=\"Escrito por\" \/>\n\t<meta name=\"twitter:data1\" content=\"Equipe G\u00e1vea News\" \/>\n\t<meta name=\"twitter:label2\" content=\"Est. tempo de leitura\" \/>\n\t<meta name=\"twitter:data2\" content=\"2 minutos\" \/>\n<script type=\"application\/ld+json\" class=\"yoast-schema-graph\">{\"@context\":\"https:\/\/schema.org\",\"@graph\":[{\"@type\":\"NewsArticle\",\"@id\":\"https:\/\/www.gaveanews.com\/index.php\/2021\/01\/31\/thiago-neves-fala-em-dar-o-troco-em-diego-ribas-apos-provocacao\/#article\",\"isPartOf\":{\"@id\":\"https:\/\/www.gaveanews.com\/index.php\/2021\/01\/31\/thiago-neves-fala-em-dar-o-troco-em-diego-ribas-apos-provocacao\/\"},\"author\":{\"name\":\"Equipe G\u00e1vea News\",\"@id\":\"https:\/\/www.gaveanews.com\/#\/schema\/person\/2ec14f73fb96be2caf28f91afb14749d\"},\"headline\":\"Thiago Neves fala em dar o troco em Diego Ribas ap\u00f3s provoca\u00e7\u00e3o\",\"datePublished\":\"2021-02-01T02:09:48+00:00\",\"dateModified\":\"2021-02-01T02:09:53+00:00\",\"mainEntityOfPage\":{\"@id\":\"https:\/\/www.gaveanews.com\/index.php\/2021\/01\/31\/thiago-neves-fala-em-dar-o-troco-em-diego-ribas-apos-provocacao\/\"},\"wordCount\":316,\"commentCount\":28,\"image\":{\"@id\":\"https:\/\/www.gaveanews.com\/index.php\/2021\/01\/31\/thiago-neves-fala-em-dar-o-troco-em-diego-ribas-apos-provocacao\/#primaryimage\"},\"thumbnailUrl\":\"https:\/\/www.gaveanews.com\/wp-content\/uploads\/Diego-Ribas-em-acao-pelo-Flamengo-contra-o-Goias.webp\",\"articleSection\":[\"Destaques\"],\"inLanguage\":\"pt-BR\",\"potentialAction\":[{\"@type\":\"CommentAction\",\"name\":\"Comment\",\"target\":[\"https:\/\/www.gaveanews.com\/index.php\/2021\/01\/31\/thiago-neves-fala-em-dar-o-troco-em-diego-ribas-apos-provocacao\/#respond\"]}],\"copyrightYear\":\"2021\",\"copyrightHolder\":{\"@id\":\"https:\/\/www.gaveanews.com\/#organization\"}},{\"@type\":\"WebPage\",\"@id\":\"https:\/\/www.gaveanews.com\/index.php\/2021\/01\/31\/thiago-neves-fala-em-dar-o-troco-em-diego-ribas-apos-provocacao\/\",\"url\":\"https:\/\/www.gaveanews.com\/index.php\/2021\/01\/31\/thiago-neves-fala-em-dar-o-troco-em-diego-ribas-apos-provocacao\/\",\"name\":\"Thiago Neves fala em dar o troco em Diego Ribas ap\u00f3s provoca\u00e7\u00e3o\",\"isPartOf\":{\"@id\":\"https:\/\/www.gaveanews.com\/#website\"},\"primaryImageOfPage\":{\"@id\":\"https:\/\/www.gaveanews.com\/index.php\/2021\/01\/31\/thiago-neves-fala-em-dar-o-troco-em-diego-ribas-apos-provocacao\/#primaryimage\"},\"image\":{\"@id\":\"https:\/\/www.gaveanews.com\/index.php\/2021\/01\/31\/thiago-neves-fala-em-dar-o-troco-em-diego-ribas-apos-provocacao\/#primaryimage\"},\"thumbnailUrl\":\"https:\/\/www.gaveanews.com\/wp-content\/uploads\/Diego-Ribas-em-acao-pelo-Flamengo-contra-o-Goias.webp\",\"datePublished\":\"2021-02-01T02:09:48+00:00\",\"dateModified\":\"2021-02-01T02:09:53+00:00\",\"author\":{\"@id\":\"https:\/\/www.gaveanews.com\/#\/schema\/person\/2ec14f73fb96be2caf28f91afb14749d\"},\"description\":\"Prestes a enfrentar o Flamengo, \u00e0s 20h desta segunda-feira, Thiago Neves v\u00ea um confronto de peso hist\u00f3rico para o Sport.\",\"breadcrumb\":{\"@id\":\"https:\/\/www.gaveanews.com\/index.php\/2021\/01\/31\/thiago-neves-fala-em-dar-o-troco-em-diego-ribas-apos-provocacao\/#breadcrumb\"},\"inLanguage\":\"pt-BR\",\"potentialAction\":[{\"@type\":\"ReadAction\",\"target\":[\"https:\/\/www.gaveanews.com\/index.php\/2021\/01\/31\/thiago-neves-fala-em-dar-o-troco-em-diego-ribas-apos-provocacao\/\"]}]},{\"@type\":\"ImageObject\",\"inLanguage\":\"pt-BR\",\"@id\":\"https:\/\/www.gaveanews.com\/index.php\/2021\/01\/31\/thiago-neves-fala-em-dar-o-troco-em-diego-ribas-apos-provocacao\/#primaryimage\",\"url\":\"https:\/\/www.gaveanews.com\/wp-content\/uploads\/Diego-Ribas-em-acao-pelo-Flamengo-contra-o-Goias.webp\",\"contentUrl\":\"https:\/\/www.gaveanews.com\/wp-content\/uploads\/Diego-Ribas-em-acao-pelo-Flamengo-contra-o-Goias.webp\",\"width\":800,\"height\":533,\"caption\":\"Diego Ribas em a\u00e7\u00e3o pelo Flamengo contra o Goi\u00e1s (Foto: Alexandre Vidal\/Flamengo)\"},{\"@type\":\"BreadcrumbList\",\"@id\":\"https:\/\/www.gaveanews.com\/index.php\/2021\/01\/31\/thiago-neves-fala-em-dar-o-troco-em-diego-ribas-apos-provocacao\/#breadcrumb\",\"itemListElement\":[{\"@type\":\"ListItem\",\"position\":1,\"name\":\"Home\",\"item\":\"https:\/\/www.gaveanews.com\/\"},{\"@type\":\"ListItem\",\"position\":2,\"name\":\"Thiago Neves fala em dar o troco em Diego Ribas ap\u00f3s provoca\u00e7\u00e3o\"}]},{\"@type\":\"WebSite\",\"@id\":\"https:\/\/www.gaveanews.com\/#website\",\"url\":\"https:\/\/www.gaveanews.com\/\",\"name\":\"G\u00e1vea News\",\"description\":\"Veja todas as not\u00edcias sobre o Flamengo: Contrata\u00e7\u00f5es, categorias de base, resultados das partidas, tabela de classifica\u00e7\u00e3o, pr\u00f3ximos jogos!\",\"potentialAction\":[{\"@type\":\"SearchAction\",\"target\":{\"@type\":\"EntryPoint\",\"urlTemplate\":\"https:\/\/www.gaveanews.com\/?s={search_term_string}\"},\"query-input\":{\"@type\":\"PropertyValueSpecification\",\"valueRequired\":true,\"valueName\":\"search_term_string\"}}],\"inLanguage\":\"pt-BR\"},{\"@type\":\"Person\",\"@id\":\"https:\/\/www.gaveanews.com\/#\/schema\/person\/2ec14f73fb96be2caf28f91afb14749d\",\"name\":\"Equipe G\u00e1vea News\",\"image\":{\"@type\":\"ImageObject\",\"inLanguage\":\"pt-BR\",\"@id\":\"https:\/\/www.gaveanews.com\/#\/schema\/person\/image\/\",\"url\":\"https:\/\/secure.gravatar.com\/avatar\/1e1956f1facbffd3f8fa53a326721950116b3b9dc9bd44939c01180fd4a745a9?s=96&d=mm&r=g\",\"contentUrl\":\"https:\/\/secure.gravatar.com\/avatar\/1e1956f1facbffd3f8fa53a326721950116b3b9dc9bd44939c01180fd4a745a9?s=96&d=mm&r=g\",\"caption\":\"Equipe G\u00e1vea News\"}}]}<\/script>\n<!-- \/ Yoast SEO Premium plugin. -->","yoast_head_json":{"title":"Thiago Neves fala em dar o troco em Diego Ribas ap\u00f3s provoca\u00e7\u00e3o","description":"Prestes a enfrentar o Flamengo, \u00e0s 20h desta segunda-feira, Thiago Neves v\u00ea um confronto de peso hist\u00f3rico para o Sport.","robots":{"index":"index","follow":"follow","max-snippet":"max-snippet:-1","max-image-preview":"max-image-preview:large","max-video-preview":"max-video-preview:-1"},"canonical":"https:\/\/www.gaveanews.com\/index.php\/2021\/01\/31\/thiago-neves-fala-em-dar-o-troco-em-diego-ribas-apos-provocacao\/","og_locale":"pt_BR","og_type":"article","og_title":"Thiago Neves fala em dar o troco em Diego Ribas ap\u00f3s provoca\u00e7\u00e3o","og_description":"Prestes a enfrentar o Flamengo, \u00e0s 20h desta segunda-feira, Thiago Neves v\u00ea um confronto de peso hist\u00f3rico para o Sport.","og_url":"https:\/\/www.gaveanews.com\/index.php\/2021\/01\/31\/thiago-neves-fala-em-dar-o-troco-em-diego-ribas-apos-provocacao\/","og_site_name":"G\u00e1vea News","article_publisher":"https:\/\/facebook.com\/gaveaNews\/","article_published_time":"2021-02-01T02:09:48+00:00","article_modified_time":"2021-02-01T02:09:53+00:00","og_image":[{"width":800,"height":533,"url":"https:\/\/www.gaveanews.com\/wp-content\/uploads\/Diego-Ribas-em-acao-pelo-Flamengo-contra-o-Goias.webp","type":"image\/jpeg"}],"author":"Equipe G\u00e1vea News","twitter_card":"summary_large_image","twitter_misc":{"Escrito por":"Equipe G\u00e1vea News","Est. tempo de leitura":"2 minutos"},"schema":{"@context":"https:\/\/schema.org","@graph":[{"@type":"NewsArticle","@id":"https:\/\/www.gaveanews.com\/index.php\/2021\/01\/31\/thiago-neves-fala-em-dar-o-troco-em-diego-ribas-apos-provocacao\/#article","isPartOf":{"@id":"https:\/\/www.gaveanews.com\/index.php\/2021\/01\/31\/thiago-neves-fala-em-dar-o-troco-em-diego-ribas-apos-provocacao\/"},"author":{"name":"Equipe G\u00e1vea News","@id":"https:\/\/www.gaveanews.com\/#\/schema\/person\/2ec14f73fb96be2caf28f91afb14749d"},"headline":"Thiago Neves fala em dar o troco em Diego Ribas ap\u00f3s provoca\u00e7\u00e3o","datePublished":"2021-02-01T02:09:48+00:00","dateModified":"2021-02-01T02:09:53+00:00","mainEntityOfPage":{"@id":"https:\/\/www.gaveanews.com\/index.php\/2021\/01\/31\/thiago-neves-fala-em-dar-o-troco-em-diego-ribas-apos-provocacao\/"},"wordCount":316,"commentCount":28,"image":{"@id":"https:\/\/www.gaveanews.com\/index.php\/2021\/01\/31\/thiago-neves-fala-em-dar-o-troco-em-diego-ribas-apos-provocacao\/#primaryimage"},"thumbnailUrl":"https:\/\/www.gaveanews.com\/wp-content\/uploads\/Diego-Ribas-em-acao-pelo-Flamengo-contra-o-Goias.webp","articleSection":["Destaques"],"inLanguage":"pt-BR","potentialAction":[{"@type":"CommentAction","name":"Comment","target":["https:\/\/www.gaveanews.com\/index.php\/2021\/01\/31\/thiago-neves-fala-em-dar-o-troco-em-diego-ribas-apos-provocacao\/#respond"]}],"copyrightYear":"2021","copyrightHolder":{"@id":"https:\/\/www.gaveanews.com\/#organization"}},{"@type":"WebPage","@id":"https:\/\/www.gaveanews.com\/index.php\/2021\/01\/31\/thiago-neves-fala-em-dar-o-troco-em-diego-ribas-apos-provocacao\/","url":"https:\/\/www.gaveanews.com\/index.php\/2021\/01\/31\/thiago-neves-fala-em-dar-o-troco-em-diego-ribas-apos-provocacao\/","name":"Thiago Neves fala em dar o troco em Diego Ribas ap\u00f3s provoca\u00e7\u00e3o","isPartOf":{"@id":"https:\/\/www.gaveanews.com\/#website"},"primaryImageOfPage":{"@id":"https:\/\/www.gaveanews.com\/index.php\/2021\/01\/31\/thiago-neves-fala-em-dar-o-troco-em-diego-ribas-apos-provocacao\/#primaryimage"},"image":{"@id":"https:\/\/www.gaveanews.com\/index.php\/2021\/01\/31\/thiago-neves-fala-em-dar-o-troco-em-diego-ribas-apos-provocacao\/#primaryimage"},"thumbnailUrl":"https:\/\/www.gaveanews.com\/wp-content\/uploads\/Diego-Ribas-em-acao-pelo-Flamengo-contra-o-Goias.webp","datePublished":"2021-02-01T02:09:48+00:00","dateModified":"2021-02-01T02:09:53+00:00","author":{"@id":"https:\/\/www.gaveanews.com\/#\/schema\/person\/2ec14f73fb96be2caf28f91afb14749d"},"description":"Prestes a enfrentar o Flamengo, \u00e0s 20h desta segunda-feira, Thiago Neves v\u00ea um confronto de peso hist\u00f3rico para o Sport.","breadcrumb":{"@id":"https:\/\/www.gaveanews.com\/index.php\/2021\/01\/31\/thiago-neves-fala-em-dar-o-troco-em-diego-ribas-apos-provocacao\/#breadcrumb"},"inLanguage":"pt-BR","potentialAction":[{"@type":"ReadAction","target":["https:\/\/www.gaveanews.com\/index.php\/2021\/01\/31\/thiago-neves-fala-em-dar-o-troco-em-diego-ribas-apos-provocacao\/"]}]},{"@type":"ImageObject","inLanguage":"pt-BR","@id":"https:\/\/www.gaveanews.com\/index.php\/2021\/01\/31\/thiago-neves-fala-em-dar-o-troco-em-diego-ribas-apos-provocacao\/#primaryimage","url":"https:\/\/www.gaveanews.com\/wp-content\/uploads\/Diego-Ribas-em-acao-pelo-Flamengo-contra-o-Goias.webp","contentUrl":"https:\/\/www.gaveanews.com\/wp-content\/uploads\/Diego-Ribas-em-acao-pelo-Flamengo-contra-o-Goias.webp","width":800,"height":533,"caption":"Diego Ribas em a\u00e7\u00e3o pelo Flamengo contra o Goi\u00e1s (Foto: Alexandre Vidal\/Flamengo)"},{"@type":"BreadcrumbList","@id":"https:\/\/www.gaveanews.com\/index.php\/2021\/01\/31\/thiago-neves-fala-em-dar-o-troco-em-diego-ribas-apos-provocacao\/#breadcrumb","itemListElement":[{"@type":"ListItem","position":1,"name":"Home","item":"https:\/\/www.gaveanews.com\/"},{"@type":"ListItem","position":2,"name":"Thiago Neves fala em dar o troco em Diego Ribas ap\u00f3s provoca\u00e7\u00e3o"}]},{"@type":"WebSite","@id":"https:\/\/www.gaveanews.com\/#website","url":"https:\/\/www.gaveanews.com\/","name":"G\u00e1vea News","description":"Veja todas as not\u00edcias sobre o Flamengo: Contrata\u00e7\u00f5es, categorias de base, resultados das partidas, tabela de classifica\u00e7\u00e3o, pr\u00f3ximos jogos!","potentialAction":[{"@type":"SearchAction","target":{"@type":"EntryPoint","urlTemplate":"https:\/\/www.gaveanews.com\/?s={search_term_string}"},"query-input":{"@type":"PropertyValueSpecification","valueRequired":true,"valueName":"search_term_string"}}],"inLanguage":"pt-BR"},{"@type":"Person","@id":"https:\/\/www.gaveanews.com\/#\/schema\/person\/2ec14f73fb96be2caf28f91afb14749d","name":"Equipe G\u00e1vea News","image":{"@type":"ImageObject","inLanguage":"pt-BR","@id":"https:\/\/www.gaveanews.com\/#\/schema\/person\/image\/","url":"https:\/\/secure.gravatar.com\/avatar\/1e1956f1facbffd3f8fa53a326721950116b3b9dc9bd44939c01180fd4a745a9?s=96&d=mm&r=g","contentUrl":"https:\/\/secure.gravatar.com\/avatar\/1e1956f1facbffd3f8fa53a326721950116b3b9dc9bd44939c01180fd4a745a9?s=96&d=mm&r=g","caption":"Equipe G\u00e1vea News"}}]}},"_links":{"self":[{"href":"https:\/\/www.gaveanews.com\/index.php\/wp-json\/wp\/v2\/posts\/55509","targetHints":{"allow":["GET"]}}],"collection":[{"href":"https:\/\/www.gaveanews.com\/index.php\/wp-json\/wp\/v2\/posts"}],"about":[{"href":"https:\/\/www.gaveanews.com\/index.php\/wp-json\/wp\/v2\/types\/post"}],"author":[{"embeddable":true,"href":"https:\/\/www.gaveanews.com\/index.php\/wp-json\/wp\/v2\/users\/1"}],"replies":[{"embeddable":true,"href":"https:\/\/www.gaveanews.com\/index.php\/wp-json\/wp\/v2\/comments?post=55509"}],"version-history":[{"count":0,"href":"https:\/\/www.gaveanews.com\/index.php\/wp-json\/wp\/v2\/posts\/55509\/revisions"}],"wp:featuredmedia":[{"embeddable":true,"href":"https:\/\/www.gaveanews.com\/index.php\/wp-json\/wp\/v2\/media\/54982"}],"wp:attachment":[{"href":"https:\/\/www.gaveanews.com\/index.php\/wp-json\/wp\/v2\/media?parent=55509"}],"wp:term":[{"taxonomy":"category","embeddable":true,"href":"https:\/\/www.gaveanews.com\/index.php\/wp-json\/wp\/v2\/categories?post=55509"},{"taxonomy":"post_tag","embeddable":true,"href":"https:\/\/www.gaveanews.com\/index.php\/wp-json\/wp\/v2\/tags?post=55509"}],"curies":[{"name":"wp","href":"https:\/\/api.w.org\/{rel}","templated":true}]}}