{"id":55516,"date":"2021-02-01T02:52:47","date_gmt":"2021-02-01T05:52:47","guid":{"rendered":"https:\/\/www.gaveanews.com\/?p=55516"},"modified":"2021-02-01T14:08:11","modified_gmt":"2021-02-01T17:08:11","slug":"flamengo-abre-conversas-dois-meias-uruguaios","status":"publish","type":"post","link":"https:\/\/www.gaveanews.com\/index.php\/2021\/02\/01\/flamengo-abre-conversas-dois-meias-uruguaios\/","title":{"rendered":"Flamengo abre conversas com dois meias uruguaios"},"content":{"rendered":"\n<p>O Flamengo ser\u00e1 menos agressivo no pr\u00f3ximo mercado de contrata\u00e7\u00f5es. Sem tanto dinheiro para gastar, o clube busca equil\u00edbrio nas receitas e mapeia op\u00e7\u00f5es \u201ccriativas\u201d e de bom custo-benef\u00edcio. Neste cen\u00e1rio, dois uruguaios est\u00e3o em avalia\u00e7\u00e3o: Brian Rodriguez, do Los Angeles FC, e Cristian Olivera, do Almer\u00eda. Cristian \u00e9 um meia que gosta de atuar aberto na ponta-direita, enquanto Brian, que tamb\u00e9m \u00e9 meia, joga mais centralizado.<\/p>\n\n\n\n<p>Assim como <strong><a href=\"http:\/\/bit.ly\/Arrascaeta-Gavea-NEws\">De Arrascaeta<\/a><\/strong> nos tempos de Defensor, ambos s\u00e3o apontados como talentos precoces e com hist\u00f3rico em sele\u00e7\u00f5es de base da Celeste. E as possibilidades de neg\u00f3cio s\u00e3o para que Cristian chega para o sub-20 e Brian ao time profissional. As conversas ainda est\u00e3o em est\u00e1gio inicial e de avalia\u00e7\u00e3o de formatos de neg\u00f3cio.<\/p>\n\n\n\n<figure class=\"wp-block-image size-large\"><img decoding=\"async\" src=\"https:\/\/s2.glbimg.com\/DyAMOwAuyU3dZENKRDOz2hFwW9s=\/0x0:545x491\/984x0\/smart\/filters:strip_icc()\/i.s3.glbimg.com\/v1\/AUTH_bc8228b6673f488aa253bbcb03c80ec5\/internal_photos\/bs\/2021\/9\/K\/ppHDCHTx6wvxQFAoTnKQ\/cristian.webp\" alt=\"\"\/><figcaption>Cristian Olivera se destacou no Rentistas e est\u00e1 no Almer\u00eda (Foto: Reprodu\u00e7\u00e3o\/Instagram)<\/figcaption><\/figure>\n\n\n\n<p>Cristian se destacou pelo Rentistas, de Montevid\u00e9u, e foi comprado pelo Almer\u00eda por 2 milh\u00f5es de euros em meados de 2020. Na Espanha, tem alternado entre o time principal e o time B, mas com poucas oportunidades. O investimento dos espanh\u00f3is, no entanto, \u00e9 um entrave e as partes buscam um formato para que as tratativas avancem.<\/p>\n\n\n\n<p>Durante as conversas por Cristian, os mesmos representantes apresentaram a oportunidade de Brian Rodriguez. O atacante se destacou pelo Pe\u00f1arol, enfrentou o Flamengo pela Libertadores de 2019, e acabou comprado pelo novato LAFC por 10 milh\u00f5es de euros.<\/p>\n\n\n\n<p>Com o adiamento da MLS para abril, o desejo \u00e9 que Brian passe por outros mercados. Agentes ofereceram ao Flamengo, que j\u00e1 tinha o nome mapeado, mas n\u00e3o entrar\u00e1 em disputa para grandes investimentos.<\/p>\n\n\n\n<p>Com isso, o fechamento da janela na Europa nesta segunda-feira ser\u00e1 determinante. O Cagliari \u00e9 um dos interessados em Brian, mas caso nada aconte\u00e7a o caminho fica livre para os rubro-negros, com uma reuni\u00e3o prevista para os pr\u00f3ximos dias para discutir condi\u00e7\u00f5es.<\/p>\n\n\n\n<figure class=\"wp-block-image size-large\"><img decoding=\"async\" src=\"https:\/\/s2.glbimg.com\/z4_YeITrmv0x4Qlqkanuz4872Og=\/0x0:1024x683\/984x0\/smart\/filters:strip_icc()\/i.s3.glbimg.com\/v1\/AUTH_bc8228b6673f488aa253bbcb03c80ec5\/internal_photos\/bs\/2019\/Z\/r\/lMOVUHSkAgmgvp2kvYyQ\/gettyimages-1134369176.webp\" alt=\"\"\/><figcaption>Brian Rodriguez se destacou no Pe\u00f1arol (Foto: Getty Images)<\/figcaption><\/figure>\n\n\n\n<p>Brian tem 20 anos e j\u00e1 conta com nove partidas e tr\u00eas gols marcados pela sele\u00e7\u00e3o principal do Uruguai. Sem dinheiro para desperdi\u00e7ar e com a pr\u00f3xima temporada batendo na porta, o Flamengo deixa de se preocupar com as vendas e mira bons neg\u00f3cios para 2021.<\/p>\n\n\n\n<p>Retirado de: Globo Esporte<\/p>\n","protected":false},"excerpt":{"rendered":"<p>O Flamengo ser\u00e1 menos agressivo no pr\u00f3ximo mercado de contrata\u00e7\u00f5es. Sem tanto dinheiro para gastar, o clube busca equil\u00edbrio nas receitas e mapeia op\u00e7\u00f5es \u201ccriativas\u201d e de bom custo-benef\u00edcio. Neste cen\u00e1rio, dois uruguaios est\u00e3o em avalia\u00e7\u00e3o: Brian Rodriguez, do Los Angeles FC, e Cristian Olivera, do Almer\u00eda. Cristian \u00e9 um meia que gosta de atuar [&hellip;]<\/p>\n","protected":false},"author":1,"featured_media":46957,"comment_status":"open","ping_status":"closed","sticky":false,"template":"","format":"standard","meta":{"footnotes":""},"categories":[48],"tags":[],"class_list":["post-55516","post","type-post","status-publish","format-standard","has-post-thumbnail","hentry","category-negociacoes"],"yoast_head":"<!-- This site is optimized with the Yoast SEO Premium plugin v24.2 (Yoast SEO v26.9) - https:\/\/yoast.com\/product\/yoast-seo-premium-wordpress\/ -->\n<title>Flamengo abre conversas com dois meias uruguaios<\/title>\n<meta name=\"description\" content=\"Assim como De Arrascaeta nos tempos de Defensor, ambos s\u00e3o apontados como talentos precoces e com hist\u00f3rico em sele\u00e7\u00f5es de base da Celeste.\" \/>\n<meta name=\"robots\" content=\"index, follow, max-snippet:-1, max-image-preview:large, max-video-preview:-1\" \/>\n<link rel=\"canonical\" href=\"https:\/\/www.gaveanews.com\/index.php\/2021\/02\/01\/flamengo-abre-conversas-dois-meias-uruguaios\/\" \/>\n<meta property=\"og:locale\" content=\"pt_BR\" \/>\n<meta property=\"og:type\" content=\"article\" \/>\n<meta property=\"og:title\" content=\"Flamengo abre conversas com dois meias uruguaios\" \/>\n<meta property=\"og:description\" content=\"Assim como De Arrascaeta nos tempos de Defensor, ambos s\u00e3o apontados como talentos precoces e com hist\u00f3rico em sele\u00e7\u00f5es de base da Celeste.\" \/>\n<meta property=\"og:url\" content=\"https:\/\/www.gaveanews.com\/index.php\/2021\/02\/01\/flamengo-abre-conversas-dois-meias-uruguaios\/\" \/>\n<meta property=\"og:site_name\" content=\"G\u00e1vea News\" \/>\n<meta property=\"article:publisher\" content=\"https:\/\/facebook.com\/gaveaNews\/\" \/>\n<meta property=\"article:published_time\" content=\"2021-02-01T05:52:47+00:00\" \/>\n<meta property=\"article:modified_time\" content=\"2021-02-01T17:08:11+00:00\" \/>\n<meta property=\"og:image\" content=\"https:\/\/www.gaveanews.com\/wp-content\/uploads\/Marcos-Braz-no-gramado-do-Maracana.webp\" \/>\n\t<meta property=\"og:image:width\" content=\"799\" \/>\n\t<meta property=\"og:image:height\" content=\"532\" \/>\n\t<meta property=\"og:image:type\" content=\"image\/jpeg\" \/>\n<meta name=\"author\" content=\"Equipe G\u00e1vea News\" \/>\n<meta name=\"twitter:card\" content=\"summary_large_image\" \/>\n<meta name=\"twitter:label1\" content=\"Escrito por\" \/>\n\t<meta name=\"twitter:data1\" content=\"Equipe G\u00e1vea News\" \/>\n\t<meta name=\"twitter:label2\" content=\"Est. tempo de leitura\" \/>\n\t<meta name=\"twitter:data2\" content=\"2 minutos\" \/>\n<script type=\"application\/ld+json\" class=\"yoast-schema-graph\">{\"@context\":\"https:\/\/schema.org\",\"@graph\":[{\"@type\":\"NewsArticle\",\"@id\":\"https:\/\/www.gaveanews.com\/index.php\/2021\/02\/01\/flamengo-abre-conversas-dois-meias-uruguaios\/#article\",\"isPartOf\":{\"@id\":\"https:\/\/www.gaveanews.com\/index.php\/2021\/02\/01\/flamengo-abre-conversas-dois-meias-uruguaios\/\"},\"author\":{\"name\":\"Equipe G\u00e1vea News\",\"@id\":\"https:\/\/www.gaveanews.com\/#\/schema\/person\/2ec14f73fb96be2caf28f91afb14749d\"},\"headline\":\"Flamengo abre conversas com dois meias uruguaios\",\"datePublished\":\"2021-02-01T05:52:47+00:00\",\"dateModified\":\"2021-02-01T17:08:11+00:00\",\"mainEntityOfPage\":{\"@id\":\"https:\/\/www.gaveanews.com\/index.php\/2021\/02\/01\/flamengo-abre-conversas-dois-meias-uruguaios\/\"},\"wordCount\":399,\"commentCount\":23,\"image\":{\"@id\":\"https:\/\/www.gaveanews.com\/index.php\/2021\/02\/01\/flamengo-abre-conversas-dois-meias-uruguaios\/#primaryimage\"},\"thumbnailUrl\":\"https:\/\/www.gaveanews.com\/wp-content\/uploads\/Marcos-Braz-no-gramado-do-Maracana.webp\",\"articleSection\":[\"Negocia\u00e7\u00f5es\"],\"inLanguage\":\"pt-BR\",\"potentialAction\":[{\"@type\":\"CommentAction\",\"name\":\"Comment\",\"target\":[\"https:\/\/www.gaveanews.com\/index.php\/2021\/02\/01\/flamengo-abre-conversas-dois-meias-uruguaios\/#respond\"]}],\"copyrightYear\":\"2021\",\"copyrightHolder\":{\"@id\":\"https:\/\/www.gaveanews.com\/#organization\"}},{\"@type\":\"WebPage\",\"@id\":\"https:\/\/www.gaveanews.com\/index.php\/2021\/02\/01\/flamengo-abre-conversas-dois-meias-uruguaios\/\",\"url\":\"https:\/\/www.gaveanews.com\/index.php\/2021\/02\/01\/flamengo-abre-conversas-dois-meias-uruguaios\/\",\"name\":\"Flamengo abre conversas com dois meias uruguaios\",\"isPartOf\":{\"@id\":\"https:\/\/www.gaveanews.com\/#website\"},\"primaryImageOfPage\":{\"@id\":\"https:\/\/www.gaveanews.com\/index.php\/2021\/02\/01\/flamengo-abre-conversas-dois-meias-uruguaios\/#primaryimage\"},\"image\":{\"@id\":\"https:\/\/www.gaveanews.com\/index.php\/2021\/02\/01\/flamengo-abre-conversas-dois-meias-uruguaios\/#primaryimage\"},\"thumbnailUrl\":\"https:\/\/www.gaveanews.com\/wp-content\/uploads\/Marcos-Braz-no-gramado-do-Maracana.webp\",\"datePublished\":\"2021-02-01T05:52:47+00:00\",\"dateModified\":\"2021-02-01T17:08:11+00:00\",\"author\":{\"@id\":\"https:\/\/www.gaveanews.com\/#\/schema\/person\/2ec14f73fb96be2caf28f91afb14749d\"},\"description\":\"Assim como De Arrascaeta nos tempos de Defensor, ambos s\u00e3o apontados como talentos precoces e com hist\u00f3rico em sele\u00e7\u00f5es de base da Celeste.\",\"breadcrumb\":{\"@id\":\"https:\/\/www.gaveanews.com\/index.php\/2021\/02\/01\/flamengo-abre-conversas-dois-meias-uruguaios\/#breadcrumb\"},\"inLanguage\":\"pt-BR\",\"potentialAction\":[{\"@type\":\"ReadAction\",\"target\":[\"https:\/\/www.gaveanews.com\/index.php\/2021\/02\/01\/flamengo-abre-conversas-dois-meias-uruguaios\/\"]}]},{\"@type\":\"ImageObject\",\"inLanguage\":\"pt-BR\",\"@id\":\"https:\/\/www.gaveanews.com\/index.php\/2021\/02\/01\/flamengo-abre-conversas-dois-meias-uruguaios\/#primaryimage\",\"url\":\"https:\/\/www.gaveanews.com\/wp-content\/uploads\/Marcos-Braz-no-gramado-do-Maracana.webp\",\"contentUrl\":\"https:\/\/www.gaveanews.com\/wp-content\/uploads\/Marcos-Braz-no-gramado-do-Maracana.webp\",\"width\":799,\"height\":532,\"caption\":\"Marcos Braz no gramado do Maracan\u00e3 (Foto: Alexandre Vidal\/Flamengo)\"},{\"@type\":\"BreadcrumbList\",\"@id\":\"https:\/\/www.gaveanews.com\/index.php\/2021\/02\/01\/flamengo-abre-conversas-dois-meias-uruguaios\/#breadcrumb\",\"itemListElement\":[{\"@type\":\"ListItem\",\"position\":1,\"name\":\"Home\",\"item\":\"https:\/\/www.gaveanews.com\/\"},{\"@type\":\"ListItem\",\"position\":2,\"name\":\"Flamengo abre conversas com dois meias uruguaios\"}]},{\"@type\":\"WebSite\",\"@id\":\"https:\/\/www.gaveanews.com\/#website\",\"url\":\"https:\/\/www.gaveanews.com\/\",\"name\":\"G\u00e1vea News\",\"description\":\"Veja todas as not\u00edcias sobre o Flamengo: Contrata\u00e7\u00f5es, categorias de base, resultados das partidas, tabela de classifica\u00e7\u00e3o, pr\u00f3ximos jogos!\",\"potentialAction\":[{\"@type\":\"SearchAction\",\"target\":{\"@type\":\"EntryPoint\",\"urlTemplate\":\"https:\/\/www.gaveanews.com\/?s={search_term_string}\"},\"query-input\":{\"@type\":\"PropertyValueSpecification\",\"valueRequired\":true,\"valueName\":\"search_term_string\"}}],\"inLanguage\":\"pt-BR\"},{\"@type\":\"Person\",\"@id\":\"https:\/\/www.gaveanews.com\/#\/schema\/person\/2ec14f73fb96be2caf28f91afb14749d\",\"name\":\"Equipe G\u00e1vea News\",\"image\":{\"@type\":\"ImageObject\",\"inLanguage\":\"pt-BR\",\"@id\":\"https:\/\/www.gaveanews.com\/#\/schema\/person\/image\/\",\"url\":\"https:\/\/secure.gravatar.com\/avatar\/1e1956f1facbffd3f8fa53a326721950116b3b9dc9bd44939c01180fd4a745a9?s=96&d=mm&r=g\",\"contentUrl\":\"https:\/\/secure.gravatar.com\/avatar\/1e1956f1facbffd3f8fa53a326721950116b3b9dc9bd44939c01180fd4a745a9?s=96&d=mm&r=g\",\"caption\":\"Equipe G\u00e1vea News\"}}]}<\/script>\n<!-- \/ Yoast SEO Premium plugin. -->","yoast_head_json":{"title":"Flamengo abre conversas com dois meias uruguaios","description":"Assim como De Arrascaeta nos tempos de Defensor, ambos s\u00e3o apontados como talentos precoces e com hist\u00f3rico em sele\u00e7\u00f5es de base da Celeste.","robots":{"index":"index","follow":"follow","max-snippet":"max-snippet:-1","max-image-preview":"max-image-preview:large","max-video-preview":"max-video-preview:-1"},"canonical":"https:\/\/www.gaveanews.com\/index.php\/2021\/02\/01\/flamengo-abre-conversas-dois-meias-uruguaios\/","og_locale":"pt_BR","og_type":"article","og_title":"Flamengo abre conversas com dois meias uruguaios","og_description":"Assim como De Arrascaeta nos tempos de Defensor, ambos s\u00e3o apontados como talentos precoces e com hist\u00f3rico em sele\u00e7\u00f5es de base da Celeste.","og_url":"https:\/\/www.gaveanews.com\/index.php\/2021\/02\/01\/flamengo-abre-conversas-dois-meias-uruguaios\/","og_site_name":"G\u00e1vea News","article_publisher":"https:\/\/facebook.com\/gaveaNews\/","article_published_time":"2021-02-01T05:52:47+00:00","article_modified_time":"2021-02-01T17:08:11+00:00","og_image":[{"width":799,"height":532,"url":"https:\/\/www.gaveanews.com\/wp-content\/uploads\/Marcos-Braz-no-gramado-do-Maracana.webp","type":"image\/jpeg"}],"author":"Equipe G\u00e1vea News","twitter_card":"summary_large_image","twitter_misc":{"Escrito por":"Equipe G\u00e1vea News","Est. tempo de leitura":"2 minutos"},"schema":{"@context":"https:\/\/schema.org","@graph":[{"@type":"NewsArticle","@id":"https:\/\/www.gaveanews.com\/index.php\/2021\/02\/01\/flamengo-abre-conversas-dois-meias-uruguaios\/#article","isPartOf":{"@id":"https:\/\/www.gaveanews.com\/index.php\/2021\/02\/01\/flamengo-abre-conversas-dois-meias-uruguaios\/"},"author":{"name":"Equipe G\u00e1vea News","@id":"https:\/\/www.gaveanews.com\/#\/schema\/person\/2ec14f73fb96be2caf28f91afb14749d"},"headline":"Flamengo abre conversas com dois meias uruguaios","datePublished":"2021-02-01T05:52:47+00:00","dateModified":"2021-02-01T17:08:11+00:00","mainEntityOfPage":{"@id":"https:\/\/www.gaveanews.com\/index.php\/2021\/02\/01\/flamengo-abre-conversas-dois-meias-uruguaios\/"},"wordCount":399,"commentCount":23,"image":{"@id":"https:\/\/www.gaveanews.com\/index.php\/2021\/02\/01\/flamengo-abre-conversas-dois-meias-uruguaios\/#primaryimage"},"thumbnailUrl":"https:\/\/www.gaveanews.com\/wp-content\/uploads\/Marcos-Braz-no-gramado-do-Maracana.webp","articleSection":["Negocia\u00e7\u00f5es"],"inLanguage":"pt-BR","potentialAction":[{"@type":"CommentAction","name":"Comment","target":["https:\/\/www.gaveanews.com\/index.php\/2021\/02\/01\/flamengo-abre-conversas-dois-meias-uruguaios\/#respond"]}],"copyrightYear":"2021","copyrightHolder":{"@id":"https:\/\/www.gaveanews.com\/#organization"}},{"@type":"WebPage","@id":"https:\/\/www.gaveanews.com\/index.php\/2021\/02\/01\/flamengo-abre-conversas-dois-meias-uruguaios\/","url":"https:\/\/www.gaveanews.com\/index.php\/2021\/02\/01\/flamengo-abre-conversas-dois-meias-uruguaios\/","name":"Flamengo abre conversas com dois meias uruguaios","isPartOf":{"@id":"https:\/\/www.gaveanews.com\/#website"},"primaryImageOfPage":{"@id":"https:\/\/www.gaveanews.com\/index.php\/2021\/02\/01\/flamengo-abre-conversas-dois-meias-uruguaios\/#primaryimage"},"image":{"@id":"https:\/\/www.gaveanews.com\/index.php\/2021\/02\/01\/flamengo-abre-conversas-dois-meias-uruguaios\/#primaryimage"},"thumbnailUrl":"https:\/\/www.gaveanews.com\/wp-content\/uploads\/Marcos-Braz-no-gramado-do-Maracana.webp","datePublished":"2021-02-01T05:52:47+00:00","dateModified":"2021-02-01T17:08:11+00:00","author":{"@id":"https:\/\/www.gaveanews.com\/#\/schema\/person\/2ec14f73fb96be2caf28f91afb14749d"},"description":"Assim como De Arrascaeta nos tempos de Defensor, ambos s\u00e3o apontados como talentos precoces e com hist\u00f3rico em sele\u00e7\u00f5es de base da Celeste.","breadcrumb":{"@id":"https:\/\/www.gaveanews.com\/index.php\/2021\/02\/01\/flamengo-abre-conversas-dois-meias-uruguaios\/#breadcrumb"},"inLanguage":"pt-BR","potentialAction":[{"@type":"ReadAction","target":["https:\/\/www.gaveanews.com\/index.php\/2021\/02\/01\/flamengo-abre-conversas-dois-meias-uruguaios\/"]}]},{"@type":"ImageObject","inLanguage":"pt-BR","@id":"https:\/\/www.gaveanews.com\/index.php\/2021\/02\/01\/flamengo-abre-conversas-dois-meias-uruguaios\/#primaryimage","url":"https:\/\/www.gaveanews.com\/wp-content\/uploads\/Marcos-Braz-no-gramado-do-Maracana.webp","contentUrl":"https:\/\/www.gaveanews.com\/wp-content\/uploads\/Marcos-Braz-no-gramado-do-Maracana.webp","width":799,"height":532,"caption":"Marcos Braz no gramado do Maracan\u00e3 (Foto: Alexandre Vidal\/Flamengo)"},{"@type":"BreadcrumbList","@id":"https:\/\/www.gaveanews.com\/index.php\/2021\/02\/01\/flamengo-abre-conversas-dois-meias-uruguaios\/#breadcrumb","itemListElement":[{"@type":"ListItem","position":1,"name":"Home","item":"https:\/\/www.gaveanews.com\/"},{"@type":"ListItem","position":2,"name":"Flamengo abre conversas com dois meias uruguaios"}]},{"@type":"WebSite","@id":"https:\/\/www.gaveanews.com\/#website","url":"https:\/\/www.gaveanews.com\/","name":"G\u00e1vea News","description":"Veja todas as not\u00edcias sobre o Flamengo: Contrata\u00e7\u00f5es, categorias de base, resultados das partidas, tabela de classifica\u00e7\u00e3o, pr\u00f3ximos jogos!","potentialAction":[{"@type":"SearchAction","target":{"@type":"EntryPoint","urlTemplate":"https:\/\/www.gaveanews.com\/?s={search_term_string}"},"query-input":{"@type":"PropertyValueSpecification","valueRequired":true,"valueName":"search_term_string"}}],"inLanguage":"pt-BR"},{"@type":"Person","@id":"https:\/\/www.gaveanews.com\/#\/schema\/person\/2ec14f73fb96be2caf28f91afb14749d","name":"Equipe G\u00e1vea News","image":{"@type":"ImageObject","inLanguage":"pt-BR","@id":"https:\/\/www.gaveanews.com\/#\/schema\/person\/image\/","url":"https:\/\/secure.gravatar.com\/avatar\/1e1956f1facbffd3f8fa53a326721950116b3b9dc9bd44939c01180fd4a745a9?s=96&d=mm&r=g","contentUrl":"https:\/\/secure.gravatar.com\/avatar\/1e1956f1facbffd3f8fa53a326721950116b3b9dc9bd44939c01180fd4a745a9?s=96&d=mm&r=g","caption":"Equipe G\u00e1vea News"}}]}},"_links":{"self":[{"href":"https:\/\/www.gaveanews.com\/index.php\/wp-json\/wp\/v2\/posts\/55516","targetHints":{"allow":["GET"]}}],"collection":[{"href":"https:\/\/www.gaveanews.com\/index.php\/wp-json\/wp\/v2\/posts"}],"about":[{"href":"https:\/\/www.gaveanews.com\/index.php\/wp-json\/wp\/v2\/types\/post"}],"author":[{"embeddable":true,"href":"https:\/\/www.gaveanews.com\/index.php\/wp-json\/wp\/v2\/users\/1"}],"replies":[{"embeddable":true,"href":"https:\/\/www.gaveanews.com\/index.php\/wp-json\/wp\/v2\/comments?post=55516"}],"version-history":[{"count":0,"href":"https:\/\/www.gaveanews.com\/index.php\/wp-json\/wp\/v2\/posts\/55516\/revisions"}],"wp:featuredmedia":[{"embeddable":true,"href":"https:\/\/www.gaveanews.com\/index.php\/wp-json\/wp\/v2\/media\/46957"}],"wp:attachment":[{"href":"https:\/\/www.gaveanews.com\/index.php\/wp-json\/wp\/v2\/media?parent=55516"}],"wp:term":[{"taxonomy":"category","embeddable":true,"href":"https:\/\/www.gaveanews.com\/index.php\/wp-json\/wp\/v2\/categories?post=55516"},{"taxonomy":"post_tag","embeddable":true,"href":"https:\/\/www.gaveanews.com\/index.php\/wp-json\/wp\/v2\/tags?post=55516"}],"curies":[{"name":"wp","href":"https:\/\/api.w.org\/{rel}","templated":true}]}}