{"id":55518,"date":"2021-02-01T17:52:46","date_gmt":"2021-02-01T20:52:46","guid":{"rendered":"https:\/\/www.gaveanews.com\/?p=55518"},"modified":"2021-08-12T00:49:14","modified_gmt":"2021-08-12T03:49:14","slug":"saiu-confira-a-escalacao-oficial-do-flamengo-contra-o-sport","status":"publish","type":"post","link":"https:\/\/www.gaveanews.com\/index.php\/2021\/02\/01\/saiu-confira-a-escalacao-oficial-do-flamengo-contra-o-sport\/","title":{"rendered":"Saiu! Confira a escala\u00e7\u00e3o do Flamengo para o jogo contra o Sport"},"content":{"rendered":"\n<p>Logo mais, \u00e0s 20h (hor\u00e1rio de Bras\u00edlia), o Meng\u00e3o enfrentar\u00e1 o Sport na Ilha do Retiro. A partida ser\u00e1 v\u00e1lida pela 33\u00aa rodada do Campeonato Brasileiro e a <a href=\"https:\/\/www.gaveanews.com\/index.php\/2021\/02\/01\/saiba-como-assistir-o-jogo-do-flamengo-ao-vivo-hoje\/\">transmiss\u00e3o ser\u00e1 feita pelos canais SporTV e Premiere<\/a>.<\/p>\n\n\n\n<p>Entrando em campo j\u00e1 sabendo o resultado das partidas de quase todo o G-6, o Flamengo ter\u00e1 a tarefa de vencer esta noite para conseguir retomar a segunda posi\u00e7\u00e3o na tabela, a qual o Atl\u00e9tico-MG tomou na tarde de ontem quando venceu o Fortaleza por 2 a 0. E por falar em postulantes ao t\u00edtulo, o Internacional tamb\u00e9m venceu no \u00faltimo domingo, se isolando ainda mais na lideran\u00e7a.<\/p>\n\n\n\n<p>Enquanto isso, o Gr\u00eamio caiu uma posi\u00e7\u00e3o ao empatar com o Coritiba em 1 a 1, deixando o grupo superior e cedendo sua vaga para o Fluminense, que venceu o Goi\u00e1s por 3 a 0. Al\u00e9m destes, o S\u00e3o Paulo tamb\u00e9m perdeu sua chance de tomar a posi\u00e7\u00e3o do Fla, pois perdeu por 2 a 1 para o Atl\u00e9tico-GO.<\/p>\n\n\n\n<p>Neste contexto, Rog\u00e9rio Ceni preparou o elenco rubro-negro e teve de pensar em uma escala\u00e7\u00e3o que consiga conquistar mais uma vit\u00f3ria para o clube. Caso conclua seu objetivo, o Flamengo poder\u00e1 manter, mesmo que pequenas, suas chances de levantar o trof\u00e9u do Brasileir\u00e3o.<\/p>\n\n\n\n<p>Desta forma, o t\u00e9cnico precisou ter em mente tamb\u00e9m que a equipe jogar\u00e1 mais duas vezes nos pr\u00f3ximos 6 dias, o que desgastar\u00e1 bastante o f\u00edsico de seus jogadores. Al\u00e9m disso, foi importante ter um pouco mais de cautela ao pensar nas substitui\u00e7\u00f5es da partida, uma vez que o pr\u00f3prio comandante e mais quatro atletas est\u00e3o pendurados e poder\u00e3o desfalcar no cl\u00e1ssico contra o Vasco nesta quinta-feira (04).<\/p>\n\n\n\n<h3 class=\"wp-block-heading\" id=\"h-quem-est-de-fora\">Quem est\u00e1 de fora:<\/h3>\n\n\n\n<ul class=\"wp-block-list\"><li>Thiago Maia <em>(lesionado)<\/em><\/li><li>Rodrigo Caio <em>(lesionado)<\/em><\/li><\/ul>\n\n\n\n<h3 class=\"wp-block-heading\" id=\"h-pendurados\">Pendurados:<\/h3>\n\n\n\n<ul class=\"wp-block-list\"><li>Gabi<\/li><li>Gustavo Henrique<\/li><li>Jo\u00e3o Gomes<\/li><li>Jo\u00e3o Lucas<\/li><li>Rog\u00e9rio Ceni<\/li><\/ul>\n\n\n\n<h3 class=\"wp-block-heading\" id=\"h-escala-o-oficial\">Escala\u00e7\u00e3o oficial:<\/h3>\n\n\n\n<p>Diego Alves; Isla, Gustavo, Ar\u00e3o e Filipe; Diego e Gerson; Arrascaeta, Everton, Bruno Henrique e Gabi.<\/p>\n\n\n\n<h3 class=\"wp-block-heading\" id=\"h-banco-de-reservas\">Banco de reservas:<\/h3>\n\n\n\n<p><em>Em instantes.<\/em><\/p>\n\n\n\n<h3 class=\"wp-block-heading\" id=\"h-arbitragem\">Arbitragem:<\/h3>\n\n\n\n<ul class=\"wp-block-list\"><li><strong>\u00c1rbitro:<\/strong> Rafael Tarci &#8211; RS<\/li><li><strong>\u00c1rbitro Assistente 1:<\/strong> Rafael Trombeta &#8211; PR<\/li><li><strong>\u00c1rbitro Assistente 2:<\/strong> Helton Nunes &#8211; SC<\/li><li><strong>Quarto \u00c1rbitro:<\/strong> Michelangelo Martins de Almeida Junior &#8211; PE<\/li><li><strong>\u00c1rbitro de v\u00eddeo:<\/strong> Pablo Ramon Gon\u00e7alves Pinheiro &#8211; RN<\/li><li><strong>Assistente de VAR 1:<\/strong> Andrey da Silva e Silva &#8211; PA<\/li><li><strong>Assistente de VAR 2:<\/strong> Fl\u00e1vio Gomes Barroca &#8211; RN<\/li><li><strong>Observador de VAR:<\/strong> Jos\u00e9 Henrique de Carvalho &#8211; SP<\/li><\/ul>\n\n\n\n<p><\/p>\n","protected":false},"excerpt":{"rendered":"<p>Logo mais, \u00e0s 20h (hor\u00e1rio de Bras\u00edlia), o Meng\u00e3o enfrentar\u00e1 o Sport na Ilha do Retiro. A partida ser\u00e1 v\u00e1lida pela 33\u00aa rodada do Campeonato Brasileiro e a transmiss\u00e3o ser\u00e1 feita pelos canais SporTV e Premiere. Entrando em campo j\u00e1 sabendo o resultado das partidas de quase todo o G-6, o Flamengo ter\u00e1 a tarefa [&hellip;]<\/p>\n","protected":false},"author":4,"featured_media":30000,"comment_status":"open","ping_status":"closed","sticky":false,"template":"","format":"standard","meta":{"footnotes":""},"categories":[1],"tags":[],"class_list":["post-55518","post","type-post","status-publish","format-standard","has-post-thumbnail","hentry","category-flamengo"],"yoast_head":"<!-- This site is optimized with the Yoast SEO Premium plugin v24.2 (Yoast SEO v26.9) - https:\/\/yoast.com\/product\/yoast-seo-premium-wordpress\/ -->\n<title>Saiu! Confira a escala\u00e7\u00e3o do Flamengo para o jogo contra o Sport -<\/title>\n<meta name=\"description\" content=\"A partida ser\u00e1 v\u00e1lida pela 33\u00aa rodada do Campeonato Brasileiro e a transmiss\u00e3o ser\u00e1 feita pelos canais SporTV e Premiere.\" \/>\n<meta name=\"robots\" content=\"index, follow, max-snippet:-1, max-image-preview:large, max-video-preview:-1\" \/>\n<link rel=\"canonical\" href=\"https:\/\/www.gaveanews.com\/index.php\/2021\/02\/01\/saiu-confira-a-escalacao-oficial-do-flamengo-contra-o-sport\/\" \/>\n<meta property=\"og:locale\" content=\"pt_BR\" \/>\n<meta property=\"og:type\" content=\"article\" \/>\n<meta property=\"og:title\" content=\"Saiu! Confira a escala\u00e7\u00e3o do Flamengo para o jogo contra o Sport\" \/>\n<meta property=\"og:description\" content=\"A partida ser\u00e1 v\u00e1lida pela 33\u00aa rodada do Campeonato Brasileiro e a transmiss\u00e3o ser\u00e1 feita pelos canais SporTV e Premiere.\" \/>\n<meta property=\"og:url\" content=\"https:\/\/www.gaveanews.com\/index.php\/2021\/02\/01\/saiu-confira-a-escalacao-oficial-do-flamengo-contra-o-sport\/\" \/>\n<meta property=\"og:site_name\" content=\"G\u00e1vea News\" \/>\n<meta property=\"article:publisher\" content=\"https:\/\/facebook.com\/gaveaNews\/\" \/>\n<meta property=\"article:published_time\" content=\"2021-02-01T20:52:46+00:00\" \/>\n<meta property=\"article:modified_time\" content=\"2021-08-12T03:49:14+00:00\" \/>\n<meta property=\"og:image\" content=\"https:\/\/www.gaveanews.com\/wp-content\/uploads\/Escalacao-oficial-do-Flamengo.webp\" \/>\n\t<meta property=\"og:image:width\" content=\"1\" \/>\n\t<meta property=\"og:image:height\" content=\"1\" \/>\n\t<meta property=\"og:image:type\" content=\"image\/jpeg\" \/>\n<meta name=\"author\" content=\"Let\u00edcia Gerheim\" \/>\n<meta name=\"twitter:card\" content=\"summary_large_image\" \/>\n<meta name=\"twitter:label1\" content=\"Escrito por\" \/>\n\t<meta name=\"twitter:data1\" content=\"Let\u00edcia Gerheim\" \/>\n\t<meta name=\"twitter:label2\" content=\"Est. tempo de leitura\" \/>\n\t<meta name=\"twitter:data2\" content=\"2 minutos\" \/>\n<script type=\"application\/ld+json\" class=\"yoast-schema-graph\">{\"@context\":\"https:\/\/schema.org\",\"@graph\":[{\"@type\":\"NewsArticle\",\"@id\":\"https:\/\/www.gaveanews.com\/index.php\/2021\/02\/01\/saiu-confira-a-escalacao-oficial-do-flamengo-contra-o-sport\/#article\",\"isPartOf\":{\"@id\":\"https:\/\/www.gaveanews.com\/index.php\/2021\/02\/01\/saiu-confira-a-escalacao-oficial-do-flamengo-contra-o-sport\/\"},\"author\":{\"name\":\"Let\u00edcia Gerheim\",\"@id\":\"https:\/\/www.gaveanews.com\/#\/schema\/person\/714c67050b836198af2450ba1c142a67\"},\"headline\":\"Saiu! Confira a escala\u00e7\u00e3o do Flamengo para o jogo contra o Sport\",\"datePublished\":\"2021-02-01T20:52:46+00:00\",\"dateModified\":\"2021-08-12T03:49:14+00:00\",\"mainEntityOfPage\":{\"@id\":\"https:\/\/www.gaveanews.com\/index.php\/2021\/02\/01\/saiu-confira-a-escalacao-oficial-do-flamengo-contra-o-sport\/\"},\"wordCount\":423,\"commentCount\":24,\"image\":{\"@id\":\"https:\/\/www.gaveanews.com\/index.php\/2021\/02\/01\/saiu-confira-a-escalacao-oficial-do-flamengo-contra-o-sport\/#primaryimage\"},\"thumbnailUrl\":\"https:\/\/www.gaveanews.com\/wp-content\/uploads\/Escalacao-oficial-do-Flamengo.webp\",\"articleSection\":[\"Flamengo\"],\"inLanguage\":\"pt-BR\",\"potentialAction\":[{\"@type\":\"CommentAction\",\"name\":\"Comment\",\"target\":[\"https:\/\/www.gaveanews.com\/index.php\/2021\/02\/01\/saiu-confira-a-escalacao-oficial-do-flamengo-contra-o-sport\/#respond\"]}],\"copyrightYear\":\"2021\",\"copyrightHolder\":{\"@id\":\"https:\/\/www.gaveanews.com\/#organization\"}},{\"@type\":\"WebPage\",\"@id\":\"https:\/\/www.gaveanews.com\/index.php\/2021\/02\/01\/saiu-confira-a-escalacao-oficial-do-flamengo-contra-o-sport\/\",\"url\":\"https:\/\/www.gaveanews.com\/index.php\/2021\/02\/01\/saiu-confira-a-escalacao-oficial-do-flamengo-contra-o-sport\/\",\"name\":\"Saiu! Confira a escala\u00e7\u00e3o do Flamengo para o jogo contra o Sport -\",\"isPartOf\":{\"@id\":\"https:\/\/www.gaveanews.com\/#website\"},\"primaryImageOfPage\":{\"@id\":\"https:\/\/www.gaveanews.com\/index.php\/2021\/02\/01\/saiu-confira-a-escalacao-oficial-do-flamengo-contra-o-sport\/#primaryimage\"},\"image\":{\"@id\":\"https:\/\/www.gaveanews.com\/index.php\/2021\/02\/01\/saiu-confira-a-escalacao-oficial-do-flamengo-contra-o-sport\/#primaryimage\"},\"thumbnailUrl\":\"https:\/\/www.gaveanews.com\/wp-content\/uploads\/Escalacao-oficial-do-Flamengo.webp\",\"datePublished\":\"2021-02-01T20:52:46+00:00\",\"dateModified\":\"2021-08-12T03:49:14+00:00\",\"author\":{\"@id\":\"https:\/\/www.gaveanews.com\/#\/schema\/person\/714c67050b836198af2450ba1c142a67\"},\"description\":\"A partida ser\u00e1 v\u00e1lida pela 33\u00aa rodada do Campeonato Brasileiro e a transmiss\u00e3o ser\u00e1 feita pelos canais SporTV e Premiere.\",\"breadcrumb\":{\"@id\":\"https:\/\/www.gaveanews.com\/index.php\/2021\/02\/01\/saiu-confira-a-escalacao-oficial-do-flamengo-contra-o-sport\/#breadcrumb\"},\"inLanguage\":\"pt-BR\",\"potentialAction\":[{\"@type\":\"ReadAction\",\"target\":[\"https:\/\/www.gaveanews.com\/index.php\/2021\/02\/01\/saiu-confira-a-escalacao-oficial-do-flamengo-contra-o-sport\/\"]}]},{\"@type\":\"ImageObject\",\"inLanguage\":\"pt-BR\",\"@id\":\"https:\/\/www.gaveanews.com\/index.php\/2021\/02\/01\/saiu-confira-a-escalacao-oficial-do-flamengo-contra-o-sport\/#primaryimage\",\"url\":\"https:\/\/www.gaveanews.com\/wp-content\/uploads\/Escalacao-oficial-do-Flamengo.webp\",\"contentUrl\":\"https:\/\/www.gaveanews.com\/wp-content\/uploads\/Escalacao-oficial-do-Flamengo.webp\",\"caption\":\"Confira a escala\u00e7\u00e3o oficial do Flamengo (Ilustra\u00e7\u00e3o: Editoria de Arte\/GaveaNews.com)\"},{\"@type\":\"BreadcrumbList\",\"@id\":\"https:\/\/www.gaveanews.com\/index.php\/2021\/02\/01\/saiu-confira-a-escalacao-oficial-do-flamengo-contra-o-sport\/#breadcrumb\",\"itemListElement\":[{\"@type\":\"ListItem\",\"position\":1,\"name\":\"Home\",\"item\":\"https:\/\/www.gaveanews.com\/\"},{\"@type\":\"ListItem\",\"position\":2,\"name\":\"Saiu! Confira a escala\u00e7\u00e3o do Flamengo para o jogo contra o Sport\"}]},{\"@type\":\"WebSite\",\"@id\":\"https:\/\/www.gaveanews.com\/#website\",\"url\":\"https:\/\/www.gaveanews.com\/\",\"name\":\"G\u00e1vea News\",\"description\":\"Veja todas as not\u00edcias sobre o Flamengo: Contrata\u00e7\u00f5es, categorias de base, resultados das partidas, tabela de classifica\u00e7\u00e3o, pr\u00f3ximos jogos!\",\"potentialAction\":[{\"@type\":\"SearchAction\",\"target\":{\"@type\":\"EntryPoint\",\"urlTemplate\":\"https:\/\/www.gaveanews.com\/?s={search_term_string}\"},\"query-input\":{\"@type\":\"PropertyValueSpecification\",\"valueRequired\":true,\"valueName\":\"search_term_string\"}}],\"inLanguage\":\"pt-BR\"},{\"@type\":\"Person\",\"@id\":\"https:\/\/www.gaveanews.com\/#\/schema\/person\/714c67050b836198af2450ba1c142a67\",\"name\":\"Let\u00edcia Gerheim\",\"image\":{\"@type\":\"ImageObject\",\"inLanguage\":\"pt-BR\",\"@id\":\"https:\/\/www.gaveanews.com\/#\/schema\/person\/image\/\",\"url\":\"https:\/\/secure.gravatar.com\/avatar\/60734739c50fcebfbac509e2a826ccd0ff405c019bc73aab9354f19ecad1dcb4?s=96&d=mm&r=g\",\"contentUrl\":\"https:\/\/secure.gravatar.com\/avatar\/60734739c50fcebfbac509e2a826ccd0ff405c019bc73aab9354f19ecad1dcb4?s=96&d=mm&r=g\",\"caption\":\"Let\u00edcia Gerheim\"}}]}<\/script>\n<!-- \/ Yoast SEO Premium plugin. -->","yoast_head_json":{"title":"Saiu! Confira a escala\u00e7\u00e3o do Flamengo para o jogo contra o Sport -","description":"A partida ser\u00e1 v\u00e1lida pela 33\u00aa rodada do Campeonato Brasileiro e a transmiss\u00e3o ser\u00e1 feita pelos canais SporTV e Premiere.","robots":{"index":"index","follow":"follow","max-snippet":"max-snippet:-1","max-image-preview":"max-image-preview:large","max-video-preview":"max-video-preview:-1"},"canonical":"https:\/\/www.gaveanews.com\/index.php\/2021\/02\/01\/saiu-confira-a-escalacao-oficial-do-flamengo-contra-o-sport\/","og_locale":"pt_BR","og_type":"article","og_title":"Saiu! Confira a escala\u00e7\u00e3o do Flamengo para o jogo contra o Sport","og_description":"A partida ser\u00e1 v\u00e1lida pela 33\u00aa rodada do Campeonato Brasileiro e a transmiss\u00e3o ser\u00e1 feita pelos canais SporTV e Premiere.","og_url":"https:\/\/www.gaveanews.com\/index.php\/2021\/02\/01\/saiu-confira-a-escalacao-oficial-do-flamengo-contra-o-sport\/","og_site_name":"G\u00e1vea News","article_publisher":"https:\/\/facebook.com\/gaveaNews\/","article_published_time":"2021-02-01T20:52:46+00:00","article_modified_time":"2021-08-12T03:49:14+00:00","og_image":[{"url":"https:\/\/www.gaveanews.com\/wp-content\/uploads\/Escalacao-oficial-do-Flamengo.webp","width":1,"height":1,"type":"image\/jpeg"}],"author":"Let\u00edcia Gerheim","twitter_card":"summary_large_image","twitter_misc":{"Escrito por":"Let\u00edcia Gerheim","Est. tempo de leitura":"2 minutos"},"schema":{"@context":"https:\/\/schema.org","@graph":[{"@type":"NewsArticle","@id":"https:\/\/www.gaveanews.com\/index.php\/2021\/02\/01\/saiu-confira-a-escalacao-oficial-do-flamengo-contra-o-sport\/#article","isPartOf":{"@id":"https:\/\/www.gaveanews.com\/index.php\/2021\/02\/01\/saiu-confira-a-escalacao-oficial-do-flamengo-contra-o-sport\/"},"author":{"name":"Let\u00edcia Gerheim","@id":"https:\/\/www.gaveanews.com\/#\/schema\/person\/714c67050b836198af2450ba1c142a67"},"headline":"Saiu! Confira a escala\u00e7\u00e3o do Flamengo para o jogo contra o Sport","datePublished":"2021-02-01T20:52:46+00:00","dateModified":"2021-08-12T03:49:14+00:00","mainEntityOfPage":{"@id":"https:\/\/www.gaveanews.com\/index.php\/2021\/02\/01\/saiu-confira-a-escalacao-oficial-do-flamengo-contra-o-sport\/"},"wordCount":423,"commentCount":24,"image":{"@id":"https:\/\/www.gaveanews.com\/index.php\/2021\/02\/01\/saiu-confira-a-escalacao-oficial-do-flamengo-contra-o-sport\/#primaryimage"},"thumbnailUrl":"https:\/\/www.gaveanews.com\/wp-content\/uploads\/Escalacao-oficial-do-Flamengo.webp","articleSection":["Flamengo"],"inLanguage":"pt-BR","potentialAction":[{"@type":"CommentAction","name":"Comment","target":["https:\/\/www.gaveanews.com\/index.php\/2021\/02\/01\/saiu-confira-a-escalacao-oficial-do-flamengo-contra-o-sport\/#respond"]}],"copyrightYear":"2021","copyrightHolder":{"@id":"https:\/\/www.gaveanews.com\/#organization"}},{"@type":"WebPage","@id":"https:\/\/www.gaveanews.com\/index.php\/2021\/02\/01\/saiu-confira-a-escalacao-oficial-do-flamengo-contra-o-sport\/","url":"https:\/\/www.gaveanews.com\/index.php\/2021\/02\/01\/saiu-confira-a-escalacao-oficial-do-flamengo-contra-o-sport\/","name":"Saiu! Confira a escala\u00e7\u00e3o do Flamengo para o jogo contra o Sport -","isPartOf":{"@id":"https:\/\/www.gaveanews.com\/#website"},"primaryImageOfPage":{"@id":"https:\/\/www.gaveanews.com\/index.php\/2021\/02\/01\/saiu-confira-a-escalacao-oficial-do-flamengo-contra-o-sport\/#primaryimage"},"image":{"@id":"https:\/\/www.gaveanews.com\/index.php\/2021\/02\/01\/saiu-confira-a-escalacao-oficial-do-flamengo-contra-o-sport\/#primaryimage"},"thumbnailUrl":"https:\/\/www.gaveanews.com\/wp-content\/uploads\/Escalacao-oficial-do-Flamengo.webp","datePublished":"2021-02-01T20:52:46+00:00","dateModified":"2021-08-12T03:49:14+00:00","author":{"@id":"https:\/\/www.gaveanews.com\/#\/schema\/person\/714c67050b836198af2450ba1c142a67"},"description":"A partida ser\u00e1 v\u00e1lida pela 33\u00aa rodada do Campeonato Brasileiro e a transmiss\u00e3o ser\u00e1 feita pelos canais SporTV e Premiere.","breadcrumb":{"@id":"https:\/\/www.gaveanews.com\/index.php\/2021\/02\/01\/saiu-confira-a-escalacao-oficial-do-flamengo-contra-o-sport\/#breadcrumb"},"inLanguage":"pt-BR","potentialAction":[{"@type":"ReadAction","target":["https:\/\/www.gaveanews.com\/index.php\/2021\/02\/01\/saiu-confira-a-escalacao-oficial-do-flamengo-contra-o-sport\/"]}]},{"@type":"ImageObject","inLanguage":"pt-BR","@id":"https:\/\/www.gaveanews.com\/index.php\/2021\/02\/01\/saiu-confira-a-escalacao-oficial-do-flamengo-contra-o-sport\/#primaryimage","url":"https:\/\/www.gaveanews.com\/wp-content\/uploads\/Escalacao-oficial-do-Flamengo.webp","contentUrl":"https:\/\/www.gaveanews.com\/wp-content\/uploads\/Escalacao-oficial-do-Flamengo.webp","caption":"Confira a escala\u00e7\u00e3o oficial do Flamengo (Ilustra\u00e7\u00e3o: Editoria de Arte\/GaveaNews.com)"},{"@type":"BreadcrumbList","@id":"https:\/\/www.gaveanews.com\/index.php\/2021\/02\/01\/saiu-confira-a-escalacao-oficial-do-flamengo-contra-o-sport\/#breadcrumb","itemListElement":[{"@type":"ListItem","position":1,"name":"Home","item":"https:\/\/www.gaveanews.com\/"},{"@type":"ListItem","position":2,"name":"Saiu! Confira a escala\u00e7\u00e3o do Flamengo para o jogo contra o Sport"}]},{"@type":"WebSite","@id":"https:\/\/www.gaveanews.com\/#website","url":"https:\/\/www.gaveanews.com\/","name":"G\u00e1vea News","description":"Veja todas as not\u00edcias sobre o Flamengo: Contrata\u00e7\u00f5es, categorias de base, resultados das partidas, tabela de classifica\u00e7\u00e3o, pr\u00f3ximos jogos!","potentialAction":[{"@type":"SearchAction","target":{"@type":"EntryPoint","urlTemplate":"https:\/\/www.gaveanews.com\/?s={search_term_string}"},"query-input":{"@type":"PropertyValueSpecification","valueRequired":true,"valueName":"search_term_string"}}],"inLanguage":"pt-BR"},{"@type":"Person","@id":"https:\/\/www.gaveanews.com\/#\/schema\/person\/714c67050b836198af2450ba1c142a67","name":"Let\u00edcia Gerheim","image":{"@type":"ImageObject","inLanguage":"pt-BR","@id":"https:\/\/www.gaveanews.com\/#\/schema\/person\/image\/","url":"https:\/\/secure.gravatar.com\/avatar\/60734739c50fcebfbac509e2a826ccd0ff405c019bc73aab9354f19ecad1dcb4?s=96&d=mm&r=g","contentUrl":"https:\/\/secure.gravatar.com\/avatar\/60734739c50fcebfbac509e2a826ccd0ff405c019bc73aab9354f19ecad1dcb4?s=96&d=mm&r=g","caption":"Let\u00edcia Gerheim"}}]}},"_links":{"self":[{"href":"https:\/\/www.gaveanews.com\/index.php\/wp-json\/wp\/v2\/posts\/55518","targetHints":{"allow":["GET"]}}],"collection":[{"href":"https:\/\/www.gaveanews.com\/index.php\/wp-json\/wp\/v2\/posts"}],"about":[{"href":"https:\/\/www.gaveanews.com\/index.php\/wp-json\/wp\/v2\/types\/post"}],"author":[{"embeddable":true,"href":"https:\/\/www.gaveanews.com\/index.php\/wp-json\/wp\/v2\/users\/4"}],"replies":[{"embeddable":true,"href":"https:\/\/www.gaveanews.com\/index.php\/wp-json\/wp\/v2\/comments?post=55518"}],"version-history":[{"count":0,"href":"https:\/\/www.gaveanews.com\/index.php\/wp-json\/wp\/v2\/posts\/55518\/revisions"}],"wp:featuredmedia":[{"embeddable":true,"href":"https:\/\/www.gaveanews.com\/index.php\/wp-json\/wp\/v2\/media\/30000"}],"wp:attachment":[{"href":"https:\/\/www.gaveanews.com\/index.php\/wp-json\/wp\/v2\/media?parent=55518"}],"wp:term":[{"taxonomy":"category","embeddable":true,"href":"https:\/\/www.gaveanews.com\/index.php\/wp-json\/wp\/v2\/categories?post=55518"},{"taxonomy":"post_tag","embeddable":true,"href":"https:\/\/www.gaveanews.com\/index.php\/wp-json\/wp\/v2\/tags?post=55518"}],"curies":[{"name":"wp","href":"https:\/\/api.w.org\/{rel}","templated":true}]}}