{"id":55539,"date":"2021-02-01T15:35:13","date_gmt":"2021-02-01T18:35:13","guid":{"rendered":"https:\/\/www.gaveanews.com\/?p=55539"},"modified":"2021-08-12T00:49:18","modified_gmt":"2021-08-12T03:49:18","slug":"rafinha-ex-flamengo-podera-rescindir-com-olympiacos","status":"publish","type":"post","link":"https:\/\/www.gaveanews.com\/index.php\/2021\/02\/01\/rafinha-ex-flamengo-podera-rescindir-com-olympiacos\/","title":{"rendered":"Rafinha, ex-Flamengo, poder\u00e1 rescindir com Olympiacos"},"content":{"rendered":"\n<p>Ap\u00f3s deixar o rubro-negro em agosto de 2020, o lateral rumou ao Olympiacos, da Gr\u00e9cia. O contrato, no entanto, poder\u00e1 terminar antes do tempo previsto.<\/p>\n\n\n\n<p>Com menos de um ano de contrato com o clube europeu, o jogador se aproxima de assinar uma rescis\u00e3o de v\u00ednculo. Segundo informa\u00e7\u00f5es do rep\u00f3rter Wesley Ramon, o atleta encaminha uma anula\u00e7\u00e3o de contrato amig\u00e1vel entre as partes.<\/p>\n\n\n\n<p>O fato se deve \u00e0 recente contrata\u00e7\u00e3o de outro lateral direito para o time, Kenny Lala. De acordo com a gazeta portuguesa <em>A Bola<\/em>, o jogador de 29 anos assinou por duas temporadas e meia com o clube grego. Com a chegada do franc\u00eas, h\u00e1 a possibilidade de Rafinha deixar a Gr\u00e9cia em poucos dias.<\/p>\n\n\n\n<p>Rafinha tem seu nome eternizado na hist\u00f3ria do Flamengo, uma vez que o lateral foi uma das pe\u00e7as-chave para o vitorioso elenco comandado por Jorge Jesus em 2019. Seu substituto no Mais Querido foi o chileno Maur\u00edcio Isla, que j\u00e1 atuou pela Juventus e \u00e9 frequentemente convocado pela sele\u00e7\u00e3o chilena.<\/p>\n\n\n\n<p>Com Isla \u00e0 disposi\u00e7\u00e3o de Rog\u00e9rio Ceni, o Fla enfrentar\u00e1 o Sport esta noite (01), \u00e0s 20h (hor\u00e1rio de Bras\u00edlia). A vit\u00f3ria no confronto ser\u00e1 importante para a perman\u00eancia do clube carioca na disputa pelo t\u00edtulo do Campeonato Brasileiro.<\/p>\n","protected":false},"excerpt":{"rendered":"<p>Ap\u00f3s deixar o rubro-negro em agosto de 2020, o lateral rumou ao Olympiacos, da Gr\u00e9cia. O contrato, no entanto, poder\u00e1 terminar antes do tempo previsto. Com menos de um ano de contrato com o clube europeu, o jogador se aproxima de assinar uma rescis\u00e3o de v\u00ednculo. Segundo informa\u00e7\u00f5es do rep\u00f3rter Wesley Ramon, o atleta encaminha [&hellip;]<\/p>\n","protected":false},"author":4,"featured_media":28894,"comment_status":"open","ping_status":"closed","sticky":false,"template":"","format":"standard","meta":{"footnotes":""},"categories":[1],"tags":[],"class_list":["post-55539","post","type-post","status-publish","format-standard","has-post-thumbnail","hentry","category-flamengo"],"yoast_head":"<!-- This site is optimized with the Yoast SEO Premium plugin v24.2 (Yoast SEO v26.9) - https:\/\/yoast.com\/product\/yoast-seo-premium-wordpress\/ -->\n<title>Rafinha, ex-Flamengo, poder\u00e1 rescindir com Olympiacos<\/title>\n<meta name=\"description\" content=\"Ap\u00f3s deixar o rubro-negro em agosto de 2020, o lateral-direito rumou ao Olympiacos, da Gr\u00e9cia. O contrato, por\u00e9m, poder\u00e1 terminar em breve.\" \/>\n<meta name=\"robots\" content=\"index, follow, max-snippet:-1, max-image-preview:large, max-video-preview:-1\" \/>\n<link rel=\"canonical\" href=\"https:\/\/www.gaveanews.com\/index.php\/2021\/02\/01\/rafinha-ex-flamengo-podera-rescindir-com-olympiacos\/\" \/>\n<meta property=\"og:locale\" content=\"pt_BR\" \/>\n<meta property=\"og:type\" content=\"article\" \/>\n<meta property=\"og:title\" content=\"Rafinha, ex-Flamengo, poder\u00e1 rescindir com Olympiacos\" \/>\n<meta property=\"og:description\" content=\"Ap\u00f3s deixar o rubro-negro em agosto de 2020, o lateral-direito rumou ao Olympiacos, da Gr\u00e9cia. O contrato, por\u00e9m, poder\u00e1 terminar em breve.\" \/>\n<meta property=\"og:url\" content=\"https:\/\/www.gaveanews.com\/index.php\/2021\/02\/01\/rafinha-ex-flamengo-podera-rescindir-com-olympiacos\/\" \/>\n<meta property=\"og:site_name\" content=\"G\u00e1vea News\" \/>\n<meta property=\"article:publisher\" content=\"https:\/\/facebook.com\/gaveaNews\/\" \/>\n<meta property=\"article:published_time\" content=\"2021-02-01T18:35:13+00:00\" \/>\n<meta property=\"article:modified_time\" content=\"2021-08-12T03:49:18+00:00\" \/>\n<meta property=\"og:image\" content=\"https:\/\/www.gaveanews.com\/wp-content\/uploads\/Rafinha-em-acao-pelo-Flamengo.webp\" \/>\n\t<meta property=\"og:image:width\" content=\"1\" \/>\n\t<meta property=\"og:image:height\" content=\"1\" \/>\n\t<meta property=\"og:image:type\" content=\"image\/jpeg\" \/>\n<meta name=\"author\" content=\"Let\u00edcia Gerheim\" \/>\n<meta name=\"twitter:card\" content=\"summary_large_image\" \/>\n<meta name=\"twitter:label1\" content=\"Escrito por\" \/>\n\t<meta name=\"twitter:data1\" content=\"Let\u00edcia Gerheim\" \/>\n\t<meta name=\"twitter:label2\" content=\"Est. tempo de leitura\" \/>\n\t<meta name=\"twitter:data2\" content=\"1 minuto\" \/>\n<script type=\"application\/ld+json\" class=\"yoast-schema-graph\">{\"@context\":\"https:\/\/schema.org\",\"@graph\":[{\"@type\":\"NewsArticle\",\"@id\":\"https:\/\/www.gaveanews.com\/index.php\/2021\/02\/01\/rafinha-ex-flamengo-podera-rescindir-com-olympiacos\/#article\",\"isPartOf\":{\"@id\":\"https:\/\/www.gaveanews.com\/index.php\/2021\/02\/01\/rafinha-ex-flamengo-podera-rescindir-com-olympiacos\/\"},\"author\":{\"name\":\"Let\u00edcia Gerheim\",\"@id\":\"https:\/\/www.gaveanews.com\/#\/schema\/person\/714c67050b836198af2450ba1c142a67\"},\"headline\":\"Rafinha, ex-Flamengo, poder\u00e1 rescindir com Olympiacos\",\"datePublished\":\"2021-02-01T18:35:13+00:00\",\"dateModified\":\"2021-08-12T03:49:18+00:00\",\"mainEntityOfPage\":{\"@id\":\"https:\/\/www.gaveanews.com\/index.php\/2021\/02\/01\/rafinha-ex-flamengo-podera-rescindir-com-olympiacos\/\"},\"wordCount\":228,\"commentCount\":32,\"image\":{\"@id\":\"https:\/\/www.gaveanews.com\/index.php\/2021\/02\/01\/rafinha-ex-flamengo-podera-rescindir-com-olympiacos\/#primaryimage\"},\"thumbnailUrl\":\"https:\/\/www.gaveanews.com\/wp-content\/uploads\/Rafinha-em-acao-pelo-Flamengo.webp\",\"articleSection\":[\"Flamengo\"],\"inLanguage\":\"pt-BR\",\"potentialAction\":[{\"@type\":\"CommentAction\",\"name\":\"Comment\",\"target\":[\"https:\/\/www.gaveanews.com\/index.php\/2021\/02\/01\/rafinha-ex-flamengo-podera-rescindir-com-olympiacos\/#respond\"]}],\"copyrightYear\":\"2021\",\"copyrightHolder\":{\"@id\":\"https:\/\/www.gaveanews.com\/#organization\"}},{\"@type\":\"WebPage\",\"@id\":\"https:\/\/www.gaveanews.com\/index.php\/2021\/02\/01\/rafinha-ex-flamengo-podera-rescindir-com-olympiacos\/\",\"url\":\"https:\/\/www.gaveanews.com\/index.php\/2021\/02\/01\/rafinha-ex-flamengo-podera-rescindir-com-olympiacos\/\",\"name\":\"Rafinha, ex-Flamengo, poder\u00e1 rescindir com Olympiacos\",\"isPartOf\":{\"@id\":\"https:\/\/www.gaveanews.com\/#website\"},\"primaryImageOfPage\":{\"@id\":\"https:\/\/www.gaveanews.com\/index.php\/2021\/02\/01\/rafinha-ex-flamengo-podera-rescindir-com-olympiacos\/#primaryimage\"},\"image\":{\"@id\":\"https:\/\/www.gaveanews.com\/index.php\/2021\/02\/01\/rafinha-ex-flamengo-podera-rescindir-com-olympiacos\/#primaryimage\"},\"thumbnailUrl\":\"https:\/\/www.gaveanews.com\/wp-content\/uploads\/Rafinha-em-acao-pelo-Flamengo.webp\",\"datePublished\":\"2021-02-01T18:35:13+00:00\",\"dateModified\":\"2021-08-12T03:49:18+00:00\",\"author\":{\"@id\":\"https:\/\/www.gaveanews.com\/#\/schema\/person\/714c67050b836198af2450ba1c142a67\"},\"description\":\"Ap\u00f3s deixar o rubro-negro em agosto de 2020, o lateral-direito rumou ao Olympiacos, da Gr\u00e9cia. O contrato, por\u00e9m, poder\u00e1 terminar em breve.\",\"breadcrumb\":{\"@id\":\"https:\/\/www.gaveanews.com\/index.php\/2021\/02\/01\/rafinha-ex-flamengo-podera-rescindir-com-olympiacos\/#breadcrumb\"},\"inLanguage\":\"pt-BR\",\"potentialAction\":[{\"@type\":\"ReadAction\",\"target\":[\"https:\/\/www.gaveanews.com\/index.php\/2021\/02\/01\/rafinha-ex-flamengo-podera-rescindir-com-olympiacos\/\"]}]},{\"@type\":\"ImageObject\",\"inLanguage\":\"pt-BR\",\"@id\":\"https:\/\/www.gaveanews.com\/index.php\/2021\/02\/01\/rafinha-ex-flamengo-podera-rescindir-com-olympiacos\/#primaryimage\",\"url\":\"https:\/\/www.gaveanews.com\/wp-content\/uploads\/Rafinha-em-acao-pelo-Flamengo.webp\",\"contentUrl\":\"https:\/\/www.gaveanews.com\/wp-content\/uploads\/Rafinha-em-acao-pelo-Flamengo.webp\",\"caption\":\"Rafinha em a\u00e7\u00e3o pelo Flamengo (Foto: Alexandre Vidal\/Flamengo)\"},{\"@type\":\"BreadcrumbList\",\"@id\":\"https:\/\/www.gaveanews.com\/index.php\/2021\/02\/01\/rafinha-ex-flamengo-podera-rescindir-com-olympiacos\/#breadcrumb\",\"itemListElement\":[{\"@type\":\"ListItem\",\"position\":1,\"name\":\"Home\",\"item\":\"https:\/\/www.gaveanews.com\/\"},{\"@type\":\"ListItem\",\"position\":2,\"name\":\"Rafinha, ex-Flamengo, poder\u00e1 rescindir com Olympiacos\"}]},{\"@type\":\"WebSite\",\"@id\":\"https:\/\/www.gaveanews.com\/#website\",\"url\":\"https:\/\/www.gaveanews.com\/\",\"name\":\"G\u00e1vea News\",\"description\":\"Veja todas as not\u00edcias sobre o Flamengo: Contrata\u00e7\u00f5es, categorias de base, resultados das partidas, tabela de classifica\u00e7\u00e3o, pr\u00f3ximos jogos!\",\"potentialAction\":[{\"@type\":\"SearchAction\",\"target\":{\"@type\":\"EntryPoint\",\"urlTemplate\":\"https:\/\/www.gaveanews.com\/?s={search_term_string}\"},\"query-input\":{\"@type\":\"PropertyValueSpecification\",\"valueRequired\":true,\"valueName\":\"search_term_string\"}}],\"inLanguage\":\"pt-BR\"},{\"@type\":\"Person\",\"@id\":\"https:\/\/www.gaveanews.com\/#\/schema\/person\/714c67050b836198af2450ba1c142a67\",\"name\":\"Let\u00edcia Gerheim\",\"image\":{\"@type\":\"ImageObject\",\"inLanguage\":\"pt-BR\",\"@id\":\"https:\/\/www.gaveanews.com\/#\/schema\/person\/image\/\",\"url\":\"https:\/\/secure.gravatar.com\/avatar\/60734739c50fcebfbac509e2a826ccd0ff405c019bc73aab9354f19ecad1dcb4?s=96&d=mm&r=g\",\"contentUrl\":\"https:\/\/secure.gravatar.com\/avatar\/60734739c50fcebfbac509e2a826ccd0ff405c019bc73aab9354f19ecad1dcb4?s=96&d=mm&r=g\",\"caption\":\"Let\u00edcia Gerheim\"}}]}<\/script>\n<!-- \/ Yoast SEO Premium plugin. -->","yoast_head_json":{"title":"Rafinha, ex-Flamengo, poder\u00e1 rescindir com Olympiacos","description":"Ap\u00f3s deixar o rubro-negro em agosto de 2020, o lateral-direito rumou ao Olympiacos, da Gr\u00e9cia. O contrato, por\u00e9m, poder\u00e1 terminar em breve.","robots":{"index":"index","follow":"follow","max-snippet":"max-snippet:-1","max-image-preview":"max-image-preview:large","max-video-preview":"max-video-preview:-1"},"canonical":"https:\/\/www.gaveanews.com\/index.php\/2021\/02\/01\/rafinha-ex-flamengo-podera-rescindir-com-olympiacos\/","og_locale":"pt_BR","og_type":"article","og_title":"Rafinha, ex-Flamengo, poder\u00e1 rescindir com Olympiacos","og_description":"Ap\u00f3s deixar o rubro-negro em agosto de 2020, o lateral-direito rumou ao Olympiacos, da Gr\u00e9cia. O contrato, por\u00e9m, poder\u00e1 terminar em breve.","og_url":"https:\/\/www.gaveanews.com\/index.php\/2021\/02\/01\/rafinha-ex-flamengo-podera-rescindir-com-olympiacos\/","og_site_name":"G\u00e1vea News","article_publisher":"https:\/\/facebook.com\/gaveaNews\/","article_published_time":"2021-02-01T18:35:13+00:00","article_modified_time":"2021-08-12T03:49:18+00:00","og_image":[{"url":"https:\/\/www.gaveanews.com\/wp-content\/uploads\/Rafinha-em-acao-pelo-Flamengo.webp","width":1,"height":1,"type":"image\/jpeg"}],"author":"Let\u00edcia Gerheim","twitter_card":"summary_large_image","twitter_misc":{"Escrito por":"Let\u00edcia Gerheim","Est. tempo de leitura":"1 minuto"},"schema":{"@context":"https:\/\/schema.org","@graph":[{"@type":"NewsArticle","@id":"https:\/\/www.gaveanews.com\/index.php\/2021\/02\/01\/rafinha-ex-flamengo-podera-rescindir-com-olympiacos\/#article","isPartOf":{"@id":"https:\/\/www.gaveanews.com\/index.php\/2021\/02\/01\/rafinha-ex-flamengo-podera-rescindir-com-olympiacos\/"},"author":{"name":"Let\u00edcia Gerheim","@id":"https:\/\/www.gaveanews.com\/#\/schema\/person\/714c67050b836198af2450ba1c142a67"},"headline":"Rafinha, ex-Flamengo, poder\u00e1 rescindir com Olympiacos","datePublished":"2021-02-01T18:35:13+00:00","dateModified":"2021-08-12T03:49:18+00:00","mainEntityOfPage":{"@id":"https:\/\/www.gaveanews.com\/index.php\/2021\/02\/01\/rafinha-ex-flamengo-podera-rescindir-com-olympiacos\/"},"wordCount":228,"commentCount":32,"image":{"@id":"https:\/\/www.gaveanews.com\/index.php\/2021\/02\/01\/rafinha-ex-flamengo-podera-rescindir-com-olympiacos\/#primaryimage"},"thumbnailUrl":"https:\/\/www.gaveanews.com\/wp-content\/uploads\/Rafinha-em-acao-pelo-Flamengo.webp","articleSection":["Flamengo"],"inLanguage":"pt-BR","potentialAction":[{"@type":"CommentAction","name":"Comment","target":["https:\/\/www.gaveanews.com\/index.php\/2021\/02\/01\/rafinha-ex-flamengo-podera-rescindir-com-olympiacos\/#respond"]}],"copyrightYear":"2021","copyrightHolder":{"@id":"https:\/\/www.gaveanews.com\/#organization"}},{"@type":"WebPage","@id":"https:\/\/www.gaveanews.com\/index.php\/2021\/02\/01\/rafinha-ex-flamengo-podera-rescindir-com-olympiacos\/","url":"https:\/\/www.gaveanews.com\/index.php\/2021\/02\/01\/rafinha-ex-flamengo-podera-rescindir-com-olympiacos\/","name":"Rafinha, ex-Flamengo, poder\u00e1 rescindir com Olympiacos","isPartOf":{"@id":"https:\/\/www.gaveanews.com\/#website"},"primaryImageOfPage":{"@id":"https:\/\/www.gaveanews.com\/index.php\/2021\/02\/01\/rafinha-ex-flamengo-podera-rescindir-com-olympiacos\/#primaryimage"},"image":{"@id":"https:\/\/www.gaveanews.com\/index.php\/2021\/02\/01\/rafinha-ex-flamengo-podera-rescindir-com-olympiacos\/#primaryimage"},"thumbnailUrl":"https:\/\/www.gaveanews.com\/wp-content\/uploads\/Rafinha-em-acao-pelo-Flamengo.webp","datePublished":"2021-02-01T18:35:13+00:00","dateModified":"2021-08-12T03:49:18+00:00","author":{"@id":"https:\/\/www.gaveanews.com\/#\/schema\/person\/714c67050b836198af2450ba1c142a67"},"description":"Ap\u00f3s deixar o rubro-negro em agosto de 2020, o lateral-direito rumou ao Olympiacos, da Gr\u00e9cia. O contrato, por\u00e9m, poder\u00e1 terminar em breve.","breadcrumb":{"@id":"https:\/\/www.gaveanews.com\/index.php\/2021\/02\/01\/rafinha-ex-flamengo-podera-rescindir-com-olympiacos\/#breadcrumb"},"inLanguage":"pt-BR","potentialAction":[{"@type":"ReadAction","target":["https:\/\/www.gaveanews.com\/index.php\/2021\/02\/01\/rafinha-ex-flamengo-podera-rescindir-com-olympiacos\/"]}]},{"@type":"ImageObject","inLanguage":"pt-BR","@id":"https:\/\/www.gaveanews.com\/index.php\/2021\/02\/01\/rafinha-ex-flamengo-podera-rescindir-com-olympiacos\/#primaryimage","url":"https:\/\/www.gaveanews.com\/wp-content\/uploads\/Rafinha-em-acao-pelo-Flamengo.webp","contentUrl":"https:\/\/www.gaveanews.com\/wp-content\/uploads\/Rafinha-em-acao-pelo-Flamengo.webp","caption":"Rafinha em a\u00e7\u00e3o pelo Flamengo (Foto: Alexandre Vidal\/Flamengo)"},{"@type":"BreadcrumbList","@id":"https:\/\/www.gaveanews.com\/index.php\/2021\/02\/01\/rafinha-ex-flamengo-podera-rescindir-com-olympiacos\/#breadcrumb","itemListElement":[{"@type":"ListItem","position":1,"name":"Home","item":"https:\/\/www.gaveanews.com\/"},{"@type":"ListItem","position":2,"name":"Rafinha, ex-Flamengo, poder\u00e1 rescindir com Olympiacos"}]},{"@type":"WebSite","@id":"https:\/\/www.gaveanews.com\/#website","url":"https:\/\/www.gaveanews.com\/","name":"G\u00e1vea News","description":"Veja todas as not\u00edcias sobre o Flamengo: Contrata\u00e7\u00f5es, categorias de base, resultados das partidas, tabela de classifica\u00e7\u00e3o, pr\u00f3ximos jogos!","potentialAction":[{"@type":"SearchAction","target":{"@type":"EntryPoint","urlTemplate":"https:\/\/www.gaveanews.com\/?s={search_term_string}"},"query-input":{"@type":"PropertyValueSpecification","valueRequired":true,"valueName":"search_term_string"}}],"inLanguage":"pt-BR"},{"@type":"Person","@id":"https:\/\/www.gaveanews.com\/#\/schema\/person\/714c67050b836198af2450ba1c142a67","name":"Let\u00edcia Gerheim","image":{"@type":"ImageObject","inLanguage":"pt-BR","@id":"https:\/\/www.gaveanews.com\/#\/schema\/person\/image\/","url":"https:\/\/secure.gravatar.com\/avatar\/60734739c50fcebfbac509e2a826ccd0ff405c019bc73aab9354f19ecad1dcb4?s=96&d=mm&r=g","contentUrl":"https:\/\/secure.gravatar.com\/avatar\/60734739c50fcebfbac509e2a826ccd0ff405c019bc73aab9354f19ecad1dcb4?s=96&d=mm&r=g","caption":"Let\u00edcia Gerheim"}}]}},"_links":{"self":[{"href":"https:\/\/www.gaveanews.com\/index.php\/wp-json\/wp\/v2\/posts\/55539","targetHints":{"allow":["GET"]}}],"collection":[{"href":"https:\/\/www.gaveanews.com\/index.php\/wp-json\/wp\/v2\/posts"}],"about":[{"href":"https:\/\/www.gaveanews.com\/index.php\/wp-json\/wp\/v2\/types\/post"}],"author":[{"embeddable":true,"href":"https:\/\/www.gaveanews.com\/index.php\/wp-json\/wp\/v2\/users\/4"}],"replies":[{"embeddable":true,"href":"https:\/\/www.gaveanews.com\/index.php\/wp-json\/wp\/v2\/comments?post=55539"}],"version-history":[{"count":0,"href":"https:\/\/www.gaveanews.com\/index.php\/wp-json\/wp\/v2\/posts\/55539\/revisions"}],"wp:featuredmedia":[{"embeddable":true,"href":"https:\/\/www.gaveanews.com\/index.php\/wp-json\/wp\/v2\/media\/28894"}],"wp:attachment":[{"href":"https:\/\/www.gaveanews.com\/index.php\/wp-json\/wp\/v2\/media?parent=55539"}],"wp:term":[{"taxonomy":"category","embeddable":true,"href":"https:\/\/www.gaveanews.com\/index.php\/wp-json\/wp\/v2\/categories?post=55539"},{"taxonomy":"post_tag","embeddable":true,"href":"https:\/\/www.gaveanews.com\/index.php\/wp-json\/wp\/v2\/tags?post=55539"}],"curies":[{"name":"wp","href":"https:\/\/api.w.org\/{rel}","templated":true}]}}