{"id":55887,"date":"2021-02-08T23:51:23","date_gmt":"2021-02-09T02:51:23","guid":{"rendered":"https:\/\/www.gaveanews.com\/?p=55887"},"modified":"2021-02-08T23:51:25","modified_gmt":"2021-02-09T02:51:25","slug":"piada-pronta-torcedor-entra-na-justica-com-pedido-de-rebaixamento-para-o-flamengo","status":"publish","type":"post","link":"https:\/\/www.gaveanews.com\/index.php\/2021\/02\/08\/piada-pronta-torcedor-entra-na-justica-com-pedido-de-rebaixamento-para-o-flamengo\/","title":{"rendered":"Piada pronta: Torcedor entra na Justi\u00e7a com pedido de rebaixamento para o Flamengo"},"content":{"rendered":"\n<p>Um torcedor entrou nesta segunda-feira no Tribunal de Justi\u00e7a do Estado do Rio de Janeiro (TJRJ) com pedido liminar para que o Flamengo seja expulso do Campeonato Brasileiro deste ano, com o imediato rebaixamento para a S\u00e9rie B de 2021. O site &#8216;Esporte News Mundo&#8217; teve acesso a detalhes do caso.<\/p>\n\n\n\n<p>O caso foi sorteado para a 1\u00aa Vara C\u00edvel da Regional da Barra da Tijuca do TJRJ, e ajuizado contra a Confedera\u00e7\u00e3o Brasileira de Futebol (CBF).<\/p>\n\n\n\n<p>Na A\u00e7\u00e3o Civil P\u00fablica, o torcedor argumenta que o \u201cClube de Regatas do Flamengo interferiu e violou o ordenamento p\u00e1trio e a regulamenta\u00e7\u00e3o interna de competi\u00e7\u00f5es, ao demandar na justi\u00e7a comum, caso t\u00edpico e oriundo da justi\u00e7a desportiva\u201d, no caso do pedido de adiamento em setembro do ano passado do jogo contra o Palmeiras por conta de desfalques devido ao Covid-19.<\/p>\n\n\n\n<figure class=\"wp-block-image size-large is-resized\"><img loading=\"lazy\" decoding=\"async\" src=\"https:\/\/esportenewsmundo.com.br\/wp-content\/uploads\/2021\/02\/Screenshot_20210208-143601_Drive.webp\" alt=\"\" width=\"579\" height=\"487\"\/><\/figure>\n\n\n\n<p>Seguindo a argumenta\u00e7\u00e3o, o torcedor cita o inciso 1, artigo 217 da Constitui\u00e7\u00e3o, que diz que \u201co Poder Judici\u00e1rio s\u00f3 admitir\u00e1 a\u00e7\u00f5es<br>relativas \u00e0 disciplina e \u00e0s competi\u00e7\u00f5es desportivas ap\u00f3s esgotarem-se as inst\u00e2ncias da justi\u00e7a desportiva, regulada em lei\u201d. Somado ao artigo 231 do C\u00f3digo Brasileiro de Justi\u00e7a Desportiva (CBJD), onde penaliza com exclus\u00e3o do campeonato quem \u201cpleitear, antes de esgotadas todas as inst\u00e2ncias da Justi\u00e7a Desportiva, mat\u00e9ria referente \u00e0 disciplina e competi\u00e7\u00f5es perante o Poder Judici\u00e1rio, ou beneficiar-se de medidas obtidas pelos mesmos meios por terceiro\u201d.<\/p>\n\n\n\n<p>Na \u00e9poca do caso profundo de coronav\u00edrus no elenco do Flamengo, tiveram a\u00e7\u00f5es vigorando na Justi\u00e7a Comum, atrav\u00e9s do Tribunal Regional do Trabalho da Primeira Regi\u00e3o (TRT-1). A\u00e7\u00f5es ajuizadas pelo Sindeclubes, sindicato que representa os funcion\u00e1rios dos clubes no Rio de Janeiro.<\/p>\n\n\n\n<p>Al\u00e9m disto, \u00e9 pedido pelo torcedor que a CBF pague um dano moral de R$ 35 mil.<\/p>\n\n\n\n<p>Retirado de: Esporte News Mundo<\/p>\n","protected":false},"excerpt":{"rendered":"<p>Um torcedor entrou nesta segunda-feira no Tribunal de Justi\u00e7a do Estado do Rio de Janeiro (TJRJ) com pedido liminar para que o Flamengo seja expulso do Campeonato Brasileiro deste ano, com o imediato rebaixamento para a S\u00e9rie B de 2021. O site &#8216;Esporte News Mundo&#8217; teve acesso a detalhes do caso. O caso foi sorteado [&hellip;]<\/p>\n","protected":false},"author":1,"featured_media":48068,"comment_status":"open","ping_status":"closed","sticky":false,"template":"","format":"standard","meta":{"footnotes":""},"categories":[47],"tags":[],"class_list":["post-55887","post","type-post","status-publish","format-standard","has-post-thumbnail","hentry","category-destaques"],"yoast_head":"<!-- This site is optimized with the Yoast SEO Premium plugin v24.2 (Yoast SEO v26.9) - https:\/\/yoast.com\/product\/yoast-seo-premium-wordpress\/ -->\n<title>Torcedor entra na Justi\u00e7a com pedido de rebaixamento do Flamengo<\/title>\n<meta name=\"description\" content=\"Na A\u00e7\u00e3o Civil P\u00fablica, o torcedor argumenta que o \u201cClube de Regatas do Flamengo interferiu e violou o ordenamento p\u00e1trio.\" \/>\n<meta name=\"robots\" content=\"index, follow, max-snippet:-1, max-image-preview:large, max-video-preview:-1\" \/>\n<link rel=\"canonical\" href=\"https:\/\/www.gaveanews.com\/index.php\/2021\/02\/08\/piada-pronta-torcedor-entra-na-justica-com-pedido-de-rebaixamento-para-o-flamengo\/\" \/>\n<meta property=\"og:locale\" content=\"pt_BR\" \/>\n<meta property=\"og:type\" content=\"article\" \/>\n<meta property=\"og:title\" content=\"Piada pronta: Torcedor entra na Justi\u00e7a com pedido de rebaixamento para o Flamengo\" \/>\n<meta property=\"og:description\" content=\"Na A\u00e7\u00e3o Civil P\u00fablica, o torcedor argumenta que o \u201cClube de Regatas do Flamengo interferiu e violou o ordenamento p\u00e1trio.\" \/>\n<meta property=\"og:url\" content=\"https:\/\/www.gaveanews.com\/index.php\/2021\/02\/08\/piada-pronta-torcedor-entra-na-justica-com-pedido-de-rebaixamento-para-o-flamengo\/\" \/>\n<meta property=\"og:site_name\" content=\"G\u00e1vea News\" \/>\n<meta property=\"article:publisher\" content=\"https:\/\/facebook.com\/gaveaNews\/\" \/>\n<meta property=\"article:published_time\" content=\"2021-02-09T02:51:23+00:00\" \/>\n<meta property=\"article:modified_time\" content=\"2021-02-09T02:51:25+00:00\" \/>\n<meta property=\"og:image\" content=\"https:\/\/www.gaveanews.com\/wp-content\/uploads\/Pedro-comemora-apos-marcar-contra-o-Palmeiras-no-Campeonato-Brasileiro-de-2020.webp\" \/>\n\t<meta property=\"og:image:width\" content=\"1080\" \/>\n\t<meta property=\"og:image:height\" content=\"718\" \/>\n\t<meta property=\"og:image:type\" content=\"image\/jpeg\" \/>\n<meta name=\"author\" content=\"Equipe G\u00e1vea News\" \/>\n<meta name=\"twitter:card\" content=\"summary_large_image\" \/>\n<meta name=\"twitter:label1\" content=\"Escrito por\" \/>\n\t<meta name=\"twitter:data1\" content=\"Equipe G\u00e1vea News\" \/>\n\t<meta name=\"twitter:label2\" content=\"Est. tempo de leitura\" \/>\n\t<meta name=\"twitter:data2\" content=\"2 minutos\" \/>\n<script type=\"application\/ld+json\" class=\"yoast-schema-graph\">{\"@context\":\"https:\/\/schema.org\",\"@graph\":[{\"@type\":\"NewsArticle\",\"@id\":\"https:\/\/www.gaveanews.com\/index.php\/2021\/02\/08\/piada-pronta-torcedor-entra-na-justica-com-pedido-de-rebaixamento-para-o-flamengo\/#article\",\"isPartOf\":{\"@id\":\"https:\/\/www.gaveanews.com\/index.php\/2021\/02\/08\/piada-pronta-torcedor-entra-na-justica-com-pedido-de-rebaixamento-para-o-flamengo\/\"},\"author\":{\"name\":\"Equipe G\u00e1vea News\",\"@id\":\"https:\/\/www.gaveanews.com\/#\/schema\/person\/2ec14f73fb96be2caf28f91afb14749d\"},\"headline\":\"Piada pronta: Torcedor entra na Justi\u00e7a com pedido de rebaixamento para o Flamengo\",\"datePublished\":\"2021-02-09T02:51:23+00:00\",\"dateModified\":\"2021-02-09T02:51:25+00:00\",\"mainEntityOfPage\":{\"@id\":\"https:\/\/www.gaveanews.com\/index.php\/2021\/02\/08\/piada-pronta-torcedor-entra-na-justica-com-pedido-de-rebaixamento-para-o-flamengo\/\"},\"wordCount\":329,\"commentCount\":37,\"image\":{\"@id\":\"https:\/\/www.gaveanews.com\/index.php\/2021\/02\/08\/piada-pronta-torcedor-entra-na-justica-com-pedido-de-rebaixamento-para-o-flamengo\/#primaryimage\"},\"thumbnailUrl\":\"https:\/\/www.gaveanews.com\/wp-content\/uploads\/Pedro-comemora-apos-marcar-contra-o-Palmeiras-no-Campeonato-Brasileiro-de-2020.webp\",\"articleSection\":[\"Destaques\"],\"inLanguage\":\"pt-BR\",\"potentialAction\":[{\"@type\":\"CommentAction\",\"name\":\"Comment\",\"target\":[\"https:\/\/www.gaveanews.com\/index.php\/2021\/02\/08\/piada-pronta-torcedor-entra-na-justica-com-pedido-de-rebaixamento-para-o-flamengo\/#respond\"]}],\"copyrightYear\":\"2021\",\"copyrightHolder\":{\"@id\":\"https:\/\/www.gaveanews.com\/#organization\"}},{\"@type\":\"WebPage\",\"@id\":\"https:\/\/www.gaveanews.com\/index.php\/2021\/02\/08\/piada-pronta-torcedor-entra-na-justica-com-pedido-de-rebaixamento-para-o-flamengo\/\",\"url\":\"https:\/\/www.gaveanews.com\/index.php\/2021\/02\/08\/piada-pronta-torcedor-entra-na-justica-com-pedido-de-rebaixamento-para-o-flamengo\/\",\"name\":\"Torcedor entra na Justi\u00e7a com pedido de rebaixamento do Flamengo\",\"isPartOf\":{\"@id\":\"https:\/\/www.gaveanews.com\/#website\"},\"primaryImageOfPage\":{\"@id\":\"https:\/\/www.gaveanews.com\/index.php\/2021\/02\/08\/piada-pronta-torcedor-entra-na-justica-com-pedido-de-rebaixamento-para-o-flamengo\/#primaryimage\"},\"image\":{\"@id\":\"https:\/\/www.gaveanews.com\/index.php\/2021\/02\/08\/piada-pronta-torcedor-entra-na-justica-com-pedido-de-rebaixamento-para-o-flamengo\/#primaryimage\"},\"thumbnailUrl\":\"https:\/\/www.gaveanews.com\/wp-content\/uploads\/Pedro-comemora-apos-marcar-contra-o-Palmeiras-no-Campeonato-Brasileiro-de-2020.webp\",\"datePublished\":\"2021-02-09T02:51:23+00:00\",\"dateModified\":\"2021-02-09T02:51:25+00:00\",\"author\":{\"@id\":\"https:\/\/www.gaveanews.com\/#\/schema\/person\/2ec14f73fb96be2caf28f91afb14749d\"},\"description\":\"Na A\u00e7\u00e3o Civil P\u00fablica, o torcedor argumenta que o \u201cClube de Regatas do Flamengo interferiu e violou o ordenamento p\u00e1trio.\",\"breadcrumb\":{\"@id\":\"https:\/\/www.gaveanews.com\/index.php\/2021\/02\/08\/piada-pronta-torcedor-entra-na-justica-com-pedido-de-rebaixamento-para-o-flamengo\/#breadcrumb\"},\"inLanguage\":\"pt-BR\",\"potentialAction\":[{\"@type\":\"ReadAction\",\"target\":[\"https:\/\/www.gaveanews.com\/index.php\/2021\/02\/08\/piada-pronta-torcedor-entra-na-justica-com-pedido-de-rebaixamento-para-o-flamengo\/\"]}]},{\"@type\":\"ImageObject\",\"inLanguage\":\"pt-BR\",\"@id\":\"https:\/\/www.gaveanews.com\/index.php\/2021\/02\/08\/piada-pronta-torcedor-entra-na-justica-com-pedido-de-rebaixamento-para-o-flamengo\/#primaryimage\",\"url\":\"https:\/\/www.gaveanews.com\/wp-content\/uploads\/Pedro-comemora-apos-marcar-contra-o-Palmeiras-no-Campeonato-Brasileiro-de-2020.webp\",\"contentUrl\":\"https:\/\/www.gaveanews.com\/wp-content\/uploads\/Pedro-comemora-apos-marcar-contra-o-Palmeiras-no-Campeonato-Brasileiro-de-2020.webp\",\"width\":1080,\"height\":718,\"caption\":\"Pedro comemora ap\u00f3s marcar contra o Palmeiras no Campeonato Brasileiro de 2020 (Foto: Alexandre Vidal\/Flamengo)\"},{\"@type\":\"BreadcrumbList\",\"@id\":\"https:\/\/www.gaveanews.com\/index.php\/2021\/02\/08\/piada-pronta-torcedor-entra-na-justica-com-pedido-de-rebaixamento-para-o-flamengo\/#breadcrumb\",\"itemListElement\":[{\"@type\":\"ListItem\",\"position\":1,\"name\":\"Home\",\"item\":\"https:\/\/www.gaveanews.com\/\"},{\"@type\":\"ListItem\",\"position\":2,\"name\":\"Piada pronta: Torcedor entra na Justi\u00e7a com pedido de rebaixamento para o Flamengo\"}]},{\"@type\":\"WebSite\",\"@id\":\"https:\/\/www.gaveanews.com\/#website\",\"url\":\"https:\/\/www.gaveanews.com\/\",\"name\":\"G\u00e1vea News\",\"description\":\"Veja todas as not\u00edcias sobre o Flamengo: Contrata\u00e7\u00f5es, categorias de base, resultados das partidas, tabela de classifica\u00e7\u00e3o, pr\u00f3ximos jogos!\",\"potentialAction\":[{\"@type\":\"SearchAction\",\"target\":{\"@type\":\"EntryPoint\",\"urlTemplate\":\"https:\/\/www.gaveanews.com\/?s={search_term_string}\"},\"query-input\":{\"@type\":\"PropertyValueSpecification\",\"valueRequired\":true,\"valueName\":\"search_term_string\"}}],\"inLanguage\":\"pt-BR\"},{\"@type\":\"Person\",\"@id\":\"https:\/\/www.gaveanews.com\/#\/schema\/person\/2ec14f73fb96be2caf28f91afb14749d\",\"name\":\"Equipe G\u00e1vea News\",\"image\":{\"@type\":\"ImageObject\",\"inLanguage\":\"pt-BR\",\"@id\":\"https:\/\/www.gaveanews.com\/#\/schema\/person\/image\/\",\"url\":\"https:\/\/secure.gravatar.com\/avatar\/1e1956f1facbffd3f8fa53a326721950116b3b9dc9bd44939c01180fd4a745a9?s=96&d=mm&r=g\",\"contentUrl\":\"https:\/\/secure.gravatar.com\/avatar\/1e1956f1facbffd3f8fa53a326721950116b3b9dc9bd44939c01180fd4a745a9?s=96&d=mm&r=g\",\"caption\":\"Equipe G\u00e1vea News\"}}]}<\/script>\n<!-- \/ Yoast SEO Premium plugin. -->","yoast_head_json":{"title":"Torcedor entra na Justi\u00e7a com pedido de rebaixamento do Flamengo","description":"Na A\u00e7\u00e3o Civil P\u00fablica, o torcedor argumenta que o \u201cClube de Regatas do Flamengo interferiu e violou o ordenamento p\u00e1trio.","robots":{"index":"index","follow":"follow","max-snippet":"max-snippet:-1","max-image-preview":"max-image-preview:large","max-video-preview":"max-video-preview:-1"},"canonical":"https:\/\/www.gaveanews.com\/index.php\/2021\/02\/08\/piada-pronta-torcedor-entra-na-justica-com-pedido-de-rebaixamento-para-o-flamengo\/","og_locale":"pt_BR","og_type":"article","og_title":"Piada pronta: Torcedor entra na Justi\u00e7a com pedido de rebaixamento para o Flamengo","og_description":"Na A\u00e7\u00e3o Civil P\u00fablica, o torcedor argumenta que o \u201cClube de Regatas do Flamengo interferiu e violou o ordenamento p\u00e1trio.","og_url":"https:\/\/www.gaveanews.com\/index.php\/2021\/02\/08\/piada-pronta-torcedor-entra-na-justica-com-pedido-de-rebaixamento-para-o-flamengo\/","og_site_name":"G\u00e1vea News","article_publisher":"https:\/\/facebook.com\/gaveaNews\/","article_published_time":"2021-02-09T02:51:23+00:00","article_modified_time":"2021-02-09T02:51:25+00:00","og_image":[{"width":1080,"height":718,"url":"https:\/\/www.gaveanews.com\/wp-content\/uploads\/Pedro-comemora-apos-marcar-contra-o-Palmeiras-no-Campeonato-Brasileiro-de-2020.webp","type":"image\/jpeg"}],"author":"Equipe G\u00e1vea News","twitter_card":"summary_large_image","twitter_misc":{"Escrito por":"Equipe G\u00e1vea News","Est. tempo de leitura":"2 minutos"},"schema":{"@context":"https:\/\/schema.org","@graph":[{"@type":"NewsArticle","@id":"https:\/\/www.gaveanews.com\/index.php\/2021\/02\/08\/piada-pronta-torcedor-entra-na-justica-com-pedido-de-rebaixamento-para-o-flamengo\/#article","isPartOf":{"@id":"https:\/\/www.gaveanews.com\/index.php\/2021\/02\/08\/piada-pronta-torcedor-entra-na-justica-com-pedido-de-rebaixamento-para-o-flamengo\/"},"author":{"name":"Equipe G\u00e1vea News","@id":"https:\/\/www.gaveanews.com\/#\/schema\/person\/2ec14f73fb96be2caf28f91afb14749d"},"headline":"Piada pronta: Torcedor entra na Justi\u00e7a com pedido de rebaixamento para o Flamengo","datePublished":"2021-02-09T02:51:23+00:00","dateModified":"2021-02-09T02:51:25+00:00","mainEntityOfPage":{"@id":"https:\/\/www.gaveanews.com\/index.php\/2021\/02\/08\/piada-pronta-torcedor-entra-na-justica-com-pedido-de-rebaixamento-para-o-flamengo\/"},"wordCount":329,"commentCount":37,"image":{"@id":"https:\/\/www.gaveanews.com\/index.php\/2021\/02\/08\/piada-pronta-torcedor-entra-na-justica-com-pedido-de-rebaixamento-para-o-flamengo\/#primaryimage"},"thumbnailUrl":"https:\/\/www.gaveanews.com\/wp-content\/uploads\/Pedro-comemora-apos-marcar-contra-o-Palmeiras-no-Campeonato-Brasileiro-de-2020.webp","articleSection":["Destaques"],"inLanguage":"pt-BR","potentialAction":[{"@type":"CommentAction","name":"Comment","target":["https:\/\/www.gaveanews.com\/index.php\/2021\/02\/08\/piada-pronta-torcedor-entra-na-justica-com-pedido-de-rebaixamento-para-o-flamengo\/#respond"]}],"copyrightYear":"2021","copyrightHolder":{"@id":"https:\/\/www.gaveanews.com\/#organization"}},{"@type":"WebPage","@id":"https:\/\/www.gaveanews.com\/index.php\/2021\/02\/08\/piada-pronta-torcedor-entra-na-justica-com-pedido-de-rebaixamento-para-o-flamengo\/","url":"https:\/\/www.gaveanews.com\/index.php\/2021\/02\/08\/piada-pronta-torcedor-entra-na-justica-com-pedido-de-rebaixamento-para-o-flamengo\/","name":"Torcedor entra na Justi\u00e7a com pedido de rebaixamento do Flamengo","isPartOf":{"@id":"https:\/\/www.gaveanews.com\/#website"},"primaryImageOfPage":{"@id":"https:\/\/www.gaveanews.com\/index.php\/2021\/02\/08\/piada-pronta-torcedor-entra-na-justica-com-pedido-de-rebaixamento-para-o-flamengo\/#primaryimage"},"image":{"@id":"https:\/\/www.gaveanews.com\/index.php\/2021\/02\/08\/piada-pronta-torcedor-entra-na-justica-com-pedido-de-rebaixamento-para-o-flamengo\/#primaryimage"},"thumbnailUrl":"https:\/\/www.gaveanews.com\/wp-content\/uploads\/Pedro-comemora-apos-marcar-contra-o-Palmeiras-no-Campeonato-Brasileiro-de-2020.webp","datePublished":"2021-02-09T02:51:23+00:00","dateModified":"2021-02-09T02:51:25+00:00","author":{"@id":"https:\/\/www.gaveanews.com\/#\/schema\/person\/2ec14f73fb96be2caf28f91afb14749d"},"description":"Na A\u00e7\u00e3o Civil P\u00fablica, o torcedor argumenta que o \u201cClube de Regatas do Flamengo interferiu e violou o ordenamento p\u00e1trio.","breadcrumb":{"@id":"https:\/\/www.gaveanews.com\/index.php\/2021\/02\/08\/piada-pronta-torcedor-entra-na-justica-com-pedido-de-rebaixamento-para-o-flamengo\/#breadcrumb"},"inLanguage":"pt-BR","potentialAction":[{"@type":"ReadAction","target":["https:\/\/www.gaveanews.com\/index.php\/2021\/02\/08\/piada-pronta-torcedor-entra-na-justica-com-pedido-de-rebaixamento-para-o-flamengo\/"]}]},{"@type":"ImageObject","inLanguage":"pt-BR","@id":"https:\/\/www.gaveanews.com\/index.php\/2021\/02\/08\/piada-pronta-torcedor-entra-na-justica-com-pedido-de-rebaixamento-para-o-flamengo\/#primaryimage","url":"https:\/\/www.gaveanews.com\/wp-content\/uploads\/Pedro-comemora-apos-marcar-contra-o-Palmeiras-no-Campeonato-Brasileiro-de-2020.webp","contentUrl":"https:\/\/www.gaveanews.com\/wp-content\/uploads\/Pedro-comemora-apos-marcar-contra-o-Palmeiras-no-Campeonato-Brasileiro-de-2020.webp","width":1080,"height":718,"caption":"Pedro comemora ap\u00f3s marcar contra o Palmeiras no Campeonato Brasileiro de 2020 (Foto: Alexandre Vidal\/Flamengo)"},{"@type":"BreadcrumbList","@id":"https:\/\/www.gaveanews.com\/index.php\/2021\/02\/08\/piada-pronta-torcedor-entra-na-justica-com-pedido-de-rebaixamento-para-o-flamengo\/#breadcrumb","itemListElement":[{"@type":"ListItem","position":1,"name":"Home","item":"https:\/\/www.gaveanews.com\/"},{"@type":"ListItem","position":2,"name":"Piada pronta: Torcedor entra na Justi\u00e7a com pedido de rebaixamento para o Flamengo"}]},{"@type":"WebSite","@id":"https:\/\/www.gaveanews.com\/#website","url":"https:\/\/www.gaveanews.com\/","name":"G\u00e1vea News","description":"Veja todas as not\u00edcias sobre o Flamengo: Contrata\u00e7\u00f5es, categorias de base, resultados das partidas, tabela de classifica\u00e7\u00e3o, pr\u00f3ximos jogos!","potentialAction":[{"@type":"SearchAction","target":{"@type":"EntryPoint","urlTemplate":"https:\/\/www.gaveanews.com\/?s={search_term_string}"},"query-input":{"@type":"PropertyValueSpecification","valueRequired":true,"valueName":"search_term_string"}}],"inLanguage":"pt-BR"},{"@type":"Person","@id":"https:\/\/www.gaveanews.com\/#\/schema\/person\/2ec14f73fb96be2caf28f91afb14749d","name":"Equipe G\u00e1vea News","image":{"@type":"ImageObject","inLanguage":"pt-BR","@id":"https:\/\/www.gaveanews.com\/#\/schema\/person\/image\/","url":"https:\/\/secure.gravatar.com\/avatar\/1e1956f1facbffd3f8fa53a326721950116b3b9dc9bd44939c01180fd4a745a9?s=96&d=mm&r=g","contentUrl":"https:\/\/secure.gravatar.com\/avatar\/1e1956f1facbffd3f8fa53a326721950116b3b9dc9bd44939c01180fd4a745a9?s=96&d=mm&r=g","caption":"Equipe G\u00e1vea News"}}]}},"_links":{"self":[{"href":"https:\/\/www.gaveanews.com\/index.php\/wp-json\/wp\/v2\/posts\/55887","targetHints":{"allow":["GET"]}}],"collection":[{"href":"https:\/\/www.gaveanews.com\/index.php\/wp-json\/wp\/v2\/posts"}],"about":[{"href":"https:\/\/www.gaveanews.com\/index.php\/wp-json\/wp\/v2\/types\/post"}],"author":[{"embeddable":true,"href":"https:\/\/www.gaveanews.com\/index.php\/wp-json\/wp\/v2\/users\/1"}],"replies":[{"embeddable":true,"href":"https:\/\/www.gaveanews.com\/index.php\/wp-json\/wp\/v2\/comments?post=55887"}],"version-history":[{"count":0,"href":"https:\/\/www.gaveanews.com\/index.php\/wp-json\/wp\/v2\/posts\/55887\/revisions"}],"wp:featuredmedia":[{"embeddable":true,"href":"https:\/\/www.gaveanews.com\/index.php\/wp-json\/wp\/v2\/media\/48068"}],"wp:attachment":[{"href":"https:\/\/www.gaveanews.com\/index.php\/wp-json\/wp\/v2\/media?parent=55887"}],"wp:term":[{"taxonomy":"category","embeddable":true,"href":"https:\/\/www.gaveanews.com\/index.php\/wp-json\/wp\/v2\/categories?post=55887"},{"taxonomy":"post_tag","embeddable":true,"href":"https:\/\/www.gaveanews.com\/index.php\/wp-json\/wp\/v2\/tags?post=55887"}],"curies":[{"name":"wp","href":"https:\/\/api.w.org\/{rel}","templated":true}]}}