{"id":55897,"date":"2021-02-09T07:31:31","date_gmt":"2021-02-09T10:31:31","guid":{"rendered":"https:\/\/www.gaveanews.com\/?p=55897"},"modified":"2021-02-09T07:31:33","modified_gmt":"2021-02-09T10:31:33","slug":"comentarista-pede-mais-oportunidades-para-pedro-no-flamengo-nao-pode-jogar-so-5-minutos","status":"publish","type":"post","link":"https:\/\/www.gaveanews.com\/index.php\/2021\/02\/09\/comentarista-pede-mais-oportunidades-para-pedro-no-flamengo-nao-pode-jogar-so-5-minutos\/","title":{"rendered":"Comentarista pede mais oportunidades para Pedro no Flamengo: &#8220;N\u00e3o pode jogar s\u00f3 5 minutos&#8221;"},"content":{"rendered":"\n<p>O Flamengo empatou com o Red Bull Bragantino fora de casa no domingo (7) e perdeu mais uma chance de liderar o Campeonato Brasileiro, passando tamb\u00e9m a n\u00e3o depender apenas de seus pr\u00f3prios resultados para alcan\u00e7ar o segundo t\u00edtulo consecutivo. <\/p>\n\n\n\n<p>Em campo, embora v\u00e1rias chances tenham sido criadas no ataque, parando muitas vezes no goleiro Cleiton, o t\u00e9cnico Rog\u00e9rio Ceni foi mais uma vez criticado, agora por dar pouco tempo a Gabigol e Pedro juntos no ataque.<\/p>\n\n\n\n<p>No podcast Posse de Bola #98, Arnaldo Ribeiro afirma que entende a preocupa\u00e7\u00e3o do t\u00e9cnico rubro-negro, mas que ele deveria ter aproveitado por mais tempo a forma\u00e7\u00e3o com dois centroavantes, podendo tirar Bruno Henrique durante o segundo tempo, mas n\u00e3o necessariamente montar um time cheio de atacantes.<\/p>\n\n\n\n<p>&#8220;O que eu acho \u00e9 que o Rog\u00e9rio chegou a uma situa\u00e7\u00e3o, o jogo estava aberto, dif\u00edcil, o Flamengo j\u00e1 com menos pernas e n\u00e3o era f\u00e1cil alterar, ao mesmo tempo, o jogo estava muito perigoso. Ele quando tem o amarelo do Jo\u00e3o Gomes, que ali\u00e1s, \u00e9 um \u00f3timo jogador, vai dar \u00f3timo volante, e ele tem problemas no meio de campo, ele tinha que arriscar alguma coisa ou na prote\u00e7\u00e3o ou na finaliza\u00e7\u00e3o\u201d, diz Arnaldo.<\/p>\n\n\n\n<p>&#8220;Eu entendi que o time jogava bem, ent\u00e3o ele tinha um p\u00e9 atr\u00e1s para fazer uma mexida, n\u00e3o apenas no domingo, contra o Bragantino, em outras situa\u00e7\u00f5es, vale Bruno Henrique sair e jogarem Pedro e Gabigol para algumas circunst\u00e2ncias. O Gabigol e o Pedro s\u00e3o os dois melhores finalizadores do futebol brasileiro, o Bruno Henrique n\u00e3o \u00e9 um grande finalizador, n\u00e3o tinha contra-ataque, s\u00f3 quando o Bragantino errava a sa\u00edda de bola e errava, arriscava algumas vezes. Ent\u00e3o n\u00e3o \u00e9 cinco atacantes. Bruno Henrique sai, entra Pedro e joga com dois centroavantes, como jogam 500 equipes do pa\u00eds&#8221;, completa.<\/p>\n\n\n\n<p>O jornalista afirma que Pedro \u00e9 o melhor reserva do futebol brasileiro e que, em uma situa\u00e7\u00e3o na qual o time estava empatando e com a necessidade vencer para assumir a lideran\u00e7a do campeonato, ele deveria ter mais tempo em campo, de prefer\u00eancia ao lado de Gabigol.<\/p>\n\n\n\n<p>&#8220;Voc\u00ea tem o melhor reserva do pa\u00eds, essa \u00e9 a quest\u00e3o, voc\u00ea tem o melhor reserva do pa\u00eds na tua m\u00e3o, voc\u00ea precisa ganhar o jogo, o cara n\u00e3o pode jogar s\u00f3 5 minutos. N\u00e3o \u00e9 garantia, mas \u00e9 uma possibilidade, ningu\u00e9m tem Pedro no banco, certo? O Bragantino tem o Tubar\u00e3o no banco, n\u00e3o tem o Pedro&#8221;, diz Arnaldo.<\/p>\n\n\n\n<p>O jornalista afirma que em sua carreira como t\u00e9cnico, Rog\u00e9rio j\u00e1 demonstrou em outras oportunidades a dificuldade para definir o momento de fazer as substitui\u00e7\u00f5es, como no jogo diante do Red Bull Bragantino.<\/p>\n\n\n\n<p>&#8220;A carreira do Rog\u00e9rio no S\u00e3o Paulo, no Fortaleza, no Cruzeiro e no Flamengo, tem uma certa dificuldade de acertar o timing da substitui\u00e7\u00e3o. S\u00e3o v\u00e1rios treinadores assim, n\u00e3o \u00e9 s\u00f3 ele, e o Rog\u00e9rio falava para a gente antes, durante a pandemia, que ele estava tentando, antes da volta do futebol, decifrar como poderia aproveitar melhor cinco substitui\u00e7\u00f5es, que at\u00e9 hoje ningu\u00e9m conseguiu me dizer &#8216;esse cara aproveita bem as cinco substitui\u00e7\u00f5es'&#8221;, diz Arnaldo.<\/p>\n\n\n\n<p>&#8220;Eu acho que ele ainda n\u00e3o, \u00e9 natural, n\u00e3o \u00e9 s\u00f3 ele, s\u00e3o v\u00e1rios, a grande maioria, e ontem [domingo] ele fez cinco substitui\u00e7\u00f5es em cinco minutos. Eu entendo o dilema de mexer em um time que est\u00e1 jogando bem, mas que ao mesmo tempo est\u00e1 com a l\u00edngua de fora e tem os seus problemas&#8221;, conclui.<\/p>\n\n\n\n<p>Retirado de: UOL<\/p>\n","protected":false},"excerpt":{"rendered":"<p>O Flamengo empatou com o Red Bull Bragantino fora de casa no domingo (7) e perdeu mais uma chance de liderar o Campeonato Brasileiro, passando tamb\u00e9m a n\u00e3o depender apenas de seus pr\u00f3prios resultados para alcan\u00e7ar o segundo t\u00edtulo consecutivo. Em campo, embora v\u00e1rias chances tenham sido criadas no ataque, parando muitas vezes no goleiro [&hellip;]<\/p>\n","protected":false},"author":1,"featured_media":47562,"comment_status":"open","ping_status":"closed","sticky":false,"template":"","format":"standard","meta":{"footnotes":""},"categories":[1],"tags":[],"class_list":["post-55897","post","type-post","status-publish","format-standard","has-post-thumbnail","hentry","category-flamengo"],"yoast_head":"<!-- This site is optimized with the Yoast SEO Premium plugin v24.2 (Yoast SEO v26.9) - https:\/\/yoast.com\/product\/yoast-seo-premium-wordpress\/ -->\n<title>Comentarista pede mais oportunidades para Pedro no Flamengo<\/title>\n<meta name=\"description\" content=\"O Flamengo empatou com o Red Bull Bragantino fora de casa no domingo (7) e perdeu mais uma chance de liderar o Campeonato Brasileiro.\" \/>\n<meta name=\"robots\" content=\"index, follow, max-snippet:-1, max-image-preview:large, max-video-preview:-1\" \/>\n<link rel=\"canonical\" href=\"https:\/\/www.gaveanews.com\/index.php\/2021\/02\/09\/comentarista-pede-mais-oportunidades-para-pedro-no-flamengo-nao-pode-jogar-so-5-minutos\/\" \/>\n<meta property=\"og:locale\" content=\"pt_BR\" \/>\n<meta property=\"og:type\" content=\"article\" \/>\n<meta property=\"og:title\" content=\"Comentarista pede mais oportunidades para Pedro no Flamengo: &quot;N\u00e3o pode jogar s\u00f3 5 minutos&quot;\" \/>\n<meta property=\"og:description\" content=\"O Flamengo empatou com o Red Bull Bragantino fora de casa no domingo (7) e perdeu mais uma chance de liderar o Campeonato Brasileiro.\" \/>\n<meta property=\"og:url\" content=\"https:\/\/www.gaveanews.com\/index.php\/2021\/02\/09\/comentarista-pede-mais-oportunidades-para-pedro-no-flamengo-nao-pode-jogar-so-5-minutos\/\" \/>\n<meta property=\"og:site_name\" content=\"G\u00e1vea News\" \/>\n<meta property=\"article:publisher\" content=\"https:\/\/facebook.com\/gaveaNews\/\" \/>\n<meta property=\"article:published_time\" content=\"2021-02-09T10:31:31+00:00\" \/>\n<meta property=\"article:modified_time\" content=\"2021-02-09T10:31:33+00:00\" \/>\n<meta property=\"og:image\" content=\"https:\/\/www.gaveanews.com\/wp-content\/uploads\/Pedro-em-acao-pelo-Flamengo-na-final-da-Recopa-de-2020-contra-o-Independiente.webp\" \/>\n\t<meta property=\"og:image:width\" content=\"799\" \/>\n\t<meta property=\"og:image:height\" content=\"532\" \/>\n\t<meta property=\"og:image:type\" content=\"image\/jpeg\" \/>\n<meta name=\"author\" content=\"Equipe G\u00e1vea News\" \/>\n<meta name=\"twitter:card\" content=\"summary_large_image\" \/>\n<meta name=\"twitter:label1\" content=\"Escrito por\" \/>\n\t<meta name=\"twitter:data1\" content=\"Equipe G\u00e1vea News\" \/>\n\t<meta name=\"twitter:label2\" content=\"Est. tempo de leitura\" \/>\n\t<meta name=\"twitter:data2\" content=\"3 minutos\" \/>\n<script type=\"application\/ld+json\" class=\"yoast-schema-graph\">{\"@context\":\"https:\/\/schema.org\",\"@graph\":[{\"@type\":\"NewsArticle\",\"@id\":\"https:\/\/www.gaveanews.com\/index.php\/2021\/02\/09\/comentarista-pede-mais-oportunidades-para-pedro-no-flamengo-nao-pode-jogar-so-5-minutos\/#article\",\"isPartOf\":{\"@id\":\"https:\/\/www.gaveanews.com\/index.php\/2021\/02\/09\/comentarista-pede-mais-oportunidades-para-pedro-no-flamengo-nao-pode-jogar-so-5-minutos\/\"},\"author\":{\"name\":\"Equipe G\u00e1vea News\",\"@id\":\"https:\/\/www.gaveanews.com\/#\/schema\/person\/2ec14f73fb96be2caf28f91afb14749d\"},\"headline\":\"Comentarista pede mais oportunidades para Pedro no Flamengo: &#8220;N\u00e3o pode jogar s\u00f3 5 minutos&#8221;\",\"datePublished\":\"2021-02-09T10:31:31+00:00\",\"dateModified\":\"2021-02-09T10:31:33+00:00\",\"mainEntityOfPage\":{\"@id\":\"https:\/\/www.gaveanews.com\/index.php\/2021\/02\/09\/comentarista-pede-mais-oportunidades-para-pedro-no-flamengo-nao-pode-jogar-so-5-minutos\/\"},\"wordCount\":637,\"commentCount\":7,\"image\":{\"@id\":\"https:\/\/www.gaveanews.com\/index.php\/2021\/02\/09\/comentarista-pede-mais-oportunidades-para-pedro-no-flamengo-nao-pode-jogar-so-5-minutos\/#primaryimage\"},\"thumbnailUrl\":\"https:\/\/www.gaveanews.com\/wp-content\/uploads\/Pedro-em-acao-pelo-Flamengo-na-final-da-Recopa-de-2020-contra-o-Independiente.webp\",\"articleSection\":[\"Flamengo\"],\"inLanguage\":\"pt-BR\",\"potentialAction\":[{\"@type\":\"CommentAction\",\"name\":\"Comment\",\"target\":[\"https:\/\/www.gaveanews.com\/index.php\/2021\/02\/09\/comentarista-pede-mais-oportunidades-para-pedro-no-flamengo-nao-pode-jogar-so-5-minutos\/#respond\"]}],\"copyrightYear\":\"2021\",\"copyrightHolder\":{\"@id\":\"https:\/\/www.gaveanews.com\/#organization\"}},{\"@type\":\"WebPage\",\"@id\":\"https:\/\/www.gaveanews.com\/index.php\/2021\/02\/09\/comentarista-pede-mais-oportunidades-para-pedro-no-flamengo-nao-pode-jogar-so-5-minutos\/\",\"url\":\"https:\/\/www.gaveanews.com\/index.php\/2021\/02\/09\/comentarista-pede-mais-oportunidades-para-pedro-no-flamengo-nao-pode-jogar-so-5-minutos\/\",\"name\":\"Comentarista pede mais oportunidades para Pedro no Flamengo\",\"isPartOf\":{\"@id\":\"https:\/\/www.gaveanews.com\/#website\"},\"primaryImageOfPage\":{\"@id\":\"https:\/\/www.gaveanews.com\/index.php\/2021\/02\/09\/comentarista-pede-mais-oportunidades-para-pedro-no-flamengo-nao-pode-jogar-so-5-minutos\/#primaryimage\"},\"image\":{\"@id\":\"https:\/\/www.gaveanews.com\/index.php\/2021\/02\/09\/comentarista-pede-mais-oportunidades-para-pedro-no-flamengo-nao-pode-jogar-so-5-minutos\/#primaryimage\"},\"thumbnailUrl\":\"https:\/\/www.gaveanews.com\/wp-content\/uploads\/Pedro-em-acao-pelo-Flamengo-na-final-da-Recopa-de-2020-contra-o-Independiente.webp\",\"datePublished\":\"2021-02-09T10:31:31+00:00\",\"dateModified\":\"2021-02-09T10:31:33+00:00\",\"author\":{\"@id\":\"https:\/\/www.gaveanews.com\/#\/schema\/person\/2ec14f73fb96be2caf28f91afb14749d\"},\"description\":\"O Flamengo empatou com o Red Bull Bragantino fora de casa no domingo (7) e perdeu mais uma chance de liderar o Campeonato Brasileiro.\",\"breadcrumb\":{\"@id\":\"https:\/\/www.gaveanews.com\/index.php\/2021\/02\/09\/comentarista-pede-mais-oportunidades-para-pedro-no-flamengo-nao-pode-jogar-so-5-minutos\/#breadcrumb\"},\"inLanguage\":\"pt-BR\",\"potentialAction\":[{\"@type\":\"ReadAction\",\"target\":[\"https:\/\/www.gaveanews.com\/index.php\/2021\/02\/09\/comentarista-pede-mais-oportunidades-para-pedro-no-flamengo-nao-pode-jogar-so-5-minutos\/\"]}]},{\"@type\":\"ImageObject\",\"inLanguage\":\"pt-BR\",\"@id\":\"https:\/\/www.gaveanews.com\/index.php\/2021\/02\/09\/comentarista-pede-mais-oportunidades-para-pedro-no-flamengo-nao-pode-jogar-so-5-minutos\/#primaryimage\",\"url\":\"https:\/\/www.gaveanews.com\/wp-content\/uploads\/Pedro-em-acao-pelo-Flamengo-na-final-da-Recopa-de-2020-contra-o-Independiente.webp\",\"contentUrl\":\"https:\/\/www.gaveanews.com\/wp-content\/uploads\/Pedro-em-acao-pelo-Flamengo-na-final-da-Recopa-de-2020-contra-o-Independiente.webp\",\"width\":799,\"height\":532,\"caption\":\"Pedro em a\u00e7\u00e3o pelo Flamengo na final da Recopa de 2020, contra o Independiente (Foto: Alexandre Vidal\/Flamengo)\"},{\"@type\":\"BreadcrumbList\",\"@id\":\"https:\/\/www.gaveanews.com\/index.php\/2021\/02\/09\/comentarista-pede-mais-oportunidades-para-pedro-no-flamengo-nao-pode-jogar-so-5-minutos\/#breadcrumb\",\"itemListElement\":[{\"@type\":\"ListItem\",\"position\":1,\"name\":\"Home\",\"item\":\"https:\/\/www.gaveanews.com\/\"},{\"@type\":\"ListItem\",\"position\":2,\"name\":\"Comentarista pede mais oportunidades para Pedro no Flamengo: &#8220;N\u00e3o pode jogar s\u00f3 5 minutos&#8221;\"}]},{\"@type\":\"WebSite\",\"@id\":\"https:\/\/www.gaveanews.com\/#website\",\"url\":\"https:\/\/www.gaveanews.com\/\",\"name\":\"G\u00e1vea News\",\"description\":\"Veja todas as not\u00edcias sobre o Flamengo: Contrata\u00e7\u00f5es, categorias de base, resultados das partidas, tabela de classifica\u00e7\u00e3o, pr\u00f3ximos jogos!\",\"potentialAction\":[{\"@type\":\"SearchAction\",\"target\":{\"@type\":\"EntryPoint\",\"urlTemplate\":\"https:\/\/www.gaveanews.com\/?s={search_term_string}\"},\"query-input\":{\"@type\":\"PropertyValueSpecification\",\"valueRequired\":true,\"valueName\":\"search_term_string\"}}],\"inLanguage\":\"pt-BR\"},{\"@type\":\"Person\",\"@id\":\"https:\/\/www.gaveanews.com\/#\/schema\/person\/2ec14f73fb96be2caf28f91afb14749d\",\"name\":\"Equipe G\u00e1vea News\",\"image\":{\"@type\":\"ImageObject\",\"inLanguage\":\"pt-BR\",\"@id\":\"https:\/\/www.gaveanews.com\/#\/schema\/person\/image\/\",\"url\":\"https:\/\/secure.gravatar.com\/avatar\/1e1956f1facbffd3f8fa53a326721950116b3b9dc9bd44939c01180fd4a745a9?s=96&d=mm&r=g\",\"contentUrl\":\"https:\/\/secure.gravatar.com\/avatar\/1e1956f1facbffd3f8fa53a326721950116b3b9dc9bd44939c01180fd4a745a9?s=96&d=mm&r=g\",\"caption\":\"Equipe G\u00e1vea News\"}}]}<\/script>\n<!-- \/ Yoast SEO Premium plugin. -->","yoast_head_json":{"title":"Comentarista pede mais oportunidades para Pedro no Flamengo","description":"O Flamengo empatou com o Red Bull Bragantino fora de casa no domingo (7) e perdeu mais uma chance de liderar o Campeonato Brasileiro.","robots":{"index":"index","follow":"follow","max-snippet":"max-snippet:-1","max-image-preview":"max-image-preview:large","max-video-preview":"max-video-preview:-1"},"canonical":"https:\/\/www.gaveanews.com\/index.php\/2021\/02\/09\/comentarista-pede-mais-oportunidades-para-pedro-no-flamengo-nao-pode-jogar-so-5-minutos\/","og_locale":"pt_BR","og_type":"article","og_title":"Comentarista pede mais oportunidades para Pedro no Flamengo: \"N\u00e3o pode jogar s\u00f3 5 minutos\"","og_description":"O Flamengo empatou com o Red Bull Bragantino fora de casa no domingo (7) e perdeu mais uma chance de liderar o Campeonato Brasileiro.","og_url":"https:\/\/www.gaveanews.com\/index.php\/2021\/02\/09\/comentarista-pede-mais-oportunidades-para-pedro-no-flamengo-nao-pode-jogar-so-5-minutos\/","og_site_name":"G\u00e1vea News","article_publisher":"https:\/\/facebook.com\/gaveaNews\/","article_published_time":"2021-02-09T10:31:31+00:00","article_modified_time":"2021-02-09T10:31:33+00:00","og_image":[{"width":799,"height":532,"url":"https:\/\/www.gaveanews.com\/wp-content\/uploads\/Pedro-em-acao-pelo-Flamengo-na-final-da-Recopa-de-2020-contra-o-Independiente.webp","type":"image\/jpeg"}],"author":"Equipe G\u00e1vea News","twitter_card":"summary_large_image","twitter_misc":{"Escrito por":"Equipe G\u00e1vea News","Est. tempo de leitura":"3 minutos"},"schema":{"@context":"https:\/\/schema.org","@graph":[{"@type":"NewsArticle","@id":"https:\/\/www.gaveanews.com\/index.php\/2021\/02\/09\/comentarista-pede-mais-oportunidades-para-pedro-no-flamengo-nao-pode-jogar-so-5-minutos\/#article","isPartOf":{"@id":"https:\/\/www.gaveanews.com\/index.php\/2021\/02\/09\/comentarista-pede-mais-oportunidades-para-pedro-no-flamengo-nao-pode-jogar-so-5-minutos\/"},"author":{"name":"Equipe G\u00e1vea News","@id":"https:\/\/www.gaveanews.com\/#\/schema\/person\/2ec14f73fb96be2caf28f91afb14749d"},"headline":"Comentarista pede mais oportunidades para Pedro no Flamengo: &#8220;N\u00e3o pode jogar s\u00f3 5 minutos&#8221;","datePublished":"2021-02-09T10:31:31+00:00","dateModified":"2021-02-09T10:31:33+00:00","mainEntityOfPage":{"@id":"https:\/\/www.gaveanews.com\/index.php\/2021\/02\/09\/comentarista-pede-mais-oportunidades-para-pedro-no-flamengo-nao-pode-jogar-so-5-minutos\/"},"wordCount":637,"commentCount":7,"image":{"@id":"https:\/\/www.gaveanews.com\/index.php\/2021\/02\/09\/comentarista-pede-mais-oportunidades-para-pedro-no-flamengo-nao-pode-jogar-so-5-minutos\/#primaryimage"},"thumbnailUrl":"https:\/\/www.gaveanews.com\/wp-content\/uploads\/Pedro-em-acao-pelo-Flamengo-na-final-da-Recopa-de-2020-contra-o-Independiente.webp","articleSection":["Flamengo"],"inLanguage":"pt-BR","potentialAction":[{"@type":"CommentAction","name":"Comment","target":["https:\/\/www.gaveanews.com\/index.php\/2021\/02\/09\/comentarista-pede-mais-oportunidades-para-pedro-no-flamengo-nao-pode-jogar-so-5-minutos\/#respond"]}],"copyrightYear":"2021","copyrightHolder":{"@id":"https:\/\/www.gaveanews.com\/#organization"}},{"@type":"WebPage","@id":"https:\/\/www.gaveanews.com\/index.php\/2021\/02\/09\/comentarista-pede-mais-oportunidades-para-pedro-no-flamengo-nao-pode-jogar-so-5-minutos\/","url":"https:\/\/www.gaveanews.com\/index.php\/2021\/02\/09\/comentarista-pede-mais-oportunidades-para-pedro-no-flamengo-nao-pode-jogar-so-5-minutos\/","name":"Comentarista pede mais oportunidades para Pedro no Flamengo","isPartOf":{"@id":"https:\/\/www.gaveanews.com\/#website"},"primaryImageOfPage":{"@id":"https:\/\/www.gaveanews.com\/index.php\/2021\/02\/09\/comentarista-pede-mais-oportunidades-para-pedro-no-flamengo-nao-pode-jogar-so-5-minutos\/#primaryimage"},"image":{"@id":"https:\/\/www.gaveanews.com\/index.php\/2021\/02\/09\/comentarista-pede-mais-oportunidades-para-pedro-no-flamengo-nao-pode-jogar-so-5-minutos\/#primaryimage"},"thumbnailUrl":"https:\/\/www.gaveanews.com\/wp-content\/uploads\/Pedro-em-acao-pelo-Flamengo-na-final-da-Recopa-de-2020-contra-o-Independiente.webp","datePublished":"2021-02-09T10:31:31+00:00","dateModified":"2021-02-09T10:31:33+00:00","author":{"@id":"https:\/\/www.gaveanews.com\/#\/schema\/person\/2ec14f73fb96be2caf28f91afb14749d"},"description":"O Flamengo empatou com o Red Bull Bragantino fora de casa no domingo (7) e perdeu mais uma chance de liderar o Campeonato Brasileiro.","breadcrumb":{"@id":"https:\/\/www.gaveanews.com\/index.php\/2021\/02\/09\/comentarista-pede-mais-oportunidades-para-pedro-no-flamengo-nao-pode-jogar-so-5-minutos\/#breadcrumb"},"inLanguage":"pt-BR","potentialAction":[{"@type":"ReadAction","target":["https:\/\/www.gaveanews.com\/index.php\/2021\/02\/09\/comentarista-pede-mais-oportunidades-para-pedro-no-flamengo-nao-pode-jogar-so-5-minutos\/"]}]},{"@type":"ImageObject","inLanguage":"pt-BR","@id":"https:\/\/www.gaveanews.com\/index.php\/2021\/02\/09\/comentarista-pede-mais-oportunidades-para-pedro-no-flamengo-nao-pode-jogar-so-5-minutos\/#primaryimage","url":"https:\/\/www.gaveanews.com\/wp-content\/uploads\/Pedro-em-acao-pelo-Flamengo-na-final-da-Recopa-de-2020-contra-o-Independiente.webp","contentUrl":"https:\/\/www.gaveanews.com\/wp-content\/uploads\/Pedro-em-acao-pelo-Flamengo-na-final-da-Recopa-de-2020-contra-o-Independiente.webp","width":799,"height":532,"caption":"Pedro em a\u00e7\u00e3o pelo Flamengo na final da Recopa de 2020, contra o Independiente (Foto: Alexandre Vidal\/Flamengo)"},{"@type":"BreadcrumbList","@id":"https:\/\/www.gaveanews.com\/index.php\/2021\/02\/09\/comentarista-pede-mais-oportunidades-para-pedro-no-flamengo-nao-pode-jogar-so-5-minutos\/#breadcrumb","itemListElement":[{"@type":"ListItem","position":1,"name":"Home","item":"https:\/\/www.gaveanews.com\/"},{"@type":"ListItem","position":2,"name":"Comentarista pede mais oportunidades para Pedro no Flamengo: &#8220;N\u00e3o pode jogar s\u00f3 5 minutos&#8221;"}]},{"@type":"WebSite","@id":"https:\/\/www.gaveanews.com\/#website","url":"https:\/\/www.gaveanews.com\/","name":"G\u00e1vea News","description":"Veja todas as not\u00edcias sobre o Flamengo: Contrata\u00e7\u00f5es, categorias de base, resultados das partidas, tabela de classifica\u00e7\u00e3o, pr\u00f3ximos jogos!","potentialAction":[{"@type":"SearchAction","target":{"@type":"EntryPoint","urlTemplate":"https:\/\/www.gaveanews.com\/?s={search_term_string}"},"query-input":{"@type":"PropertyValueSpecification","valueRequired":true,"valueName":"search_term_string"}}],"inLanguage":"pt-BR"},{"@type":"Person","@id":"https:\/\/www.gaveanews.com\/#\/schema\/person\/2ec14f73fb96be2caf28f91afb14749d","name":"Equipe G\u00e1vea News","image":{"@type":"ImageObject","inLanguage":"pt-BR","@id":"https:\/\/www.gaveanews.com\/#\/schema\/person\/image\/","url":"https:\/\/secure.gravatar.com\/avatar\/1e1956f1facbffd3f8fa53a326721950116b3b9dc9bd44939c01180fd4a745a9?s=96&d=mm&r=g","contentUrl":"https:\/\/secure.gravatar.com\/avatar\/1e1956f1facbffd3f8fa53a326721950116b3b9dc9bd44939c01180fd4a745a9?s=96&d=mm&r=g","caption":"Equipe G\u00e1vea News"}}]}},"_links":{"self":[{"href":"https:\/\/www.gaveanews.com\/index.php\/wp-json\/wp\/v2\/posts\/55897","targetHints":{"allow":["GET"]}}],"collection":[{"href":"https:\/\/www.gaveanews.com\/index.php\/wp-json\/wp\/v2\/posts"}],"about":[{"href":"https:\/\/www.gaveanews.com\/index.php\/wp-json\/wp\/v2\/types\/post"}],"author":[{"embeddable":true,"href":"https:\/\/www.gaveanews.com\/index.php\/wp-json\/wp\/v2\/users\/1"}],"replies":[{"embeddable":true,"href":"https:\/\/www.gaveanews.com\/index.php\/wp-json\/wp\/v2\/comments?post=55897"}],"version-history":[{"count":0,"href":"https:\/\/www.gaveanews.com\/index.php\/wp-json\/wp\/v2\/posts\/55897\/revisions"}],"wp:featuredmedia":[{"embeddable":true,"href":"https:\/\/www.gaveanews.com\/index.php\/wp-json\/wp\/v2\/media\/47562"}],"wp:attachment":[{"href":"https:\/\/www.gaveanews.com\/index.php\/wp-json\/wp\/v2\/media?parent=55897"}],"wp:term":[{"taxonomy":"category","embeddable":true,"href":"https:\/\/www.gaveanews.com\/index.php\/wp-json\/wp\/v2\/categories?post=55897"},{"taxonomy":"post_tag","embeddable":true,"href":"https:\/\/www.gaveanews.com\/index.php\/wp-json\/wp\/v2\/tags?post=55897"}],"curies":[{"name":"wp","href":"https:\/\/api.w.org\/{rel}","templated":true}]}}