{"id":55899,"date":"2021-02-09T12:49:34","date_gmt":"2021-02-09T15:49:34","guid":{"rendered":"https:\/\/www.gaveanews.com\/?p=55899"},"modified":"2021-08-12T00:48:26","modified_gmt":"2021-08-12T03:48:26","slug":"confira-o-ranking-dos-jogadores-mais-utilizados-por-ceni-no-flamengo","status":"publish","type":"post","link":"https:\/\/www.gaveanews.com\/index.php\/2021\/02\/09\/confira-o-ranking-dos-jogadores-mais-utilizados-por-ceni-no-flamengo\/","title":{"rendered":"Confira o ranking dos jogadores mais utilizados por Ceni no Flamengo"},"content":{"rendered":"\n<p>Em novembro de 2020, o Mais Querido se despediu do catal\u00e3o Dom\u00e8nec Torrent e poucas horas depois j\u00e1 anunciava a contrata\u00e7\u00e3o de Rog\u00e9rio Ceni. Chegando \u00e0s v\u00e9speras de jogos importantes da Copa do Brasil e da Libertadores, o treinador n\u00e3o conseguiu se organizar a tempo e teve duas elimina\u00e7\u00f5es postas em sua conta.<\/p>\n\n\n\n<p>Depois deste baque, o elenco precisou de uma reformula\u00e7\u00e3o e muitos treinos para que as ideias do t\u00e9cnico fossem passadas e aprimoradas. Mesmo tendo iniciativas muito elogiadas pelo clube, Ceni ainda vive com trope\u00e7os e permanece com futuro em aberto no Flamengo.<\/p>\n\n\n\n<p>As estrat\u00e9gias do comandante, mesmo que n\u00e3o compreendidas exteriormente, tem tra\u00e7ado um padr\u00e3o de comportamento e deixado a vida dos advers\u00e1rios &#8220;mais simples&#8221;, uma vez que n\u00e3o \u00e9 preciso gastar muito tempo estudando quais substitui\u00e7\u00f5es ser\u00e3o feitas por ele e o impacto que elas trar\u00e3o ao jogo.<\/p>\n\n\n\n<p>Com uma maneira de pensar quase met\u00f3dica, o t\u00e9cnico rubro-negro tem utilizado alguns dos jogadores com uma grande frequ\u00eancia, pois pensa que a atua\u00e7\u00e3o deles \u00e9 fundamental para o estilo de jogo que ele deseja. Desta forma, outros atletas, considerados importantes, tem ficado em segundo plano.<\/p>\n\n\n\n<h2 class=\"wp-block-heading\" id=\"h-confira-o-ranking-de-jogadores-com-maior-minutagem-em-campo-com-ceni\">Confira o ranking de jogadores com maior minutagem em campo com Ceni:<\/h2>\n\n\n\n<figure class=\"wp-block-table is-style-stripes\"><table><tbody><tr><td class=\"has-text-align-center\" data-align=\"center\"><\/td><td class=\"has-text-align-center\" data-align=\"center\"><strong>Jogador<\/strong><\/td><td class=\"has-text-align-center\" data-align=\"center\"><strong>Minutos em campo<\/strong><\/td><td class=\"has-text-align-center\" data-align=\"center\"><strong>N\u00ba de jogos<\/strong><\/td><\/tr><tr><td class=\"has-text-align-center\" data-align=\"center\"><strong>1\u00ba<\/strong><\/td><td class=\"has-text-align-center\" data-align=\"center\">Bruno Henrique<\/td><td class=\"has-text-align-center\" data-align=\"center\">1.544<\/td><td class=\"has-text-align-center\" data-align=\"center\">18<\/td><\/tr><tr><td class=\"has-text-align-center\" data-align=\"center\"><strong>2\u00ba<\/strong><\/td><td class=\"has-text-align-center\" data-align=\"center\">Gerson<\/td><td class=\"has-text-align-center\" data-align=\"center\">1.529<\/td><td class=\"has-text-align-center\" data-align=\"center\">18<\/td><\/tr><tr><td class=\"has-text-align-center\" data-align=\"center\"><strong>3\u00ba<\/strong><\/td><td class=\"has-text-align-center\" data-align=\"center\">Willian Ar\u00e3o<\/td><td class=\"has-text-align-center\" data-align=\"center\">1.512<\/td><td class=\"has-text-align-center\" data-align=\"center\">17<\/td><\/tr><tr><td class=\"has-text-align-center\" data-align=\"center\"><strong>4\u00ba<\/strong><\/td><td class=\"has-text-align-center\" data-align=\"center\">Arrascaeta<\/td><td class=\"has-text-align-center\" data-align=\"center\">1.439<\/td><td class=\"has-text-align-center\" data-align=\"center\">19<\/td><\/tr><tr><td class=\"has-text-align-center\" data-align=\"center\"><strong>5\u00ba<\/strong><\/td><td class=\"has-text-align-center\" data-align=\"center\">Everton Ribeiro<\/td><td class=\"has-text-align-center\" data-align=\"center\">1.358<\/td><td class=\"has-text-align-center\" data-align=\"center\">17<\/td><\/tr><tr><td class=\"has-text-align-center\" data-align=\"center\"><strong>6\u00ba<\/strong><\/td><td class=\"has-text-align-center\" data-align=\"center\">Isla<\/td><td class=\"has-text-align-center\" data-align=\"center\">1.270<\/td><td class=\"has-text-align-center\" data-align=\"center\">15<\/td><\/tr><tr><td class=\"has-text-align-center\" data-align=\"center\"><strong>7\u00ba<\/strong><\/td><td class=\"has-text-align-center\" data-align=\"center\">Filipe Lu\u00eds<\/td><td class=\"has-text-align-center\" data-align=\"center\">1.243<\/td><td class=\"has-text-align-center\" data-align=\"center\">14<\/td><\/tr><tr><td class=\"has-text-align-center\" data-align=\"center\"><strong>8\u00ba<\/strong><\/td><td class=\"has-text-align-center\" data-align=\"center\">&nbsp;Gustavo Henrique<\/td><td class=\"has-text-align-center\" data-align=\"center\">955<\/td><td class=\"has-text-align-center\" data-align=\"center\">13<\/td><\/tr><tr><td class=\"has-text-align-center\" data-align=\"center\"><strong>9\u00ba<\/strong><\/td><td class=\"has-text-align-center\" data-align=\"center\">Hugo Souza<\/td><td class=\"has-text-align-center\" data-align=\"center\">872<\/td><td class=\"has-text-align-center\" data-align=\"center\">11<\/td><\/tr><tr><td class=\"has-text-align-center\" data-align=\"center\"><strong>10\u00ba<\/strong><\/td><td class=\"has-text-align-center\" data-align=\"center\">Gabigol<\/td><td class=\"has-text-align-center\" data-align=\"center\">861<\/td><td class=\"has-text-align-center\" data-align=\"center\">14<\/td><\/tr><tr><td class=\"has-text-align-center\" data-align=\"center\"><strong>11\u00ba<\/strong><\/td><td class=\"has-text-align-center\" data-align=\"center\">Diego Alves<\/td><td class=\"has-text-align-center\" data-align=\"center\">748<\/td><td class=\"has-text-align-center\" data-align=\"center\">9<\/td><\/tr><tr><td class=\"has-text-align-center\" data-align=\"center\"><strong>12\u00ba<\/strong><\/td><td class=\"has-text-align-center\" data-align=\"center\">Rodrigo Caio<\/td><td class=\"has-text-align-center\" data-align=\"center\">726<\/td><td class=\"has-text-align-center\" data-align=\"center\">9<\/td><\/tr><tr><td class=\"has-text-align-center\" data-align=\"center\"><strong>13\u00ba<\/strong><\/td><td class=\"has-text-align-center\" data-align=\"center\">Vitinho<\/td><td class=\"has-text-align-center\" data-align=\"center\">672<\/td><td class=\"has-text-align-center\" data-align=\"center\">19<\/td><\/tr><tr><td class=\"has-text-align-center\" data-align=\"center\"><strong>14\u00ba<\/strong><\/td><td class=\"has-text-align-center\" data-align=\"center\">Diego Ribas<\/td><td class=\"has-text-align-center\" data-align=\"center\">569<\/td><td class=\"has-text-align-center\" data-align=\"center\">14<\/td><\/tr><tr><td class=\"has-text-align-center\" data-align=\"center\"><strong>15\u00ba<\/strong><\/td><td class=\"has-text-align-center\" data-align=\"center\">Ren\u00ea<\/td><td class=\"has-text-align-center\" data-align=\"center\">557<\/td><td class=\"has-text-align-center\" data-align=\"center\">8<\/td><\/tr><tr><td class=\"has-text-align-center\" data-align=\"center\"><strong>16\u00ba<\/strong><\/td><td class=\"has-text-align-center\" data-align=\"center\">Pedro<\/td><td class=\"has-text-align-center\" data-align=\"center\">453<\/td><td class=\"has-text-align-center\" data-align=\"center\">15<\/td><\/tr><tr><td class=\"has-text-align-center\" data-align=\"center\"><strong>17\u00ba<\/strong><\/td><td class=\"has-text-align-center\" data-align=\"center\">L\u00e9o Pereira<\/td><td class=\"has-text-align-center\" data-align=\"center\">436<\/td><td class=\"has-text-align-center\" data-align=\"center\">5<\/td><\/tr><tr><td class=\"has-text-align-center\" data-align=\"center\"><strong>18\u00ba<\/strong><\/td><td class=\"has-text-align-center\" data-align=\"center\">Jo\u00e3o Gomes<\/td><td class=\"has-text-align-center\" data-align=\"center\">386<\/td><td class=\"has-text-align-center\" data-align=\"center\">10<\/td><\/tr><tr><td class=\"has-text-align-center\" data-align=\"center\"><strong>19\u00ba<\/strong><\/td><td class=\"has-text-align-center\" data-align=\"center\">Natan<\/td><td class=\"has-text-align-center\" data-align=\"center\">377<\/td><td class=\"has-text-align-center\" data-align=\"center\">5<\/td><\/tr><tr><td class=\"has-text-align-center\" data-align=\"center\"><strong>20\u00ba<\/strong><\/td><td class=\"has-text-align-center\" data-align=\"center\">Matheuzinho<\/td><td class=\"has-text-align-center\" data-align=\"center\">284<\/td><td class=\"has-text-align-center\" data-align=\"center\">8<\/td><\/tr><tr><td class=\"has-text-align-center\" data-align=\"center\"><strong>21\u00ba<\/strong><\/td><td class=\"has-text-align-center\" data-align=\"center\">Thuler<\/td><td class=\"has-text-align-center\" data-align=\"center\">237<\/td><td class=\"has-text-align-center\" data-align=\"center\">3<\/td><\/tr><tr><td class=\"has-text-align-center\" data-align=\"center\"><strong>22\u00ba<\/strong><\/td><td class=\"has-text-align-center\" data-align=\"center\">Michael<\/td><td class=\"has-text-align-center\" data-align=\"center\">159<\/td><td class=\"has-text-align-center\" data-align=\"center\">9<\/td><\/tr><tr><td class=\"has-text-align-center\" data-align=\"center\"><strong>23\u00ba<\/strong><\/td><td class=\"has-text-align-center\" data-align=\"center\">Pep\u00ea<\/td><td class=\"has-text-align-center\" data-align=\"center\">107<\/td><td class=\"has-text-align-center\" data-align=\"center\">10<\/td><\/tr><tr><td class=\"has-text-align-center\" data-align=\"center\"><strong>24\u00ba<\/strong><\/td><td class=\"has-text-align-center\" data-align=\"center\">C\u00e9sar<\/td><td class=\"has-text-align-center\" data-align=\"center\">90<\/td><td class=\"has-text-align-center\" data-align=\"center\">1<\/td><\/tr><tr><td class=\"has-text-align-center\" data-align=\"center\"><strong>25\u00ba<\/strong><\/td><td class=\"has-text-align-center\" data-align=\"center\">Thiago Maia<\/td><td class=\"has-text-align-center\" data-align=\"center\">82<\/td><td class=\"has-text-align-center\" data-align=\"center\">2<\/td><\/tr><tr><td class=\"has-text-align-center\" data-align=\"center\"><strong>26\u00ba<\/strong><\/td><td class=\"has-text-align-center\" data-align=\"center\">Jo\u00e3o Lucas<\/td><td class=\"has-text-align-center\" data-align=\"center\">44<\/td><td class=\"has-text-align-center\" data-align=\"center\">1<\/td><\/tr><tr><td class=\"has-text-align-center\" data-align=\"center\"><strong>27\u00ba<\/strong><\/td><td class=\"has-text-align-center\" data-align=\"center\">Pedro Rocha<\/td><td class=\"has-text-align-center\" data-align=\"center\">28<\/td><td class=\"has-text-align-center\" data-align=\"center\">4<\/td><\/tr><tr><td class=\"has-text-align-center\" data-align=\"center\"><strong>28\u00ba<\/strong><\/td><td class=\"has-text-align-center\" data-align=\"center\">Rodrigo Muniz<\/td><td class=\"has-text-align-center\" data-align=\"center\">23<\/td><td class=\"has-text-align-center\" data-align=\"center\">4<\/td><\/tr><tr><td class=\"has-text-align-center\" data-align=\"center\"><strong>29\u00ba<\/strong><\/td><td class=\"has-text-align-center\" data-align=\"center\">L\u00e1zaro<\/td><td class=\"has-text-align-center\" data-align=\"center\">22<\/td><td class=\"has-text-align-center\" data-align=\"center\">2<\/td><\/tr><tr><td class=\"has-text-align-center\" data-align=\"center\"><strong>30\u00ba<\/strong><\/td><td class=\"has-text-align-center\" data-align=\"center\">Lincoln<\/td><td class=\"has-text-align-center\" data-align=\"center\">19<\/td><td class=\"has-text-align-center\" data-align=\"center\">2<\/td><\/tr><\/tbody><\/table><\/figure>\n\n\n\n<p><br>Prestes a completar 20 jogos, Ceni prepara o elenco do Flamengo nesta semana para enfrentar o Corinthians no pr\u00f3ximo domingo no est\u00e1dio do Maracan\u00e3.<\/p>\n","protected":false},"excerpt":{"rendered":"<p>Em novembro de 2020, o Mais Querido se despediu do catal\u00e3o Dom\u00e8nec Torrent e poucas horas depois j\u00e1 anunciava a contrata\u00e7\u00e3o de Rog\u00e9rio Ceni. Chegando \u00e0s v\u00e9speras de jogos importantes da Copa do Brasil e da Libertadores, o treinador n\u00e3o conseguiu se organizar a tempo e teve duas elimina\u00e7\u00f5es postas em sua conta. Depois deste [&hellip;]<\/p>\n","protected":false},"author":4,"featured_media":55572,"comment_status":"open","ping_status":"closed","sticky":false,"template":"","format":"standard","meta":{"footnotes":""},"categories":[1],"tags":[],"class_list":["post-55899","post","type-post","status-publish","format-standard","has-post-thumbnail","hentry","category-flamengo"],"yoast_head":"<!-- This site is optimized with the Yoast SEO Premium plugin v24.2 (Yoast SEO v26.9) - https:\/\/yoast.com\/product\/yoast-seo-premium-wordpress\/ -->\n<title>Confira o ranking dos jogadores mais utilizados por Ceni no Flamengo<\/title>\n<meta name=\"description\" content=\"Mesmo tendo iniciativas muito elogiadas pelo clube, Ceni ainda vive com trope\u00e7os e permanece com futuro em aberto no Flamengo.\" \/>\n<meta name=\"robots\" content=\"index, follow, max-snippet:-1, max-image-preview:large, max-video-preview:-1\" \/>\n<link rel=\"canonical\" href=\"https:\/\/www.gaveanews.com\/index.php\/2021\/02\/09\/confira-o-ranking-dos-jogadores-mais-utilizados-por-ceni-no-flamengo\/\" \/>\n<meta property=\"og:locale\" content=\"pt_BR\" \/>\n<meta property=\"og:type\" content=\"article\" \/>\n<meta property=\"og:title\" content=\"Confira o ranking dos jogadores mais utilizados por Ceni no Flamengo\" \/>\n<meta property=\"og:description\" content=\"Mesmo tendo iniciativas muito elogiadas pelo clube, Ceni ainda vive com trope\u00e7os e permanece com futuro em aberto no Flamengo.\" \/>\n<meta property=\"og:url\" content=\"https:\/\/www.gaveanews.com\/index.php\/2021\/02\/09\/confira-o-ranking-dos-jogadores-mais-utilizados-por-ceni-no-flamengo\/\" \/>\n<meta property=\"og:site_name\" content=\"G\u00e1vea News\" \/>\n<meta property=\"article:publisher\" content=\"https:\/\/facebook.com\/gaveaNews\/\" \/>\n<meta property=\"article:published_time\" content=\"2021-02-09T15:49:34+00:00\" \/>\n<meta property=\"article:modified_time\" content=\"2021-08-12T03:48:26+00:00\" \/>\n<meta property=\"og:image\" content=\"https:\/\/www.gaveanews.com\/wp-content\/uploads\/Rogerio-Ceni-durante-o-jogo-entre-Sport-x-Flamengo-pelo-Campeonato-Brasileiro-de-2020.webp\" \/>\n\t<meta property=\"og:image:width\" content=\"799\" \/>\n\t<meta property=\"og:image:height\" content=\"532\" \/>\n\t<meta property=\"og:image:type\" content=\"image\/jpeg\" \/>\n<meta name=\"author\" content=\"Let\u00edcia Gerheim\" \/>\n<meta name=\"twitter:card\" content=\"summary_large_image\" \/>\n<meta name=\"twitter:label1\" content=\"Escrito por\" \/>\n\t<meta name=\"twitter:data1\" content=\"Let\u00edcia Gerheim\" \/>\n\t<meta name=\"twitter:label2\" content=\"Est. tempo de leitura\" \/>\n\t<meta name=\"twitter:data2\" content=\"2 minutos\" \/>\n<script type=\"application\/ld+json\" class=\"yoast-schema-graph\">{\"@context\":\"https:\/\/schema.org\",\"@graph\":[{\"@type\":\"NewsArticle\",\"@id\":\"https:\/\/www.gaveanews.com\/index.php\/2021\/02\/09\/confira-o-ranking-dos-jogadores-mais-utilizados-por-ceni-no-flamengo\/#article\",\"isPartOf\":{\"@id\":\"https:\/\/www.gaveanews.com\/index.php\/2021\/02\/09\/confira-o-ranking-dos-jogadores-mais-utilizados-por-ceni-no-flamengo\/\"},\"author\":{\"name\":\"Let\u00edcia Gerheim\",\"@id\":\"https:\/\/www.gaveanews.com\/#\/schema\/person\/714c67050b836198af2450ba1c142a67\"},\"headline\":\"Confira o ranking dos jogadores mais utilizados por Ceni no Flamengo\",\"datePublished\":\"2021-02-09T15:49:34+00:00\",\"dateModified\":\"2021-08-12T03:48:26+00:00\",\"mainEntityOfPage\":{\"@id\":\"https:\/\/www.gaveanews.com\/index.php\/2021\/02\/09\/confira-o-ranking-dos-jogadores-mais-utilizados-por-ceni-no-flamengo\/\"},\"wordCount\":316,\"commentCount\":3,\"image\":{\"@id\":\"https:\/\/www.gaveanews.com\/index.php\/2021\/02\/09\/confira-o-ranking-dos-jogadores-mais-utilizados-por-ceni-no-flamengo\/#primaryimage\"},\"thumbnailUrl\":\"https:\/\/www.gaveanews.com\/wp-content\/uploads\/Rogerio-Ceni-durante-o-jogo-entre-Sport-x-Flamengo-pelo-Campeonato-Brasileiro-de-2020.webp\",\"articleSection\":[\"Flamengo\"],\"inLanguage\":\"pt-BR\",\"potentialAction\":[{\"@type\":\"CommentAction\",\"name\":\"Comment\",\"target\":[\"https:\/\/www.gaveanews.com\/index.php\/2021\/02\/09\/confira-o-ranking-dos-jogadores-mais-utilizados-por-ceni-no-flamengo\/#respond\"]}],\"copyrightYear\":\"2021\",\"copyrightHolder\":{\"@id\":\"https:\/\/www.gaveanews.com\/#organization\"}},{\"@type\":\"WebPage\",\"@id\":\"https:\/\/www.gaveanews.com\/index.php\/2021\/02\/09\/confira-o-ranking-dos-jogadores-mais-utilizados-por-ceni-no-flamengo\/\",\"url\":\"https:\/\/www.gaveanews.com\/index.php\/2021\/02\/09\/confira-o-ranking-dos-jogadores-mais-utilizados-por-ceni-no-flamengo\/\",\"name\":\"Confira o ranking dos jogadores mais utilizados por Ceni no Flamengo\",\"isPartOf\":{\"@id\":\"https:\/\/www.gaveanews.com\/#website\"},\"primaryImageOfPage\":{\"@id\":\"https:\/\/www.gaveanews.com\/index.php\/2021\/02\/09\/confira-o-ranking-dos-jogadores-mais-utilizados-por-ceni-no-flamengo\/#primaryimage\"},\"image\":{\"@id\":\"https:\/\/www.gaveanews.com\/index.php\/2021\/02\/09\/confira-o-ranking-dos-jogadores-mais-utilizados-por-ceni-no-flamengo\/#primaryimage\"},\"thumbnailUrl\":\"https:\/\/www.gaveanews.com\/wp-content\/uploads\/Rogerio-Ceni-durante-o-jogo-entre-Sport-x-Flamengo-pelo-Campeonato-Brasileiro-de-2020.webp\",\"datePublished\":\"2021-02-09T15:49:34+00:00\",\"dateModified\":\"2021-08-12T03:48:26+00:00\",\"author\":{\"@id\":\"https:\/\/www.gaveanews.com\/#\/schema\/person\/714c67050b836198af2450ba1c142a67\"},\"description\":\"Mesmo tendo iniciativas muito elogiadas pelo clube, Ceni ainda vive com trope\u00e7os e permanece com futuro em aberto no Flamengo.\",\"breadcrumb\":{\"@id\":\"https:\/\/www.gaveanews.com\/index.php\/2021\/02\/09\/confira-o-ranking-dos-jogadores-mais-utilizados-por-ceni-no-flamengo\/#breadcrumb\"},\"inLanguage\":\"pt-BR\",\"potentialAction\":[{\"@type\":\"ReadAction\",\"target\":[\"https:\/\/www.gaveanews.com\/index.php\/2021\/02\/09\/confira-o-ranking-dos-jogadores-mais-utilizados-por-ceni-no-flamengo\/\"]}]},{\"@type\":\"ImageObject\",\"inLanguage\":\"pt-BR\",\"@id\":\"https:\/\/www.gaveanews.com\/index.php\/2021\/02\/09\/confira-o-ranking-dos-jogadores-mais-utilizados-por-ceni-no-flamengo\/#primaryimage\",\"url\":\"https:\/\/www.gaveanews.com\/wp-content\/uploads\/Rogerio-Ceni-durante-o-jogo-entre-Sport-x-Flamengo-pelo-Campeonato-Brasileiro-de-2020.webp\",\"contentUrl\":\"https:\/\/www.gaveanews.com\/wp-content\/uploads\/Rogerio-Ceni-durante-o-jogo-entre-Sport-x-Flamengo-pelo-Campeonato-Brasileiro-de-2020.webp\",\"width\":799,\"height\":532,\"caption\":\"Rog\u00e9rio Ceni durante o jogo entre Sport x Flamengo pelo Campeonato Brasileiro de 2020 (Foto: Alexandre Vidal\/Flamengo)\"},{\"@type\":\"BreadcrumbList\",\"@id\":\"https:\/\/www.gaveanews.com\/index.php\/2021\/02\/09\/confira-o-ranking-dos-jogadores-mais-utilizados-por-ceni-no-flamengo\/#breadcrumb\",\"itemListElement\":[{\"@type\":\"ListItem\",\"position\":1,\"name\":\"Home\",\"item\":\"https:\/\/www.gaveanews.com\/\"},{\"@type\":\"ListItem\",\"position\":2,\"name\":\"Confira o ranking dos jogadores mais utilizados por Ceni no Flamengo\"}]},{\"@type\":\"WebSite\",\"@id\":\"https:\/\/www.gaveanews.com\/#website\",\"url\":\"https:\/\/www.gaveanews.com\/\",\"name\":\"G\u00e1vea News\",\"description\":\"Veja todas as not\u00edcias sobre o Flamengo: Contrata\u00e7\u00f5es, categorias de base, resultados das partidas, tabela de classifica\u00e7\u00e3o, pr\u00f3ximos jogos!\",\"potentialAction\":[{\"@type\":\"SearchAction\",\"target\":{\"@type\":\"EntryPoint\",\"urlTemplate\":\"https:\/\/www.gaveanews.com\/?s={search_term_string}\"},\"query-input\":{\"@type\":\"PropertyValueSpecification\",\"valueRequired\":true,\"valueName\":\"search_term_string\"}}],\"inLanguage\":\"pt-BR\"},{\"@type\":\"Person\",\"@id\":\"https:\/\/www.gaveanews.com\/#\/schema\/person\/714c67050b836198af2450ba1c142a67\",\"name\":\"Let\u00edcia Gerheim\",\"image\":{\"@type\":\"ImageObject\",\"inLanguage\":\"pt-BR\",\"@id\":\"https:\/\/www.gaveanews.com\/#\/schema\/person\/image\/\",\"url\":\"https:\/\/secure.gravatar.com\/avatar\/60734739c50fcebfbac509e2a826ccd0ff405c019bc73aab9354f19ecad1dcb4?s=96&d=mm&r=g\",\"contentUrl\":\"https:\/\/secure.gravatar.com\/avatar\/60734739c50fcebfbac509e2a826ccd0ff405c019bc73aab9354f19ecad1dcb4?s=96&d=mm&r=g\",\"caption\":\"Let\u00edcia Gerheim\"}}]}<\/script>\n<!-- \/ Yoast SEO Premium plugin. -->","yoast_head_json":{"title":"Confira o ranking dos jogadores mais utilizados por Ceni no Flamengo","description":"Mesmo tendo iniciativas muito elogiadas pelo clube, Ceni ainda vive com trope\u00e7os e permanece com futuro em aberto no Flamengo.","robots":{"index":"index","follow":"follow","max-snippet":"max-snippet:-1","max-image-preview":"max-image-preview:large","max-video-preview":"max-video-preview:-1"},"canonical":"https:\/\/www.gaveanews.com\/index.php\/2021\/02\/09\/confira-o-ranking-dos-jogadores-mais-utilizados-por-ceni-no-flamengo\/","og_locale":"pt_BR","og_type":"article","og_title":"Confira o ranking dos jogadores mais utilizados por Ceni no Flamengo","og_description":"Mesmo tendo iniciativas muito elogiadas pelo clube, Ceni ainda vive com trope\u00e7os e permanece com futuro em aberto no Flamengo.","og_url":"https:\/\/www.gaveanews.com\/index.php\/2021\/02\/09\/confira-o-ranking-dos-jogadores-mais-utilizados-por-ceni-no-flamengo\/","og_site_name":"G\u00e1vea News","article_publisher":"https:\/\/facebook.com\/gaveaNews\/","article_published_time":"2021-02-09T15:49:34+00:00","article_modified_time":"2021-08-12T03:48:26+00:00","og_image":[{"width":799,"height":532,"url":"https:\/\/www.gaveanews.com\/wp-content\/uploads\/Rogerio-Ceni-durante-o-jogo-entre-Sport-x-Flamengo-pelo-Campeonato-Brasileiro-de-2020.webp","type":"image\/jpeg"}],"author":"Let\u00edcia Gerheim","twitter_card":"summary_large_image","twitter_misc":{"Escrito por":"Let\u00edcia Gerheim","Est. tempo de leitura":"2 minutos"},"schema":{"@context":"https:\/\/schema.org","@graph":[{"@type":"NewsArticle","@id":"https:\/\/www.gaveanews.com\/index.php\/2021\/02\/09\/confira-o-ranking-dos-jogadores-mais-utilizados-por-ceni-no-flamengo\/#article","isPartOf":{"@id":"https:\/\/www.gaveanews.com\/index.php\/2021\/02\/09\/confira-o-ranking-dos-jogadores-mais-utilizados-por-ceni-no-flamengo\/"},"author":{"name":"Let\u00edcia Gerheim","@id":"https:\/\/www.gaveanews.com\/#\/schema\/person\/714c67050b836198af2450ba1c142a67"},"headline":"Confira o ranking dos jogadores mais utilizados por Ceni no Flamengo","datePublished":"2021-02-09T15:49:34+00:00","dateModified":"2021-08-12T03:48:26+00:00","mainEntityOfPage":{"@id":"https:\/\/www.gaveanews.com\/index.php\/2021\/02\/09\/confira-o-ranking-dos-jogadores-mais-utilizados-por-ceni-no-flamengo\/"},"wordCount":316,"commentCount":3,"image":{"@id":"https:\/\/www.gaveanews.com\/index.php\/2021\/02\/09\/confira-o-ranking-dos-jogadores-mais-utilizados-por-ceni-no-flamengo\/#primaryimage"},"thumbnailUrl":"https:\/\/www.gaveanews.com\/wp-content\/uploads\/Rogerio-Ceni-durante-o-jogo-entre-Sport-x-Flamengo-pelo-Campeonato-Brasileiro-de-2020.webp","articleSection":["Flamengo"],"inLanguage":"pt-BR","potentialAction":[{"@type":"CommentAction","name":"Comment","target":["https:\/\/www.gaveanews.com\/index.php\/2021\/02\/09\/confira-o-ranking-dos-jogadores-mais-utilizados-por-ceni-no-flamengo\/#respond"]}],"copyrightYear":"2021","copyrightHolder":{"@id":"https:\/\/www.gaveanews.com\/#organization"}},{"@type":"WebPage","@id":"https:\/\/www.gaveanews.com\/index.php\/2021\/02\/09\/confira-o-ranking-dos-jogadores-mais-utilizados-por-ceni-no-flamengo\/","url":"https:\/\/www.gaveanews.com\/index.php\/2021\/02\/09\/confira-o-ranking-dos-jogadores-mais-utilizados-por-ceni-no-flamengo\/","name":"Confira o ranking dos jogadores mais utilizados por Ceni no Flamengo","isPartOf":{"@id":"https:\/\/www.gaveanews.com\/#website"},"primaryImageOfPage":{"@id":"https:\/\/www.gaveanews.com\/index.php\/2021\/02\/09\/confira-o-ranking-dos-jogadores-mais-utilizados-por-ceni-no-flamengo\/#primaryimage"},"image":{"@id":"https:\/\/www.gaveanews.com\/index.php\/2021\/02\/09\/confira-o-ranking-dos-jogadores-mais-utilizados-por-ceni-no-flamengo\/#primaryimage"},"thumbnailUrl":"https:\/\/www.gaveanews.com\/wp-content\/uploads\/Rogerio-Ceni-durante-o-jogo-entre-Sport-x-Flamengo-pelo-Campeonato-Brasileiro-de-2020.webp","datePublished":"2021-02-09T15:49:34+00:00","dateModified":"2021-08-12T03:48:26+00:00","author":{"@id":"https:\/\/www.gaveanews.com\/#\/schema\/person\/714c67050b836198af2450ba1c142a67"},"description":"Mesmo tendo iniciativas muito elogiadas pelo clube, Ceni ainda vive com trope\u00e7os e permanece com futuro em aberto no Flamengo.","breadcrumb":{"@id":"https:\/\/www.gaveanews.com\/index.php\/2021\/02\/09\/confira-o-ranking-dos-jogadores-mais-utilizados-por-ceni-no-flamengo\/#breadcrumb"},"inLanguage":"pt-BR","potentialAction":[{"@type":"ReadAction","target":["https:\/\/www.gaveanews.com\/index.php\/2021\/02\/09\/confira-o-ranking-dos-jogadores-mais-utilizados-por-ceni-no-flamengo\/"]}]},{"@type":"ImageObject","inLanguage":"pt-BR","@id":"https:\/\/www.gaveanews.com\/index.php\/2021\/02\/09\/confira-o-ranking-dos-jogadores-mais-utilizados-por-ceni-no-flamengo\/#primaryimage","url":"https:\/\/www.gaveanews.com\/wp-content\/uploads\/Rogerio-Ceni-durante-o-jogo-entre-Sport-x-Flamengo-pelo-Campeonato-Brasileiro-de-2020.webp","contentUrl":"https:\/\/www.gaveanews.com\/wp-content\/uploads\/Rogerio-Ceni-durante-o-jogo-entre-Sport-x-Flamengo-pelo-Campeonato-Brasileiro-de-2020.webp","width":799,"height":532,"caption":"Rog\u00e9rio Ceni durante o jogo entre Sport x Flamengo pelo Campeonato Brasileiro de 2020 (Foto: Alexandre Vidal\/Flamengo)"},{"@type":"BreadcrumbList","@id":"https:\/\/www.gaveanews.com\/index.php\/2021\/02\/09\/confira-o-ranking-dos-jogadores-mais-utilizados-por-ceni-no-flamengo\/#breadcrumb","itemListElement":[{"@type":"ListItem","position":1,"name":"Home","item":"https:\/\/www.gaveanews.com\/"},{"@type":"ListItem","position":2,"name":"Confira o ranking dos jogadores mais utilizados por Ceni no Flamengo"}]},{"@type":"WebSite","@id":"https:\/\/www.gaveanews.com\/#website","url":"https:\/\/www.gaveanews.com\/","name":"G\u00e1vea News","description":"Veja todas as not\u00edcias sobre o Flamengo: Contrata\u00e7\u00f5es, categorias de base, resultados das partidas, tabela de classifica\u00e7\u00e3o, pr\u00f3ximos jogos!","potentialAction":[{"@type":"SearchAction","target":{"@type":"EntryPoint","urlTemplate":"https:\/\/www.gaveanews.com\/?s={search_term_string}"},"query-input":{"@type":"PropertyValueSpecification","valueRequired":true,"valueName":"search_term_string"}}],"inLanguage":"pt-BR"},{"@type":"Person","@id":"https:\/\/www.gaveanews.com\/#\/schema\/person\/714c67050b836198af2450ba1c142a67","name":"Let\u00edcia Gerheim","image":{"@type":"ImageObject","inLanguage":"pt-BR","@id":"https:\/\/www.gaveanews.com\/#\/schema\/person\/image\/","url":"https:\/\/secure.gravatar.com\/avatar\/60734739c50fcebfbac509e2a826ccd0ff405c019bc73aab9354f19ecad1dcb4?s=96&d=mm&r=g","contentUrl":"https:\/\/secure.gravatar.com\/avatar\/60734739c50fcebfbac509e2a826ccd0ff405c019bc73aab9354f19ecad1dcb4?s=96&d=mm&r=g","caption":"Let\u00edcia Gerheim"}}]}},"_links":{"self":[{"href":"https:\/\/www.gaveanews.com\/index.php\/wp-json\/wp\/v2\/posts\/55899","targetHints":{"allow":["GET"]}}],"collection":[{"href":"https:\/\/www.gaveanews.com\/index.php\/wp-json\/wp\/v2\/posts"}],"about":[{"href":"https:\/\/www.gaveanews.com\/index.php\/wp-json\/wp\/v2\/types\/post"}],"author":[{"embeddable":true,"href":"https:\/\/www.gaveanews.com\/index.php\/wp-json\/wp\/v2\/users\/4"}],"replies":[{"embeddable":true,"href":"https:\/\/www.gaveanews.com\/index.php\/wp-json\/wp\/v2\/comments?post=55899"}],"version-history":[{"count":0,"href":"https:\/\/www.gaveanews.com\/index.php\/wp-json\/wp\/v2\/posts\/55899\/revisions"}],"wp:featuredmedia":[{"embeddable":true,"href":"https:\/\/www.gaveanews.com\/index.php\/wp-json\/wp\/v2\/media\/55572"}],"wp:attachment":[{"href":"https:\/\/www.gaveanews.com\/index.php\/wp-json\/wp\/v2\/media?parent=55899"}],"wp:term":[{"taxonomy":"category","embeddable":true,"href":"https:\/\/www.gaveanews.com\/index.php\/wp-json\/wp\/v2\/categories?post=55899"},{"taxonomy":"post_tag","embeddable":true,"href":"https:\/\/www.gaveanews.com\/index.php\/wp-json\/wp\/v2\/tags?post=55899"}],"curies":[{"name":"wp","href":"https:\/\/api.w.org\/{rel}","templated":true}]}}