{"id":55920,"date":"2021-02-09T14:53:13","date_gmt":"2021-02-09T17:53:13","guid":{"rendered":"https:\/\/www.gaveanews.com\/?p=55920"},"modified":"2021-08-12T00:48:25","modified_gmt":"2021-08-12T03:48:25","slug":"isla-erra-mais-que-rafinha-mas-e-mais-criativo-compare-os-numeros","status":"publish","type":"post","link":"https:\/\/www.gaveanews.com\/index.php\/2021\/02\/09\/isla-erra-mais-que-rafinha-mas-e-mais-criativo-compare-os-numeros\/","title":{"rendered":"Isla erra mais que Rafinha mas \u00e9 mais criativo; compare os n\u00fameros"},"content":{"rendered":"\n<p>Chegando ao clube para preencher a vaga deixada por Rafinha, Mauricio Isla j\u00e1 caminha para 6 meses no Flamengo. O chileno \u00e9 titular desde sua chegada, tendo como substitutos Matheuzinho e Jo\u00e3o Lucas.<\/p>\n\n\n\n<p>Mesmo tendo sido criticado pelo seu erro no jogo contra o Bragantino, que impediu a vit\u00f3ria rubro-negra sobre o time paulista, o lateral \u00e9 elogiado e, em rela\u00e7\u00e3o ao antigo jogador da fun\u00e7\u00e3o, possui n\u00fameros que o favorece. Para provar os fatos, o portal estat\u00edstico, <em>SofaScore<\/em>, preparou uma compara\u00e7\u00e3o entre os laterais.<\/p>\n\n\n\n<h3 class=\"wp-block-heading\" id=\"h-isla\">Isla<\/h3>\n\n\n\n<figure class=\"wp-block-image size-large\"><img loading=\"lazy\" decoding=\"async\" width=\"846\" height=\"529\" src=\"https:\/\/www.gaveanews.com\/wp-content\/uploads\/Isla-treina-no-Ninho-desde-segunda-feira.webp\" alt=\"\" class=\"wp-image-48681\" srcset=\"https:\/\/www.gaveanews.com\/wp-content\/uploads\/Isla-treina-no-Ninho-desde-segunda-feira.webp 846w, https:\/\/www.gaveanews.com\/wp-content\/uploads\/Isla-treina-no-Ninho-desde-segunda-feira-300x188.webp 300w, https:\/\/www.gaveanews.com\/wp-content\/uploads\/Isla-treina-no-Ninho-desde-segunda-feira-768x480.webp 768w, https:\/\/www.gaveanews.com\/wp-content\/uploads\/Isla-treina-no-Ninho-desde-segunda-feira-672x420.webp 672w, https:\/\/www.gaveanews.com\/wp-content\/uploads\/Isla-treina-no-Ninho-desde-segunda-feira-640x400.webp 640w, https:\/\/www.gaveanews.com\/wp-content\/uploads\/Isla-treina-no-Ninho-desde-segunda-feira-681x426.webp 681w, https:\/\/www.gaveanews.com\/wp-content\/uploads\/Isla-treina-no-Ninho-desde-segunda-feira-100x63.webp 100w\" sizes=\"auto, (max-width: 846px) 100vw, 846px\" \/><figcaption>Isla treina no Ninho desde segunda-feira. (Foto: Alexandre Vidal\/Flamengo)<\/figcaption><\/figure>\n\n\n\n<ul class=\"wp-block-list\"><li>Jogos disputados: 31<\/li><li>Gols marcados: 2<\/li><li>Assist\u00eancias: 5 <\/li><li>Grandes chances criadas: 12 <\/li><li>Erros defensivos: 3 <\/li><\/ul>\n\n\n\n<h3 class=\"wp-block-heading\" id=\"h-rafinha\">Rafinha<\/h3>\n\n\n\n<figure class=\"wp-block-image size-large\"><img loading=\"lazy\" decoding=\"async\" width=\"900\" height=\"600\" src=\"https:\/\/www.gaveanews.com\/wp-content\/uploads\/Lateral-Rafinha-durante-uma-partida-do-Flamengo.webp\" alt=\"\" class=\"wp-image-28891\" srcset=\"https:\/\/www.gaveanews.com\/wp-content\/uploads\/Lateral-Rafinha-durante-uma-partida-do-Flamengo.webp 900w, https:\/\/www.gaveanews.com\/wp-content\/uploads\/Lateral-Rafinha-durante-uma-partida-do-Flamengo-300x200.webp 300w, https:\/\/www.gaveanews.com\/wp-content\/uploads\/Lateral-Rafinha-durante-uma-partida-do-Flamengo-768x512.webp 768w, https:\/\/www.gaveanews.com\/wp-content\/uploads\/Lateral-Rafinha-durante-uma-partida-do-Flamengo-630x420.webp 630w, https:\/\/www.gaveanews.com\/wp-content\/uploads\/Lateral-Rafinha-durante-uma-partida-do-Flamengo-640x427.webp 640w, https:\/\/www.gaveanews.com\/wp-content\/uploads\/Lateral-Rafinha-durante-uma-partida-do-Flamengo-681x454.webp 681w, https:\/\/www.gaveanews.com\/wp-content\/uploads\/Lateral-Rafinha-durante-uma-partida-do-Flamengo-100x67.webp 100w\" sizes=\"auto, (max-width: 900px) 100vw, 900px\" \/><figcaption>Lateral Rafinha durante uma partida do Flamengo  (Foto: Alexandre Vidal\/Flamengo)<\/figcaption><\/figure>\n\n\n\n<ul class=\"wp-block-list\"><li>N\u00ba de jogos disputados: 31 jogos<\/li><li>Gols marcados: 0<\/li><li>Assist\u00eancias: 6<\/li><li>Grandes chances criadas: 6<\/li><li>Erros defensivos: 1<\/li><\/ul>\n\n\n\n<p>O resultado, de certa forma, surpreende os torcedores. Com eles, \u00e9 poss\u00edvel perceber que Isla \u00e9 um atleta mais eficaz que Rafinha para o setor ofensivo, visto que o chileno \u00e9 mais criativo, marcando mais gols, sendo mais decisivo e criando mais grandes chances. Por outro lado, o camisa 44 erra mais defensivamente, errando tr\u00eas vezes mais em lances cruciais de jogo.<\/p>\n\n\n\n<p>Com propostas sendo feitas ao camisa 13, o Flamengo v\u00ea uma possibilidade de ter Rafinha novamente no elenco. Vale ressaltar que, para que o lateral seja repatriado, dever\u00e1 aceitar as condi\u00e7\u00f5es impostas pelo Fla, com uma redu\u00e7\u00e3o salarial inclusa.<\/p>\n\n\n\n<p>Atualmente na vice-lideran\u00e7a, o Mais Querido aguarda a partida do Internacional contra o Sport nesta quarta-feira (10) para saber se o rubro-negro continuar\u00e1 dependendo apenas de si para conquistar mais um t\u00edtulo do Campeonato Brasileiro.<\/p>\n","protected":false},"excerpt":{"rendered":"<p>Chegando ao clube para preencher a vaga deixada por Rafinha, Mauricio Isla j\u00e1 caminha para 6 meses no Flamengo. O chileno \u00e9 titular desde sua chegada, tendo como substitutos Matheuzinho e Jo\u00e3o Lucas. Mesmo tendo sido criticado pelo seu erro no jogo contra o Bragantino, que impediu a vit\u00f3ria rubro-negra sobre o time paulista, o [&hellip;]<\/p>\n","protected":false},"author":4,"featured_media":46522,"comment_status":"open","ping_status":"closed","sticky":false,"template":"","format":"standard","meta":{"footnotes":""},"categories":[1],"tags":[],"class_list":["post-55920","post","type-post","status-publish","format-standard","has-post-thumbnail","hentry","category-flamengo"],"yoast_head":"<!-- This site is optimized with the Yoast SEO Premium plugin v24.2 (Yoast SEO v26.9) - https:\/\/yoast.com\/product\/yoast-seo-premium-wordpress\/ -->\n<title>Isla erra mais que Rafinha mas \u00e9 mais criativo; compare os n\u00fameros<\/title>\n<meta name=\"description\" content=\"Chegando ao clube para preencher a vaga deixada por Rafinha, Mauricio Isla j\u00e1 caminha para 6 meses no Flamengo.\" \/>\n<meta name=\"robots\" content=\"index, follow, max-snippet:-1, max-image-preview:large, max-video-preview:-1\" \/>\n<link rel=\"canonical\" href=\"https:\/\/www.gaveanews.com\/index.php\/2021\/02\/09\/isla-erra-mais-que-rafinha-mas-e-mais-criativo-compare-os-numeros\/\" \/>\n<meta property=\"og:locale\" content=\"pt_BR\" \/>\n<meta property=\"og:type\" content=\"article\" \/>\n<meta property=\"og:title\" content=\"Isla erra mais que Rafinha mas \u00e9 mais criativo; compare os n\u00fameros\" \/>\n<meta property=\"og:description\" content=\"Chegando ao clube para preencher a vaga deixada por Rafinha, Mauricio Isla j\u00e1 caminha para 6 meses no Flamengo.\" \/>\n<meta property=\"og:url\" content=\"https:\/\/www.gaveanews.com\/index.php\/2021\/02\/09\/isla-erra-mais-que-rafinha-mas-e-mais-criativo-compare-os-numeros\/\" \/>\n<meta property=\"og:site_name\" content=\"G\u00e1vea News\" \/>\n<meta property=\"article:publisher\" content=\"https:\/\/facebook.com\/gaveaNews\/\" \/>\n<meta property=\"article:published_time\" content=\"2021-02-09T17:53:13+00:00\" \/>\n<meta property=\"article:modified_time\" content=\"2021-08-12T03:48:25+00:00\" \/>\n<meta property=\"og:image\" content=\"https:\/\/www.gaveanews.com\/wp-content\/uploads\/Isla-em-acao-pelo-Flamengo.webp\" \/>\n\t<meta property=\"og:image:width\" content=\"799\" \/>\n\t<meta property=\"og:image:height\" content=\"532\" \/>\n\t<meta property=\"og:image:type\" content=\"image\/jpeg\" \/>\n<meta name=\"author\" content=\"Let\u00edcia Gerheim\" \/>\n<meta name=\"twitter:card\" content=\"summary_large_image\" \/>\n<meta name=\"twitter:label1\" content=\"Escrito por\" \/>\n\t<meta name=\"twitter:data1\" content=\"Let\u00edcia Gerheim\" \/>\n\t<meta name=\"twitter:label2\" content=\"Est. tempo de leitura\" \/>\n\t<meta name=\"twitter:data2\" content=\"1 minuto\" \/>\n<script type=\"application\/ld+json\" class=\"yoast-schema-graph\">{\"@context\":\"https:\/\/schema.org\",\"@graph\":[{\"@type\":\"NewsArticle\",\"@id\":\"https:\/\/www.gaveanews.com\/index.php\/2021\/02\/09\/isla-erra-mais-que-rafinha-mas-e-mais-criativo-compare-os-numeros\/#article\",\"isPartOf\":{\"@id\":\"https:\/\/www.gaveanews.com\/index.php\/2021\/02\/09\/isla-erra-mais-que-rafinha-mas-e-mais-criativo-compare-os-numeros\/\"},\"author\":{\"name\":\"Let\u00edcia Gerheim\",\"@id\":\"https:\/\/www.gaveanews.com\/#\/schema\/person\/714c67050b836198af2450ba1c142a67\"},\"headline\":\"Isla erra mais que Rafinha mas \u00e9 mais criativo; compare os n\u00fameros\",\"datePublished\":\"2021-02-09T17:53:13+00:00\",\"dateModified\":\"2021-08-12T03:48:25+00:00\",\"mainEntityOfPage\":{\"@id\":\"https:\/\/www.gaveanews.com\/index.php\/2021\/02\/09\/isla-erra-mais-que-rafinha-mas-e-mais-criativo-compare-os-numeros\/\"},\"wordCount\":285,\"commentCount\":11,\"image\":{\"@id\":\"https:\/\/www.gaveanews.com\/index.php\/2021\/02\/09\/isla-erra-mais-que-rafinha-mas-e-mais-criativo-compare-os-numeros\/#primaryimage\"},\"thumbnailUrl\":\"https:\/\/www.gaveanews.com\/wp-content\/uploads\/Isla-em-acao-pelo-Flamengo.webp\",\"articleSection\":[\"Flamengo\"],\"inLanguage\":\"pt-BR\",\"potentialAction\":[{\"@type\":\"CommentAction\",\"name\":\"Comment\",\"target\":[\"https:\/\/www.gaveanews.com\/index.php\/2021\/02\/09\/isla-erra-mais-que-rafinha-mas-e-mais-criativo-compare-os-numeros\/#respond\"]}],\"copyrightYear\":\"2021\",\"copyrightHolder\":{\"@id\":\"https:\/\/www.gaveanews.com\/#organization\"}},{\"@type\":\"WebPage\",\"@id\":\"https:\/\/www.gaveanews.com\/index.php\/2021\/02\/09\/isla-erra-mais-que-rafinha-mas-e-mais-criativo-compare-os-numeros\/\",\"url\":\"https:\/\/www.gaveanews.com\/index.php\/2021\/02\/09\/isla-erra-mais-que-rafinha-mas-e-mais-criativo-compare-os-numeros\/\",\"name\":\"Isla erra mais que Rafinha mas \u00e9 mais criativo; compare os n\u00fameros\",\"isPartOf\":{\"@id\":\"https:\/\/www.gaveanews.com\/#website\"},\"primaryImageOfPage\":{\"@id\":\"https:\/\/www.gaveanews.com\/index.php\/2021\/02\/09\/isla-erra-mais-que-rafinha-mas-e-mais-criativo-compare-os-numeros\/#primaryimage\"},\"image\":{\"@id\":\"https:\/\/www.gaveanews.com\/index.php\/2021\/02\/09\/isla-erra-mais-que-rafinha-mas-e-mais-criativo-compare-os-numeros\/#primaryimage\"},\"thumbnailUrl\":\"https:\/\/www.gaveanews.com\/wp-content\/uploads\/Isla-em-acao-pelo-Flamengo.webp\",\"datePublished\":\"2021-02-09T17:53:13+00:00\",\"dateModified\":\"2021-08-12T03:48:25+00:00\",\"author\":{\"@id\":\"https:\/\/www.gaveanews.com\/#\/schema\/person\/714c67050b836198af2450ba1c142a67\"},\"description\":\"Chegando ao clube para preencher a vaga deixada por Rafinha, Mauricio Isla j\u00e1 caminha para 6 meses no Flamengo.\",\"breadcrumb\":{\"@id\":\"https:\/\/www.gaveanews.com\/index.php\/2021\/02\/09\/isla-erra-mais-que-rafinha-mas-e-mais-criativo-compare-os-numeros\/#breadcrumb\"},\"inLanguage\":\"pt-BR\",\"potentialAction\":[{\"@type\":\"ReadAction\",\"target\":[\"https:\/\/www.gaveanews.com\/index.php\/2021\/02\/09\/isla-erra-mais-que-rafinha-mas-e-mais-criativo-compare-os-numeros\/\"]}]},{\"@type\":\"ImageObject\",\"inLanguage\":\"pt-BR\",\"@id\":\"https:\/\/www.gaveanews.com\/index.php\/2021\/02\/09\/isla-erra-mais-que-rafinha-mas-e-mais-criativo-compare-os-numeros\/#primaryimage\",\"url\":\"https:\/\/www.gaveanews.com\/wp-content\/uploads\/Isla-em-acao-pelo-Flamengo.webp\",\"contentUrl\":\"https:\/\/www.gaveanews.com\/wp-content\/uploads\/Isla-em-acao-pelo-Flamengo.webp\",\"width\":799,\"height\":532,\"caption\":\"Isla em a\u00e7\u00e3o pelo Flamengo (Foto: Alexandre Vidal\/Flamengo)\"},{\"@type\":\"BreadcrumbList\",\"@id\":\"https:\/\/www.gaveanews.com\/index.php\/2021\/02\/09\/isla-erra-mais-que-rafinha-mas-e-mais-criativo-compare-os-numeros\/#breadcrumb\",\"itemListElement\":[{\"@type\":\"ListItem\",\"position\":1,\"name\":\"Home\",\"item\":\"https:\/\/www.gaveanews.com\/\"},{\"@type\":\"ListItem\",\"position\":2,\"name\":\"Isla erra mais que Rafinha mas \u00e9 mais criativo; compare os n\u00fameros\"}]},{\"@type\":\"WebSite\",\"@id\":\"https:\/\/www.gaveanews.com\/#website\",\"url\":\"https:\/\/www.gaveanews.com\/\",\"name\":\"G\u00e1vea News\",\"description\":\"Veja todas as not\u00edcias sobre o Flamengo: Contrata\u00e7\u00f5es, categorias de base, resultados das partidas, tabela de classifica\u00e7\u00e3o, pr\u00f3ximos jogos!\",\"potentialAction\":[{\"@type\":\"SearchAction\",\"target\":{\"@type\":\"EntryPoint\",\"urlTemplate\":\"https:\/\/www.gaveanews.com\/?s={search_term_string}\"},\"query-input\":{\"@type\":\"PropertyValueSpecification\",\"valueRequired\":true,\"valueName\":\"search_term_string\"}}],\"inLanguage\":\"pt-BR\"},{\"@type\":\"Person\",\"@id\":\"https:\/\/www.gaveanews.com\/#\/schema\/person\/714c67050b836198af2450ba1c142a67\",\"name\":\"Let\u00edcia Gerheim\",\"image\":{\"@type\":\"ImageObject\",\"inLanguage\":\"pt-BR\",\"@id\":\"https:\/\/www.gaveanews.com\/#\/schema\/person\/image\/\",\"url\":\"https:\/\/secure.gravatar.com\/avatar\/60734739c50fcebfbac509e2a826ccd0ff405c019bc73aab9354f19ecad1dcb4?s=96&d=mm&r=g\",\"contentUrl\":\"https:\/\/secure.gravatar.com\/avatar\/60734739c50fcebfbac509e2a826ccd0ff405c019bc73aab9354f19ecad1dcb4?s=96&d=mm&r=g\",\"caption\":\"Let\u00edcia Gerheim\"}}]}<\/script>\n<!-- \/ Yoast SEO Premium plugin. -->","yoast_head_json":{"title":"Isla erra mais que Rafinha mas \u00e9 mais criativo; compare os n\u00fameros","description":"Chegando ao clube para preencher a vaga deixada por Rafinha, Mauricio Isla j\u00e1 caminha para 6 meses no Flamengo.","robots":{"index":"index","follow":"follow","max-snippet":"max-snippet:-1","max-image-preview":"max-image-preview:large","max-video-preview":"max-video-preview:-1"},"canonical":"https:\/\/www.gaveanews.com\/index.php\/2021\/02\/09\/isla-erra-mais-que-rafinha-mas-e-mais-criativo-compare-os-numeros\/","og_locale":"pt_BR","og_type":"article","og_title":"Isla erra mais que Rafinha mas \u00e9 mais criativo; compare os n\u00fameros","og_description":"Chegando ao clube para preencher a vaga deixada por Rafinha, Mauricio Isla j\u00e1 caminha para 6 meses no Flamengo.","og_url":"https:\/\/www.gaveanews.com\/index.php\/2021\/02\/09\/isla-erra-mais-que-rafinha-mas-e-mais-criativo-compare-os-numeros\/","og_site_name":"G\u00e1vea News","article_publisher":"https:\/\/facebook.com\/gaveaNews\/","article_published_time":"2021-02-09T17:53:13+00:00","article_modified_time":"2021-08-12T03:48:25+00:00","og_image":[{"width":799,"height":532,"url":"https:\/\/www.gaveanews.com\/wp-content\/uploads\/Isla-em-acao-pelo-Flamengo.webp","type":"image\/jpeg"}],"author":"Let\u00edcia Gerheim","twitter_card":"summary_large_image","twitter_misc":{"Escrito por":"Let\u00edcia Gerheim","Est. tempo de leitura":"1 minuto"},"schema":{"@context":"https:\/\/schema.org","@graph":[{"@type":"NewsArticle","@id":"https:\/\/www.gaveanews.com\/index.php\/2021\/02\/09\/isla-erra-mais-que-rafinha-mas-e-mais-criativo-compare-os-numeros\/#article","isPartOf":{"@id":"https:\/\/www.gaveanews.com\/index.php\/2021\/02\/09\/isla-erra-mais-que-rafinha-mas-e-mais-criativo-compare-os-numeros\/"},"author":{"name":"Let\u00edcia Gerheim","@id":"https:\/\/www.gaveanews.com\/#\/schema\/person\/714c67050b836198af2450ba1c142a67"},"headline":"Isla erra mais que Rafinha mas \u00e9 mais criativo; compare os n\u00fameros","datePublished":"2021-02-09T17:53:13+00:00","dateModified":"2021-08-12T03:48:25+00:00","mainEntityOfPage":{"@id":"https:\/\/www.gaveanews.com\/index.php\/2021\/02\/09\/isla-erra-mais-que-rafinha-mas-e-mais-criativo-compare-os-numeros\/"},"wordCount":285,"commentCount":11,"image":{"@id":"https:\/\/www.gaveanews.com\/index.php\/2021\/02\/09\/isla-erra-mais-que-rafinha-mas-e-mais-criativo-compare-os-numeros\/#primaryimage"},"thumbnailUrl":"https:\/\/www.gaveanews.com\/wp-content\/uploads\/Isla-em-acao-pelo-Flamengo.webp","articleSection":["Flamengo"],"inLanguage":"pt-BR","potentialAction":[{"@type":"CommentAction","name":"Comment","target":["https:\/\/www.gaveanews.com\/index.php\/2021\/02\/09\/isla-erra-mais-que-rafinha-mas-e-mais-criativo-compare-os-numeros\/#respond"]}],"copyrightYear":"2021","copyrightHolder":{"@id":"https:\/\/www.gaveanews.com\/#organization"}},{"@type":"WebPage","@id":"https:\/\/www.gaveanews.com\/index.php\/2021\/02\/09\/isla-erra-mais-que-rafinha-mas-e-mais-criativo-compare-os-numeros\/","url":"https:\/\/www.gaveanews.com\/index.php\/2021\/02\/09\/isla-erra-mais-que-rafinha-mas-e-mais-criativo-compare-os-numeros\/","name":"Isla erra mais que Rafinha mas \u00e9 mais criativo; compare os n\u00fameros","isPartOf":{"@id":"https:\/\/www.gaveanews.com\/#website"},"primaryImageOfPage":{"@id":"https:\/\/www.gaveanews.com\/index.php\/2021\/02\/09\/isla-erra-mais-que-rafinha-mas-e-mais-criativo-compare-os-numeros\/#primaryimage"},"image":{"@id":"https:\/\/www.gaveanews.com\/index.php\/2021\/02\/09\/isla-erra-mais-que-rafinha-mas-e-mais-criativo-compare-os-numeros\/#primaryimage"},"thumbnailUrl":"https:\/\/www.gaveanews.com\/wp-content\/uploads\/Isla-em-acao-pelo-Flamengo.webp","datePublished":"2021-02-09T17:53:13+00:00","dateModified":"2021-08-12T03:48:25+00:00","author":{"@id":"https:\/\/www.gaveanews.com\/#\/schema\/person\/714c67050b836198af2450ba1c142a67"},"description":"Chegando ao clube para preencher a vaga deixada por Rafinha, Mauricio Isla j\u00e1 caminha para 6 meses no Flamengo.","breadcrumb":{"@id":"https:\/\/www.gaveanews.com\/index.php\/2021\/02\/09\/isla-erra-mais-que-rafinha-mas-e-mais-criativo-compare-os-numeros\/#breadcrumb"},"inLanguage":"pt-BR","potentialAction":[{"@type":"ReadAction","target":["https:\/\/www.gaveanews.com\/index.php\/2021\/02\/09\/isla-erra-mais-que-rafinha-mas-e-mais-criativo-compare-os-numeros\/"]}]},{"@type":"ImageObject","inLanguage":"pt-BR","@id":"https:\/\/www.gaveanews.com\/index.php\/2021\/02\/09\/isla-erra-mais-que-rafinha-mas-e-mais-criativo-compare-os-numeros\/#primaryimage","url":"https:\/\/www.gaveanews.com\/wp-content\/uploads\/Isla-em-acao-pelo-Flamengo.webp","contentUrl":"https:\/\/www.gaveanews.com\/wp-content\/uploads\/Isla-em-acao-pelo-Flamengo.webp","width":799,"height":532,"caption":"Isla em a\u00e7\u00e3o pelo Flamengo (Foto: Alexandre Vidal\/Flamengo)"},{"@type":"BreadcrumbList","@id":"https:\/\/www.gaveanews.com\/index.php\/2021\/02\/09\/isla-erra-mais-que-rafinha-mas-e-mais-criativo-compare-os-numeros\/#breadcrumb","itemListElement":[{"@type":"ListItem","position":1,"name":"Home","item":"https:\/\/www.gaveanews.com\/"},{"@type":"ListItem","position":2,"name":"Isla erra mais que Rafinha mas \u00e9 mais criativo; compare os n\u00fameros"}]},{"@type":"WebSite","@id":"https:\/\/www.gaveanews.com\/#website","url":"https:\/\/www.gaveanews.com\/","name":"G\u00e1vea News","description":"Veja todas as not\u00edcias sobre o Flamengo: Contrata\u00e7\u00f5es, categorias de base, resultados das partidas, tabela de classifica\u00e7\u00e3o, pr\u00f3ximos jogos!","potentialAction":[{"@type":"SearchAction","target":{"@type":"EntryPoint","urlTemplate":"https:\/\/www.gaveanews.com\/?s={search_term_string}"},"query-input":{"@type":"PropertyValueSpecification","valueRequired":true,"valueName":"search_term_string"}}],"inLanguage":"pt-BR"},{"@type":"Person","@id":"https:\/\/www.gaveanews.com\/#\/schema\/person\/714c67050b836198af2450ba1c142a67","name":"Let\u00edcia Gerheim","image":{"@type":"ImageObject","inLanguage":"pt-BR","@id":"https:\/\/www.gaveanews.com\/#\/schema\/person\/image\/","url":"https:\/\/secure.gravatar.com\/avatar\/60734739c50fcebfbac509e2a826ccd0ff405c019bc73aab9354f19ecad1dcb4?s=96&d=mm&r=g","contentUrl":"https:\/\/secure.gravatar.com\/avatar\/60734739c50fcebfbac509e2a826ccd0ff405c019bc73aab9354f19ecad1dcb4?s=96&d=mm&r=g","caption":"Let\u00edcia Gerheim"}}]}},"_links":{"self":[{"href":"https:\/\/www.gaveanews.com\/index.php\/wp-json\/wp\/v2\/posts\/55920","targetHints":{"allow":["GET"]}}],"collection":[{"href":"https:\/\/www.gaveanews.com\/index.php\/wp-json\/wp\/v2\/posts"}],"about":[{"href":"https:\/\/www.gaveanews.com\/index.php\/wp-json\/wp\/v2\/types\/post"}],"author":[{"embeddable":true,"href":"https:\/\/www.gaveanews.com\/index.php\/wp-json\/wp\/v2\/users\/4"}],"replies":[{"embeddable":true,"href":"https:\/\/www.gaveanews.com\/index.php\/wp-json\/wp\/v2\/comments?post=55920"}],"version-history":[{"count":0,"href":"https:\/\/www.gaveanews.com\/index.php\/wp-json\/wp\/v2\/posts\/55920\/revisions"}],"wp:featuredmedia":[{"embeddable":true,"href":"https:\/\/www.gaveanews.com\/index.php\/wp-json\/wp\/v2\/media\/46522"}],"wp:attachment":[{"href":"https:\/\/www.gaveanews.com\/index.php\/wp-json\/wp\/v2\/media?parent=55920"}],"wp:term":[{"taxonomy":"category","embeddable":true,"href":"https:\/\/www.gaveanews.com\/index.php\/wp-json\/wp\/v2\/categories?post=55920"},{"taxonomy":"post_tag","embeddable":true,"href":"https:\/\/www.gaveanews.com\/index.php\/wp-json\/wp\/v2\/tags?post=55920"}],"curies":[{"name":"wp","href":"https:\/\/api.w.org\/{rel}","templated":true}]}}