{"id":55923,"date":"2021-02-09T15:58:13","date_gmt":"2021-02-09T18:58:13","guid":{"rendered":"https:\/\/www.gaveanews.com\/?p=55923"},"modified":"2021-08-12T00:48:24","modified_gmt":"2021-08-12T03:48:24","slug":"sem-acordo-entre-globo-e-ferj-carioca-sera-exibido-de-forma-inedita","status":"publish","type":"post","link":"https:\/\/www.gaveanews.com\/index.php\/2021\/02\/09\/sem-acordo-entre-globo-e-ferj-carioca-sera-exibido-de-forma-inedita\/","title":{"rendered":"Sem acordo entre Globo e FERJ, Carioca ser\u00e1 exibido de forma in\u00e9dita"},"content":{"rendered":"\n<p>A Federa\u00e7\u00e3o de Futebol do Estado do Rio de Janeiro n\u00e3o conseguiu entrar em acordo com a Rede Globo sobre a transmiss\u00e3o do Campeonato Carioca. Frente \u00e0 situa\u00e7\u00e3o, a FERJ decidiu criar uma nova maneira de transmitir os jogos da competi\u00e7\u00e3o. Al\u00e9m disso, os dirigentes respons\u00e1veis pelo projeto pretendem criar canais em redes sociais, como YouTube e Facebook para a emiss\u00e3o.<\/p>\n\n\n\n<p>Com a nova resolu\u00e7\u00e3o, o \u00f3rg\u00e3o est\u00e1 se planejando para transmitir a competi\u00e7\u00e3o estadual com um tipo de pay-per-view com jornalistas que trabalhavam na Fox Sports. A informa\u00e7\u00e3o foi divulgada pelo site <em>UOL<\/em>.<\/p>\n\n\n\n<p>O projeto \u00e9 liderado por Marcelo Campos Pinto, ex-Globo, que tem o intuito de realizar tamb\u00e9m programas pr\u00e9 e p\u00f3s-jogo. Para participarem dos programas, foram convidados jornalistas como L\u00edvia Nepomuceno e Fl\u00e1vio Winick, ex-rep\u00f3rteres do canal, al\u00e9m de outros tr\u00eas diretores e produtores que j\u00e1 acertaram com a federa\u00e7\u00e3o.<\/p>\n\n\n\n<p>A ideia \u00e9 que o canal tenha formato parecido com o da Conmebol. Assim, o p\u00fablico pode assinar o pacote para assistir a determinados jogos ou investir em adquirir por todas as partidas. Os representantes pretendem realizar os ajustes finais at\u00e9 o fim deste m\u00eas, quando come\u00e7ar\u00e1 a competi\u00e7\u00e3o.<\/p>\n\n\n\n<p>Vale salientar que, para esta edi\u00e7\u00e3o do Campeonato Carioca, o SBT apareceu como o canal mais prov\u00e1vel para a transmiss\u00e3o na TV aberta, uma vez que a Rede Globo ainda precisa acertar cl\u00e1usulas contratuais pendentes com alguns clubes para que haja um acordo. \u00c9 importante lembrar que o contrato ainda n\u00e3o foi assinado.<\/p>\n","protected":false},"excerpt":{"rendered":"<p>A Federa\u00e7\u00e3o de Futebol do Estado do Rio de Janeiro n\u00e3o conseguiu entrar em acordo com a Rede Globo sobre a transmiss\u00e3o do Campeonato Carioca. Frente \u00e0 situa\u00e7\u00e3o, a FERJ decidiu criar uma nova maneira de transmitir os jogos da competi\u00e7\u00e3o. Al\u00e9m disso, os dirigentes respons\u00e1veis pelo projeto pretendem criar canais em redes sociais, como [&hellip;]<\/p>\n","protected":false},"author":4,"featured_media":17043,"comment_status":"open","ping_status":"closed","sticky":false,"template":"","format":"standard","meta":{"footnotes":""},"categories":[1],"tags":[],"class_list":["post-55923","post","type-post","status-publish","format-standard","has-post-thumbnail","hentry","category-flamengo"],"yoast_head":"<!-- This site is optimized with the Yoast SEO Premium plugin v24.2 (Yoast SEO v26.9) - https:\/\/yoast.com\/product\/yoast-seo-premium-wordpress\/ -->\n<title>Sem acordo entre Globo e FERJ, Carioca ser\u00e1 exibido de forma in\u00e9dita<\/title>\n<meta name=\"description\" content=\"Frente \u00e0 situa\u00e7\u00e3o, a FERJ resolveu criar uma nova maneira de transmitir as partidas do campeonato estadual.\" \/>\n<meta name=\"robots\" content=\"index, follow, max-snippet:-1, max-image-preview:large, max-video-preview:-1\" \/>\n<link rel=\"canonical\" href=\"https:\/\/www.gaveanews.com\/index.php\/2021\/02\/09\/sem-acordo-entre-globo-e-ferj-carioca-sera-exibido-de-forma-inedita\/\" \/>\n<meta property=\"og:locale\" content=\"pt_BR\" \/>\n<meta property=\"og:type\" content=\"article\" \/>\n<meta property=\"og:title\" content=\"Sem acordo entre Globo e FERJ, Carioca ser\u00e1 exibido de forma in\u00e9dita\" \/>\n<meta property=\"og:description\" content=\"Frente \u00e0 situa\u00e7\u00e3o, a FERJ resolveu criar uma nova maneira de transmitir as partidas do campeonato estadual.\" \/>\n<meta property=\"og:url\" content=\"https:\/\/www.gaveanews.com\/index.php\/2021\/02\/09\/sem-acordo-entre-globo-e-ferj-carioca-sera-exibido-de-forma-inedita\/\" \/>\n<meta property=\"og:site_name\" content=\"G\u00e1vea News\" \/>\n<meta property=\"article:publisher\" content=\"https:\/\/facebook.com\/gaveaNews\/\" \/>\n<meta property=\"article:published_time\" content=\"2021-02-09T18:58:13+00:00\" \/>\n<meta property=\"article:modified_time\" content=\"2021-08-12T03:48:24+00:00\" \/>\n<meta property=\"og:image\" content=\"https:\/\/www.gaveanews.com\/wp-content\/uploads\/2019\/04\/Logomarca-da-Rede-Globo.webp\" \/>\n\t<meta property=\"og:image:width\" content=\"1920\" \/>\n\t<meta property=\"og:image:height\" content=\"1076\" \/>\n\t<meta property=\"og:image:type\" content=\"image\/png\" \/>\n<meta name=\"author\" content=\"Let\u00edcia Gerheim\" \/>\n<meta name=\"twitter:card\" content=\"summary_large_image\" \/>\n<meta name=\"twitter:label1\" content=\"Escrito por\" \/>\n\t<meta name=\"twitter:data1\" content=\"Let\u00edcia Gerheim\" \/>\n\t<meta name=\"twitter:label2\" content=\"Est. tempo de leitura\" \/>\n\t<meta name=\"twitter:data2\" content=\"1 minuto\" \/>\n<script type=\"application\/ld+json\" class=\"yoast-schema-graph\">{\"@context\":\"https:\/\/schema.org\",\"@graph\":[{\"@type\":\"NewsArticle\",\"@id\":\"https:\/\/www.gaveanews.com\/index.php\/2021\/02\/09\/sem-acordo-entre-globo-e-ferj-carioca-sera-exibido-de-forma-inedita\/#article\",\"isPartOf\":{\"@id\":\"https:\/\/www.gaveanews.com\/index.php\/2021\/02\/09\/sem-acordo-entre-globo-e-ferj-carioca-sera-exibido-de-forma-inedita\/\"},\"author\":{\"name\":\"Let\u00edcia Gerheim\",\"@id\":\"https:\/\/www.gaveanews.com\/#\/schema\/person\/714c67050b836198af2450ba1c142a67\"},\"headline\":\"Sem acordo entre Globo e FERJ, Carioca ser\u00e1 exibido de forma in\u00e9dita\",\"datePublished\":\"2021-02-09T18:58:13+00:00\",\"dateModified\":\"2021-08-12T03:48:24+00:00\",\"mainEntityOfPage\":{\"@id\":\"https:\/\/www.gaveanews.com\/index.php\/2021\/02\/09\/sem-acordo-entre-globo-e-ferj-carioca-sera-exibido-de-forma-inedita\/\"},\"wordCount\":283,\"commentCount\":32,\"image\":{\"@id\":\"https:\/\/www.gaveanews.com\/index.php\/2021\/02\/09\/sem-acordo-entre-globo-e-ferj-carioca-sera-exibido-de-forma-inedita\/#primaryimage\"},\"thumbnailUrl\":\"https:\/\/www.gaveanews.com\/wp-content\/uploads\/2019\/04\/Logomarca-da-Rede-Globo.webp\",\"articleSection\":[\"Flamengo\"],\"inLanguage\":\"pt-BR\",\"potentialAction\":[{\"@type\":\"CommentAction\",\"name\":\"Comment\",\"target\":[\"https:\/\/www.gaveanews.com\/index.php\/2021\/02\/09\/sem-acordo-entre-globo-e-ferj-carioca-sera-exibido-de-forma-inedita\/#respond\"]}],\"copyrightYear\":\"2021\",\"copyrightHolder\":{\"@id\":\"https:\/\/www.gaveanews.com\/#organization\"}},{\"@type\":\"WebPage\",\"@id\":\"https:\/\/www.gaveanews.com\/index.php\/2021\/02\/09\/sem-acordo-entre-globo-e-ferj-carioca-sera-exibido-de-forma-inedita\/\",\"url\":\"https:\/\/www.gaveanews.com\/index.php\/2021\/02\/09\/sem-acordo-entre-globo-e-ferj-carioca-sera-exibido-de-forma-inedita\/\",\"name\":\"Sem acordo entre Globo e FERJ, Carioca ser\u00e1 exibido de forma in\u00e9dita\",\"isPartOf\":{\"@id\":\"https:\/\/www.gaveanews.com\/#website\"},\"primaryImageOfPage\":{\"@id\":\"https:\/\/www.gaveanews.com\/index.php\/2021\/02\/09\/sem-acordo-entre-globo-e-ferj-carioca-sera-exibido-de-forma-inedita\/#primaryimage\"},\"image\":{\"@id\":\"https:\/\/www.gaveanews.com\/index.php\/2021\/02\/09\/sem-acordo-entre-globo-e-ferj-carioca-sera-exibido-de-forma-inedita\/#primaryimage\"},\"thumbnailUrl\":\"https:\/\/www.gaveanews.com\/wp-content\/uploads\/2019\/04\/Logomarca-da-Rede-Globo.webp\",\"datePublished\":\"2021-02-09T18:58:13+00:00\",\"dateModified\":\"2021-08-12T03:48:24+00:00\",\"author\":{\"@id\":\"https:\/\/www.gaveanews.com\/#\/schema\/person\/714c67050b836198af2450ba1c142a67\"},\"description\":\"Frente \u00e0 situa\u00e7\u00e3o, a FERJ resolveu criar uma nova maneira de transmitir as partidas do campeonato estadual.\",\"breadcrumb\":{\"@id\":\"https:\/\/www.gaveanews.com\/index.php\/2021\/02\/09\/sem-acordo-entre-globo-e-ferj-carioca-sera-exibido-de-forma-inedita\/#breadcrumb\"},\"inLanguage\":\"pt-BR\",\"potentialAction\":[{\"@type\":\"ReadAction\",\"target\":[\"https:\/\/www.gaveanews.com\/index.php\/2021\/02\/09\/sem-acordo-entre-globo-e-ferj-carioca-sera-exibido-de-forma-inedita\/\"]}]},{\"@type\":\"ImageObject\",\"inLanguage\":\"pt-BR\",\"@id\":\"https:\/\/www.gaveanews.com\/index.php\/2021\/02\/09\/sem-acordo-entre-globo-e-ferj-carioca-sera-exibido-de-forma-inedita\/#primaryimage\",\"url\":\"https:\/\/www.gaveanews.com\/wp-content\/uploads\/2019\/04\/Logomarca-da-Rede-Globo.webp\",\"contentUrl\":\"https:\/\/www.gaveanews.com\/wp-content\/uploads\/2019\/04\/Logomarca-da-Rede-Globo.webp\",\"width\":1920,\"height\":1076,\"caption\":\"Logomarca da Rede Globo (Foto: Reprodu\u00e7\u00e3o)\"},{\"@type\":\"BreadcrumbList\",\"@id\":\"https:\/\/www.gaveanews.com\/index.php\/2021\/02\/09\/sem-acordo-entre-globo-e-ferj-carioca-sera-exibido-de-forma-inedita\/#breadcrumb\",\"itemListElement\":[{\"@type\":\"ListItem\",\"position\":1,\"name\":\"Home\",\"item\":\"https:\/\/www.gaveanews.com\/\"},{\"@type\":\"ListItem\",\"position\":2,\"name\":\"Sem acordo entre Globo e FERJ, Carioca ser\u00e1 exibido de forma in\u00e9dita\"}]},{\"@type\":\"WebSite\",\"@id\":\"https:\/\/www.gaveanews.com\/#website\",\"url\":\"https:\/\/www.gaveanews.com\/\",\"name\":\"G\u00e1vea News\",\"description\":\"Veja todas as not\u00edcias sobre o Flamengo: Contrata\u00e7\u00f5es, categorias de base, resultados das partidas, tabela de classifica\u00e7\u00e3o, pr\u00f3ximos jogos!\",\"potentialAction\":[{\"@type\":\"SearchAction\",\"target\":{\"@type\":\"EntryPoint\",\"urlTemplate\":\"https:\/\/www.gaveanews.com\/?s={search_term_string}\"},\"query-input\":{\"@type\":\"PropertyValueSpecification\",\"valueRequired\":true,\"valueName\":\"search_term_string\"}}],\"inLanguage\":\"pt-BR\"},{\"@type\":\"Person\",\"@id\":\"https:\/\/www.gaveanews.com\/#\/schema\/person\/714c67050b836198af2450ba1c142a67\",\"name\":\"Let\u00edcia Gerheim\",\"image\":{\"@type\":\"ImageObject\",\"inLanguage\":\"pt-BR\",\"@id\":\"https:\/\/www.gaveanews.com\/#\/schema\/person\/image\/\",\"url\":\"https:\/\/secure.gravatar.com\/avatar\/60734739c50fcebfbac509e2a826ccd0ff405c019bc73aab9354f19ecad1dcb4?s=96&d=mm&r=g\",\"contentUrl\":\"https:\/\/secure.gravatar.com\/avatar\/60734739c50fcebfbac509e2a826ccd0ff405c019bc73aab9354f19ecad1dcb4?s=96&d=mm&r=g\",\"caption\":\"Let\u00edcia Gerheim\"}}]}<\/script>\n<!-- \/ Yoast SEO Premium plugin. -->","yoast_head_json":{"title":"Sem acordo entre Globo e FERJ, Carioca ser\u00e1 exibido de forma in\u00e9dita","description":"Frente \u00e0 situa\u00e7\u00e3o, a FERJ resolveu criar uma nova maneira de transmitir as partidas do campeonato estadual.","robots":{"index":"index","follow":"follow","max-snippet":"max-snippet:-1","max-image-preview":"max-image-preview:large","max-video-preview":"max-video-preview:-1"},"canonical":"https:\/\/www.gaveanews.com\/index.php\/2021\/02\/09\/sem-acordo-entre-globo-e-ferj-carioca-sera-exibido-de-forma-inedita\/","og_locale":"pt_BR","og_type":"article","og_title":"Sem acordo entre Globo e FERJ, Carioca ser\u00e1 exibido de forma in\u00e9dita","og_description":"Frente \u00e0 situa\u00e7\u00e3o, a FERJ resolveu criar uma nova maneira de transmitir as partidas do campeonato estadual.","og_url":"https:\/\/www.gaveanews.com\/index.php\/2021\/02\/09\/sem-acordo-entre-globo-e-ferj-carioca-sera-exibido-de-forma-inedita\/","og_site_name":"G\u00e1vea News","article_publisher":"https:\/\/facebook.com\/gaveaNews\/","article_published_time":"2021-02-09T18:58:13+00:00","article_modified_time":"2021-08-12T03:48:24+00:00","og_image":[{"width":1920,"height":1076,"url":"https:\/\/www.gaveanews.com\/wp-content\/uploads\/2019\/04\/Logomarca-da-Rede-Globo.webp","type":"image\/png"}],"author":"Let\u00edcia Gerheim","twitter_card":"summary_large_image","twitter_misc":{"Escrito por":"Let\u00edcia Gerheim","Est. tempo de leitura":"1 minuto"},"schema":{"@context":"https:\/\/schema.org","@graph":[{"@type":"NewsArticle","@id":"https:\/\/www.gaveanews.com\/index.php\/2021\/02\/09\/sem-acordo-entre-globo-e-ferj-carioca-sera-exibido-de-forma-inedita\/#article","isPartOf":{"@id":"https:\/\/www.gaveanews.com\/index.php\/2021\/02\/09\/sem-acordo-entre-globo-e-ferj-carioca-sera-exibido-de-forma-inedita\/"},"author":{"name":"Let\u00edcia Gerheim","@id":"https:\/\/www.gaveanews.com\/#\/schema\/person\/714c67050b836198af2450ba1c142a67"},"headline":"Sem acordo entre Globo e FERJ, Carioca ser\u00e1 exibido de forma in\u00e9dita","datePublished":"2021-02-09T18:58:13+00:00","dateModified":"2021-08-12T03:48:24+00:00","mainEntityOfPage":{"@id":"https:\/\/www.gaveanews.com\/index.php\/2021\/02\/09\/sem-acordo-entre-globo-e-ferj-carioca-sera-exibido-de-forma-inedita\/"},"wordCount":283,"commentCount":32,"image":{"@id":"https:\/\/www.gaveanews.com\/index.php\/2021\/02\/09\/sem-acordo-entre-globo-e-ferj-carioca-sera-exibido-de-forma-inedita\/#primaryimage"},"thumbnailUrl":"https:\/\/www.gaveanews.com\/wp-content\/uploads\/2019\/04\/Logomarca-da-Rede-Globo.webp","articleSection":["Flamengo"],"inLanguage":"pt-BR","potentialAction":[{"@type":"CommentAction","name":"Comment","target":["https:\/\/www.gaveanews.com\/index.php\/2021\/02\/09\/sem-acordo-entre-globo-e-ferj-carioca-sera-exibido-de-forma-inedita\/#respond"]}],"copyrightYear":"2021","copyrightHolder":{"@id":"https:\/\/www.gaveanews.com\/#organization"}},{"@type":"WebPage","@id":"https:\/\/www.gaveanews.com\/index.php\/2021\/02\/09\/sem-acordo-entre-globo-e-ferj-carioca-sera-exibido-de-forma-inedita\/","url":"https:\/\/www.gaveanews.com\/index.php\/2021\/02\/09\/sem-acordo-entre-globo-e-ferj-carioca-sera-exibido-de-forma-inedita\/","name":"Sem acordo entre Globo e FERJ, Carioca ser\u00e1 exibido de forma in\u00e9dita","isPartOf":{"@id":"https:\/\/www.gaveanews.com\/#website"},"primaryImageOfPage":{"@id":"https:\/\/www.gaveanews.com\/index.php\/2021\/02\/09\/sem-acordo-entre-globo-e-ferj-carioca-sera-exibido-de-forma-inedita\/#primaryimage"},"image":{"@id":"https:\/\/www.gaveanews.com\/index.php\/2021\/02\/09\/sem-acordo-entre-globo-e-ferj-carioca-sera-exibido-de-forma-inedita\/#primaryimage"},"thumbnailUrl":"https:\/\/www.gaveanews.com\/wp-content\/uploads\/2019\/04\/Logomarca-da-Rede-Globo.webp","datePublished":"2021-02-09T18:58:13+00:00","dateModified":"2021-08-12T03:48:24+00:00","author":{"@id":"https:\/\/www.gaveanews.com\/#\/schema\/person\/714c67050b836198af2450ba1c142a67"},"description":"Frente \u00e0 situa\u00e7\u00e3o, a FERJ resolveu criar uma nova maneira de transmitir as partidas do campeonato estadual.","breadcrumb":{"@id":"https:\/\/www.gaveanews.com\/index.php\/2021\/02\/09\/sem-acordo-entre-globo-e-ferj-carioca-sera-exibido-de-forma-inedita\/#breadcrumb"},"inLanguage":"pt-BR","potentialAction":[{"@type":"ReadAction","target":["https:\/\/www.gaveanews.com\/index.php\/2021\/02\/09\/sem-acordo-entre-globo-e-ferj-carioca-sera-exibido-de-forma-inedita\/"]}]},{"@type":"ImageObject","inLanguage":"pt-BR","@id":"https:\/\/www.gaveanews.com\/index.php\/2021\/02\/09\/sem-acordo-entre-globo-e-ferj-carioca-sera-exibido-de-forma-inedita\/#primaryimage","url":"https:\/\/www.gaveanews.com\/wp-content\/uploads\/2019\/04\/Logomarca-da-Rede-Globo.webp","contentUrl":"https:\/\/www.gaveanews.com\/wp-content\/uploads\/2019\/04\/Logomarca-da-Rede-Globo.webp","width":1920,"height":1076,"caption":"Logomarca da Rede Globo (Foto: Reprodu\u00e7\u00e3o)"},{"@type":"BreadcrumbList","@id":"https:\/\/www.gaveanews.com\/index.php\/2021\/02\/09\/sem-acordo-entre-globo-e-ferj-carioca-sera-exibido-de-forma-inedita\/#breadcrumb","itemListElement":[{"@type":"ListItem","position":1,"name":"Home","item":"https:\/\/www.gaveanews.com\/"},{"@type":"ListItem","position":2,"name":"Sem acordo entre Globo e FERJ, Carioca ser\u00e1 exibido de forma in\u00e9dita"}]},{"@type":"WebSite","@id":"https:\/\/www.gaveanews.com\/#website","url":"https:\/\/www.gaveanews.com\/","name":"G\u00e1vea News","description":"Veja todas as not\u00edcias sobre o Flamengo: Contrata\u00e7\u00f5es, categorias de base, resultados das partidas, tabela de classifica\u00e7\u00e3o, pr\u00f3ximos jogos!","potentialAction":[{"@type":"SearchAction","target":{"@type":"EntryPoint","urlTemplate":"https:\/\/www.gaveanews.com\/?s={search_term_string}"},"query-input":{"@type":"PropertyValueSpecification","valueRequired":true,"valueName":"search_term_string"}}],"inLanguage":"pt-BR"},{"@type":"Person","@id":"https:\/\/www.gaveanews.com\/#\/schema\/person\/714c67050b836198af2450ba1c142a67","name":"Let\u00edcia Gerheim","image":{"@type":"ImageObject","inLanguage":"pt-BR","@id":"https:\/\/www.gaveanews.com\/#\/schema\/person\/image\/","url":"https:\/\/secure.gravatar.com\/avatar\/60734739c50fcebfbac509e2a826ccd0ff405c019bc73aab9354f19ecad1dcb4?s=96&d=mm&r=g","contentUrl":"https:\/\/secure.gravatar.com\/avatar\/60734739c50fcebfbac509e2a826ccd0ff405c019bc73aab9354f19ecad1dcb4?s=96&d=mm&r=g","caption":"Let\u00edcia Gerheim"}}]}},"_links":{"self":[{"href":"https:\/\/www.gaveanews.com\/index.php\/wp-json\/wp\/v2\/posts\/55923","targetHints":{"allow":["GET"]}}],"collection":[{"href":"https:\/\/www.gaveanews.com\/index.php\/wp-json\/wp\/v2\/posts"}],"about":[{"href":"https:\/\/www.gaveanews.com\/index.php\/wp-json\/wp\/v2\/types\/post"}],"author":[{"embeddable":true,"href":"https:\/\/www.gaveanews.com\/index.php\/wp-json\/wp\/v2\/users\/4"}],"replies":[{"embeddable":true,"href":"https:\/\/www.gaveanews.com\/index.php\/wp-json\/wp\/v2\/comments?post=55923"}],"version-history":[{"count":0,"href":"https:\/\/www.gaveanews.com\/index.php\/wp-json\/wp\/v2\/posts\/55923\/revisions"}],"wp:featuredmedia":[{"embeddable":true,"href":"https:\/\/www.gaveanews.com\/index.php\/wp-json\/wp\/v2\/media\/17043"}],"wp:attachment":[{"href":"https:\/\/www.gaveanews.com\/index.php\/wp-json\/wp\/v2\/media?parent=55923"}],"wp:term":[{"taxonomy":"category","embeddable":true,"href":"https:\/\/www.gaveanews.com\/index.php\/wp-json\/wp\/v2\/categories?post=55923"},{"taxonomy":"post_tag","embeddable":true,"href":"https:\/\/www.gaveanews.com\/index.php\/wp-json\/wp\/v2\/tags?post=55923"}],"curies":[{"name":"wp","href":"https:\/\/api.w.org\/{rel}","templated":true}]}}