{"id":56112,"date":"2021-02-13T17:40:00","date_gmt":"2021-02-13T20:40:00","guid":{"rendered":"https:\/\/www.gaveanews.com\/?p=56112"},"modified":"2021-02-13T15:26:58","modified_gmt":"2021-02-13T18:26:58","slug":"carabao-tera-que-pagar-divida-milionaria-ao-flamengo","status":"publish","type":"post","link":"https:\/\/www.gaveanews.com\/index.php\/2021\/02\/13\/carabao-tera-que-pagar-divida-milionaria-ao-flamengo\/","title":{"rendered":"Carabao ter\u00e1 que pagar d\u00edvida milion\u00e1ria ao Flamengo"},"content":{"rendered":"\n<p>A ju\u00edza Juliana Leal de Melo, da 9\u00aa Vara C\u00edvel do Tribunal de Justi\u00e7a do Estado do Rio de Janeiro (TJRJ), aceitou no fim da \u00faltima sexta-feira pedido do Flamengo e deu prazo de tr\u00eas dias para a Carabao, ex-patrocinadora do clube, pagar uma d\u00edvida de R$ 10.964.220,81 ao Rubro-Negro. O portal &#8216;Esporte News Mundo&#8217; teve acesso a detalhes do caso.<\/p>\n\n\n\n<p>O ENM antecipou o processo em setembro do ano passado. Na oportunidade, o Flamengo requereu que a empresa de energ\u00e9tico fosse obrigada a pagar a d\u00edvida no prazo de tr\u00eas dias e, caso n\u00e3o pagasse, que fosse determinada uma penhora nas contas da Carabao.<\/p>\n\n\n\n<p>E foi justamente esta a decis\u00e3o da magistratura. Cabe recurso para a Carabao. \u201cCite-se a parte executada para pagar a d\u00edvida no prazo de 03 (tr\u00eas) dias, contado da cita\u00e7\u00e3o (artigo 829 do CPC), constando do mandado ordem de penhora e a avalia\u00e7\u00e3o a serem cumpridas pelo oficial de justi\u00e7a t\u00e3o logo verificado o n\u00e3o pagamento no prazo assinalado, de tudo lavrando-se auto, com intima\u00e7\u00e3o do executado (artigo 829, \u00a7 1\u00ba do CPC)\u201d, decidiu a ju\u00edza, completando:<\/p>\n\n\n\n<p>\u201cFixo os honor\u00e1rios advocat\u00edcios em 10% (dez por cento) sobre o valor do d\u00e9bito, verba essa que ser\u00e1 reduzida pela metade caso a parte executada efetue o pagamento no prazo mencionado (artigo 827, \u00a7 1\u00ba do CPC). Eventuais embargos devem ser opostos no prazo de 15 (quinze), contado, conforme o caso, na forma do artigo 231 do CPC (artigo 915 do CPC). Cientifique-se a parte devedora de que, no prazo para embargos, reconhecendo o cr\u00e9dito da parte exequente e comprovando o dep\u00f3sito de trinta por cento do valor em execu\u00e7\u00e3o, acrescido de custas e de honor\u00e1rios de advogado, poder\u00e1 requerer que lhe seja permitido pagar o restante em at\u00e9 6 (seis) parcelas mensais, acrescidas de corre\u00e7\u00e3o monet\u00e1ria e de juros de um por cento ao m\u00eas (artigo 916 do CPC)\u201d.<\/p>\n\n\n\n<p>Flamengo e Carabao tiveram um contrato vigente por dois anos. Em 3 de dezembro de 2018, as partes assinaram uma rescis\u00e3o, onde a empresa pagaria ao clube o valor hist\u00f3rico de R$ 7.076.480,00, montante que a ent\u00e3o patrocinadora confessara dever ao Rubro-Negro. Seriam R$ 500 mil no ato da rescis\u00e3o e mais 36 parcelas de R$ 182.680,00.<\/p>\n\n\n\n<p>Entretanto, de acordo com o Flamengo nos autos, a Carabao n\u00e3o efetuou o pagamento de nenhuma parcela, o que fez o clube, agora, cobrar o vencimento antecipado das parcelas restantes, al\u00e9m dos c\u00e1lculos de juros e corre\u00e7\u00e3o monet\u00e1ria. Uma multa de 5% tamb\u00e9m foi aplicada ao caso.<\/p>\n\n\n\n<p>Retirado de: Esporte News Mundo<\/p>\n","protected":false},"excerpt":{"rendered":"<p>A ju\u00edza Juliana Leal de Melo, da 9\u00aa Vara C\u00edvel do Tribunal de Justi\u00e7a do Estado do Rio de Janeiro (TJRJ), aceitou no fim da \u00faltima sexta-feira pedido do Flamengo e deu prazo de tr\u00eas dias para a Carabao, ex-patrocinadora do clube, pagar uma d\u00edvida de R$ 10.964.220,81 ao Rubro-Negro. O portal &#8216;Esporte News Mundo&#8217; [&hellip;]<\/p>\n","protected":false},"author":1,"featured_media":47436,"comment_status":"open","ping_status":"closed","sticky":false,"template":"","format":"standard","meta":{"footnotes":""},"categories":[1],"tags":[],"class_list":["post-56112","post","type-post","status-publish","format-standard","has-post-thumbnail","hentry","category-flamengo"],"yoast_head":"<!-- This site is optimized with the Yoast SEO Premium plugin v24.2 (Yoast SEO v26.9) - https:\/\/yoast.com\/product\/yoast-seo-premium-wordpress\/ -->\n<title>Carabao ter\u00e1 que pagar d\u00edvida milion\u00e1ria ao Flamengo<\/title>\n<meta name=\"description\" content=\"A ju\u00edza Juliana Leal de Melo, da 9\u00aa Vara C\u00edvel do Tribunal de Justi\u00e7a do Rio de Janeiro, aceitou no fim da \u00faltima sexta pedido do Flamengo.\" \/>\n<meta name=\"robots\" content=\"index, follow, max-snippet:-1, max-image-preview:large, max-video-preview:-1\" \/>\n<link rel=\"canonical\" href=\"https:\/\/www.gaveanews.com\/index.php\/2021\/02\/13\/carabao-tera-que-pagar-divida-milionaria-ao-flamengo\/\" \/>\n<meta property=\"og:locale\" content=\"pt_BR\" \/>\n<meta property=\"og:type\" content=\"article\" \/>\n<meta property=\"og:title\" content=\"Carabao ter\u00e1 que pagar d\u00edvida milion\u00e1ria ao Flamengo\" \/>\n<meta property=\"og:description\" content=\"A ju\u00edza Juliana Leal de Melo, da 9\u00aa Vara C\u00edvel do Tribunal de Justi\u00e7a do Rio de Janeiro, aceitou no fim da \u00faltima sexta pedido do Flamengo.\" \/>\n<meta property=\"og:url\" content=\"https:\/\/www.gaveanews.com\/index.php\/2021\/02\/13\/carabao-tera-que-pagar-divida-milionaria-ao-flamengo\/\" \/>\n<meta property=\"og:site_name\" content=\"G\u00e1vea News\" \/>\n<meta property=\"article:publisher\" content=\"https:\/\/facebook.com\/gaveaNews\/\" \/>\n<meta property=\"article:published_time\" content=\"2021-02-13T20:40:00+00:00\" \/>\n<meta property=\"og:image\" content=\"https:\/\/www.gaveanews.com\/wp-content\/uploads\/Bandeira-de-Mello-durante-coletiva-no-Flamengo.webp\" \/>\n\t<meta property=\"og:image:width\" content=\"1086\" \/>\n\t<meta property=\"og:image:height\" content=\"652\" \/>\n\t<meta property=\"og:image:type\" content=\"image\/jpeg\" \/>\n<meta name=\"author\" content=\"Equipe G\u00e1vea News\" \/>\n<meta name=\"twitter:card\" content=\"summary_large_image\" \/>\n<meta name=\"twitter:label1\" content=\"Escrito por\" \/>\n\t<meta name=\"twitter:data1\" content=\"Equipe G\u00e1vea News\" \/>\n\t<meta name=\"twitter:label2\" content=\"Est. tempo de leitura\" \/>\n\t<meta name=\"twitter:data2\" content=\"2 minutos\" \/>\n<script type=\"application\/ld+json\" class=\"yoast-schema-graph\">{\"@context\":\"https:\/\/schema.org\",\"@graph\":[{\"@type\":\"NewsArticle\",\"@id\":\"https:\/\/www.gaveanews.com\/index.php\/2021\/02\/13\/carabao-tera-que-pagar-divida-milionaria-ao-flamengo\/#article\",\"isPartOf\":{\"@id\":\"https:\/\/www.gaveanews.com\/index.php\/2021\/02\/13\/carabao-tera-que-pagar-divida-milionaria-ao-flamengo\/\"},\"author\":{\"name\":\"Equipe G\u00e1vea News\",\"@id\":\"https:\/\/www.gaveanews.com\/#\/schema\/person\/2ec14f73fb96be2caf28f91afb14749d\"},\"headline\":\"Carabao ter\u00e1 que pagar d\u00edvida milion\u00e1ria ao Flamengo\",\"datePublished\":\"2021-02-13T20:40:00+00:00\",\"mainEntityOfPage\":{\"@id\":\"https:\/\/www.gaveanews.com\/index.php\/2021\/02\/13\/carabao-tera-que-pagar-divida-milionaria-ao-flamengo\/\"},\"wordCount\":447,\"commentCount\":4,\"image\":{\"@id\":\"https:\/\/www.gaveanews.com\/index.php\/2021\/02\/13\/carabao-tera-que-pagar-divida-milionaria-ao-flamengo\/#primaryimage\"},\"thumbnailUrl\":\"https:\/\/www.gaveanews.com\/wp-content\/uploads\/Bandeira-de-Mello-durante-coletiva-no-Flamengo.webp\",\"articleSection\":[\"Flamengo\"],\"inLanguage\":\"pt-BR\",\"potentialAction\":[{\"@type\":\"CommentAction\",\"name\":\"Comment\",\"target\":[\"https:\/\/www.gaveanews.com\/index.php\/2021\/02\/13\/carabao-tera-que-pagar-divida-milionaria-ao-flamengo\/#respond\"]}],\"copyrightYear\":\"2021\",\"copyrightHolder\":{\"@id\":\"https:\/\/www.gaveanews.com\/#organization\"}},{\"@type\":\"WebPage\",\"@id\":\"https:\/\/www.gaveanews.com\/index.php\/2021\/02\/13\/carabao-tera-que-pagar-divida-milionaria-ao-flamengo\/\",\"url\":\"https:\/\/www.gaveanews.com\/index.php\/2021\/02\/13\/carabao-tera-que-pagar-divida-milionaria-ao-flamengo\/\",\"name\":\"Carabao ter\u00e1 que pagar d\u00edvida milion\u00e1ria ao Flamengo\",\"isPartOf\":{\"@id\":\"https:\/\/www.gaveanews.com\/#website\"},\"primaryImageOfPage\":{\"@id\":\"https:\/\/www.gaveanews.com\/index.php\/2021\/02\/13\/carabao-tera-que-pagar-divida-milionaria-ao-flamengo\/#primaryimage\"},\"image\":{\"@id\":\"https:\/\/www.gaveanews.com\/index.php\/2021\/02\/13\/carabao-tera-que-pagar-divida-milionaria-ao-flamengo\/#primaryimage\"},\"thumbnailUrl\":\"https:\/\/www.gaveanews.com\/wp-content\/uploads\/Bandeira-de-Mello-durante-coletiva-no-Flamengo.webp\",\"datePublished\":\"2021-02-13T20:40:00+00:00\",\"author\":{\"@id\":\"https:\/\/www.gaveanews.com\/#\/schema\/person\/2ec14f73fb96be2caf28f91afb14749d\"},\"description\":\"A ju\u00edza Juliana Leal de Melo, da 9\u00aa Vara C\u00edvel do Tribunal de Justi\u00e7a do Rio de Janeiro, aceitou no fim da \u00faltima sexta pedido do Flamengo.\",\"breadcrumb\":{\"@id\":\"https:\/\/www.gaveanews.com\/index.php\/2021\/02\/13\/carabao-tera-que-pagar-divida-milionaria-ao-flamengo\/#breadcrumb\"},\"inLanguage\":\"pt-BR\",\"potentialAction\":[{\"@type\":\"ReadAction\",\"target\":[\"https:\/\/www.gaveanews.com\/index.php\/2021\/02\/13\/carabao-tera-que-pagar-divida-milionaria-ao-flamengo\/\"]}]},{\"@type\":\"ImageObject\",\"inLanguage\":\"pt-BR\",\"@id\":\"https:\/\/www.gaveanews.com\/index.php\/2021\/02\/13\/carabao-tera-que-pagar-divida-milionaria-ao-flamengo\/#primaryimage\",\"url\":\"https:\/\/www.gaveanews.com\/wp-content\/uploads\/Bandeira-de-Mello-durante-coletiva-no-Flamengo.webp\",\"contentUrl\":\"https:\/\/www.gaveanews.com\/wp-content\/uploads\/Bandeira-de-Mello-durante-coletiva-no-Flamengo.webp\",\"width\":1086,\"height\":652,\"caption\":\"Bandeira de Mello durante coletiva no Flamengo (Foto: Divulga\u00e7\u00e3o)\"},{\"@type\":\"BreadcrumbList\",\"@id\":\"https:\/\/www.gaveanews.com\/index.php\/2021\/02\/13\/carabao-tera-que-pagar-divida-milionaria-ao-flamengo\/#breadcrumb\",\"itemListElement\":[{\"@type\":\"ListItem\",\"position\":1,\"name\":\"Home\",\"item\":\"https:\/\/www.gaveanews.com\/\"},{\"@type\":\"ListItem\",\"position\":2,\"name\":\"Carabao ter\u00e1 que pagar d\u00edvida milion\u00e1ria ao Flamengo\"}]},{\"@type\":\"WebSite\",\"@id\":\"https:\/\/www.gaveanews.com\/#website\",\"url\":\"https:\/\/www.gaveanews.com\/\",\"name\":\"G\u00e1vea News\",\"description\":\"Veja todas as not\u00edcias sobre o Flamengo: Contrata\u00e7\u00f5es, categorias de base, resultados das partidas, tabela de classifica\u00e7\u00e3o, pr\u00f3ximos jogos!\",\"potentialAction\":[{\"@type\":\"SearchAction\",\"target\":{\"@type\":\"EntryPoint\",\"urlTemplate\":\"https:\/\/www.gaveanews.com\/?s={search_term_string}\"},\"query-input\":{\"@type\":\"PropertyValueSpecification\",\"valueRequired\":true,\"valueName\":\"search_term_string\"}}],\"inLanguage\":\"pt-BR\"},{\"@type\":\"Person\",\"@id\":\"https:\/\/www.gaveanews.com\/#\/schema\/person\/2ec14f73fb96be2caf28f91afb14749d\",\"name\":\"Equipe G\u00e1vea News\",\"image\":{\"@type\":\"ImageObject\",\"inLanguage\":\"pt-BR\",\"@id\":\"https:\/\/www.gaveanews.com\/#\/schema\/person\/image\/\",\"url\":\"https:\/\/secure.gravatar.com\/avatar\/1e1956f1facbffd3f8fa53a326721950116b3b9dc9bd44939c01180fd4a745a9?s=96&d=mm&r=g\",\"contentUrl\":\"https:\/\/secure.gravatar.com\/avatar\/1e1956f1facbffd3f8fa53a326721950116b3b9dc9bd44939c01180fd4a745a9?s=96&d=mm&r=g\",\"caption\":\"Equipe G\u00e1vea News\"}}]}<\/script>\n<!-- \/ Yoast SEO Premium plugin. -->","yoast_head_json":{"title":"Carabao ter\u00e1 que pagar d\u00edvida milion\u00e1ria ao Flamengo","description":"A ju\u00edza Juliana Leal de Melo, da 9\u00aa Vara C\u00edvel do Tribunal de Justi\u00e7a do Rio de Janeiro, aceitou no fim da \u00faltima sexta pedido do Flamengo.","robots":{"index":"index","follow":"follow","max-snippet":"max-snippet:-1","max-image-preview":"max-image-preview:large","max-video-preview":"max-video-preview:-1"},"canonical":"https:\/\/www.gaveanews.com\/index.php\/2021\/02\/13\/carabao-tera-que-pagar-divida-milionaria-ao-flamengo\/","og_locale":"pt_BR","og_type":"article","og_title":"Carabao ter\u00e1 que pagar d\u00edvida milion\u00e1ria ao Flamengo","og_description":"A ju\u00edza Juliana Leal de Melo, da 9\u00aa Vara C\u00edvel do Tribunal de Justi\u00e7a do Rio de Janeiro, aceitou no fim da \u00faltima sexta pedido do Flamengo.","og_url":"https:\/\/www.gaveanews.com\/index.php\/2021\/02\/13\/carabao-tera-que-pagar-divida-milionaria-ao-flamengo\/","og_site_name":"G\u00e1vea News","article_publisher":"https:\/\/facebook.com\/gaveaNews\/","article_published_time":"2021-02-13T20:40:00+00:00","og_image":[{"width":1086,"height":652,"url":"https:\/\/www.gaveanews.com\/wp-content\/uploads\/Bandeira-de-Mello-durante-coletiva-no-Flamengo.webp","type":"image\/jpeg"}],"author":"Equipe G\u00e1vea News","twitter_card":"summary_large_image","twitter_misc":{"Escrito por":"Equipe G\u00e1vea News","Est. tempo de leitura":"2 minutos"},"schema":{"@context":"https:\/\/schema.org","@graph":[{"@type":"NewsArticle","@id":"https:\/\/www.gaveanews.com\/index.php\/2021\/02\/13\/carabao-tera-que-pagar-divida-milionaria-ao-flamengo\/#article","isPartOf":{"@id":"https:\/\/www.gaveanews.com\/index.php\/2021\/02\/13\/carabao-tera-que-pagar-divida-milionaria-ao-flamengo\/"},"author":{"name":"Equipe G\u00e1vea News","@id":"https:\/\/www.gaveanews.com\/#\/schema\/person\/2ec14f73fb96be2caf28f91afb14749d"},"headline":"Carabao ter\u00e1 que pagar d\u00edvida milion\u00e1ria ao Flamengo","datePublished":"2021-02-13T20:40:00+00:00","mainEntityOfPage":{"@id":"https:\/\/www.gaveanews.com\/index.php\/2021\/02\/13\/carabao-tera-que-pagar-divida-milionaria-ao-flamengo\/"},"wordCount":447,"commentCount":4,"image":{"@id":"https:\/\/www.gaveanews.com\/index.php\/2021\/02\/13\/carabao-tera-que-pagar-divida-milionaria-ao-flamengo\/#primaryimage"},"thumbnailUrl":"https:\/\/www.gaveanews.com\/wp-content\/uploads\/Bandeira-de-Mello-durante-coletiva-no-Flamengo.webp","articleSection":["Flamengo"],"inLanguage":"pt-BR","potentialAction":[{"@type":"CommentAction","name":"Comment","target":["https:\/\/www.gaveanews.com\/index.php\/2021\/02\/13\/carabao-tera-que-pagar-divida-milionaria-ao-flamengo\/#respond"]}],"copyrightYear":"2021","copyrightHolder":{"@id":"https:\/\/www.gaveanews.com\/#organization"}},{"@type":"WebPage","@id":"https:\/\/www.gaveanews.com\/index.php\/2021\/02\/13\/carabao-tera-que-pagar-divida-milionaria-ao-flamengo\/","url":"https:\/\/www.gaveanews.com\/index.php\/2021\/02\/13\/carabao-tera-que-pagar-divida-milionaria-ao-flamengo\/","name":"Carabao ter\u00e1 que pagar d\u00edvida milion\u00e1ria ao Flamengo","isPartOf":{"@id":"https:\/\/www.gaveanews.com\/#website"},"primaryImageOfPage":{"@id":"https:\/\/www.gaveanews.com\/index.php\/2021\/02\/13\/carabao-tera-que-pagar-divida-milionaria-ao-flamengo\/#primaryimage"},"image":{"@id":"https:\/\/www.gaveanews.com\/index.php\/2021\/02\/13\/carabao-tera-que-pagar-divida-milionaria-ao-flamengo\/#primaryimage"},"thumbnailUrl":"https:\/\/www.gaveanews.com\/wp-content\/uploads\/Bandeira-de-Mello-durante-coletiva-no-Flamengo.webp","datePublished":"2021-02-13T20:40:00+00:00","author":{"@id":"https:\/\/www.gaveanews.com\/#\/schema\/person\/2ec14f73fb96be2caf28f91afb14749d"},"description":"A ju\u00edza Juliana Leal de Melo, da 9\u00aa Vara C\u00edvel do Tribunal de Justi\u00e7a do Rio de Janeiro, aceitou no fim da \u00faltima sexta pedido do Flamengo.","breadcrumb":{"@id":"https:\/\/www.gaveanews.com\/index.php\/2021\/02\/13\/carabao-tera-que-pagar-divida-milionaria-ao-flamengo\/#breadcrumb"},"inLanguage":"pt-BR","potentialAction":[{"@type":"ReadAction","target":["https:\/\/www.gaveanews.com\/index.php\/2021\/02\/13\/carabao-tera-que-pagar-divida-milionaria-ao-flamengo\/"]}]},{"@type":"ImageObject","inLanguage":"pt-BR","@id":"https:\/\/www.gaveanews.com\/index.php\/2021\/02\/13\/carabao-tera-que-pagar-divida-milionaria-ao-flamengo\/#primaryimage","url":"https:\/\/www.gaveanews.com\/wp-content\/uploads\/Bandeira-de-Mello-durante-coletiva-no-Flamengo.webp","contentUrl":"https:\/\/www.gaveanews.com\/wp-content\/uploads\/Bandeira-de-Mello-durante-coletiva-no-Flamengo.webp","width":1086,"height":652,"caption":"Bandeira de Mello durante coletiva no Flamengo (Foto: Divulga\u00e7\u00e3o)"},{"@type":"BreadcrumbList","@id":"https:\/\/www.gaveanews.com\/index.php\/2021\/02\/13\/carabao-tera-que-pagar-divida-milionaria-ao-flamengo\/#breadcrumb","itemListElement":[{"@type":"ListItem","position":1,"name":"Home","item":"https:\/\/www.gaveanews.com\/"},{"@type":"ListItem","position":2,"name":"Carabao ter\u00e1 que pagar d\u00edvida milion\u00e1ria ao Flamengo"}]},{"@type":"WebSite","@id":"https:\/\/www.gaveanews.com\/#website","url":"https:\/\/www.gaveanews.com\/","name":"G\u00e1vea News","description":"Veja todas as not\u00edcias sobre o Flamengo: Contrata\u00e7\u00f5es, categorias de base, resultados das partidas, tabela de classifica\u00e7\u00e3o, pr\u00f3ximos jogos!","potentialAction":[{"@type":"SearchAction","target":{"@type":"EntryPoint","urlTemplate":"https:\/\/www.gaveanews.com\/?s={search_term_string}"},"query-input":{"@type":"PropertyValueSpecification","valueRequired":true,"valueName":"search_term_string"}}],"inLanguage":"pt-BR"},{"@type":"Person","@id":"https:\/\/www.gaveanews.com\/#\/schema\/person\/2ec14f73fb96be2caf28f91afb14749d","name":"Equipe G\u00e1vea News","image":{"@type":"ImageObject","inLanguage":"pt-BR","@id":"https:\/\/www.gaveanews.com\/#\/schema\/person\/image\/","url":"https:\/\/secure.gravatar.com\/avatar\/1e1956f1facbffd3f8fa53a326721950116b3b9dc9bd44939c01180fd4a745a9?s=96&d=mm&r=g","contentUrl":"https:\/\/secure.gravatar.com\/avatar\/1e1956f1facbffd3f8fa53a326721950116b3b9dc9bd44939c01180fd4a745a9?s=96&d=mm&r=g","caption":"Equipe G\u00e1vea News"}}]}},"_links":{"self":[{"href":"https:\/\/www.gaveanews.com\/index.php\/wp-json\/wp\/v2\/posts\/56112","targetHints":{"allow":["GET"]}}],"collection":[{"href":"https:\/\/www.gaveanews.com\/index.php\/wp-json\/wp\/v2\/posts"}],"about":[{"href":"https:\/\/www.gaveanews.com\/index.php\/wp-json\/wp\/v2\/types\/post"}],"author":[{"embeddable":true,"href":"https:\/\/www.gaveanews.com\/index.php\/wp-json\/wp\/v2\/users\/1"}],"replies":[{"embeddable":true,"href":"https:\/\/www.gaveanews.com\/index.php\/wp-json\/wp\/v2\/comments?post=56112"}],"version-history":[{"count":0,"href":"https:\/\/www.gaveanews.com\/index.php\/wp-json\/wp\/v2\/posts\/56112\/revisions"}],"wp:featuredmedia":[{"embeddable":true,"href":"https:\/\/www.gaveanews.com\/index.php\/wp-json\/wp\/v2\/media\/47436"}],"wp:attachment":[{"href":"https:\/\/www.gaveanews.com\/index.php\/wp-json\/wp\/v2\/media?parent=56112"}],"wp:term":[{"taxonomy":"category","embeddable":true,"href":"https:\/\/www.gaveanews.com\/index.php\/wp-json\/wp\/v2\/categories?post=56112"},{"taxonomy":"post_tag","embeddable":true,"href":"https:\/\/www.gaveanews.com\/index.php\/wp-json\/wp\/v2\/tags?post=56112"}],"curies":[{"name":"wp","href":"https:\/\/api.w.org\/{rel}","templated":true}]}}