{"id":56115,"date":"2021-02-13T18:06:01","date_gmt":"2021-02-13T21:06:01","guid":{"rendered":"https:\/\/www.gaveanews.com\/?p=56115"},"modified":"2021-02-13T18:06:03","modified_gmt":"2021-02-13T21:06:03","slug":"dirigente-do-flamengo-rebate-declaracoes-de-vice-do-vasco-e-ironiza","status":"publish","type":"post","link":"https:\/\/www.gaveanews.com\/index.php\/2021\/02\/13\/dirigente-do-flamengo-rebate-declaracoes-de-vice-do-vasco-e-ironiza\/","title":{"rendered":"Dirigente do Flamengo rebate declara\u00e7\u00f5es de vice do Vasco e ironiza"},"content":{"rendered":"\n<p>O vice-presidente jur\u00eddico do Flamengo, Rodrigo Dunshee, rebateu as cr\u00edticas feitas pelo vice geral do Vasco, Carlos Roberto Os\u00f3rio, sobre os direitos de transmiss\u00e3o do Campeonato Carioca. O dirigente vasca\u00ednos havia responsabilizado o Rubro-Negro pela redu\u00e7\u00e3o dos valores recebidos pelos clubes cariocas com a ruptura do contrato com a Rede Globo e a assinatura do novo v\u00ednculo com a Record. A emissora de Edir Macedo ir\u00e1 pagar cerca de R$ 21 milh\u00f5es por 2021 e R$ 15 milh\u00f5es por 2022.<\/p>\n\n\n\n<p>Em entrevista \u00e0 Super R\u00e1dio Tupi, o dirigente do Flamengo afirmou que o clube da G\u00e1vea n\u00e3o pode ser responsabilizado pela op\u00e7\u00e3o da Rede Globo de rescindir o contrato de forma completa. Al\u00e9m disso, o vice jur\u00eddico ainda fez cr\u00edticas ao processo eleitoral vasca\u00edno.<\/p>\n\n\n\n<p>&#8220;Tomei conhecimento das declara\u00e7\u00f5es do Carlos Roberto Os\u00f3rio, dizendo que o Flamengo implodiu o contrato com o Campeonato Carioca. Acho que foi de uma descortesia enorme. Um rapaz que est\u00e1 chegando agora no Vasco, em uma elei\u00e7\u00e3o conturbada, que ainda est\u00e1 sub judice. Veio falar de fatos pret\u00e9ritos \u00e0 gest\u00e3o que ele acabou de entrar, fatos que ele n\u00e3o tem conhecimento pleno. Ent\u00e3o, \u00e9 aquela hist\u00f3ria do Rom\u00e1rio: acabou de chegar e quer pilotar o \u00f4nibus, sentar na janela. N\u00e3o \u00e9 assim que funciona. Na verdade, o Flamengo n\u00e3o implodiu contrato, pois n\u00e3o tinha. Talvez ele n\u00e3o saiba, n\u00e9? Como o Flamengo vai implodir um contrato que n\u00e3o tem? A Globo tinha um contrato considerado bom para os outros clubes, mas n\u00e3o tinha o Flamengo. O que levou a Globo a rescindir o contrato por n\u00e3o fazer sentido pagar o que pagava sem ter o Flamengo. Isso \u00e9 publico e not\u00f3rio. Por isso a Globo rescindiu&#8221;, disse.<\/p>\n\n\n\n<p>Al\u00e9m disso, Rodrigo Dunshee ironizou o atual momento do Vasco. Na opini\u00e3o do dirigente rubro-negro, o atual momento do Vasco impede que o clube da Colina possa ser visto como uma equipe que rivaliza com o Flamengo nas competi\u00e7\u00f5es.<\/p>\n\n\n\n<p>&#8220;Fico com pena, pois fui criado com esse rapaz (Os\u00f3rio) por muitos anos, estudamos no mesmo col\u00e9gio. Ele chega para ofender o nosso clube chamando de \u201crival\u201d. Na verdade, o Flamengo n\u00e3o est\u00e1 rivalizando com o Vasco h\u00e1 muito tempo. Achei que ele chegaria para melhorar com um discurso de mais uni\u00e3o entre os clubes, mas estou vendo que \u00e9 mais do mesmo, estilo Eurico. O Flamengo est\u00e1 sempre aberto ao di\u00e1logo. Espero que ele tenha mais educa\u00e7\u00e3o das pr\u00f3ximas vezes e se informe melhor&#8221;. concluiu.<\/p>\n\n\n\n<p>Retirado de: O Dia<\/p>\n","protected":false},"excerpt":{"rendered":"<p>O vice-presidente jur\u00eddico do Flamengo, Rodrigo Dunshee, rebateu as cr\u00edticas feitas pelo vice geral do Vasco, Carlos Roberto Os\u00f3rio, sobre os direitos de transmiss\u00e3o do Campeonato Carioca. O dirigente vasca\u00ednos havia responsabilizado o Rubro-Negro pela redu\u00e7\u00e3o dos valores recebidos pelos clubes cariocas com a ruptura do contrato com a Rede Globo e a assinatura do [&hellip;]<\/p>\n","protected":false},"author":1,"featured_media":41279,"comment_status":"open","ping_status":"closed","sticky":false,"template":"","format":"standard","meta":{"footnotes":""},"categories":[47],"tags":[],"class_list":["post-56115","post","type-post","status-publish","format-standard","has-post-thumbnail","hentry","category-destaques"],"yoast_head":"<!-- This site is optimized with the Yoast SEO Premium plugin v24.2 (Yoast SEO v26.9) - https:\/\/yoast.com\/product\/yoast-seo-premium-wordpress\/ -->\n<title>Dirigente do Flamengo rebate declara\u00e7\u00f5es de vice do Vasco e ironiza<\/title>\n<meta name=\"description\" content=\"Em entrevista \u00e0 Super R\u00e1dio Tupi, Rodrigo Dunshee ironizou o atual momento do Vasco no Campeonato Brasileiro.\" \/>\n<meta name=\"robots\" content=\"index, follow, max-snippet:-1, max-image-preview:large, max-video-preview:-1\" \/>\n<link rel=\"canonical\" href=\"https:\/\/www.gaveanews.com\/index.php\/2021\/02\/13\/dirigente-do-flamengo-rebate-declaracoes-de-vice-do-vasco-e-ironiza\/\" \/>\n<meta property=\"og:locale\" content=\"pt_BR\" \/>\n<meta property=\"og:type\" content=\"article\" \/>\n<meta property=\"og:title\" content=\"Dirigente do Flamengo rebate declara\u00e7\u00f5es de vice do Vasco e ironiza\" \/>\n<meta property=\"og:description\" content=\"Em entrevista \u00e0 Super R\u00e1dio Tupi, Rodrigo Dunshee ironizou o atual momento do Vasco no Campeonato Brasileiro.\" \/>\n<meta property=\"og:url\" content=\"https:\/\/www.gaveanews.com\/index.php\/2021\/02\/13\/dirigente-do-flamengo-rebate-declaracoes-de-vice-do-vasco-e-ironiza\/\" \/>\n<meta property=\"og:site_name\" content=\"G\u00e1vea News\" \/>\n<meta property=\"article:publisher\" content=\"https:\/\/facebook.com\/gaveaNews\/\" \/>\n<meta property=\"article:published_time\" content=\"2021-02-13T21:06:01+00:00\" \/>\n<meta property=\"article:modified_time\" content=\"2021-02-13T21:06:03+00:00\" \/>\n<meta property=\"og:image\" content=\"https:\/\/www.gaveanews.com\/wp-content\/uploads\/Reinaldo-Belotti-esquerda-Rodolfo-Landim-centro-e-Rodrigo-Dunshee-de-Abranches-direita.webp\" \/>\n\t<meta property=\"og:image:width\" content=\"1920\" \/>\n\t<meta property=\"og:image:height\" content=\"1277\" \/>\n\t<meta property=\"og:image:type\" content=\"image\/jpeg\" \/>\n<meta name=\"author\" content=\"Equipe G\u00e1vea News\" \/>\n<meta name=\"twitter:card\" content=\"summary_large_image\" \/>\n<meta name=\"twitter:label1\" content=\"Escrito por\" \/>\n\t<meta name=\"twitter:data1\" content=\"Equipe G\u00e1vea News\" \/>\n\t<meta name=\"twitter:label2\" content=\"Est. tempo de leitura\" \/>\n\t<meta name=\"twitter:data2\" content=\"2 minutos\" \/>\n<script type=\"application\/ld+json\" class=\"yoast-schema-graph\">{\"@context\":\"https:\/\/schema.org\",\"@graph\":[{\"@type\":\"NewsArticle\",\"@id\":\"https:\/\/www.gaveanews.com\/index.php\/2021\/02\/13\/dirigente-do-flamengo-rebate-declaracoes-de-vice-do-vasco-e-ironiza\/#article\",\"isPartOf\":{\"@id\":\"https:\/\/www.gaveanews.com\/index.php\/2021\/02\/13\/dirigente-do-flamengo-rebate-declaracoes-de-vice-do-vasco-e-ironiza\/\"},\"author\":{\"name\":\"Equipe G\u00e1vea News\",\"@id\":\"https:\/\/www.gaveanews.com\/#\/schema\/person\/2ec14f73fb96be2caf28f91afb14749d\"},\"headline\":\"Dirigente do Flamengo rebate declara\u00e7\u00f5es de vice do Vasco e ironiza\",\"datePublished\":\"2021-02-13T21:06:01+00:00\",\"dateModified\":\"2021-02-13T21:06:03+00:00\",\"mainEntityOfPage\":{\"@id\":\"https:\/\/www.gaveanews.com\/index.php\/2021\/02\/13\/dirigente-do-flamengo-rebate-declaracoes-de-vice-do-vasco-e-ironiza\/\"},\"wordCount\":456,\"commentCount\":18,\"image\":{\"@id\":\"https:\/\/www.gaveanews.com\/index.php\/2021\/02\/13\/dirigente-do-flamengo-rebate-declaracoes-de-vice-do-vasco-e-ironiza\/#primaryimage\"},\"thumbnailUrl\":\"https:\/\/www.gaveanews.com\/wp-content\/uploads\/Reinaldo-Belotti-esquerda-Rodolfo-Landim-centro-e-Rodrigo-Dunshee-de-Abranches-direita.webp\",\"articleSection\":[\"Destaques\"],\"inLanguage\":\"pt-BR\",\"potentialAction\":[{\"@type\":\"CommentAction\",\"name\":\"Comment\",\"target\":[\"https:\/\/www.gaveanews.com\/index.php\/2021\/02\/13\/dirigente-do-flamengo-rebate-declaracoes-de-vice-do-vasco-e-ironiza\/#respond\"]}],\"copyrightYear\":\"2021\",\"copyrightHolder\":{\"@id\":\"https:\/\/www.gaveanews.com\/#organization\"}},{\"@type\":\"WebPage\",\"@id\":\"https:\/\/www.gaveanews.com\/index.php\/2021\/02\/13\/dirigente-do-flamengo-rebate-declaracoes-de-vice-do-vasco-e-ironiza\/\",\"url\":\"https:\/\/www.gaveanews.com\/index.php\/2021\/02\/13\/dirigente-do-flamengo-rebate-declaracoes-de-vice-do-vasco-e-ironiza\/\",\"name\":\"Dirigente do Flamengo rebate declara\u00e7\u00f5es de vice do Vasco e ironiza\",\"isPartOf\":{\"@id\":\"https:\/\/www.gaveanews.com\/#website\"},\"primaryImageOfPage\":{\"@id\":\"https:\/\/www.gaveanews.com\/index.php\/2021\/02\/13\/dirigente-do-flamengo-rebate-declaracoes-de-vice-do-vasco-e-ironiza\/#primaryimage\"},\"image\":{\"@id\":\"https:\/\/www.gaveanews.com\/index.php\/2021\/02\/13\/dirigente-do-flamengo-rebate-declaracoes-de-vice-do-vasco-e-ironiza\/#primaryimage\"},\"thumbnailUrl\":\"https:\/\/www.gaveanews.com\/wp-content\/uploads\/Reinaldo-Belotti-esquerda-Rodolfo-Landim-centro-e-Rodrigo-Dunshee-de-Abranches-direita.webp\",\"datePublished\":\"2021-02-13T21:06:01+00:00\",\"dateModified\":\"2021-02-13T21:06:03+00:00\",\"author\":{\"@id\":\"https:\/\/www.gaveanews.com\/#\/schema\/person\/2ec14f73fb96be2caf28f91afb14749d\"},\"description\":\"Em entrevista \u00e0 Super R\u00e1dio Tupi, Rodrigo Dunshee ironizou o atual momento do Vasco no Campeonato Brasileiro.\",\"breadcrumb\":{\"@id\":\"https:\/\/www.gaveanews.com\/index.php\/2021\/02\/13\/dirigente-do-flamengo-rebate-declaracoes-de-vice-do-vasco-e-ironiza\/#breadcrumb\"},\"inLanguage\":\"pt-BR\",\"potentialAction\":[{\"@type\":\"ReadAction\",\"target\":[\"https:\/\/www.gaveanews.com\/index.php\/2021\/02\/13\/dirigente-do-flamengo-rebate-declaracoes-de-vice-do-vasco-e-ironiza\/\"]}]},{\"@type\":\"ImageObject\",\"inLanguage\":\"pt-BR\",\"@id\":\"https:\/\/www.gaveanews.com\/index.php\/2021\/02\/13\/dirigente-do-flamengo-rebate-declaracoes-de-vice-do-vasco-e-ironiza\/#primaryimage\",\"url\":\"https:\/\/www.gaveanews.com\/wp-content\/uploads\/Reinaldo-Belotti-esquerda-Rodolfo-Landim-centro-e-Rodrigo-Dunshee-de-Abranches-direita.webp\",\"contentUrl\":\"https:\/\/www.gaveanews.com\/wp-content\/uploads\/Reinaldo-Belotti-esquerda-Rodolfo-Landim-centro-e-Rodrigo-Dunshee-de-Abranches-direita.webp\",\"width\":1920,\"height\":1277,\"caption\":\"Reinaldo Belotti (esquerda), Rodolfo Landim (centro) e Rodrigo Dunshee de Abranches (direita) (Foto: Marcelo Cortes\/Flamengo)\"},{\"@type\":\"BreadcrumbList\",\"@id\":\"https:\/\/www.gaveanews.com\/index.php\/2021\/02\/13\/dirigente-do-flamengo-rebate-declaracoes-de-vice-do-vasco-e-ironiza\/#breadcrumb\",\"itemListElement\":[{\"@type\":\"ListItem\",\"position\":1,\"name\":\"Home\",\"item\":\"https:\/\/www.gaveanews.com\/\"},{\"@type\":\"ListItem\",\"position\":2,\"name\":\"Dirigente do Flamengo rebate declara\u00e7\u00f5es de vice do Vasco e ironiza\"}]},{\"@type\":\"WebSite\",\"@id\":\"https:\/\/www.gaveanews.com\/#website\",\"url\":\"https:\/\/www.gaveanews.com\/\",\"name\":\"G\u00e1vea News\",\"description\":\"Veja todas as not\u00edcias sobre o Flamengo: Contrata\u00e7\u00f5es, categorias de base, resultados das partidas, tabela de classifica\u00e7\u00e3o, pr\u00f3ximos jogos!\",\"potentialAction\":[{\"@type\":\"SearchAction\",\"target\":{\"@type\":\"EntryPoint\",\"urlTemplate\":\"https:\/\/www.gaveanews.com\/?s={search_term_string}\"},\"query-input\":{\"@type\":\"PropertyValueSpecification\",\"valueRequired\":true,\"valueName\":\"search_term_string\"}}],\"inLanguage\":\"pt-BR\"},{\"@type\":\"Person\",\"@id\":\"https:\/\/www.gaveanews.com\/#\/schema\/person\/2ec14f73fb96be2caf28f91afb14749d\",\"name\":\"Equipe G\u00e1vea News\",\"image\":{\"@type\":\"ImageObject\",\"inLanguage\":\"pt-BR\",\"@id\":\"https:\/\/www.gaveanews.com\/#\/schema\/person\/image\/\",\"url\":\"https:\/\/secure.gravatar.com\/avatar\/1e1956f1facbffd3f8fa53a326721950116b3b9dc9bd44939c01180fd4a745a9?s=96&d=mm&r=g\",\"contentUrl\":\"https:\/\/secure.gravatar.com\/avatar\/1e1956f1facbffd3f8fa53a326721950116b3b9dc9bd44939c01180fd4a745a9?s=96&d=mm&r=g\",\"caption\":\"Equipe G\u00e1vea News\"}}]}<\/script>\n<!-- \/ Yoast SEO Premium plugin. -->","yoast_head_json":{"title":"Dirigente do Flamengo rebate declara\u00e7\u00f5es de vice do Vasco e ironiza","description":"Em entrevista \u00e0 Super R\u00e1dio Tupi, Rodrigo Dunshee ironizou o atual momento do Vasco no Campeonato Brasileiro.","robots":{"index":"index","follow":"follow","max-snippet":"max-snippet:-1","max-image-preview":"max-image-preview:large","max-video-preview":"max-video-preview:-1"},"canonical":"https:\/\/www.gaveanews.com\/index.php\/2021\/02\/13\/dirigente-do-flamengo-rebate-declaracoes-de-vice-do-vasco-e-ironiza\/","og_locale":"pt_BR","og_type":"article","og_title":"Dirigente do Flamengo rebate declara\u00e7\u00f5es de vice do Vasco e ironiza","og_description":"Em entrevista \u00e0 Super R\u00e1dio Tupi, Rodrigo Dunshee ironizou o atual momento do Vasco no Campeonato Brasileiro.","og_url":"https:\/\/www.gaveanews.com\/index.php\/2021\/02\/13\/dirigente-do-flamengo-rebate-declaracoes-de-vice-do-vasco-e-ironiza\/","og_site_name":"G\u00e1vea News","article_publisher":"https:\/\/facebook.com\/gaveaNews\/","article_published_time":"2021-02-13T21:06:01+00:00","article_modified_time":"2021-02-13T21:06:03+00:00","og_image":[{"width":1920,"height":1277,"url":"https:\/\/www.gaveanews.com\/wp-content\/uploads\/Reinaldo-Belotti-esquerda-Rodolfo-Landim-centro-e-Rodrigo-Dunshee-de-Abranches-direita.webp","type":"image\/jpeg"}],"author":"Equipe G\u00e1vea News","twitter_card":"summary_large_image","twitter_misc":{"Escrito por":"Equipe G\u00e1vea News","Est. tempo de leitura":"2 minutos"},"schema":{"@context":"https:\/\/schema.org","@graph":[{"@type":"NewsArticle","@id":"https:\/\/www.gaveanews.com\/index.php\/2021\/02\/13\/dirigente-do-flamengo-rebate-declaracoes-de-vice-do-vasco-e-ironiza\/#article","isPartOf":{"@id":"https:\/\/www.gaveanews.com\/index.php\/2021\/02\/13\/dirigente-do-flamengo-rebate-declaracoes-de-vice-do-vasco-e-ironiza\/"},"author":{"name":"Equipe G\u00e1vea News","@id":"https:\/\/www.gaveanews.com\/#\/schema\/person\/2ec14f73fb96be2caf28f91afb14749d"},"headline":"Dirigente do Flamengo rebate declara\u00e7\u00f5es de vice do Vasco e ironiza","datePublished":"2021-02-13T21:06:01+00:00","dateModified":"2021-02-13T21:06:03+00:00","mainEntityOfPage":{"@id":"https:\/\/www.gaveanews.com\/index.php\/2021\/02\/13\/dirigente-do-flamengo-rebate-declaracoes-de-vice-do-vasco-e-ironiza\/"},"wordCount":456,"commentCount":18,"image":{"@id":"https:\/\/www.gaveanews.com\/index.php\/2021\/02\/13\/dirigente-do-flamengo-rebate-declaracoes-de-vice-do-vasco-e-ironiza\/#primaryimage"},"thumbnailUrl":"https:\/\/www.gaveanews.com\/wp-content\/uploads\/Reinaldo-Belotti-esquerda-Rodolfo-Landim-centro-e-Rodrigo-Dunshee-de-Abranches-direita.webp","articleSection":["Destaques"],"inLanguage":"pt-BR","potentialAction":[{"@type":"CommentAction","name":"Comment","target":["https:\/\/www.gaveanews.com\/index.php\/2021\/02\/13\/dirigente-do-flamengo-rebate-declaracoes-de-vice-do-vasco-e-ironiza\/#respond"]}],"copyrightYear":"2021","copyrightHolder":{"@id":"https:\/\/www.gaveanews.com\/#organization"}},{"@type":"WebPage","@id":"https:\/\/www.gaveanews.com\/index.php\/2021\/02\/13\/dirigente-do-flamengo-rebate-declaracoes-de-vice-do-vasco-e-ironiza\/","url":"https:\/\/www.gaveanews.com\/index.php\/2021\/02\/13\/dirigente-do-flamengo-rebate-declaracoes-de-vice-do-vasco-e-ironiza\/","name":"Dirigente do Flamengo rebate declara\u00e7\u00f5es de vice do Vasco e ironiza","isPartOf":{"@id":"https:\/\/www.gaveanews.com\/#website"},"primaryImageOfPage":{"@id":"https:\/\/www.gaveanews.com\/index.php\/2021\/02\/13\/dirigente-do-flamengo-rebate-declaracoes-de-vice-do-vasco-e-ironiza\/#primaryimage"},"image":{"@id":"https:\/\/www.gaveanews.com\/index.php\/2021\/02\/13\/dirigente-do-flamengo-rebate-declaracoes-de-vice-do-vasco-e-ironiza\/#primaryimage"},"thumbnailUrl":"https:\/\/www.gaveanews.com\/wp-content\/uploads\/Reinaldo-Belotti-esquerda-Rodolfo-Landim-centro-e-Rodrigo-Dunshee-de-Abranches-direita.webp","datePublished":"2021-02-13T21:06:01+00:00","dateModified":"2021-02-13T21:06:03+00:00","author":{"@id":"https:\/\/www.gaveanews.com\/#\/schema\/person\/2ec14f73fb96be2caf28f91afb14749d"},"description":"Em entrevista \u00e0 Super R\u00e1dio Tupi, Rodrigo Dunshee ironizou o atual momento do Vasco no Campeonato Brasileiro.","breadcrumb":{"@id":"https:\/\/www.gaveanews.com\/index.php\/2021\/02\/13\/dirigente-do-flamengo-rebate-declaracoes-de-vice-do-vasco-e-ironiza\/#breadcrumb"},"inLanguage":"pt-BR","potentialAction":[{"@type":"ReadAction","target":["https:\/\/www.gaveanews.com\/index.php\/2021\/02\/13\/dirigente-do-flamengo-rebate-declaracoes-de-vice-do-vasco-e-ironiza\/"]}]},{"@type":"ImageObject","inLanguage":"pt-BR","@id":"https:\/\/www.gaveanews.com\/index.php\/2021\/02\/13\/dirigente-do-flamengo-rebate-declaracoes-de-vice-do-vasco-e-ironiza\/#primaryimage","url":"https:\/\/www.gaveanews.com\/wp-content\/uploads\/Reinaldo-Belotti-esquerda-Rodolfo-Landim-centro-e-Rodrigo-Dunshee-de-Abranches-direita.webp","contentUrl":"https:\/\/www.gaveanews.com\/wp-content\/uploads\/Reinaldo-Belotti-esquerda-Rodolfo-Landim-centro-e-Rodrigo-Dunshee-de-Abranches-direita.webp","width":1920,"height":1277,"caption":"Reinaldo Belotti (esquerda), Rodolfo Landim (centro) e Rodrigo Dunshee de Abranches (direita) (Foto: Marcelo Cortes\/Flamengo)"},{"@type":"BreadcrumbList","@id":"https:\/\/www.gaveanews.com\/index.php\/2021\/02\/13\/dirigente-do-flamengo-rebate-declaracoes-de-vice-do-vasco-e-ironiza\/#breadcrumb","itemListElement":[{"@type":"ListItem","position":1,"name":"Home","item":"https:\/\/www.gaveanews.com\/"},{"@type":"ListItem","position":2,"name":"Dirigente do Flamengo rebate declara\u00e7\u00f5es de vice do Vasco e ironiza"}]},{"@type":"WebSite","@id":"https:\/\/www.gaveanews.com\/#website","url":"https:\/\/www.gaveanews.com\/","name":"G\u00e1vea News","description":"Veja todas as not\u00edcias sobre o Flamengo: Contrata\u00e7\u00f5es, categorias de base, resultados das partidas, tabela de classifica\u00e7\u00e3o, pr\u00f3ximos jogos!","potentialAction":[{"@type":"SearchAction","target":{"@type":"EntryPoint","urlTemplate":"https:\/\/www.gaveanews.com\/?s={search_term_string}"},"query-input":{"@type":"PropertyValueSpecification","valueRequired":true,"valueName":"search_term_string"}}],"inLanguage":"pt-BR"},{"@type":"Person","@id":"https:\/\/www.gaveanews.com\/#\/schema\/person\/2ec14f73fb96be2caf28f91afb14749d","name":"Equipe G\u00e1vea News","image":{"@type":"ImageObject","inLanguage":"pt-BR","@id":"https:\/\/www.gaveanews.com\/#\/schema\/person\/image\/","url":"https:\/\/secure.gravatar.com\/avatar\/1e1956f1facbffd3f8fa53a326721950116b3b9dc9bd44939c01180fd4a745a9?s=96&d=mm&r=g","contentUrl":"https:\/\/secure.gravatar.com\/avatar\/1e1956f1facbffd3f8fa53a326721950116b3b9dc9bd44939c01180fd4a745a9?s=96&d=mm&r=g","caption":"Equipe G\u00e1vea News"}}]}},"_links":{"self":[{"href":"https:\/\/www.gaveanews.com\/index.php\/wp-json\/wp\/v2\/posts\/56115","targetHints":{"allow":["GET"]}}],"collection":[{"href":"https:\/\/www.gaveanews.com\/index.php\/wp-json\/wp\/v2\/posts"}],"about":[{"href":"https:\/\/www.gaveanews.com\/index.php\/wp-json\/wp\/v2\/types\/post"}],"author":[{"embeddable":true,"href":"https:\/\/www.gaveanews.com\/index.php\/wp-json\/wp\/v2\/users\/1"}],"replies":[{"embeddable":true,"href":"https:\/\/www.gaveanews.com\/index.php\/wp-json\/wp\/v2\/comments?post=56115"}],"version-history":[{"count":0,"href":"https:\/\/www.gaveanews.com\/index.php\/wp-json\/wp\/v2\/posts\/56115\/revisions"}],"wp:featuredmedia":[{"embeddable":true,"href":"https:\/\/www.gaveanews.com\/index.php\/wp-json\/wp\/v2\/media\/41279"}],"wp:attachment":[{"href":"https:\/\/www.gaveanews.com\/index.php\/wp-json\/wp\/v2\/media?parent=56115"}],"wp:term":[{"taxonomy":"category","embeddable":true,"href":"https:\/\/www.gaveanews.com\/index.php\/wp-json\/wp\/v2\/categories?post=56115"},{"taxonomy":"post_tag","embeddable":true,"href":"https:\/\/www.gaveanews.com\/index.php\/wp-json\/wp\/v2\/tags?post=56115"}],"curies":[{"name":"wp","href":"https:\/\/api.w.org\/{rel}","templated":true}]}}