{"id":56123,"date":"2021-02-13T22:18:38","date_gmt":"2021-02-14T01:18:38","guid":{"rendered":"https:\/\/www.gaveanews.com\/?p=56123"},"modified":"2021-02-13T22:18:40","modified_gmt":"2021-02-14T01:18:40","slug":"flamengo-mantem-otimismo-por-acerto-com-rafinha","status":"publish","type":"post","link":"https:\/\/www.gaveanews.com\/index.php\/2021\/02\/13\/flamengo-mantem-otimismo-por-acerto-com-rafinha\/","title":{"rendered":"Flamengo mant\u00e9m otimismo por acerto com Rafinha"},"content":{"rendered":"\n<p>O foco voltado para o duelo com o Corinthians, pelo Campeonato Brasileiro, no pr\u00f3ximo domingo, deve adiar uma defini\u00e7\u00e3o entre Flamengo e Rafinha para o retorno do jogador. A diretoria mant\u00e9m contato di\u00e1rio com o lateral, e h\u00e1 confian\u00e7a de ambas as partes de que tudo se resolver\u00e1, sem pressa.<\/p>\n\n\n\n<p>A tend\u00eancia \u00e9 de que um acerto n\u00e3o aconte\u00e7a pelo menos at\u00e9 o fim desta semana. H\u00e1, ainda, a possibilidade de que tudo seja fechado somente ap\u00f3s o Campeonato Brasileiro, que se encerra no dia 25 de fevereiro. Apesar de as conversas prosseguirem, ainda \u00e9 necess\u00e1rio sentar com o jogador e seu representante para formatar todos os detalhes.<\/p>\n\n\n\n<p>Rafinha chegou ao Rio de Janeiro na \u00faltima segunda-feira e curte f\u00e9rias ap\u00f3s rescindir com o Olympiacos. Entre ele e o Flamengo, as cartas j\u00e1 foram colocadas na mesa, como o cen\u00e1rio no qual o clube deseja contar novamente com o lateral.<\/p>\n\n\n\n<p>Na \u00faltima semana, Marcos Braz e Bruno Spindel almo\u00e7aram com Lincoln, um dos representantes de Rafinha, e mostraram o planejamento para 2021. O desejo pelo retorno foi manifestado, mas em termos similares aos que ditaram a renova\u00e7\u00e3o com Diego Alves: um ano de contrato e sal\u00e1rio similar ao que j\u00e1 recebia quando deixou o clube e foi para o Olympiacos. Rafinha n\u00e3o v\u00ea problema nos termos.<\/p>\n\n\n\n<p>Enquanto o lateral aproveita as f\u00e9rias, o Flamengo ainda tem o Campeonato Brasileiro para se concentrar. Faltando tr\u00eas rodadas para o t\u00e9rmino da competi\u00e7\u00e3o, a equipe est\u00e1 em segundo lugar, a apenas um ponto do l\u00edder Internacional.<\/p>\n\n\n\n<p>Em caso de acerto, Rafinha s\u00f3 poder\u00e1 jogar pelo Flamengo a partir de mar\u00e7o, quando reabre a janela de transfer\u00eancias do Brasil.<\/p>\n\n\n\n<p>Retirado de: Globo Esporte<\/p>\n","protected":false},"excerpt":{"rendered":"<p>O foco voltado para o duelo com o Corinthians, pelo Campeonato Brasileiro, no pr\u00f3ximo domingo, deve adiar uma defini\u00e7\u00e3o entre Flamengo e Rafinha para o retorno do jogador. A diretoria mant\u00e9m contato di\u00e1rio com o lateral, e h\u00e1 confian\u00e7a de ambas as partes de que tudo se resolver\u00e1, sem pressa. A tend\u00eancia \u00e9 de que [&hellip;]<\/p>\n","protected":false},"author":1,"featured_media":28892,"comment_status":"open","ping_status":"closed","sticky":false,"template":"","format":"standard","meta":{"footnotes":""},"categories":[48],"tags":[],"class_list":["post-56123","post","type-post","status-publish","format-standard","has-post-thumbnail","hentry","category-negociacoes"],"yoast_head":"<!-- This site is optimized with the Yoast SEO Premium plugin v24.2 (Yoast SEO v26.9) - https:\/\/yoast.com\/product\/yoast-seo-premium-wordpress\/ -->\n<title>Flamengo mant\u00e9m otimismo por acerto com Rafinha<\/title>\n<meta name=\"description\" content=\"A diretoria mant\u00e9m contato di\u00e1rio com o lateral, e h\u00e1 confian\u00e7a de ambas as partes de que tudo se resolver\u00e1, sem pressa.\" \/>\n<meta name=\"robots\" content=\"index, follow, max-snippet:-1, max-image-preview:large, max-video-preview:-1\" \/>\n<link rel=\"canonical\" href=\"https:\/\/www.gaveanews.com\/index.php\/2021\/02\/13\/flamengo-mantem-otimismo-por-acerto-com-rafinha\/\" \/>\n<meta property=\"og:locale\" content=\"pt_BR\" \/>\n<meta property=\"og:type\" content=\"article\" \/>\n<meta property=\"og:title\" content=\"Flamengo mant\u00e9m otimismo por acerto com Rafinha\" \/>\n<meta property=\"og:description\" content=\"A diretoria mant\u00e9m contato di\u00e1rio com o lateral, e h\u00e1 confian\u00e7a de ambas as partes de que tudo se resolver\u00e1, sem pressa.\" \/>\n<meta property=\"og:url\" content=\"https:\/\/www.gaveanews.com\/index.php\/2021\/02\/13\/flamengo-mantem-otimismo-por-acerto-com-rafinha\/\" \/>\n<meta property=\"og:site_name\" content=\"G\u00e1vea News\" \/>\n<meta property=\"article:publisher\" content=\"https:\/\/facebook.com\/gaveaNews\/\" \/>\n<meta property=\"article:published_time\" content=\"2021-02-14T01:18:38+00:00\" \/>\n<meta property=\"article:modified_time\" content=\"2021-02-14T01:18:40+00:00\" \/>\n<meta property=\"og:image\" content=\"https:\/\/www.gaveanews.com\/wp-content\/uploads\/Lateral-Rafinha-em-acao-pelo-Flamengo.webp\" \/>\n\t<meta property=\"og:image:width\" content=\"1\" \/>\n\t<meta property=\"og:image:height\" content=\"1\" \/>\n\t<meta property=\"og:image:type\" content=\"image\/jpeg\" \/>\n<meta name=\"author\" content=\"Equipe G\u00e1vea News\" \/>\n<meta name=\"twitter:card\" content=\"summary_large_image\" \/>\n<meta name=\"twitter:label1\" content=\"Escrito por\" \/>\n\t<meta name=\"twitter:data1\" content=\"Equipe G\u00e1vea News\" \/>\n\t<meta name=\"twitter:label2\" content=\"Est. tempo de leitura\" \/>\n\t<meta name=\"twitter:data2\" content=\"1 minuto\" \/>\n<script type=\"application\/ld+json\" class=\"yoast-schema-graph\">{\"@context\":\"https:\/\/schema.org\",\"@graph\":[{\"@type\":\"NewsArticle\",\"@id\":\"https:\/\/www.gaveanews.com\/index.php\/2021\/02\/13\/flamengo-mantem-otimismo-por-acerto-com-rafinha\/#article\",\"isPartOf\":{\"@id\":\"https:\/\/www.gaveanews.com\/index.php\/2021\/02\/13\/flamengo-mantem-otimismo-por-acerto-com-rafinha\/\"},\"author\":{\"name\":\"Equipe G\u00e1vea News\",\"@id\":\"https:\/\/www.gaveanews.com\/#\/schema\/person\/2ec14f73fb96be2caf28f91afb14749d\"},\"headline\":\"Flamengo mant\u00e9m otimismo por acerto com Rafinha\",\"datePublished\":\"2021-02-14T01:18:38+00:00\",\"dateModified\":\"2021-02-14T01:18:40+00:00\",\"mainEntityOfPage\":{\"@id\":\"https:\/\/www.gaveanews.com\/index.php\/2021\/02\/13\/flamengo-mantem-otimismo-por-acerto-com-rafinha\/\"},\"wordCount\":307,\"commentCount\":4,\"image\":{\"@id\":\"https:\/\/www.gaveanews.com\/index.php\/2021\/02\/13\/flamengo-mantem-otimismo-por-acerto-com-rafinha\/#primaryimage\"},\"thumbnailUrl\":\"https:\/\/www.gaveanews.com\/wp-content\/uploads\/Lateral-Rafinha-em-acao-pelo-Flamengo.webp\",\"articleSection\":[\"Negocia\u00e7\u00f5es\"],\"inLanguage\":\"pt-BR\",\"potentialAction\":[{\"@type\":\"CommentAction\",\"name\":\"Comment\",\"target\":[\"https:\/\/www.gaveanews.com\/index.php\/2021\/02\/13\/flamengo-mantem-otimismo-por-acerto-com-rafinha\/#respond\"]}],\"copyrightYear\":\"2021\",\"copyrightHolder\":{\"@id\":\"https:\/\/www.gaveanews.com\/#organization\"}},{\"@type\":\"WebPage\",\"@id\":\"https:\/\/www.gaveanews.com\/index.php\/2021\/02\/13\/flamengo-mantem-otimismo-por-acerto-com-rafinha\/\",\"url\":\"https:\/\/www.gaveanews.com\/index.php\/2021\/02\/13\/flamengo-mantem-otimismo-por-acerto-com-rafinha\/\",\"name\":\"Flamengo mant\u00e9m otimismo por acerto com Rafinha\",\"isPartOf\":{\"@id\":\"https:\/\/www.gaveanews.com\/#website\"},\"primaryImageOfPage\":{\"@id\":\"https:\/\/www.gaveanews.com\/index.php\/2021\/02\/13\/flamengo-mantem-otimismo-por-acerto-com-rafinha\/#primaryimage\"},\"image\":{\"@id\":\"https:\/\/www.gaveanews.com\/index.php\/2021\/02\/13\/flamengo-mantem-otimismo-por-acerto-com-rafinha\/#primaryimage\"},\"thumbnailUrl\":\"https:\/\/www.gaveanews.com\/wp-content\/uploads\/Lateral-Rafinha-em-acao-pelo-Flamengo.webp\",\"datePublished\":\"2021-02-14T01:18:38+00:00\",\"dateModified\":\"2021-02-14T01:18:40+00:00\",\"author\":{\"@id\":\"https:\/\/www.gaveanews.com\/#\/schema\/person\/2ec14f73fb96be2caf28f91afb14749d\"},\"description\":\"A diretoria mant\u00e9m contato di\u00e1rio com o lateral, e h\u00e1 confian\u00e7a de ambas as partes de que tudo se resolver\u00e1, sem pressa.\",\"breadcrumb\":{\"@id\":\"https:\/\/www.gaveanews.com\/index.php\/2021\/02\/13\/flamengo-mantem-otimismo-por-acerto-com-rafinha\/#breadcrumb\"},\"inLanguage\":\"pt-BR\",\"potentialAction\":[{\"@type\":\"ReadAction\",\"target\":[\"https:\/\/www.gaveanews.com\/index.php\/2021\/02\/13\/flamengo-mantem-otimismo-por-acerto-com-rafinha\/\"]}]},{\"@type\":\"ImageObject\",\"inLanguage\":\"pt-BR\",\"@id\":\"https:\/\/www.gaveanews.com\/index.php\/2021\/02\/13\/flamengo-mantem-otimismo-por-acerto-com-rafinha\/#primaryimage\",\"url\":\"https:\/\/www.gaveanews.com\/wp-content\/uploads\/Lateral-Rafinha-em-acao-pelo-Flamengo.webp\",\"contentUrl\":\"https:\/\/www.gaveanews.com\/wp-content\/uploads\/Lateral-Rafinha-em-acao-pelo-Flamengo.webp\",\"caption\":\"Lateral Rafinha em a\u00e7\u00e3o pelo Flamengo (Foto: Marcelo Theobald\/Ag\u00eancia O Globo)\"},{\"@type\":\"BreadcrumbList\",\"@id\":\"https:\/\/www.gaveanews.com\/index.php\/2021\/02\/13\/flamengo-mantem-otimismo-por-acerto-com-rafinha\/#breadcrumb\",\"itemListElement\":[{\"@type\":\"ListItem\",\"position\":1,\"name\":\"Home\",\"item\":\"https:\/\/www.gaveanews.com\/\"},{\"@type\":\"ListItem\",\"position\":2,\"name\":\"Flamengo mant\u00e9m otimismo por acerto com Rafinha\"}]},{\"@type\":\"WebSite\",\"@id\":\"https:\/\/www.gaveanews.com\/#website\",\"url\":\"https:\/\/www.gaveanews.com\/\",\"name\":\"G\u00e1vea News\",\"description\":\"Veja todas as not\u00edcias sobre o Flamengo: Contrata\u00e7\u00f5es, categorias de base, resultados das partidas, tabela de classifica\u00e7\u00e3o, pr\u00f3ximos jogos!\",\"potentialAction\":[{\"@type\":\"SearchAction\",\"target\":{\"@type\":\"EntryPoint\",\"urlTemplate\":\"https:\/\/www.gaveanews.com\/?s={search_term_string}\"},\"query-input\":{\"@type\":\"PropertyValueSpecification\",\"valueRequired\":true,\"valueName\":\"search_term_string\"}}],\"inLanguage\":\"pt-BR\"},{\"@type\":\"Person\",\"@id\":\"https:\/\/www.gaveanews.com\/#\/schema\/person\/2ec14f73fb96be2caf28f91afb14749d\",\"name\":\"Equipe G\u00e1vea News\",\"image\":{\"@type\":\"ImageObject\",\"inLanguage\":\"pt-BR\",\"@id\":\"https:\/\/www.gaveanews.com\/#\/schema\/person\/image\/\",\"url\":\"https:\/\/secure.gravatar.com\/avatar\/1e1956f1facbffd3f8fa53a326721950116b3b9dc9bd44939c01180fd4a745a9?s=96&d=mm&r=g\",\"contentUrl\":\"https:\/\/secure.gravatar.com\/avatar\/1e1956f1facbffd3f8fa53a326721950116b3b9dc9bd44939c01180fd4a745a9?s=96&d=mm&r=g\",\"caption\":\"Equipe G\u00e1vea News\"}}]}<\/script>\n<!-- \/ Yoast SEO Premium plugin. -->","yoast_head_json":{"title":"Flamengo mant\u00e9m otimismo por acerto com Rafinha","description":"A diretoria mant\u00e9m contato di\u00e1rio com o lateral, e h\u00e1 confian\u00e7a de ambas as partes de que tudo se resolver\u00e1, sem pressa.","robots":{"index":"index","follow":"follow","max-snippet":"max-snippet:-1","max-image-preview":"max-image-preview:large","max-video-preview":"max-video-preview:-1"},"canonical":"https:\/\/www.gaveanews.com\/index.php\/2021\/02\/13\/flamengo-mantem-otimismo-por-acerto-com-rafinha\/","og_locale":"pt_BR","og_type":"article","og_title":"Flamengo mant\u00e9m otimismo por acerto com Rafinha","og_description":"A diretoria mant\u00e9m contato di\u00e1rio com o lateral, e h\u00e1 confian\u00e7a de ambas as partes de que tudo se resolver\u00e1, sem pressa.","og_url":"https:\/\/www.gaveanews.com\/index.php\/2021\/02\/13\/flamengo-mantem-otimismo-por-acerto-com-rafinha\/","og_site_name":"G\u00e1vea News","article_publisher":"https:\/\/facebook.com\/gaveaNews\/","article_published_time":"2021-02-14T01:18:38+00:00","article_modified_time":"2021-02-14T01:18:40+00:00","og_image":[{"url":"https:\/\/www.gaveanews.com\/wp-content\/uploads\/Lateral-Rafinha-em-acao-pelo-Flamengo.webp","width":1,"height":1,"type":"image\/jpeg"}],"author":"Equipe G\u00e1vea News","twitter_card":"summary_large_image","twitter_misc":{"Escrito por":"Equipe G\u00e1vea News","Est. tempo de leitura":"1 minuto"},"schema":{"@context":"https:\/\/schema.org","@graph":[{"@type":"NewsArticle","@id":"https:\/\/www.gaveanews.com\/index.php\/2021\/02\/13\/flamengo-mantem-otimismo-por-acerto-com-rafinha\/#article","isPartOf":{"@id":"https:\/\/www.gaveanews.com\/index.php\/2021\/02\/13\/flamengo-mantem-otimismo-por-acerto-com-rafinha\/"},"author":{"name":"Equipe G\u00e1vea News","@id":"https:\/\/www.gaveanews.com\/#\/schema\/person\/2ec14f73fb96be2caf28f91afb14749d"},"headline":"Flamengo mant\u00e9m otimismo por acerto com Rafinha","datePublished":"2021-02-14T01:18:38+00:00","dateModified":"2021-02-14T01:18:40+00:00","mainEntityOfPage":{"@id":"https:\/\/www.gaveanews.com\/index.php\/2021\/02\/13\/flamengo-mantem-otimismo-por-acerto-com-rafinha\/"},"wordCount":307,"commentCount":4,"image":{"@id":"https:\/\/www.gaveanews.com\/index.php\/2021\/02\/13\/flamengo-mantem-otimismo-por-acerto-com-rafinha\/#primaryimage"},"thumbnailUrl":"https:\/\/www.gaveanews.com\/wp-content\/uploads\/Lateral-Rafinha-em-acao-pelo-Flamengo.webp","articleSection":["Negocia\u00e7\u00f5es"],"inLanguage":"pt-BR","potentialAction":[{"@type":"CommentAction","name":"Comment","target":["https:\/\/www.gaveanews.com\/index.php\/2021\/02\/13\/flamengo-mantem-otimismo-por-acerto-com-rafinha\/#respond"]}],"copyrightYear":"2021","copyrightHolder":{"@id":"https:\/\/www.gaveanews.com\/#organization"}},{"@type":"WebPage","@id":"https:\/\/www.gaveanews.com\/index.php\/2021\/02\/13\/flamengo-mantem-otimismo-por-acerto-com-rafinha\/","url":"https:\/\/www.gaveanews.com\/index.php\/2021\/02\/13\/flamengo-mantem-otimismo-por-acerto-com-rafinha\/","name":"Flamengo mant\u00e9m otimismo por acerto com Rafinha","isPartOf":{"@id":"https:\/\/www.gaveanews.com\/#website"},"primaryImageOfPage":{"@id":"https:\/\/www.gaveanews.com\/index.php\/2021\/02\/13\/flamengo-mantem-otimismo-por-acerto-com-rafinha\/#primaryimage"},"image":{"@id":"https:\/\/www.gaveanews.com\/index.php\/2021\/02\/13\/flamengo-mantem-otimismo-por-acerto-com-rafinha\/#primaryimage"},"thumbnailUrl":"https:\/\/www.gaveanews.com\/wp-content\/uploads\/Lateral-Rafinha-em-acao-pelo-Flamengo.webp","datePublished":"2021-02-14T01:18:38+00:00","dateModified":"2021-02-14T01:18:40+00:00","author":{"@id":"https:\/\/www.gaveanews.com\/#\/schema\/person\/2ec14f73fb96be2caf28f91afb14749d"},"description":"A diretoria mant\u00e9m contato di\u00e1rio com o lateral, e h\u00e1 confian\u00e7a de ambas as partes de que tudo se resolver\u00e1, sem pressa.","breadcrumb":{"@id":"https:\/\/www.gaveanews.com\/index.php\/2021\/02\/13\/flamengo-mantem-otimismo-por-acerto-com-rafinha\/#breadcrumb"},"inLanguage":"pt-BR","potentialAction":[{"@type":"ReadAction","target":["https:\/\/www.gaveanews.com\/index.php\/2021\/02\/13\/flamengo-mantem-otimismo-por-acerto-com-rafinha\/"]}]},{"@type":"ImageObject","inLanguage":"pt-BR","@id":"https:\/\/www.gaveanews.com\/index.php\/2021\/02\/13\/flamengo-mantem-otimismo-por-acerto-com-rafinha\/#primaryimage","url":"https:\/\/www.gaveanews.com\/wp-content\/uploads\/Lateral-Rafinha-em-acao-pelo-Flamengo.webp","contentUrl":"https:\/\/www.gaveanews.com\/wp-content\/uploads\/Lateral-Rafinha-em-acao-pelo-Flamengo.webp","caption":"Lateral Rafinha em a\u00e7\u00e3o pelo Flamengo (Foto: Marcelo Theobald\/Ag\u00eancia O Globo)"},{"@type":"BreadcrumbList","@id":"https:\/\/www.gaveanews.com\/index.php\/2021\/02\/13\/flamengo-mantem-otimismo-por-acerto-com-rafinha\/#breadcrumb","itemListElement":[{"@type":"ListItem","position":1,"name":"Home","item":"https:\/\/www.gaveanews.com\/"},{"@type":"ListItem","position":2,"name":"Flamengo mant\u00e9m otimismo por acerto com Rafinha"}]},{"@type":"WebSite","@id":"https:\/\/www.gaveanews.com\/#website","url":"https:\/\/www.gaveanews.com\/","name":"G\u00e1vea News","description":"Veja todas as not\u00edcias sobre o Flamengo: Contrata\u00e7\u00f5es, categorias de base, resultados das partidas, tabela de classifica\u00e7\u00e3o, pr\u00f3ximos jogos!","potentialAction":[{"@type":"SearchAction","target":{"@type":"EntryPoint","urlTemplate":"https:\/\/www.gaveanews.com\/?s={search_term_string}"},"query-input":{"@type":"PropertyValueSpecification","valueRequired":true,"valueName":"search_term_string"}}],"inLanguage":"pt-BR"},{"@type":"Person","@id":"https:\/\/www.gaveanews.com\/#\/schema\/person\/2ec14f73fb96be2caf28f91afb14749d","name":"Equipe G\u00e1vea News","image":{"@type":"ImageObject","inLanguage":"pt-BR","@id":"https:\/\/www.gaveanews.com\/#\/schema\/person\/image\/","url":"https:\/\/secure.gravatar.com\/avatar\/1e1956f1facbffd3f8fa53a326721950116b3b9dc9bd44939c01180fd4a745a9?s=96&d=mm&r=g","contentUrl":"https:\/\/secure.gravatar.com\/avatar\/1e1956f1facbffd3f8fa53a326721950116b3b9dc9bd44939c01180fd4a745a9?s=96&d=mm&r=g","caption":"Equipe G\u00e1vea News"}}]}},"_links":{"self":[{"href":"https:\/\/www.gaveanews.com\/index.php\/wp-json\/wp\/v2\/posts\/56123","targetHints":{"allow":["GET"]}}],"collection":[{"href":"https:\/\/www.gaveanews.com\/index.php\/wp-json\/wp\/v2\/posts"}],"about":[{"href":"https:\/\/www.gaveanews.com\/index.php\/wp-json\/wp\/v2\/types\/post"}],"author":[{"embeddable":true,"href":"https:\/\/www.gaveanews.com\/index.php\/wp-json\/wp\/v2\/users\/1"}],"replies":[{"embeddable":true,"href":"https:\/\/www.gaveanews.com\/index.php\/wp-json\/wp\/v2\/comments?post=56123"}],"version-history":[{"count":0,"href":"https:\/\/www.gaveanews.com\/index.php\/wp-json\/wp\/v2\/posts\/56123\/revisions"}],"wp:featuredmedia":[{"embeddable":true,"href":"https:\/\/www.gaveanews.com\/index.php\/wp-json\/wp\/v2\/media\/28892"}],"wp:attachment":[{"href":"https:\/\/www.gaveanews.com\/index.php\/wp-json\/wp\/v2\/media?parent=56123"}],"wp:term":[{"taxonomy":"category","embeddable":true,"href":"https:\/\/www.gaveanews.com\/index.php\/wp-json\/wp\/v2\/categories?post=56123"},{"taxonomy":"post_tag","embeddable":true,"href":"https:\/\/www.gaveanews.com\/index.php\/wp-json\/wp\/v2\/tags?post=56123"}],"curies":[{"name":"wp","href":"https:\/\/api.w.org\/{rel}","templated":true}]}}