{"id":56196,"date":"2021-02-15T10:58:06","date_gmt":"2021-02-15T13:58:06","guid":{"rendered":"https:\/\/www.gaveanews.com\/?p=56196"},"modified":"2021-02-15T10:58:13","modified_gmt":"2021-02-15T13:58:13","slug":"ferj-promove-mais-uma-alteracao-em-relacao-ao-campeonato-carioca","status":"publish","type":"post","link":"https:\/\/www.gaveanews.com\/index.php\/2021\/02\/15\/ferj-promove-mais-uma-alteracao-em-relacao-ao-campeonato-carioca\/","title":{"rendered":"FERJ promove mais uma altera\u00e7\u00e3o em rela\u00e7\u00e3o ao Campeonato Carioca"},"content":{"rendered":"\n<p>Em nova mudan\u00e7a em rela\u00e7\u00e3o \u00e0 data prevista inicialmente para o Campeonato Carioca, a Ferj estabeleceu os dias 3 e 4 de mar\u00e7o &#8211; quarta e quinta-feira, uma semana depois do t\u00e9rmino do Brasileiro &#8211; para a rodada de abertura da fase principal do Estadual do Rio de Janeiro.<\/p>\n\n\n\n<p>A resolu\u00e7\u00e3o foi publicada no site da Ferj. A princ\u00edpio, a competi\u00e7\u00e3o come\u00e7aria dia apenas tr\u00eas dias depois do fim do Brasileiro, mas os clubes, em reuni\u00e3o arbitral na \u00faltima semana, concordaram com o adiamento para os dias 6 e 7 de mar\u00e7o.<\/p>\n\n\n\n<p>No informe, a Ferj justificou nova altera\u00e7\u00e3o devido a data inclu\u00edda &#8220;recentemente&#8221; pela CBF, no calend\u00e1rio dos estaduais. Assim, os jogos come\u00e7am na quarta-feira, com o complemento da rodada inaugural na quinta-feira.<\/p>\n\n\n\n<p>Disputam o Carioca Botafogo, Flamengo, Fluminense, Vasco, Bangu, Boavista, Maca\u00e9, Madureira, Portuguesa, Resende, Volta Redonda. Soma-se a essas equipes o vencedor da fase preliminar, que tem America, Americano, Cabofriense, Friburguense, Nova Igua\u00e7u e Sampaio Correa.<\/p>\n\n\n\n<p>A duas rodadas do fim da fase preliminar, o Nova Igua\u00e7u \u00e9 o l\u00edder da competi\u00e7\u00e3o, com 19 pontos, seguido da Cabofriense (17). O classificado sai at\u00e9 o fim da semana.<\/p>\n\n\n\n<h3 class=\"wp-block-heading\" id=\"h-confira-os-jogos-das-primeiras-rodadas-da-fase-principal\"><strong>Confira os jogos das primeiras rodadas da fase principal<\/strong>:<\/h3>\n\n\n\n<figure class=\"wp-block-image size-large\"><img decoding=\"async\" src=\"https:\/\/s2.glbimg.com\/etNvA9O_62AabhcJh7JS_zdUMU4=\/0x0:767x529\/1000x0\/smart\/filters:strip_icc()\/i.s3.glbimg.com\/v1\/AUTH_bc8228b6673f488aa253bbcb03c80ec5\/internal_photos\/bs\/2021\/d\/t\/LDKBxeTeqiT5cvDBlC2A\/tabela.webp\" alt=\"\"\/><\/figure>\n\n\n\n<h2 class=\"wp-block-heading\">Confira o documento da Ferj:<\/h2>\n\n\n\n<p><em>&#8220;Marcelo Carlos Nascimento Vianna, Diretor do Departamento de Competi\u00e7\u00f5es da Federa\u00e7\u00e3o de Futebol do Estado do Rio de Janeiro, no uso das atribui\u00e7\u00f5es que lhe s\u00e3o conferidas pelo Estatuto, pelo RGC e pelo REC da Fase Principal do Campeonato Estadual da S\u00e9rie A de Profissionais de 2021, e<\/em><\/p>\n\n\n\n<p><em>&#8211; Considerando que a Confedera\u00e7\u00e3o Brasileira de Futebol incluiu recentemente o dia 03 de mar\u00e7o de 2021 como uma das datas destinadas aos Campeonatos Estaduais de 2021; Considerando a necessidade de ajustar as diretrizes estabelecidas pela RDI n\u00ba 005\/21; Considerando as disposi\u00e7\u00f5es dos artigos 32 do REC, e 16, II do RGC<\/em><\/p>\n\n\n\n<p><em>RESOLVE:<\/em><\/p>\n\n\n\n<p><em>Alterar a data de in\u00edcio da Fase Principal do Campeonato Estadual da S\u00e9rie A de Profissionais de 2021, a fim de que esta seja iniciada a partir do dia 03 de mar\u00e7o de 2021, nos termos da tabela republicada pelo DCO.<\/em><\/p>\n\n\n\n<p><em>Ficam mantidas as disposi\u00e7\u00f5es do artigo 4\u00ba, I, do REC em rela\u00e7\u00e3o ao prazo para inscri\u00e7\u00e3o de atletas, devendo este, agora, obviamente, ser calculado como base na nova data de in\u00edcio da competi\u00e7\u00e3o, dia 03 de mar\u00e7o de 2021.<\/em><\/p>\n\n\n\n<p><em>Esta resolu\u00e7\u00e3o entra em vigor nesta data, revogadas as disposi\u00e7\u00f5es em contr\u00e1rio.<\/em><\/p>\n\n\n\n<p><em>Rio de Janeiro, 14 de fevereiro de 2020&#8243;<\/em>.<\/p>\n\n\n\n<p>Retirado de: Globo Esporte<\/p>\n","protected":false},"excerpt":{"rendered":"<p>Em nova mudan\u00e7a em rela\u00e7\u00e3o \u00e0 data prevista inicialmente para o Campeonato Carioca, a Ferj estabeleceu os dias 3 e 4 de mar\u00e7o &#8211; quarta e quinta-feira, uma semana depois do t\u00e9rmino do Brasileiro &#8211; para a rodada de abertura da fase principal do Estadual do Rio de Janeiro. A resolu\u00e7\u00e3o foi publicada no site [&hellip;]<\/p>\n","protected":false},"author":1,"featured_media":56104,"comment_status":"open","ping_status":"closed","sticky":false,"template":"","format":"standard","meta":{"footnotes":""},"categories":[47],"tags":[],"class_list":["post-56196","post","type-post","status-publish","format-standard","has-post-thumbnail","hentry","category-destaques"],"yoast_head":"<!-- This site is optimized with the Yoast SEO Premium plugin v24.2 (Yoast SEO v26.9) - https:\/\/yoast.com\/product\/yoast-seo-premium-wordpress\/ -->\n<title>FERJ promove mais uma altera\u00e7\u00e3o em rela\u00e7\u00e3o ao Campeonato Carioca<\/title>\n<meta name=\"description\" content=\"No informe, a Ferj justificou nova altera\u00e7\u00e3o devido a data inclu\u00edda &quot;recentemente&quot; pela CBF, no calend\u00e1rio dos estaduais.\" \/>\n<meta name=\"robots\" content=\"index, follow, max-snippet:-1, max-image-preview:large, max-video-preview:-1\" \/>\n<link rel=\"canonical\" href=\"https:\/\/www.gaveanews.com\/index.php\/2021\/02\/15\/ferj-promove-mais-uma-alteracao-em-relacao-ao-campeonato-carioca\/\" \/>\n<meta property=\"og:locale\" content=\"pt_BR\" \/>\n<meta property=\"og:type\" content=\"article\" \/>\n<meta property=\"og:title\" content=\"FERJ promove mais uma altera\u00e7\u00e3o em rela\u00e7\u00e3o ao Campeonato Carioca\" \/>\n<meta property=\"og:description\" content=\"No informe, a Ferj justificou nova altera\u00e7\u00e3o devido a data inclu\u00edda &quot;recentemente&quot; pela CBF, no calend\u00e1rio dos estaduais.\" \/>\n<meta property=\"og:url\" content=\"https:\/\/www.gaveanews.com\/index.php\/2021\/02\/15\/ferj-promove-mais-uma-alteracao-em-relacao-ao-campeonato-carioca\/\" \/>\n<meta property=\"og:site_name\" content=\"G\u00e1vea News\" \/>\n<meta property=\"article:publisher\" content=\"https:\/\/facebook.com\/gaveaNews\/\" \/>\n<meta property=\"article:published_time\" content=\"2021-02-15T13:58:06+00:00\" \/>\n<meta property=\"article:modified_time\" content=\"2021-02-15T13:58:13+00:00\" \/>\n<meta property=\"og:image\" content=\"https:\/\/www.gaveanews.com\/wp-content\/uploads\/Taca-do-Campeonato-Carioca.webp\" \/>\n\t<meta property=\"og:image:width\" content=\"640\" \/>\n\t<meta property=\"og:image:height\" content=\"400\" \/>\n\t<meta property=\"og:image:type\" content=\"image\/png\" \/>\n<meta name=\"author\" content=\"Equipe G\u00e1vea News\" \/>\n<meta name=\"twitter:card\" content=\"summary_large_image\" \/>\n<meta name=\"twitter:label1\" content=\"Escrito por\" \/>\n\t<meta name=\"twitter:data1\" content=\"Equipe G\u00e1vea News\" \/>\n\t<meta name=\"twitter:label2\" content=\"Est. tempo de leitura\" \/>\n\t<meta name=\"twitter:data2\" content=\"2 minutos\" \/>\n<script type=\"application\/ld+json\" class=\"yoast-schema-graph\">{\"@context\":\"https:\/\/schema.org\",\"@graph\":[{\"@type\":\"NewsArticle\",\"@id\":\"https:\/\/www.gaveanews.com\/index.php\/2021\/02\/15\/ferj-promove-mais-uma-alteracao-em-relacao-ao-campeonato-carioca\/#article\",\"isPartOf\":{\"@id\":\"https:\/\/www.gaveanews.com\/index.php\/2021\/02\/15\/ferj-promove-mais-uma-alteracao-em-relacao-ao-campeonato-carioca\/\"},\"author\":{\"name\":\"Equipe G\u00e1vea News\",\"@id\":\"https:\/\/www.gaveanews.com\/#\/schema\/person\/2ec14f73fb96be2caf28f91afb14749d\"},\"headline\":\"FERJ promove mais uma altera\u00e7\u00e3o em rela\u00e7\u00e3o ao Campeonato Carioca\",\"datePublished\":\"2021-02-15T13:58:06+00:00\",\"dateModified\":\"2021-02-15T13:58:13+00:00\",\"mainEntityOfPage\":{\"@id\":\"https:\/\/www.gaveanews.com\/index.php\/2021\/02\/15\/ferj-promove-mais-uma-alteracao-em-relacao-ao-campeonato-carioca\/\"},\"wordCount\":437,\"commentCount\":6,\"image\":{\"@id\":\"https:\/\/www.gaveanews.com\/index.php\/2021\/02\/15\/ferj-promove-mais-uma-alteracao-em-relacao-ao-campeonato-carioca\/#primaryimage\"},\"thumbnailUrl\":\"https:\/\/www.gaveanews.com\/wp-content\/uploads\/Taca-do-Campeonato-Carioca.webp\",\"articleSection\":[\"Destaques\"],\"inLanguage\":\"pt-BR\",\"potentialAction\":[{\"@type\":\"CommentAction\",\"name\":\"Comment\",\"target\":[\"https:\/\/www.gaveanews.com\/index.php\/2021\/02\/15\/ferj-promove-mais-uma-alteracao-em-relacao-ao-campeonato-carioca\/#respond\"]}],\"copyrightYear\":\"2021\",\"copyrightHolder\":{\"@id\":\"https:\/\/www.gaveanews.com\/#organization\"}},{\"@type\":\"WebPage\",\"@id\":\"https:\/\/www.gaveanews.com\/index.php\/2021\/02\/15\/ferj-promove-mais-uma-alteracao-em-relacao-ao-campeonato-carioca\/\",\"url\":\"https:\/\/www.gaveanews.com\/index.php\/2021\/02\/15\/ferj-promove-mais-uma-alteracao-em-relacao-ao-campeonato-carioca\/\",\"name\":\"FERJ promove mais uma altera\u00e7\u00e3o em rela\u00e7\u00e3o ao Campeonato Carioca\",\"isPartOf\":{\"@id\":\"https:\/\/www.gaveanews.com\/#website\"},\"primaryImageOfPage\":{\"@id\":\"https:\/\/www.gaveanews.com\/index.php\/2021\/02\/15\/ferj-promove-mais-uma-alteracao-em-relacao-ao-campeonato-carioca\/#primaryimage\"},\"image\":{\"@id\":\"https:\/\/www.gaveanews.com\/index.php\/2021\/02\/15\/ferj-promove-mais-uma-alteracao-em-relacao-ao-campeonato-carioca\/#primaryimage\"},\"thumbnailUrl\":\"https:\/\/www.gaveanews.com\/wp-content\/uploads\/Taca-do-Campeonato-Carioca.webp\",\"datePublished\":\"2021-02-15T13:58:06+00:00\",\"dateModified\":\"2021-02-15T13:58:13+00:00\",\"author\":{\"@id\":\"https:\/\/www.gaveanews.com\/#\/schema\/person\/2ec14f73fb96be2caf28f91afb14749d\"},\"description\":\"No informe, a Ferj justificou nova altera\u00e7\u00e3o devido a data inclu\u00edda \\\"recentemente\\\" pela CBF, no calend\u00e1rio dos estaduais.\",\"breadcrumb\":{\"@id\":\"https:\/\/www.gaveanews.com\/index.php\/2021\/02\/15\/ferj-promove-mais-uma-alteracao-em-relacao-ao-campeonato-carioca\/#breadcrumb\"},\"inLanguage\":\"pt-BR\",\"potentialAction\":[{\"@type\":\"ReadAction\",\"target\":[\"https:\/\/www.gaveanews.com\/index.php\/2021\/02\/15\/ferj-promove-mais-uma-alteracao-em-relacao-ao-campeonato-carioca\/\"]}]},{\"@type\":\"ImageObject\",\"inLanguage\":\"pt-BR\",\"@id\":\"https:\/\/www.gaveanews.com\/index.php\/2021\/02\/15\/ferj-promove-mais-uma-alteracao-em-relacao-ao-campeonato-carioca\/#primaryimage\",\"url\":\"https:\/\/www.gaveanews.com\/wp-content\/uploads\/Taca-do-Campeonato-Carioca.webp\",\"contentUrl\":\"https:\/\/www.gaveanews.com\/wp-content\/uploads\/Taca-do-Campeonato-Carioca.webp\",\"width\":640,\"height\":400,\"caption\":\"Ta\u00e7a do Campeonato Carioca (Foto: Marcelo Cortes\/Flamengo)\"},{\"@type\":\"BreadcrumbList\",\"@id\":\"https:\/\/www.gaveanews.com\/index.php\/2021\/02\/15\/ferj-promove-mais-uma-alteracao-em-relacao-ao-campeonato-carioca\/#breadcrumb\",\"itemListElement\":[{\"@type\":\"ListItem\",\"position\":1,\"name\":\"Home\",\"item\":\"https:\/\/www.gaveanews.com\/\"},{\"@type\":\"ListItem\",\"position\":2,\"name\":\"FERJ promove mais uma altera\u00e7\u00e3o em rela\u00e7\u00e3o ao Campeonato Carioca\"}]},{\"@type\":\"WebSite\",\"@id\":\"https:\/\/www.gaveanews.com\/#website\",\"url\":\"https:\/\/www.gaveanews.com\/\",\"name\":\"G\u00e1vea News\",\"description\":\"Veja todas as not\u00edcias sobre o Flamengo: Contrata\u00e7\u00f5es, categorias de base, resultados das partidas, tabela de classifica\u00e7\u00e3o, pr\u00f3ximos jogos!\",\"potentialAction\":[{\"@type\":\"SearchAction\",\"target\":{\"@type\":\"EntryPoint\",\"urlTemplate\":\"https:\/\/www.gaveanews.com\/?s={search_term_string}\"},\"query-input\":{\"@type\":\"PropertyValueSpecification\",\"valueRequired\":true,\"valueName\":\"search_term_string\"}}],\"inLanguage\":\"pt-BR\"},{\"@type\":\"Person\",\"@id\":\"https:\/\/www.gaveanews.com\/#\/schema\/person\/2ec14f73fb96be2caf28f91afb14749d\",\"name\":\"Equipe G\u00e1vea News\",\"image\":{\"@type\":\"ImageObject\",\"inLanguage\":\"pt-BR\",\"@id\":\"https:\/\/www.gaveanews.com\/#\/schema\/person\/image\/\",\"url\":\"https:\/\/secure.gravatar.com\/avatar\/1e1956f1facbffd3f8fa53a326721950116b3b9dc9bd44939c01180fd4a745a9?s=96&d=mm&r=g\",\"contentUrl\":\"https:\/\/secure.gravatar.com\/avatar\/1e1956f1facbffd3f8fa53a326721950116b3b9dc9bd44939c01180fd4a745a9?s=96&d=mm&r=g\",\"caption\":\"Equipe G\u00e1vea News\"}}]}<\/script>\n<!-- \/ Yoast SEO Premium plugin. -->","yoast_head_json":{"title":"FERJ promove mais uma altera\u00e7\u00e3o em rela\u00e7\u00e3o ao Campeonato Carioca","description":"No informe, a Ferj justificou nova altera\u00e7\u00e3o devido a data inclu\u00edda \"recentemente\" pela CBF, no calend\u00e1rio dos estaduais.","robots":{"index":"index","follow":"follow","max-snippet":"max-snippet:-1","max-image-preview":"max-image-preview:large","max-video-preview":"max-video-preview:-1"},"canonical":"https:\/\/www.gaveanews.com\/index.php\/2021\/02\/15\/ferj-promove-mais-uma-alteracao-em-relacao-ao-campeonato-carioca\/","og_locale":"pt_BR","og_type":"article","og_title":"FERJ promove mais uma altera\u00e7\u00e3o em rela\u00e7\u00e3o ao Campeonato Carioca","og_description":"No informe, a Ferj justificou nova altera\u00e7\u00e3o devido a data inclu\u00edda \"recentemente\" pela CBF, no calend\u00e1rio dos estaduais.","og_url":"https:\/\/www.gaveanews.com\/index.php\/2021\/02\/15\/ferj-promove-mais-uma-alteracao-em-relacao-ao-campeonato-carioca\/","og_site_name":"G\u00e1vea News","article_publisher":"https:\/\/facebook.com\/gaveaNews\/","article_published_time":"2021-02-15T13:58:06+00:00","article_modified_time":"2021-02-15T13:58:13+00:00","og_image":[{"width":640,"height":400,"url":"https:\/\/www.gaveanews.com\/wp-content\/uploads\/Taca-do-Campeonato-Carioca.webp","type":"image\/png"}],"author":"Equipe G\u00e1vea News","twitter_card":"summary_large_image","twitter_misc":{"Escrito por":"Equipe G\u00e1vea News","Est. tempo de leitura":"2 minutos"},"schema":{"@context":"https:\/\/schema.org","@graph":[{"@type":"NewsArticle","@id":"https:\/\/www.gaveanews.com\/index.php\/2021\/02\/15\/ferj-promove-mais-uma-alteracao-em-relacao-ao-campeonato-carioca\/#article","isPartOf":{"@id":"https:\/\/www.gaveanews.com\/index.php\/2021\/02\/15\/ferj-promove-mais-uma-alteracao-em-relacao-ao-campeonato-carioca\/"},"author":{"name":"Equipe G\u00e1vea News","@id":"https:\/\/www.gaveanews.com\/#\/schema\/person\/2ec14f73fb96be2caf28f91afb14749d"},"headline":"FERJ promove mais uma altera\u00e7\u00e3o em rela\u00e7\u00e3o ao Campeonato Carioca","datePublished":"2021-02-15T13:58:06+00:00","dateModified":"2021-02-15T13:58:13+00:00","mainEntityOfPage":{"@id":"https:\/\/www.gaveanews.com\/index.php\/2021\/02\/15\/ferj-promove-mais-uma-alteracao-em-relacao-ao-campeonato-carioca\/"},"wordCount":437,"commentCount":6,"image":{"@id":"https:\/\/www.gaveanews.com\/index.php\/2021\/02\/15\/ferj-promove-mais-uma-alteracao-em-relacao-ao-campeonato-carioca\/#primaryimage"},"thumbnailUrl":"https:\/\/www.gaveanews.com\/wp-content\/uploads\/Taca-do-Campeonato-Carioca.webp","articleSection":["Destaques"],"inLanguage":"pt-BR","potentialAction":[{"@type":"CommentAction","name":"Comment","target":["https:\/\/www.gaveanews.com\/index.php\/2021\/02\/15\/ferj-promove-mais-uma-alteracao-em-relacao-ao-campeonato-carioca\/#respond"]}],"copyrightYear":"2021","copyrightHolder":{"@id":"https:\/\/www.gaveanews.com\/#organization"}},{"@type":"WebPage","@id":"https:\/\/www.gaveanews.com\/index.php\/2021\/02\/15\/ferj-promove-mais-uma-alteracao-em-relacao-ao-campeonato-carioca\/","url":"https:\/\/www.gaveanews.com\/index.php\/2021\/02\/15\/ferj-promove-mais-uma-alteracao-em-relacao-ao-campeonato-carioca\/","name":"FERJ promove mais uma altera\u00e7\u00e3o em rela\u00e7\u00e3o ao Campeonato Carioca","isPartOf":{"@id":"https:\/\/www.gaveanews.com\/#website"},"primaryImageOfPage":{"@id":"https:\/\/www.gaveanews.com\/index.php\/2021\/02\/15\/ferj-promove-mais-uma-alteracao-em-relacao-ao-campeonato-carioca\/#primaryimage"},"image":{"@id":"https:\/\/www.gaveanews.com\/index.php\/2021\/02\/15\/ferj-promove-mais-uma-alteracao-em-relacao-ao-campeonato-carioca\/#primaryimage"},"thumbnailUrl":"https:\/\/www.gaveanews.com\/wp-content\/uploads\/Taca-do-Campeonato-Carioca.webp","datePublished":"2021-02-15T13:58:06+00:00","dateModified":"2021-02-15T13:58:13+00:00","author":{"@id":"https:\/\/www.gaveanews.com\/#\/schema\/person\/2ec14f73fb96be2caf28f91afb14749d"},"description":"No informe, a Ferj justificou nova altera\u00e7\u00e3o devido a data inclu\u00edda \"recentemente\" pela CBF, no calend\u00e1rio dos estaduais.","breadcrumb":{"@id":"https:\/\/www.gaveanews.com\/index.php\/2021\/02\/15\/ferj-promove-mais-uma-alteracao-em-relacao-ao-campeonato-carioca\/#breadcrumb"},"inLanguage":"pt-BR","potentialAction":[{"@type":"ReadAction","target":["https:\/\/www.gaveanews.com\/index.php\/2021\/02\/15\/ferj-promove-mais-uma-alteracao-em-relacao-ao-campeonato-carioca\/"]}]},{"@type":"ImageObject","inLanguage":"pt-BR","@id":"https:\/\/www.gaveanews.com\/index.php\/2021\/02\/15\/ferj-promove-mais-uma-alteracao-em-relacao-ao-campeonato-carioca\/#primaryimage","url":"https:\/\/www.gaveanews.com\/wp-content\/uploads\/Taca-do-Campeonato-Carioca.webp","contentUrl":"https:\/\/www.gaveanews.com\/wp-content\/uploads\/Taca-do-Campeonato-Carioca.webp","width":640,"height":400,"caption":"Ta\u00e7a do Campeonato Carioca (Foto: Marcelo Cortes\/Flamengo)"},{"@type":"BreadcrumbList","@id":"https:\/\/www.gaveanews.com\/index.php\/2021\/02\/15\/ferj-promove-mais-uma-alteracao-em-relacao-ao-campeonato-carioca\/#breadcrumb","itemListElement":[{"@type":"ListItem","position":1,"name":"Home","item":"https:\/\/www.gaveanews.com\/"},{"@type":"ListItem","position":2,"name":"FERJ promove mais uma altera\u00e7\u00e3o em rela\u00e7\u00e3o ao Campeonato Carioca"}]},{"@type":"WebSite","@id":"https:\/\/www.gaveanews.com\/#website","url":"https:\/\/www.gaveanews.com\/","name":"G\u00e1vea News","description":"Veja todas as not\u00edcias sobre o Flamengo: Contrata\u00e7\u00f5es, categorias de base, resultados das partidas, tabela de classifica\u00e7\u00e3o, pr\u00f3ximos jogos!","potentialAction":[{"@type":"SearchAction","target":{"@type":"EntryPoint","urlTemplate":"https:\/\/www.gaveanews.com\/?s={search_term_string}"},"query-input":{"@type":"PropertyValueSpecification","valueRequired":true,"valueName":"search_term_string"}}],"inLanguage":"pt-BR"},{"@type":"Person","@id":"https:\/\/www.gaveanews.com\/#\/schema\/person\/2ec14f73fb96be2caf28f91afb14749d","name":"Equipe G\u00e1vea News","image":{"@type":"ImageObject","inLanguage":"pt-BR","@id":"https:\/\/www.gaveanews.com\/#\/schema\/person\/image\/","url":"https:\/\/secure.gravatar.com\/avatar\/1e1956f1facbffd3f8fa53a326721950116b3b9dc9bd44939c01180fd4a745a9?s=96&d=mm&r=g","contentUrl":"https:\/\/secure.gravatar.com\/avatar\/1e1956f1facbffd3f8fa53a326721950116b3b9dc9bd44939c01180fd4a745a9?s=96&d=mm&r=g","caption":"Equipe G\u00e1vea News"}}]}},"_links":{"self":[{"href":"https:\/\/www.gaveanews.com\/index.php\/wp-json\/wp\/v2\/posts\/56196","targetHints":{"allow":["GET"]}}],"collection":[{"href":"https:\/\/www.gaveanews.com\/index.php\/wp-json\/wp\/v2\/posts"}],"about":[{"href":"https:\/\/www.gaveanews.com\/index.php\/wp-json\/wp\/v2\/types\/post"}],"author":[{"embeddable":true,"href":"https:\/\/www.gaveanews.com\/index.php\/wp-json\/wp\/v2\/users\/1"}],"replies":[{"embeddable":true,"href":"https:\/\/www.gaveanews.com\/index.php\/wp-json\/wp\/v2\/comments?post=56196"}],"version-history":[{"count":0,"href":"https:\/\/www.gaveanews.com\/index.php\/wp-json\/wp\/v2\/posts\/56196\/revisions"}],"wp:featuredmedia":[{"embeddable":true,"href":"https:\/\/www.gaveanews.com\/index.php\/wp-json\/wp\/v2\/media\/56104"}],"wp:attachment":[{"href":"https:\/\/www.gaveanews.com\/index.php\/wp-json\/wp\/v2\/media?parent=56196"}],"wp:term":[{"taxonomy":"category","embeddable":true,"href":"https:\/\/www.gaveanews.com\/index.php\/wp-json\/wp\/v2\/categories?post=56196"},{"taxonomy":"post_tag","embeddable":true,"href":"https:\/\/www.gaveanews.com\/index.php\/wp-json\/wp\/v2\/tags?post=56196"}],"curies":[{"name":"wp","href":"https:\/\/api.w.org\/{rel}","templated":true}]}}