{"id":56198,"date":"2021-02-15T12:40:00","date_gmt":"2021-02-15T15:40:00","guid":{"rendered":"https:\/\/www.gaveanews.com\/?p=56198"},"modified":"2021-08-12T00:47:52","modified_gmt":"2021-08-12T03:47:52","slug":"flamengo-e-o-unico-a-ainda-nao-assinar-com-a-record-para-o-carioca","status":"publish","type":"post","link":"https:\/\/www.gaveanews.com\/index.php\/2021\/02\/15\/flamengo-e-o-unico-a-ainda-nao-assinar-com-a-record-para-o-carioca\/","title":{"rendered":"Flamengo \u00e9 o \u00fanico a ainda n\u00e3o assinar com a Record para o Carioca"},"content":{"rendered":"\n<p>Mesmo com a <a href=\"https:\/\/www.gaveanews.com\/index.php\/2021\/02\/13\/rede-globo-surpreende-e-aumenta-proposta-pelo-carioca-2021-veja-os-valores\/\">proposta da Rede Globo feita nos \u00faltimos dias<\/a>, a emissora n\u00e3o dever\u00e1 conseguir os direitos de transmiss\u00e3o do Campeonato Carioca. A rede tentou se aproveitar da demora do Flamengo para assinar contrato com a Record, aumentando sua proposta para R$ 50 milh\u00f5es por todas as m\u00eddias. Os clubes, no entanto, rejeitaram.<\/p>\n\n\n\n<p>At\u00e9 o momento Fluminense, Vasco, Botafogo e os times menores j\u00e1 assinaram contrato com a Record, que pagar\u00e1 R$ 11 milh\u00f5es pelos direitos de TV aberta da edi\u00e7\u00e3o de 2021 do campeonato estadual. O Mais Querido demora pois a assinatura de qualquer contrato precisa ser aprovada pelo conselho deliberativo do clube, o que dever\u00e1 acontecer ainda nesta semana.<\/p>\n\n\n\n<p>As equipes recusaram a proposta da Globo por TV aberta, TV paga e pay-per-view pois acreditam que o faturamento ser\u00e1 maior e que ter\u00e3o mais autonomia com o modelo que ser\u00e1 colocado em pr\u00e1tica. Al\u00e9m da Record, haver\u00e1 um sistema pr\u00f3prio de PPV, que j\u00e1 foi fechado com a Claro\/Net e com a Sky, operadoras que det\u00e9m quase 80% do mercado.<\/p>\n\n\n\n<p>No decorrer da negocia\u00e7\u00e3o, a emissora global alterou sua proposta em duas ocasi\u00f5es, a primeira para R$ 40 milh\u00f5es e a segunda para R$ 45 milh\u00f5es. Ambas as propostas foram recusadas. A Record aumentar\u00e1 a cota paga de R$ 11 para R$ 15 milh\u00f5es no segundo, e \u00faltimo, ano de contrato.<\/p>\n\n\n\n<p>Ainda sem uma decis\u00e3o do Flamengo em rela\u00e7\u00e3o \u00e0s transmiss\u00f5es, o in\u00edcio do Campeonato Carioca est\u00e1 marcado para a primeira semana de mar\u00e7o.<\/p>\n","protected":false},"excerpt":{"rendered":"<p>Mesmo com a proposta da Rede Globo feita nos \u00faltimos dias, a emissora n\u00e3o dever\u00e1 conseguir os direitos de transmiss\u00e3o do Campeonato Carioca. A rede tentou se aproveitar da demora do Flamengo para assinar contrato com a Record, aumentando sua proposta para R$ 50 milh\u00f5es por todas as m\u00eddias. Os clubes, no entanto, rejeitaram. At\u00e9 [&hellip;]<\/p>\n","protected":false},"author":4,"featured_media":56104,"comment_status":"open","ping_status":"closed","sticky":false,"template":"","format":"standard","meta":{"footnotes":""},"categories":[1],"tags":[],"class_list":["post-56198","post","type-post","status-publish","format-standard","has-post-thumbnail","hentry","category-flamengo"],"yoast_head":"<!-- This site is optimized with the Yoast SEO Premium plugin v24.2 (Yoast SEO v26.9) - https:\/\/yoast.com\/product\/yoast-seo-premium-wordpress\/ -->\n<title>Flamengo \u00e9 o \u00fanico a ainda n\u00e3o assinar com a Record para o Carioca<\/title>\n<meta name=\"description\" content=\"Al\u00e9m da Record, haver\u00e1 um sistema pr\u00f3prio de PPV, que j\u00e1 foi fechado com a Claro\/Net e com a Sky, operadoras que det\u00e9m quase 80% do mercado.\" \/>\n<meta name=\"robots\" content=\"index, follow, max-snippet:-1, max-image-preview:large, max-video-preview:-1\" \/>\n<link rel=\"canonical\" href=\"https:\/\/www.gaveanews.com\/index.php\/2021\/02\/15\/flamengo-e-o-unico-a-ainda-nao-assinar-com-a-record-para-o-carioca\/\" \/>\n<meta property=\"og:locale\" content=\"pt_BR\" \/>\n<meta property=\"og:type\" content=\"article\" \/>\n<meta property=\"og:title\" content=\"Flamengo \u00e9 o \u00fanico a ainda n\u00e3o assinar com a Record para o Carioca\" \/>\n<meta property=\"og:description\" content=\"Al\u00e9m da Record, haver\u00e1 um sistema pr\u00f3prio de PPV, que j\u00e1 foi fechado com a Claro\/Net e com a Sky, operadoras que det\u00e9m quase 80% do mercado.\" \/>\n<meta property=\"og:url\" content=\"https:\/\/www.gaveanews.com\/index.php\/2021\/02\/15\/flamengo-e-o-unico-a-ainda-nao-assinar-com-a-record-para-o-carioca\/\" \/>\n<meta property=\"og:site_name\" content=\"G\u00e1vea News\" \/>\n<meta property=\"article:publisher\" content=\"https:\/\/facebook.com\/gaveaNews\/\" \/>\n<meta property=\"article:published_time\" content=\"2021-02-15T15:40:00+00:00\" \/>\n<meta property=\"article:modified_time\" content=\"2021-08-12T03:47:52+00:00\" \/>\n<meta property=\"og:image\" content=\"https:\/\/www.gaveanews.com\/wp-content\/uploads\/Taca-do-Campeonato-Carioca.webp\" \/>\n\t<meta property=\"og:image:width\" content=\"640\" \/>\n\t<meta property=\"og:image:height\" content=\"400\" \/>\n\t<meta property=\"og:image:type\" content=\"image\/png\" \/>\n<meta name=\"author\" content=\"Let\u00edcia Gerheim\" \/>\n<meta name=\"twitter:card\" content=\"summary_large_image\" \/>\n<meta name=\"twitter:label1\" content=\"Escrito por\" \/>\n\t<meta name=\"twitter:data1\" content=\"Let\u00edcia Gerheim\" \/>\n\t<meta name=\"twitter:label2\" content=\"Est. tempo de leitura\" \/>\n\t<meta name=\"twitter:data2\" content=\"1 minuto\" \/>\n<script type=\"application\/ld+json\" class=\"yoast-schema-graph\">{\"@context\":\"https:\/\/schema.org\",\"@graph\":[{\"@type\":\"NewsArticle\",\"@id\":\"https:\/\/www.gaveanews.com\/index.php\/2021\/02\/15\/flamengo-e-o-unico-a-ainda-nao-assinar-com-a-record-para-o-carioca\/#article\",\"isPartOf\":{\"@id\":\"https:\/\/www.gaveanews.com\/index.php\/2021\/02\/15\/flamengo-e-o-unico-a-ainda-nao-assinar-com-a-record-para-o-carioca\/\"},\"author\":{\"name\":\"Let\u00edcia Gerheim\",\"@id\":\"https:\/\/www.gaveanews.com\/#\/schema\/person\/714c67050b836198af2450ba1c142a67\"},\"headline\":\"Flamengo \u00e9 o \u00fanico a ainda n\u00e3o assinar com a Record para o Carioca\",\"datePublished\":\"2021-02-15T15:40:00+00:00\",\"dateModified\":\"2021-08-12T03:47:52+00:00\",\"mainEntityOfPage\":{\"@id\":\"https:\/\/www.gaveanews.com\/index.php\/2021\/02\/15\/flamengo-e-o-unico-a-ainda-nao-assinar-com-a-record-para-o-carioca\/\"},\"wordCount\":275,\"commentCount\":8,\"image\":{\"@id\":\"https:\/\/www.gaveanews.com\/index.php\/2021\/02\/15\/flamengo-e-o-unico-a-ainda-nao-assinar-com-a-record-para-o-carioca\/#primaryimage\"},\"thumbnailUrl\":\"https:\/\/www.gaveanews.com\/wp-content\/uploads\/Taca-do-Campeonato-Carioca.webp\",\"articleSection\":[\"Flamengo\"],\"inLanguage\":\"pt-BR\",\"potentialAction\":[{\"@type\":\"CommentAction\",\"name\":\"Comment\",\"target\":[\"https:\/\/www.gaveanews.com\/index.php\/2021\/02\/15\/flamengo-e-o-unico-a-ainda-nao-assinar-com-a-record-para-o-carioca\/#respond\"]}],\"copyrightYear\":\"2021\",\"copyrightHolder\":{\"@id\":\"https:\/\/www.gaveanews.com\/#organization\"}},{\"@type\":\"WebPage\",\"@id\":\"https:\/\/www.gaveanews.com\/index.php\/2021\/02\/15\/flamengo-e-o-unico-a-ainda-nao-assinar-com-a-record-para-o-carioca\/\",\"url\":\"https:\/\/www.gaveanews.com\/index.php\/2021\/02\/15\/flamengo-e-o-unico-a-ainda-nao-assinar-com-a-record-para-o-carioca\/\",\"name\":\"Flamengo \u00e9 o \u00fanico a ainda n\u00e3o assinar com a Record para o Carioca\",\"isPartOf\":{\"@id\":\"https:\/\/www.gaveanews.com\/#website\"},\"primaryImageOfPage\":{\"@id\":\"https:\/\/www.gaveanews.com\/index.php\/2021\/02\/15\/flamengo-e-o-unico-a-ainda-nao-assinar-com-a-record-para-o-carioca\/#primaryimage\"},\"image\":{\"@id\":\"https:\/\/www.gaveanews.com\/index.php\/2021\/02\/15\/flamengo-e-o-unico-a-ainda-nao-assinar-com-a-record-para-o-carioca\/#primaryimage\"},\"thumbnailUrl\":\"https:\/\/www.gaveanews.com\/wp-content\/uploads\/Taca-do-Campeonato-Carioca.webp\",\"datePublished\":\"2021-02-15T15:40:00+00:00\",\"dateModified\":\"2021-08-12T03:47:52+00:00\",\"author\":{\"@id\":\"https:\/\/www.gaveanews.com\/#\/schema\/person\/714c67050b836198af2450ba1c142a67\"},\"description\":\"Al\u00e9m da Record, haver\u00e1 um sistema pr\u00f3prio de PPV, que j\u00e1 foi fechado com a Claro\/Net e com a Sky, operadoras que det\u00e9m quase 80% do mercado.\",\"breadcrumb\":{\"@id\":\"https:\/\/www.gaveanews.com\/index.php\/2021\/02\/15\/flamengo-e-o-unico-a-ainda-nao-assinar-com-a-record-para-o-carioca\/#breadcrumb\"},\"inLanguage\":\"pt-BR\",\"potentialAction\":[{\"@type\":\"ReadAction\",\"target\":[\"https:\/\/www.gaveanews.com\/index.php\/2021\/02\/15\/flamengo-e-o-unico-a-ainda-nao-assinar-com-a-record-para-o-carioca\/\"]}]},{\"@type\":\"ImageObject\",\"inLanguage\":\"pt-BR\",\"@id\":\"https:\/\/www.gaveanews.com\/index.php\/2021\/02\/15\/flamengo-e-o-unico-a-ainda-nao-assinar-com-a-record-para-o-carioca\/#primaryimage\",\"url\":\"https:\/\/www.gaveanews.com\/wp-content\/uploads\/Taca-do-Campeonato-Carioca.webp\",\"contentUrl\":\"https:\/\/www.gaveanews.com\/wp-content\/uploads\/Taca-do-Campeonato-Carioca.webp\",\"width\":640,\"height\":400,\"caption\":\"Ta\u00e7a do Campeonato Carioca (Foto: Marcelo Cortes\/Flamengo)\"},{\"@type\":\"BreadcrumbList\",\"@id\":\"https:\/\/www.gaveanews.com\/index.php\/2021\/02\/15\/flamengo-e-o-unico-a-ainda-nao-assinar-com-a-record-para-o-carioca\/#breadcrumb\",\"itemListElement\":[{\"@type\":\"ListItem\",\"position\":1,\"name\":\"Home\",\"item\":\"https:\/\/www.gaveanews.com\/\"},{\"@type\":\"ListItem\",\"position\":2,\"name\":\"Flamengo \u00e9 o \u00fanico a ainda n\u00e3o assinar com a Record para o Carioca\"}]},{\"@type\":\"WebSite\",\"@id\":\"https:\/\/www.gaveanews.com\/#website\",\"url\":\"https:\/\/www.gaveanews.com\/\",\"name\":\"G\u00e1vea News\",\"description\":\"Veja todas as not\u00edcias sobre o Flamengo: Contrata\u00e7\u00f5es, categorias de base, resultados das partidas, tabela de classifica\u00e7\u00e3o, pr\u00f3ximos jogos!\",\"potentialAction\":[{\"@type\":\"SearchAction\",\"target\":{\"@type\":\"EntryPoint\",\"urlTemplate\":\"https:\/\/www.gaveanews.com\/?s={search_term_string}\"},\"query-input\":{\"@type\":\"PropertyValueSpecification\",\"valueRequired\":true,\"valueName\":\"search_term_string\"}}],\"inLanguage\":\"pt-BR\"},{\"@type\":\"Person\",\"@id\":\"https:\/\/www.gaveanews.com\/#\/schema\/person\/714c67050b836198af2450ba1c142a67\",\"name\":\"Let\u00edcia Gerheim\",\"image\":{\"@type\":\"ImageObject\",\"inLanguage\":\"pt-BR\",\"@id\":\"https:\/\/www.gaveanews.com\/#\/schema\/person\/image\/\",\"url\":\"https:\/\/secure.gravatar.com\/avatar\/60734739c50fcebfbac509e2a826ccd0ff405c019bc73aab9354f19ecad1dcb4?s=96&d=mm&r=g\",\"contentUrl\":\"https:\/\/secure.gravatar.com\/avatar\/60734739c50fcebfbac509e2a826ccd0ff405c019bc73aab9354f19ecad1dcb4?s=96&d=mm&r=g\",\"caption\":\"Let\u00edcia Gerheim\"}}]}<\/script>\n<!-- \/ Yoast SEO Premium plugin. -->","yoast_head_json":{"title":"Flamengo \u00e9 o \u00fanico a ainda n\u00e3o assinar com a Record para o Carioca","description":"Al\u00e9m da Record, haver\u00e1 um sistema pr\u00f3prio de PPV, que j\u00e1 foi fechado com a Claro\/Net e com a Sky, operadoras que det\u00e9m quase 80% do mercado.","robots":{"index":"index","follow":"follow","max-snippet":"max-snippet:-1","max-image-preview":"max-image-preview:large","max-video-preview":"max-video-preview:-1"},"canonical":"https:\/\/www.gaveanews.com\/index.php\/2021\/02\/15\/flamengo-e-o-unico-a-ainda-nao-assinar-com-a-record-para-o-carioca\/","og_locale":"pt_BR","og_type":"article","og_title":"Flamengo \u00e9 o \u00fanico a ainda n\u00e3o assinar com a Record para o Carioca","og_description":"Al\u00e9m da Record, haver\u00e1 um sistema pr\u00f3prio de PPV, que j\u00e1 foi fechado com a Claro\/Net e com a Sky, operadoras que det\u00e9m quase 80% do mercado.","og_url":"https:\/\/www.gaveanews.com\/index.php\/2021\/02\/15\/flamengo-e-o-unico-a-ainda-nao-assinar-com-a-record-para-o-carioca\/","og_site_name":"G\u00e1vea News","article_publisher":"https:\/\/facebook.com\/gaveaNews\/","article_published_time":"2021-02-15T15:40:00+00:00","article_modified_time":"2021-08-12T03:47:52+00:00","og_image":[{"width":640,"height":400,"url":"https:\/\/www.gaveanews.com\/wp-content\/uploads\/Taca-do-Campeonato-Carioca.webp","type":"image\/png"}],"author":"Let\u00edcia Gerheim","twitter_card":"summary_large_image","twitter_misc":{"Escrito por":"Let\u00edcia Gerheim","Est. tempo de leitura":"1 minuto"},"schema":{"@context":"https:\/\/schema.org","@graph":[{"@type":"NewsArticle","@id":"https:\/\/www.gaveanews.com\/index.php\/2021\/02\/15\/flamengo-e-o-unico-a-ainda-nao-assinar-com-a-record-para-o-carioca\/#article","isPartOf":{"@id":"https:\/\/www.gaveanews.com\/index.php\/2021\/02\/15\/flamengo-e-o-unico-a-ainda-nao-assinar-com-a-record-para-o-carioca\/"},"author":{"name":"Let\u00edcia Gerheim","@id":"https:\/\/www.gaveanews.com\/#\/schema\/person\/714c67050b836198af2450ba1c142a67"},"headline":"Flamengo \u00e9 o \u00fanico a ainda n\u00e3o assinar com a Record para o Carioca","datePublished":"2021-02-15T15:40:00+00:00","dateModified":"2021-08-12T03:47:52+00:00","mainEntityOfPage":{"@id":"https:\/\/www.gaveanews.com\/index.php\/2021\/02\/15\/flamengo-e-o-unico-a-ainda-nao-assinar-com-a-record-para-o-carioca\/"},"wordCount":275,"commentCount":8,"image":{"@id":"https:\/\/www.gaveanews.com\/index.php\/2021\/02\/15\/flamengo-e-o-unico-a-ainda-nao-assinar-com-a-record-para-o-carioca\/#primaryimage"},"thumbnailUrl":"https:\/\/www.gaveanews.com\/wp-content\/uploads\/Taca-do-Campeonato-Carioca.webp","articleSection":["Flamengo"],"inLanguage":"pt-BR","potentialAction":[{"@type":"CommentAction","name":"Comment","target":["https:\/\/www.gaveanews.com\/index.php\/2021\/02\/15\/flamengo-e-o-unico-a-ainda-nao-assinar-com-a-record-para-o-carioca\/#respond"]}],"copyrightYear":"2021","copyrightHolder":{"@id":"https:\/\/www.gaveanews.com\/#organization"}},{"@type":"WebPage","@id":"https:\/\/www.gaveanews.com\/index.php\/2021\/02\/15\/flamengo-e-o-unico-a-ainda-nao-assinar-com-a-record-para-o-carioca\/","url":"https:\/\/www.gaveanews.com\/index.php\/2021\/02\/15\/flamengo-e-o-unico-a-ainda-nao-assinar-com-a-record-para-o-carioca\/","name":"Flamengo \u00e9 o \u00fanico a ainda n\u00e3o assinar com a Record para o Carioca","isPartOf":{"@id":"https:\/\/www.gaveanews.com\/#website"},"primaryImageOfPage":{"@id":"https:\/\/www.gaveanews.com\/index.php\/2021\/02\/15\/flamengo-e-o-unico-a-ainda-nao-assinar-com-a-record-para-o-carioca\/#primaryimage"},"image":{"@id":"https:\/\/www.gaveanews.com\/index.php\/2021\/02\/15\/flamengo-e-o-unico-a-ainda-nao-assinar-com-a-record-para-o-carioca\/#primaryimage"},"thumbnailUrl":"https:\/\/www.gaveanews.com\/wp-content\/uploads\/Taca-do-Campeonato-Carioca.webp","datePublished":"2021-02-15T15:40:00+00:00","dateModified":"2021-08-12T03:47:52+00:00","author":{"@id":"https:\/\/www.gaveanews.com\/#\/schema\/person\/714c67050b836198af2450ba1c142a67"},"description":"Al\u00e9m da Record, haver\u00e1 um sistema pr\u00f3prio de PPV, que j\u00e1 foi fechado com a Claro\/Net e com a Sky, operadoras que det\u00e9m quase 80% do mercado.","breadcrumb":{"@id":"https:\/\/www.gaveanews.com\/index.php\/2021\/02\/15\/flamengo-e-o-unico-a-ainda-nao-assinar-com-a-record-para-o-carioca\/#breadcrumb"},"inLanguage":"pt-BR","potentialAction":[{"@type":"ReadAction","target":["https:\/\/www.gaveanews.com\/index.php\/2021\/02\/15\/flamengo-e-o-unico-a-ainda-nao-assinar-com-a-record-para-o-carioca\/"]}]},{"@type":"ImageObject","inLanguage":"pt-BR","@id":"https:\/\/www.gaveanews.com\/index.php\/2021\/02\/15\/flamengo-e-o-unico-a-ainda-nao-assinar-com-a-record-para-o-carioca\/#primaryimage","url":"https:\/\/www.gaveanews.com\/wp-content\/uploads\/Taca-do-Campeonato-Carioca.webp","contentUrl":"https:\/\/www.gaveanews.com\/wp-content\/uploads\/Taca-do-Campeonato-Carioca.webp","width":640,"height":400,"caption":"Ta\u00e7a do Campeonato Carioca (Foto: Marcelo Cortes\/Flamengo)"},{"@type":"BreadcrumbList","@id":"https:\/\/www.gaveanews.com\/index.php\/2021\/02\/15\/flamengo-e-o-unico-a-ainda-nao-assinar-com-a-record-para-o-carioca\/#breadcrumb","itemListElement":[{"@type":"ListItem","position":1,"name":"Home","item":"https:\/\/www.gaveanews.com\/"},{"@type":"ListItem","position":2,"name":"Flamengo \u00e9 o \u00fanico a ainda n\u00e3o assinar com a Record para o Carioca"}]},{"@type":"WebSite","@id":"https:\/\/www.gaveanews.com\/#website","url":"https:\/\/www.gaveanews.com\/","name":"G\u00e1vea News","description":"Veja todas as not\u00edcias sobre o Flamengo: Contrata\u00e7\u00f5es, categorias de base, resultados das partidas, tabela de classifica\u00e7\u00e3o, pr\u00f3ximos jogos!","potentialAction":[{"@type":"SearchAction","target":{"@type":"EntryPoint","urlTemplate":"https:\/\/www.gaveanews.com\/?s={search_term_string}"},"query-input":{"@type":"PropertyValueSpecification","valueRequired":true,"valueName":"search_term_string"}}],"inLanguage":"pt-BR"},{"@type":"Person","@id":"https:\/\/www.gaveanews.com\/#\/schema\/person\/714c67050b836198af2450ba1c142a67","name":"Let\u00edcia Gerheim","image":{"@type":"ImageObject","inLanguage":"pt-BR","@id":"https:\/\/www.gaveanews.com\/#\/schema\/person\/image\/","url":"https:\/\/secure.gravatar.com\/avatar\/60734739c50fcebfbac509e2a826ccd0ff405c019bc73aab9354f19ecad1dcb4?s=96&d=mm&r=g","contentUrl":"https:\/\/secure.gravatar.com\/avatar\/60734739c50fcebfbac509e2a826ccd0ff405c019bc73aab9354f19ecad1dcb4?s=96&d=mm&r=g","caption":"Let\u00edcia Gerheim"}}]}},"_links":{"self":[{"href":"https:\/\/www.gaveanews.com\/index.php\/wp-json\/wp\/v2\/posts\/56198","targetHints":{"allow":["GET"]}}],"collection":[{"href":"https:\/\/www.gaveanews.com\/index.php\/wp-json\/wp\/v2\/posts"}],"about":[{"href":"https:\/\/www.gaveanews.com\/index.php\/wp-json\/wp\/v2\/types\/post"}],"author":[{"embeddable":true,"href":"https:\/\/www.gaveanews.com\/index.php\/wp-json\/wp\/v2\/users\/4"}],"replies":[{"embeddable":true,"href":"https:\/\/www.gaveanews.com\/index.php\/wp-json\/wp\/v2\/comments?post=56198"}],"version-history":[{"count":0,"href":"https:\/\/www.gaveanews.com\/index.php\/wp-json\/wp\/v2\/posts\/56198\/revisions"}],"wp:featuredmedia":[{"embeddable":true,"href":"https:\/\/www.gaveanews.com\/index.php\/wp-json\/wp\/v2\/media\/56104"}],"wp:attachment":[{"href":"https:\/\/www.gaveanews.com\/index.php\/wp-json\/wp\/v2\/media?parent=56198"}],"wp:term":[{"taxonomy":"category","embeddable":true,"href":"https:\/\/www.gaveanews.com\/index.php\/wp-json\/wp\/v2\/categories?post=56198"},{"taxonomy":"post_tag","embeddable":true,"href":"https:\/\/www.gaveanews.com\/index.php\/wp-json\/wp\/v2\/tags?post=56198"}],"curies":[{"name":"wp","href":"https:\/\/api.w.org\/{rel}","templated":true}]}}