{"id":56207,"date":"2021-02-15T16:00:00","date_gmt":"2021-02-15T19:00:00","guid":{"rendered":"https:\/\/www.gaveanews.com\/?p=56207"},"modified":"2021-08-12T00:47:50","modified_gmt":"2021-08-12T03:47:50","slug":"contra-o-flamengo-inter-pode-ter-apenas-1-titular-no-setor-defensivo","status":"publish","type":"post","link":"https:\/\/www.gaveanews.com\/index.php\/2021\/02\/15\/contra-o-flamengo-inter-pode-ter-apenas-1-titular-no-setor-defensivo\/","title":{"rendered":"Contra o Flamengo, Inter pode ter apenas 1 titular no setor defensivo"},"content":{"rendered":"\n<p>No pr\u00f3ximo domingo (21), Flamengo e Internacional se enfrentar\u00e3o em uma partida que poder\u00e1 definir o pr\u00f3ximo campe\u00e3o brasileiro. Com apenas um ponto de diferen\u00e7a no saldo total, os clubes dependem apenas de si e ir\u00e3o a campo no fim de semana em clima de final.<\/p>\n\n\n\n<p>Assim como o rubro-negro, que atuar\u00e1 com alguns desfalques por conta de les\u00f5es, o Inter tamb\u00e9m ter\u00e1 seus desafios, em especial no setor defensivo. As baixas pelo lado do Colorado poder\u00e3o ser decisivas para o placar final do jogo, principalmente se for levado em considera\u00e7\u00e3o o Fla ter o melhor ataque do Campeonato Brasileiro.<\/p>\n\n\n\n<p>Inicialmente, o grupo j\u00e1 contaria com a falta do zagueiro Rodrigo Moledo, que rompeu o ligamento cruzado posterior do joelho direito no dia 13 de janeiro e ainda n\u00e3o se recuperou da les\u00e3o. Al\u00e9m dele, Victor Cuesta recebeu seu terceiro cart\u00e3o amarelo no duelo contra o Vasco e cumprir\u00e1 suspens\u00e3o autom\u00e1tica contra o Mengo. <\/p>\n\n\n\n<p>Para fechar a conta, o lateral Rodinei, emprestado pelo Flamengo, s\u00f3 poder\u00e1 atuar contra sua equipe de origem se o Internacional estiver disposto a pagar R$ 1 milh\u00e3o de multa \u00e0 vista para o clube carioca. Sobre a presen\u00e7a do lateral, o presidente da equipe sulista afirmou estar estudando a possibilidade mas disse que o valor n\u00e3o ser\u00e1 um problema.<\/p>\n\n\n\n<p><strong><em>&#8220;O Inter parte para duas partidas decisivas e a decis\u00e3o de quem vai jogar, quem n\u00e3o vai, n\u00f3s teremos essa discuss\u00e3o conjuntamente a partir de agora. Mas o Inter n\u00e3o est\u00e1 preocupado com os valores, mas em buscar esse t\u00edtulo&#8221;<\/em><\/strong>, declarou Alessandro Barcellos.<\/p>\n\n\n\n<p>Caso o Internacional decida n\u00e3o pagar o Flamengo o valor, o setor defensivo do Colorado contar\u00e1 apenas com o lateral titular Mois\u00e9s para o confronto. Em contrapartida, o rubro-negro possui boas not\u00edcias no mesmo setor, com o retorno de Rodrigo Caio no \u00faltimo domingo (14), contra o Corinthians.<\/p>\n\n\n\n<p>Ainda sem uma resposta sobre a situa\u00e7\u00e3o de Rodinei, o Mais Querido j\u00e1 se organiza para enfrentar o Inter no domingo (21), \u00e0s 16h (hor\u00e1rio de Bras\u00edlia), em casa. Com 68 pontos na tabela, o Fla n\u00e3o poder\u00e1 ser alcan\u00e7ado pelo terceiro colocado, Atl\u00e9tico-MG, uma vez que o Galo possui o saldo de 62 pontos, 6 a menos que o Flamengo.<\/p>\n","protected":false},"excerpt":{"rendered":"<p>No pr\u00f3ximo domingo (21), Flamengo e Internacional se enfrentar\u00e3o em uma partida que poder\u00e1 definir o pr\u00f3ximo campe\u00e3o brasileiro. Com apenas um ponto de diferen\u00e7a no saldo total, os clubes dependem apenas de si e ir\u00e3o a campo no fim de semana em clima de final. Assim como o rubro-negro, que atuar\u00e1 com alguns desfalques [&hellip;]<\/p>\n","protected":false},"author":4,"featured_media":50750,"comment_status":"open","ping_status":"closed","sticky":false,"template":"","format":"standard","meta":{"footnotes":""},"categories":[1],"tags":[],"class_list":["post-56207","post","type-post","status-publish","format-standard","has-post-thumbnail","hentry","category-flamengo"],"yoast_head":"<!-- This site is optimized with the Yoast SEO Premium plugin v24.2 (Yoast SEO v26.9) - https:\/\/yoast.com\/product\/yoast-seo-premium-wordpress\/ -->\n<title>Contra o Flamengo, Inter pode ter apenas 1 titular no setor defensivo<\/title>\n<meta name=\"description\" content=\"Com apenas um ponto de diferen\u00e7a no saldo total, os clubes dependem apenas de si e ir\u00e3o a campo no fim de semana em clima de final.\" \/>\n<meta name=\"robots\" content=\"index, follow, max-snippet:-1, max-image-preview:large, max-video-preview:-1\" \/>\n<link rel=\"canonical\" href=\"https:\/\/www.gaveanews.com\/index.php\/2021\/02\/15\/contra-o-flamengo-inter-pode-ter-apenas-1-titular-no-setor-defensivo\/\" \/>\n<meta property=\"og:locale\" content=\"pt_BR\" \/>\n<meta property=\"og:type\" content=\"article\" \/>\n<meta property=\"og:title\" content=\"Contra o Flamengo, Inter pode ter apenas 1 titular no setor defensivo\" \/>\n<meta property=\"og:description\" content=\"Com apenas um ponto de diferen\u00e7a no saldo total, os clubes dependem apenas de si e ir\u00e3o a campo no fim de semana em clima de final.\" \/>\n<meta property=\"og:url\" content=\"https:\/\/www.gaveanews.com\/index.php\/2021\/02\/15\/contra-o-flamengo-inter-pode-ter-apenas-1-titular-no-setor-defensivo\/\" \/>\n<meta property=\"og:site_name\" content=\"G\u00e1vea News\" \/>\n<meta property=\"article:publisher\" content=\"https:\/\/facebook.com\/gaveaNews\/\" \/>\n<meta property=\"article:published_time\" content=\"2021-02-15T19:00:00+00:00\" \/>\n<meta property=\"article:modified_time\" content=\"2021-08-12T03:47:50+00:00\" \/>\n<meta property=\"og:image\" content=\"https:\/\/www.gaveanews.com\/wp-content\/uploads\/Rodinei-em-acao-pelo-Internacional.webp\" \/>\n\t<meta property=\"og:image:width\" content=\"2560\" \/>\n\t<meta property=\"og:image:height\" content=\"1704\" \/>\n\t<meta property=\"og:image:type\" content=\"image\/jpeg\" \/>\n<meta name=\"author\" content=\"Let\u00edcia Gerheim\" \/>\n<meta name=\"twitter:card\" content=\"summary_large_image\" \/>\n<meta name=\"twitter:label1\" content=\"Escrito por\" \/>\n\t<meta name=\"twitter:data1\" content=\"Let\u00edcia Gerheim\" \/>\n\t<meta name=\"twitter:label2\" content=\"Est. tempo de leitura\" \/>\n\t<meta name=\"twitter:data2\" content=\"2 minutos\" \/>\n<script type=\"application\/ld+json\" class=\"yoast-schema-graph\">{\"@context\":\"https:\/\/schema.org\",\"@graph\":[{\"@type\":\"NewsArticle\",\"@id\":\"https:\/\/www.gaveanews.com\/index.php\/2021\/02\/15\/contra-o-flamengo-inter-pode-ter-apenas-1-titular-no-setor-defensivo\/#article\",\"isPartOf\":{\"@id\":\"https:\/\/www.gaveanews.com\/index.php\/2021\/02\/15\/contra-o-flamengo-inter-pode-ter-apenas-1-titular-no-setor-defensivo\/\"},\"author\":{\"name\":\"Let\u00edcia Gerheim\",\"@id\":\"https:\/\/www.gaveanews.com\/#\/schema\/person\/714c67050b836198af2450ba1c142a67\"},\"headline\":\"Contra o Flamengo, Inter pode ter apenas 1 titular no setor defensivo\",\"datePublished\":\"2021-02-15T19:00:00+00:00\",\"dateModified\":\"2021-08-12T03:47:50+00:00\",\"mainEntityOfPage\":{\"@id\":\"https:\/\/www.gaveanews.com\/index.php\/2021\/02\/15\/contra-o-flamengo-inter-pode-ter-apenas-1-titular-no-setor-defensivo\/\"},\"wordCount\":402,\"commentCount\":9,\"image\":{\"@id\":\"https:\/\/www.gaveanews.com\/index.php\/2021\/02\/15\/contra-o-flamengo-inter-pode-ter-apenas-1-titular-no-setor-defensivo\/#primaryimage\"},\"thumbnailUrl\":\"https:\/\/www.gaveanews.com\/wp-content\/uploads\/Rodinei-em-acao-pelo-Internacional.webp\",\"articleSection\":[\"Flamengo\"],\"inLanguage\":\"pt-BR\",\"potentialAction\":[{\"@type\":\"CommentAction\",\"name\":\"Comment\",\"target\":[\"https:\/\/www.gaveanews.com\/index.php\/2021\/02\/15\/contra-o-flamengo-inter-pode-ter-apenas-1-titular-no-setor-defensivo\/#respond\"]}],\"copyrightYear\":\"2021\",\"copyrightHolder\":{\"@id\":\"https:\/\/www.gaveanews.com\/#organization\"}},{\"@type\":\"WebPage\",\"@id\":\"https:\/\/www.gaveanews.com\/index.php\/2021\/02\/15\/contra-o-flamengo-inter-pode-ter-apenas-1-titular-no-setor-defensivo\/\",\"url\":\"https:\/\/www.gaveanews.com\/index.php\/2021\/02\/15\/contra-o-flamengo-inter-pode-ter-apenas-1-titular-no-setor-defensivo\/\",\"name\":\"Contra o Flamengo, Inter pode ter apenas 1 titular no setor defensivo\",\"isPartOf\":{\"@id\":\"https:\/\/www.gaveanews.com\/#website\"},\"primaryImageOfPage\":{\"@id\":\"https:\/\/www.gaveanews.com\/index.php\/2021\/02\/15\/contra-o-flamengo-inter-pode-ter-apenas-1-titular-no-setor-defensivo\/#primaryimage\"},\"image\":{\"@id\":\"https:\/\/www.gaveanews.com\/index.php\/2021\/02\/15\/contra-o-flamengo-inter-pode-ter-apenas-1-titular-no-setor-defensivo\/#primaryimage\"},\"thumbnailUrl\":\"https:\/\/www.gaveanews.com\/wp-content\/uploads\/Rodinei-em-acao-pelo-Internacional.webp\",\"datePublished\":\"2021-02-15T19:00:00+00:00\",\"dateModified\":\"2021-08-12T03:47:50+00:00\",\"author\":{\"@id\":\"https:\/\/www.gaveanews.com\/#\/schema\/person\/714c67050b836198af2450ba1c142a67\"},\"description\":\"Com apenas um ponto de diferen\u00e7a no saldo total, os clubes dependem apenas de si e ir\u00e3o a campo no fim de semana em clima de final.\",\"breadcrumb\":{\"@id\":\"https:\/\/www.gaveanews.com\/index.php\/2021\/02\/15\/contra-o-flamengo-inter-pode-ter-apenas-1-titular-no-setor-defensivo\/#breadcrumb\"},\"inLanguage\":\"pt-BR\",\"potentialAction\":[{\"@type\":\"ReadAction\",\"target\":[\"https:\/\/www.gaveanews.com\/index.php\/2021\/02\/15\/contra-o-flamengo-inter-pode-ter-apenas-1-titular-no-setor-defensivo\/\"]}]},{\"@type\":\"ImageObject\",\"inLanguage\":\"pt-BR\",\"@id\":\"https:\/\/www.gaveanews.com\/index.php\/2021\/02\/15\/contra-o-flamengo-inter-pode-ter-apenas-1-titular-no-setor-defensivo\/#primaryimage\",\"url\":\"https:\/\/www.gaveanews.com\/wp-content\/uploads\/Rodinei-em-acao-pelo-Internacional.webp\",\"contentUrl\":\"https:\/\/www.gaveanews.com\/wp-content\/uploads\/Rodinei-em-acao-pelo-Internacional.webp\",\"width\":2560,\"height\":1704,\"caption\":\"Rodinei em a\u00e7\u00e3o pelo Internacional (Foto: Ricardo Duarte\/Internacional)\"},{\"@type\":\"BreadcrumbList\",\"@id\":\"https:\/\/www.gaveanews.com\/index.php\/2021\/02\/15\/contra-o-flamengo-inter-pode-ter-apenas-1-titular-no-setor-defensivo\/#breadcrumb\",\"itemListElement\":[{\"@type\":\"ListItem\",\"position\":1,\"name\":\"Home\",\"item\":\"https:\/\/www.gaveanews.com\/\"},{\"@type\":\"ListItem\",\"position\":2,\"name\":\"Contra o Flamengo, Inter pode ter apenas 1 titular no setor defensivo\"}]},{\"@type\":\"WebSite\",\"@id\":\"https:\/\/www.gaveanews.com\/#website\",\"url\":\"https:\/\/www.gaveanews.com\/\",\"name\":\"G\u00e1vea News\",\"description\":\"Veja todas as not\u00edcias sobre o Flamengo: Contrata\u00e7\u00f5es, categorias de base, resultados das partidas, tabela de classifica\u00e7\u00e3o, pr\u00f3ximos jogos!\",\"potentialAction\":[{\"@type\":\"SearchAction\",\"target\":{\"@type\":\"EntryPoint\",\"urlTemplate\":\"https:\/\/www.gaveanews.com\/?s={search_term_string}\"},\"query-input\":{\"@type\":\"PropertyValueSpecification\",\"valueRequired\":true,\"valueName\":\"search_term_string\"}}],\"inLanguage\":\"pt-BR\"},{\"@type\":\"Person\",\"@id\":\"https:\/\/www.gaveanews.com\/#\/schema\/person\/714c67050b836198af2450ba1c142a67\",\"name\":\"Let\u00edcia Gerheim\",\"image\":{\"@type\":\"ImageObject\",\"inLanguage\":\"pt-BR\",\"@id\":\"https:\/\/www.gaveanews.com\/#\/schema\/person\/image\/\",\"url\":\"https:\/\/secure.gravatar.com\/avatar\/60734739c50fcebfbac509e2a826ccd0ff405c019bc73aab9354f19ecad1dcb4?s=96&d=mm&r=g\",\"contentUrl\":\"https:\/\/secure.gravatar.com\/avatar\/60734739c50fcebfbac509e2a826ccd0ff405c019bc73aab9354f19ecad1dcb4?s=96&d=mm&r=g\",\"caption\":\"Let\u00edcia Gerheim\"}}]}<\/script>\n<!-- \/ Yoast SEO Premium plugin. -->","yoast_head_json":{"title":"Contra o Flamengo, Inter pode ter apenas 1 titular no setor defensivo","description":"Com apenas um ponto de diferen\u00e7a no saldo total, os clubes dependem apenas de si e ir\u00e3o a campo no fim de semana em clima de final.","robots":{"index":"index","follow":"follow","max-snippet":"max-snippet:-1","max-image-preview":"max-image-preview:large","max-video-preview":"max-video-preview:-1"},"canonical":"https:\/\/www.gaveanews.com\/index.php\/2021\/02\/15\/contra-o-flamengo-inter-pode-ter-apenas-1-titular-no-setor-defensivo\/","og_locale":"pt_BR","og_type":"article","og_title":"Contra o Flamengo, Inter pode ter apenas 1 titular no setor defensivo","og_description":"Com apenas um ponto de diferen\u00e7a no saldo total, os clubes dependem apenas de si e ir\u00e3o a campo no fim de semana em clima de final.","og_url":"https:\/\/www.gaveanews.com\/index.php\/2021\/02\/15\/contra-o-flamengo-inter-pode-ter-apenas-1-titular-no-setor-defensivo\/","og_site_name":"G\u00e1vea News","article_publisher":"https:\/\/facebook.com\/gaveaNews\/","article_published_time":"2021-02-15T19:00:00+00:00","article_modified_time":"2021-08-12T03:47:50+00:00","og_image":[{"width":2560,"height":1704,"url":"https:\/\/www.gaveanews.com\/wp-content\/uploads\/Rodinei-em-acao-pelo-Internacional.webp","type":"image\/jpeg"}],"author":"Let\u00edcia Gerheim","twitter_card":"summary_large_image","twitter_misc":{"Escrito por":"Let\u00edcia Gerheim","Est. tempo de leitura":"2 minutos"},"schema":{"@context":"https:\/\/schema.org","@graph":[{"@type":"NewsArticle","@id":"https:\/\/www.gaveanews.com\/index.php\/2021\/02\/15\/contra-o-flamengo-inter-pode-ter-apenas-1-titular-no-setor-defensivo\/#article","isPartOf":{"@id":"https:\/\/www.gaveanews.com\/index.php\/2021\/02\/15\/contra-o-flamengo-inter-pode-ter-apenas-1-titular-no-setor-defensivo\/"},"author":{"name":"Let\u00edcia Gerheim","@id":"https:\/\/www.gaveanews.com\/#\/schema\/person\/714c67050b836198af2450ba1c142a67"},"headline":"Contra o Flamengo, Inter pode ter apenas 1 titular no setor defensivo","datePublished":"2021-02-15T19:00:00+00:00","dateModified":"2021-08-12T03:47:50+00:00","mainEntityOfPage":{"@id":"https:\/\/www.gaveanews.com\/index.php\/2021\/02\/15\/contra-o-flamengo-inter-pode-ter-apenas-1-titular-no-setor-defensivo\/"},"wordCount":402,"commentCount":9,"image":{"@id":"https:\/\/www.gaveanews.com\/index.php\/2021\/02\/15\/contra-o-flamengo-inter-pode-ter-apenas-1-titular-no-setor-defensivo\/#primaryimage"},"thumbnailUrl":"https:\/\/www.gaveanews.com\/wp-content\/uploads\/Rodinei-em-acao-pelo-Internacional.webp","articleSection":["Flamengo"],"inLanguage":"pt-BR","potentialAction":[{"@type":"CommentAction","name":"Comment","target":["https:\/\/www.gaveanews.com\/index.php\/2021\/02\/15\/contra-o-flamengo-inter-pode-ter-apenas-1-titular-no-setor-defensivo\/#respond"]}],"copyrightYear":"2021","copyrightHolder":{"@id":"https:\/\/www.gaveanews.com\/#organization"}},{"@type":"WebPage","@id":"https:\/\/www.gaveanews.com\/index.php\/2021\/02\/15\/contra-o-flamengo-inter-pode-ter-apenas-1-titular-no-setor-defensivo\/","url":"https:\/\/www.gaveanews.com\/index.php\/2021\/02\/15\/contra-o-flamengo-inter-pode-ter-apenas-1-titular-no-setor-defensivo\/","name":"Contra o Flamengo, Inter pode ter apenas 1 titular no setor defensivo","isPartOf":{"@id":"https:\/\/www.gaveanews.com\/#website"},"primaryImageOfPage":{"@id":"https:\/\/www.gaveanews.com\/index.php\/2021\/02\/15\/contra-o-flamengo-inter-pode-ter-apenas-1-titular-no-setor-defensivo\/#primaryimage"},"image":{"@id":"https:\/\/www.gaveanews.com\/index.php\/2021\/02\/15\/contra-o-flamengo-inter-pode-ter-apenas-1-titular-no-setor-defensivo\/#primaryimage"},"thumbnailUrl":"https:\/\/www.gaveanews.com\/wp-content\/uploads\/Rodinei-em-acao-pelo-Internacional.webp","datePublished":"2021-02-15T19:00:00+00:00","dateModified":"2021-08-12T03:47:50+00:00","author":{"@id":"https:\/\/www.gaveanews.com\/#\/schema\/person\/714c67050b836198af2450ba1c142a67"},"description":"Com apenas um ponto de diferen\u00e7a no saldo total, os clubes dependem apenas de si e ir\u00e3o a campo no fim de semana em clima de final.","breadcrumb":{"@id":"https:\/\/www.gaveanews.com\/index.php\/2021\/02\/15\/contra-o-flamengo-inter-pode-ter-apenas-1-titular-no-setor-defensivo\/#breadcrumb"},"inLanguage":"pt-BR","potentialAction":[{"@type":"ReadAction","target":["https:\/\/www.gaveanews.com\/index.php\/2021\/02\/15\/contra-o-flamengo-inter-pode-ter-apenas-1-titular-no-setor-defensivo\/"]}]},{"@type":"ImageObject","inLanguage":"pt-BR","@id":"https:\/\/www.gaveanews.com\/index.php\/2021\/02\/15\/contra-o-flamengo-inter-pode-ter-apenas-1-titular-no-setor-defensivo\/#primaryimage","url":"https:\/\/www.gaveanews.com\/wp-content\/uploads\/Rodinei-em-acao-pelo-Internacional.webp","contentUrl":"https:\/\/www.gaveanews.com\/wp-content\/uploads\/Rodinei-em-acao-pelo-Internacional.webp","width":2560,"height":1704,"caption":"Rodinei em a\u00e7\u00e3o pelo Internacional (Foto: Ricardo Duarte\/Internacional)"},{"@type":"BreadcrumbList","@id":"https:\/\/www.gaveanews.com\/index.php\/2021\/02\/15\/contra-o-flamengo-inter-pode-ter-apenas-1-titular-no-setor-defensivo\/#breadcrumb","itemListElement":[{"@type":"ListItem","position":1,"name":"Home","item":"https:\/\/www.gaveanews.com\/"},{"@type":"ListItem","position":2,"name":"Contra o Flamengo, Inter pode ter apenas 1 titular no setor defensivo"}]},{"@type":"WebSite","@id":"https:\/\/www.gaveanews.com\/#website","url":"https:\/\/www.gaveanews.com\/","name":"G\u00e1vea News","description":"Veja todas as not\u00edcias sobre o Flamengo: Contrata\u00e7\u00f5es, categorias de base, resultados das partidas, tabela de classifica\u00e7\u00e3o, pr\u00f3ximos jogos!","potentialAction":[{"@type":"SearchAction","target":{"@type":"EntryPoint","urlTemplate":"https:\/\/www.gaveanews.com\/?s={search_term_string}"},"query-input":{"@type":"PropertyValueSpecification","valueRequired":true,"valueName":"search_term_string"}}],"inLanguage":"pt-BR"},{"@type":"Person","@id":"https:\/\/www.gaveanews.com\/#\/schema\/person\/714c67050b836198af2450ba1c142a67","name":"Let\u00edcia Gerheim","image":{"@type":"ImageObject","inLanguage":"pt-BR","@id":"https:\/\/www.gaveanews.com\/#\/schema\/person\/image\/","url":"https:\/\/secure.gravatar.com\/avatar\/60734739c50fcebfbac509e2a826ccd0ff405c019bc73aab9354f19ecad1dcb4?s=96&d=mm&r=g","contentUrl":"https:\/\/secure.gravatar.com\/avatar\/60734739c50fcebfbac509e2a826ccd0ff405c019bc73aab9354f19ecad1dcb4?s=96&d=mm&r=g","caption":"Let\u00edcia Gerheim"}}]}},"_links":{"self":[{"href":"https:\/\/www.gaveanews.com\/index.php\/wp-json\/wp\/v2\/posts\/56207","targetHints":{"allow":["GET"]}}],"collection":[{"href":"https:\/\/www.gaveanews.com\/index.php\/wp-json\/wp\/v2\/posts"}],"about":[{"href":"https:\/\/www.gaveanews.com\/index.php\/wp-json\/wp\/v2\/types\/post"}],"author":[{"embeddable":true,"href":"https:\/\/www.gaveanews.com\/index.php\/wp-json\/wp\/v2\/users\/4"}],"replies":[{"embeddable":true,"href":"https:\/\/www.gaveanews.com\/index.php\/wp-json\/wp\/v2\/comments?post=56207"}],"version-history":[{"count":0,"href":"https:\/\/www.gaveanews.com\/index.php\/wp-json\/wp\/v2\/posts\/56207\/revisions"}],"wp:featuredmedia":[{"embeddable":true,"href":"https:\/\/www.gaveanews.com\/index.php\/wp-json\/wp\/v2\/media\/50750"}],"wp:attachment":[{"href":"https:\/\/www.gaveanews.com\/index.php\/wp-json\/wp\/v2\/media?parent=56207"}],"wp:term":[{"taxonomy":"category","embeddable":true,"href":"https:\/\/www.gaveanews.com\/index.php\/wp-json\/wp\/v2\/categories?post=56207"},{"taxonomy":"post_tag","embeddable":true,"href":"https:\/\/www.gaveanews.com\/index.php\/wp-json\/wp\/v2\/tags?post=56207"}],"curies":[{"name":"wp","href":"https:\/\/api.w.org\/{rel}","templated":true}]}}