{"id":56214,"date":"2021-02-16T17:43:57","date_gmt":"2021-02-16T20:43:57","guid":{"rendered":"https:\/\/www.gaveanews.com\/?p=56214"},"modified":"2021-08-12T00:47:45","modified_gmt":"2021-08-12T03:47:45","slug":"flamengo-atualiza-situacoes-de-gabigol-e-arrascaeta","status":"publish","type":"post","link":"https:\/\/www.gaveanews.com\/index.php\/2021\/02\/16\/flamengo-atualiza-situacoes-de-gabigol-e-arrascaeta\/","title":{"rendered":"Flamengo atualiza situa\u00e7\u00f5es de Gabigol e Arrascaeta"},"content":{"rendered":"\n<p>No \u00faltimo domingo (14), o Flamengo venceu o Corinthians por 2 a 1 em partida v\u00e1lida pela 36\u00aa rodada do Campeonato Brasileiro. Com a vit\u00f3ria, o rubro-negro segue viv\u00edssimo na briga pelo t\u00edtulo da competi\u00e7\u00e3o, precisando vencer o Internacional para assumir a lideran\u00e7a.<\/p>\n\n\n\n<p>O confronto contra o alvinegro, por\u00e9m, n\u00e3o teve apenas alegrias para o flamenguista. Caminhando para os minutos finais, aos 33 do segundo tempo, Gabigol sentiu dores e precisou sair de campo na maca. O time informou minutos depois que o camisa 9 havia iniciado tratamento ainda no vesti\u00e1rio. E a preocupa\u00e7\u00e3o n\u00e3o acabou por a\u00ed.<\/p>\n\n\n\n<p>Poucos minutos depois, aos 44, Arrascaeta saiu de cena e foi substitu\u00eddo por Michael. O meia tamb\u00e9m deixou as quatro linhas com express\u00e3o de desconforto, iniciando o tratamento com gelo no joelho esquerdo do jogador no banco de reservas.<\/p>\n\n\n\n<p>Desde ent\u00e3o, os jogadores se tornaram d\u00favidas para a equipe e preocupa\u00e7\u00f5es para a torcida. Por\u00e9m, felizmente ambos n\u00e3o tiveram les\u00f5es confirmadas e nesta ter\u00e7a-feira eles participaram dos trabalhos normalmente. Quem divulgou tal informa\u00e7\u00e3o, foi o pr\u00f3prio Flamengo.<\/p>\n\n\n\n<h2 class=\"wp-block-heading\" id=\"h-confira-a-nota-emitida-pelo-flamengo\">Confira a nota emitida pelo Flamengo:<\/h2>\n\n\n\n<figure class=\"wp-block-embed is-type-rich is-provider-twitter wp-block-embed-twitter\"><div class=\"wp-block-embed__wrapper\">\n<blockquote class=\"twitter-tweet\" data-width=\"550\" data-dnt=\"true\"><p lang=\"pt\" dir=\"ltr\">Os atletas Gabriel Barbosa e Arrascaeta foram reavaliados e iniciaram os trabalhos regenerativos normalmente. N\u00e3o ser\u00e1 necess\u00e1rio realizar exames. <a href=\"https:\/\/twitter.com\/hashtag\/CRF?src=hash&amp;ref_src=twsrc%5Etfw\">#CRF<\/a><\/p>&mdash; Flamengo (@Flamengo) <a href=\"https:\/\/twitter.com\/Flamengo\/status\/1361770681684402177?ref_src=twsrc%5Etfw\">February 16, 2021<\/a><\/blockquote><script async src=\"https:\/\/platform.twitter.com\/widgets.js\" charset=\"utf-8\"><\/script>\n<\/div><\/figure>\n\n\n\n<p>Desta forma, o elenco do Fla se prepara durante esta semana para enfrentar  o Internacional no domingo (21), \u00e0s 16h (hor\u00e1rio de Bras\u00edlia). Este pr\u00f3ximo confronto ser\u00e1 de suma import\u00e2ncia para a defini\u00e7\u00e3o do campe\u00e3o brasileiro da temporada 2020\/21.<\/p>\n","protected":false},"excerpt":{"rendered":"<p>No \u00faltimo domingo (14), o Flamengo venceu o Corinthians por 2 a 1 em partida v\u00e1lida pela 36\u00aa rodada do Campeonato Brasileiro. Com a vit\u00f3ria, o rubro-negro segue viv\u00edssimo na briga pelo t\u00edtulo da competi\u00e7\u00e3o, precisando vencer o Internacional para assumir a lideran\u00e7a. O confronto contra o alvinegro, por\u00e9m, n\u00e3o teve apenas alegrias para o [&hellip;]<\/p>\n","protected":false},"author":4,"featured_media":55463,"comment_status":"open","ping_status":"closed","sticky":false,"template":"","format":"standard","meta":{"footnotes":""},"categories":[1],"tags":[],"class_list":["post-56214","post","type-post","status-publish","format-standard","has-post-thumbnail","hentry","category-flamengo"],"yoast_head":"<!-- This site is optimized with the Yoast SEO Premium plugin v24.2 (Yoast SEO v26.9) - https:\/\/yoast.com\/product\/yoast-seo-premium-wordpress\/ -->\n<title>Flamengo atualiza situa\u00e7\u00f5es de Gabigol e Arrascaeta<\/title>\n<meta name=\"description\" content=\"Como havia dito, ent\u00e3o, o Fla reavaliou a situa\u00e7\u00e3o dos mesmos e emitiu uma nova nota sobre a situa\u00e7\u00e3o atual deles nesta ter\u00e7a-feira; veja:\" \/>\n<meta name=\"robots\" content=\"index, follow, max-snippet:-1, max-image-preview:large, max-video-preview:-1\" \/>\n<link rel=\"canonical\" href=\"https:\/\/www.gaveanews.com\/index.php\/2021\/02\/16\/flamengo-atualiza-situacoes-de-gabigol-e-arrascaeta\/\" \/>\n<meta property=\"og:locale\" content=\"pt_BR\" \/>\n<meta property=\"og:type\" content=\"article\" \/>\n<meta property=\"og:title\" content=\"Flamengo atualiza situa\u00e7\u00f5es de Gabigol e Arrascaeta\" \/>\n<meta property=\"og:description\" content=\"Como havia dito, ent\u00e3o, o Fla reavaliou a situa\u00e7\u00e3o dos mesmos e emitiu uma nova nota sobre a situa\u00e7\u00e3o atual deles nesta ter\u00e7a-feira; veja:\" \/>\n<meta property=\"og:url\" content=\"https:\/\/www.gaveanews.com\/index.php\/2021\/02\/16\/flamengo-atualiza-situacoes-de-gabigol-e-arrascaeta\/\" \/>\n<meta property=\"og:site_name\" content=\"G\u00e1vea News\" \/>\n<meta property=\"article:publisher\" content=\"https:\/\/facebook.com\/gaveaNews\/\" \/>\n<meta property=\"article:published_time\" content=\"2021-02-16T20:43:57+00:00\" \/>\n<meta property=\"article:modified_time\" content=\"2021-08-12T03:47:45+00:00\" \/>\n<meta property=\"og:image\" content=\"https:\/\/www.gaveanews.com\/wp-content\/uploads\/Arrascaeta-e-Gabigol-em-acao-pelo-Flamengo-contra-o-Gremio.webp\" \/>\n\t<meta property=\"og:image:width\" content=\"799\" \/>\n\t<meta property=\"og:image:height\" content=\"532\" \/>\n\t<meta property=\"og:image:type\" content=\"image\/jpeg\" \/>\n<meta name=\"author\" content=\"Let\u00edcia Gerheim\" \/>\n<meta name=\"twitter:card\" content=\"summary_large_image\" \/>\n<meta name=\"twitter:label1\" content=\"Escrito por\" \/>\n\t<meta name=\"twitter:data1\" content=\"Let\u00edcia Gerheim\" \/>\n\t<meta name=\"twitter:label2\" content=\"Est. tempo de leitura\" \/>\n\t<meta name=\"twitter:data2\" content=\"1 minuto\" \/>\n<script type=\"application\/ld+json\" class=\"yoast-schema-graph\">{\"@context\":\"https:\/\/schema.org\",\"@graph\":[{\"@type\":\"NewsArticle\",\"@id\":\"https:\/\/www.gaveanews.com\/index.php\/2021\/02\/16\/flamengo-atualiza-situacoes-de-gabigol-e-arrascaeta\/#article\",\"isPartOf\":{\"@id\":\"https:\/\/www.gaveanews.com\/index.php\/2021\/02\/16\/flamengo-atualiza-situacoes-de-gabigol-e-arrascaeta\/\"},\"author\":{\"name\":\"Let\u00edcia Gerheim\",\"@id\":\"https:\/\/www.gaveanews.com\/#\/schema\/person\/714c67050b836198af2450ba1c142a67\"},\"headline\":\"Flamengo atualiza situa\u00e7\u00f5es de Gabigol e Arrascaeta\",\"datePublished\":\"2021-02-16T20:43:57+00:00\",\"dateModified\":\"2021-08-12T03:47:45+00:00\",\"mainEntityOfPage\":{\"@id\":\"https:\/\/www.gaveanews.com\/index.php\/2021\/02\/16\/flamengo-atualiza-situacoes-de-gabigol-e-arrascaeta\/\"},\"wordCount\":253,\"commentCount\":19,\"image\":{\"@id\":\"https:\/\/www.gaveanews.com\/index.php\/2021\/02\/16\/flamengo-atualiza-situacoes-de-gabigol-e-arrascaeta\/#primaryimage\"},\"thumbnailUrl\":\"https:\/\/www.gaveanews.com\/wp-content\/uploads\/Arrascaeta-e-Gabigol-em-acao-pelo-Flamengo-contra-o-Gremio.webp\",\"articleSection\":[\"Flamengo\"],\"inLanguage\":\"pt-BR\",\"potentialAction\":[{\"@type\":\"CommentAction\",\"name\":\"Comment\",\"target\":[\"https:\/\/www.gaveanews.com\/index.php\/2021\/02\/16\/flamengo-atualiza-situacoes-de-gabigol-e-arrascaeta\/#respond\"]}],\"copyrightYear\":\"2021\",\"copyrightHolder\":{\"@id\":\"https:\/\/www.gaveanews.com\/#organization\"}},{\"@type\":\"WebPage\",\"@id\":\"https:\/\/www.gaveanews.com\/index.php\/2021\/02\/16\/flamengo-atualiza-situacoes-de-gabigol-e-arrascaeta\/\",\"url\":\"https:\/\/www.gaveanews.com\/index.php\/2021\/02\/16\/flamengo-atualiza-situacoes-de-gabigol-e-arrascaeta\/\",\"name\":\"Flamengo atualiza situa\u00e7\u00f5es de Gabigol e Arrascaeta\",\"isPartOf\":{\"@id\":\"https:\/\/www.gaveanews.com\/#website\"},\"primaryImageOfPage\":{\"@id\":\"https:\/\/www.gaveanews.com\/index.php\/2021\/02\/16\/flamengo-atualiza-situacoes-de-gabigol-e-arrascaeta\/#primaryimage\"},\"image\":{\"@id\":\"https:\/\/www.gaveanews.com\/index.php\/2021\/02\/16\/flamengo-atualiza-situacoes-de-gabigol-e-arrascaeta\/#primaryimage\"},\"thumbnailUrl\":\"https:\/\/www.gaveanews.com\/wp-content\/uploads\/Arrascaeta-e-Gabigol-em-acao-pelo-Flamengo-contra-o-Gremio.webp\",\"datePublished\":\"2021-02-16T20:43:57+00:00\",\"dateModified\":\"2021-08-12T03:47:45+00:00\",\"author\":{\"@id\":\"https:\/\/www.gaveanews.com\/#\/schema\/person\/714c67050b836198af2450ba1c142a67\"},\"description\":\"Como havia dito, ent\u00e3o, o Fla reavaliou a situa\u00e7\u00e3o dos mesmos e emitiu uma nova nota sobre a situa\u00e7\u00e3o atual deles nesta ter\u00e7a-feira; veja:\",\"breadcrumb\":{\"@id\":\"https:\/\/www.gaveanews.com\/index.php\/2021\/02\/16\/flamengo-atualiza-situacoes-de-gabigol-e-arrascaeta\/#breadcrumb\"},\"inLanguage\":\"pt-BR\",\"potentialAction\":[{\"@type\":\"ReadAction\",\"target\":[\"https:\/\/www.gaveanews.com\/index.php\/2021\/02\/16\/flamengo-atualiza-situacoes-de-gabigol-e-arrascaeta\/\"]}]},{\"@type\":\"ImageObject\",\"inLanguage\":\"pt-BR\",\"@id\":\"https:\/\/www.gaveanews.com\/index.php\/2021\/02\/16\/flamengo-atualiza-situacoes-de-gabigol-e-arrascaeta\/#primaryimage\",\"url\":\"https:\/\/www.gaveanews.com\/wp-content\/uploads\/Arrascaeta-e-Gabigol-em-acao-pelo-Flamengo-contra-o-Gremio.webp\",\"contentUrl\":\"https:\/\/www.gaveanews.com\/wp-content\/uploads\/Arrascaeta-e-Gabigol-em-acao-pelo-Flamengo-contra-o-Gremio.webp\",\"width\":799,\"height\":532,\"caption\":\"Arrascaeta e Gabigol em a\u00e7\u00e3o pelo Flamengo contra o Gr\u00eamio (Foto: Alexandre Vidal\/Flamengo)\"},{\"@type\":\"BreadcrumbList\",\"@id\":\"https:\/\/www.gaveanews.com\/index.php\/2021\/02\/16\/flamengo-atualiza-situacoes-de-gabigol-e-arrascaeta\/#breadcrumb\",\"itemListElement\":[{\"@type\":\"ListItem\",\"position\":1,\"name\":\"Home\",\"item\":\"https:\/\/www.gaveanews.com\/\"},{\"@type\":\"ListItem\",\"position\":2,\"name\":\"Flamengo atualiza situa\u00e7\u00f5es de Gabigol e Arrascaeta\"}]},{\"@type\":\"WebSite\",\"@id\":\"https:\/\/www.gaveanews.com\/#website\",\"url\":\"https:\/\/www.gaveanews.com\/\",\"name\":\"G\u00e1vea News\",\"description\":\"Veja todas as not\u00edcias sobre o Flamengo: Contrata\u00e7\u00f5es, categorias de base, resultados das partidas, tabela de classifica\u00e7\u00e3o, pr\u00f3ximos jogos!\",\"potentialAction\":[{\"@type\":\"SearchAction\",\"target\":{\"@type\":\"EntryPoint\",\"urlTemplate\":\"https:\/\/www.gaveanews.com\/?s={search_term_string}\"},\"query-input\":{\"@type\":\"PropertyValueSpecification\",\"valueRequired\":true,\"valueName\":\"search_term_string\"}}],\"inLanguage\":\"pt-BR\"},{\"@type\":\"Person\",\"@id\":\"https:\/\/www.gaveanews.com\/#\/schema\/person\/714c67050b836198af2450ba1c142a67\",\"name\":\"Let\u00edcia Gerheim\",\"image\":{\"@type\":\"ImageObject\",\"inLanguage\":\"pt-BR\",\"@id\":\"https:\/\/www.gaveanews.com\/#\/schema\/person\/image\/\",\"url\":\"https:\/\/secure.gravatar.com\/avatar\/60734739c50fcebfbac509e2a826ccd0ff405c019bc73aab9354f19ecad1dcb4?s=96&d=mm&r=g\",\"contentUrl\":\"https:\/\/secure.gravatar.com\/avatar\/60734739c50fcebfbac509e2a826ccd0ff405c019bc73aab9354f19ecad1dcb4?s=96&d=mm&r=g\",\"caption\":\"Let\u00edcia Gerheim\"}}]}<\/script>\n<!-- \/ Yoast SEO Premium plugin. -->","yoast_head_json":{"title":"Flamengo atualiza situa\u00e7\u00f5es de Gabigol e Arrascaeta","description":"Como havia dito, ent\u00e3o, o Fla reavaliou a situa\u00e7\u00e3o dos mesmos e emitiu uma nova nota sobre a situa\u00e7\u00e3o atual deles nesta ter\u00e7a-feira; veja:","robots":{"index":"index","follow":"follow","max-snippet":"max-snippet:-1","max-image-preview":"max-image-preview:large","max-video-preview":"max-video-preview:-1"},"canonical":"https:\/\/www.gaveanews.com\/index.php\/2021\/02\/16\/flamengo-atualiza-situacoes-de-gabigol-e-arrascaeta\/","og_locale":"pt_BR","og_type":"article","og_title":"Flamengo atualiza situa\u00e7\u00f5es de Gabigol e Arrascaeta","og_description":"Como havia dito, ent\u00e3o, o Fla reavaliou a situa\u00e7\u00e3o dos mesmos e emitiu uma nova nota sobre a situa\u00e7\u00e3o atual deles nesta ter\u00e7a-feira; veja:","og_url":"https:\/\/www.gaveanews.com\/index.php\/2021\/02\/16\/flamengo-atualiza-situacoes-de-gabigol-e-arrascaeta\/","og_site_name":"G\u00e1vea News","article_publisher":"https:\/\/facebook.com\/gaveaNews\/","article_published_time":"2021-02-16T20:43:57+00:00","article_modified_time":"2021-08-12T03:47:45+00:00","og_image":[{"width":799,"height":532,"url":"https:\/\/www.gaveanews.com\/wp-content\/uploads\/Arrascaeta-e-Gabigol-em-acao-pelo-Flamengo-contra-o-Gremio.webp","type":"image\/jpeg"}],"author":"Let\u00edcia Gerheim","twitter_card":"summary_large_image","twitter_misc":{"Escrito por":"Let\u00edcia Gerheim","Est. tempo de leitura":"1 minuto"},"schema":{"@context":"https:\/\/schema.org","@graph":[{"@type":"NewsArticle","@id":"https:\/\/www.gaveanews.com\/index.php\/2021\/02\/16\/flamengo-atualiza-situacoes-de-gabigol-e-arrascaeta\/#article","isPartOf":{"@id":"https:\/\/www.gaveanews.com\/index.php\/2021\/02\/16\/flamengo-atualiza-situacoes-de-gabigol-e-arrascaeta\/"},"author":{"name":"Let\u00edcia Gerheim","@id":"https:\/\/www.gaveanews.com\/#\/schema\/person\/714c67050b836198af2450ba1c142a67"},"headline":"Flamengo atualiza situa\u00e7\u00f5es de Gabigol e Arrascaeta","datePublished":"2021-02-16T20:43:57+00:00","dateModified":"2021-08-12T03:47:45+00:00","mainEntityOfPage":{"@id":"https:\/\/www.gaveanews.com\/index.php\/2021\/02\/16\/flamengo-atualiza-situacoes-de-gabigol-e-arrascaeta\/"},"wordCount":253,"commentCount":19,"image":{"@id":"https:\/\/www.gaveanews.com\/index.php\/2021\/02\/16\/flamengo-atualiza-situacoes-de-gabigol-e-arrascaeta\/#primaryimage"},"thumbnailUrl":"https:\/\/www.gaveanews.com\/wp-content\/uploads\/Arrascaeta-e-Gabigol-em-acao-pelo-Flamengo-contra-o-Gremio.webp","articleSection":["Flamengo"],"inLanguage":"pt-BR","potentialAction":[{"@type":"CommentAction","name":"Comment","target":["https:\/\/www.gaveanews.com\/index.php\/2021\/02\/16\/flamengo-atualiza-situacoes-de-gabigol-e-arrascaeta\/#respond"]}],"copyrightYear":"2021","copyrightHolder":{"@id":"https:\/\/www.gaveanews.com\/#organization"}},{"@type":"WebPage","@id":"https:\/\/www.gaveanews.com\/index.php\/2021\/02\/16\/flamengo-atualiza-situacoes-de-gabigol-e-arrascaeta\/","url":"https:\/\/www.gaveanews.com\/index.php\/2021\/02\/16\/flamengo-atualiza-situacoes-de-gabigol-e-arrascaeta\/","name":"Flamengo atualiza situa\u00e7\u00f5es de Gabigol e Arrascaeta","isPartOf":{"@id":"https:\/\/www.gaveanews.com\/#website"},"primaryImageOfPage":{"@id":"https:\/\/www.gaveanews.com\/index.php\/2021\/02\/16\/flamengo-atualiza-situacoes-de-gabigol-e-arrascaeta\/#primaryimage"},"image":{"@id":"https:\/\/www.gaveanews.com\/index.php\/2021\/02\/16\/flamengo-atualiza-situacoes-de-gabigol-e-arrascaeta\/#primaryimage"},"thumbnailUrl":"https:\/\/www.gaveanews.com\/wp-content\/uploads\/Arrascaeta-e-Gabigol-em-acao-pelo-Flamengo-contra-o-Gremio.webp","datePublished":"2021-02-16T20:43:57+00:00","dateModified":"2021-08-12T03:47:45+00:00","author":{"@id":"https:\/\/www.gaveanews.com\/#\/schema\/person\/714c67050b836198af2450ba1c142a67"},"description":"Como havia dito, ent\u00e3o, o Fla reavaliou a situa\u00e7\u00e3o dos mesmos e emitiu uma nova nota sobre a situa\u00e7\u00e3o atual deles nesta ter\u00e7a-feira; veja:","breadcrumb":{"@id":"https:\/\/www.gaveanews.com\/index.php\/2021\/02\/16\/flamengo-atualiza-situacoes-de-gabigol-e-arrascaeta\/#breadcrumb"},"inLanguage":"pt-BR","potentialAction":[{"@type":"ReadAction","target":["https:\/\/www.gaveanews.com\/index.php\/2021\/02\/16\/flamengo-atualiza-situacoes-de-gabigol-e-arrascaeta\/"]}]},{"@type":"ImageObject","inLanguage":"pt-BR","@id":"https:\/\/www.gaveanews.com\/index.php\/2021\/02\/16\/flamengo-atualiza-situacoes-de-gabigol-e-arrascaeta\/#primaryimage","url":"https:\/\/www.gaveanews.com\/wp-content\/uploads\/Arrascaeta-e-Gabigol-em-acao-pelo-Flamengo-contra-o-Gremio.webp","contentUrl":"https:\/\/www.gaveanews.com\/wp-content\/uploads\/Arrascaeta-e-Gabigol-em-acao-pelo-Flamengo-contra-o-Gremio.webp","width":799,"height":532,"caption":"Arrascaeta e Gabigol em a\u00e7\u00e3o pelo Flamengo contra o Gr\u00eamio (Foto: Alexandre Vidal\/Flamengo)"},{"@type":"BreadcrumbList","@id":"https:\/\/www.gaveanews.com\/index.php\/2021\/02\/16\/flamengo-atualiza-situacoes-de-gabigol-e-arrascaeta\/#breadcrumb","itemListElement":[{"@type":"ListItem","position":1,"name":"Home","item":"https:\/\/www.gaveanews.com\/"},{"@type":"ListItem","position":2,"name":"Flamengo atualiza situa\u00e7\u00f5es de Gabigol e Arrascaeta"}]},{"@type":"WebSite","@id":"https:\/\/www.gaveanews.com\/#website","url":"https:\/\/www.gaveanews.com\/","name":"G\u00e1vea News","description":"Veja todas as not\u00edcias sobre o Flamengo: Contrata\u00e7\u00f5es, categorias de base, resultados das partidas, tabela de classifica\u00e7\u00e3o, pr\u00f3ximos jogos!","potentialAction":[{"@type":"SearchAction","target":{"@type":"EntryPoint","urlTemplate":"https:\/\/www.gaveanews.com\/?s={search_term_string}"},"query-input":{"@type":"PropertyValueSpecification","valueRequired":true,"valueName":"search_term_string"}}],"inLanguage":"pt-BR"},{"@type":"Person","@id":"https:\/\/www.gaveanews.com\/#\/schema\/person\/714c67050b836198af2450ba1c142a67","name":"Let\u00edcia Gerheim","image":{"@type":"ImageObject","inLanguage":"pt-BR","@id":"https:\/\/www.gaveanews.com\/#\/schema\/person\/image\/","url":"https:\/\/secure.gravatar.com\/avatar\/60734739c50fcebfbac509e2a826ccd0ff405c019bc73aab9354f19ecad1dcb4?s=96&d=mm&r=g","contentUrl":"https:\/\/secure.gravatar.com\/avatar\/60734739c50fcebfbac509e2a826ccd0ff405c019bc73aab9354f19ecad1dcb4?s=96&d=mm&r=g","caption":"Let\u00edcia Gerheim"}}]}},"_links":{"self":[{"href":"https:\/\/www.gaveanews.com\/index.php\/wp-json\/wp\/v2\/posts\/56214","targetHints":{"allow":["GET"]}}],"collection":[{"href":"https:\/\/www.gaveanews.com\/index.php\/wp-json\/wp\/v2\/posts"}],"about":[{"href":"https:\/\/www.gaveanews.com\/index.php\/wp-json\/wp\/v2\/types\/post"}],"author":[{"embeddable":true,"href":"https:\/\/www.gaveanews.com\/index.php\/wp-json\/wp\/v2\/users\/4"}],"replies":[{"embeddable":true,"href":"https:\/\/www.gaveanews.com\/index.php\/wp-json\/wp\/v2\/comments?post=56214"}],"version-history":[{"count":0,"href":"https:\/\/www.gaveanews.com\/index.php\/wp-json\/wp\/v2\/posts\/56214\/revisions"}],"wp:featuredmedia":[{"embeddable":true,"href":"https:\/\/www.gaveanews.com\/index.php\/wp-json\/wp\/v2\/media\/55463"}],"wp:attachment":[{"href":"https:\/\/www.gaveanews.com\/index.php\/wp-json\/wp\/v2\/media?parent=56214"}],"wp:term":[{"taxonomy":"category","embeddable":true,"href":"https:\/\/www.gaveanews.com\/index.php\/wp-json\/wp\/v2\/categories?post=56214"},{"taxonomy":"post_tag","embeddable":true,"href":"https:\/\/www.gaveanews.com\/index.php\/wp-json\/wp\/v2\/tags?post=56214"}],"curies":[{"name":"wp","href":"https:\/\/api.w.org\/{rel}","templated":true}]}}