{"id":56224,"date":"2021-02-15T21:44:31","date_gmt":"2021-02-16T00:44:31","guid":{"rendered":"https:\/\/www.gaveanews.com\/?p=56224"},"modified":"2021-02-15T21:49:47","modified_gmt":"2021-02-16T00:49:47","slug":"jornalista-diz-que-que-flamengo-e-muito-favorito-no-jogcontra-o-internacional","status":"publish","type":"post","link":"https:\/\/www.gaveanews.com\/index.php\/2021\/02\/15\/jornalista-diz-que-que-flamengo-e-muito-favorito-no-jogcontra-o-internacional\/","title":{"rendered":"Jornalista diz que que Flamengo \u00e9 &#8216;muito favorito&#8217; no jogo contra o Internacional"},"content":{"rendered":"\n<p>O grande duelo entre Flamengo e Internacional no pr\u00f3ximo domingo, visto como uma final antecipada do Brasileir\u00e3o de 2020, j\u00e1 vem aquecendo os debates esportivos na TV brasileira. No futebol na Veia, da &#8216;ESPN&#8217;, desta segunda-feira, Sormani disparou sobre quem acha favorito a sair vencedor.<\/p>\n\n\n\n<p>\u2014 Domingo, Flamengo e Internacional\u2026 Flamengo \u00e9 muito favorito. Se vai ganhar o jogo a gente n\u00e3o sabe, mas que o Flamengo \u00e9 favorito \u00e9! Porque ele \u00e9 muito mais time que o Internacional. Vai jogar sem a zaga: Moledo machucado, Vitor Cuesta suspenso, Rodinei tem multa de 1 milh\u00e3o (por ser jogador do time carioca emprestado ao Colorado). Se a gente for confrontar setor por setor, o Flamengo \u00e9 muito mais time que o Internacional &#8211; afirmou.<\/p>\n\n\n\n<p>\u2014 O maior advers\u00e1rio do Flamengo nesse Brasileiro foi ele mesmo. Nessa mesma rodada no ano passado, Flamengo tinha 87 pontos e 27 vit\u00f3rias, hoje o time tem 68 e 20 vit\u00f3rias. O time (dessa temporada) \u00e9 melhor do que o time da temporada passada (2019) &#8211; concluiu.<\/p>\n\n\n\n<p>A partida entre Internacional e Flamengo pode garantir o t\u00edtulo ao Colorado ap\u00f3s 41 anos. Caso ven\u00e7a, o time ga\u00facho abre quatro pontos para o carioca faltando apenas tr\u00eas a serem disputados. Em caso de empate, o Inter segue na frente por um ponto.<\/p>\n\n\n\n<p>No entanto, em caso de vit\u00f3ria Rubro-Negra, o Flamengo abre dois pontos e assume a lideran\u00e7a pela primeira vez nesta edi\u00e7\u00e3o faltando apenas uma rodada, assim como fez no t\u00edtulo de 2009.<\/p>\n\n\n\n<p>Retirado de: Lance<\/p>\n","protected":false},"excerpt":{"rendered":"<p>O grande duelo entre Flamengo e Internacional no pr\u00f3ximo domingo, visto como uma final antecipada do Brasileir\u00e3o de 2020, j\u00e1 vem aquecendo os debates esportivos na TV brasileira. No futebol na Veia, da &#8216;ESPN&#8217;, desta segunda-feira, Sormani disparou sobre quem acha favorito a sair vencedor. \u2014 Domingo, Flamengo e Internacional\u2026 Flamengo \u00e9 muito favorito. Se [&hellip;]<\/p>\n","protected":false},"author":1,"featured_media":50070,"comment_status":"open","ping_status":"closed","sticky":false,"template":"","format":"standard","meta":{"footnotes":""},"categories":[1],"tags":[],"class_list":["post-56224","post","type-post","status-publish","format-standard","has-post-thumbnail","hentry","category-flamengo"],"yoast_head":"<!-- This site is optimized with the Yoast SEO Premium plugin v24.2 (Yoast SEO v26.9) - https:\/\/yoast.com\/product\/yoast-seo-premium-wordpress\/ -->\n<title>Jornalista diz que o Flamengo \u00e9 &#039;muito favorito&#039; no jogo contra o Inter<\/title>\n<meta name=\"description\" content=\"O grande duelo entre Flamengo e Internacional no pr\u00f3ximo domingo, j\u00e1 vem aquecendo os debates esportivos na TV brasileira.\" \/>\n<meta name=\"robots\" content=\"index, follow, max-snippet:-1, max-image-preview:large, max-video-preview:-1\" \/>\n<link rel=\"canonical\" href=\"https:\/\/www.gaveanews.com\/index.php\/2021\/02\/15\/jornalista-diz-que-que-flamengo-e-muito-favorito-no-jogcontra-o-internacional\/\" \/>\n<meta property=\"og:locale\" content=\"pt_BR\" \/>\n<meta property=\"og:type\" content=\"article\" \/>\n<meta property=\"og:title\" content=\"Jornalista diz que que Flamengo \u00e9 &#039;muito favorito&#039; no jogo contra o Internacional\" \/>\n<meta property=\"og:description\" content=\"O grande duelo entre Flamengo e Internacional no pr\u00f3ximo domingo, j\u00e1 vem aquecendo os debates esportivos na TV brasileira.\" \/>\n<meta property=\"og:url\" content=\"https:\/\/www.gaveanews.com\/index.php\/2021\/02\/15\/jornalista-diz-que-que-flamengo-e-muito-favorito-no-jogcontra-o-internacional\/\" \/>\n<meta property=\"og:site_name\" content=\"G\u00e1vea News\" \/>\n<meta property=\"article:publisher\" content=\"https:\/\/facebook.com\/gaveaNews\/\" \/>\n<meta property=\"article:published_time\" content=\"2021-02-16T00:44:31+00:00\" \/>\n<meta property=\"article:modified_time\" content=\"2021-02-16T00:49:47+00:00\" \/>\n<meta property=\"og:image\" content=\"https:\/\/www.gaveanews.com\/wp-content\/uploads\/Pedro-em-acao-pelo-Flamengo-na-partida-contra-o-time-do-Internacional.webp\" \/>\n\t<meta property=\"og:image:width\" content=\"799\" \/>\n\t<meta property=\"og:image:height\" content=\"534\" \/>\n\t<meta property=\"og:image:type\" content=\"image\/jpeg\" \/>\n<meta name=\"author\" content=\"Equipe G\u00e1vea News\" \/>\n<meta name=\"twitter:card\" content=\"summary_large_image\" \/>\n<meta name=\"twitter:label1\" content=\"Escrito por\" \/>\n\t<meta name=\"twitter:data1\" content=\"Equipe G\u00e1vea News\" \/>\n\t<meta name=\"twitter:label2\" content=\"Est. tempo de leitura\" \/>\n\t<meta name=\"twitter:data2\" content=\"1 minuto\" \/>\n<script type=\"application\/ld+json\" class=\"yoast-schema-graph\">{\"@context\":\"https:\/\/schema.org\",\"@graph\":[{\"@type\":\"NewsArticle\",\"@id\":\"https:\/\/www.gaveanews.com\/index.php\/2021\/02\/15\/jornalista-diz-que-que-flamengo-e-muito-favorito-no-jogcontra-o-internacional\/#article\",\"isPartOf\":{\"@id\":\"https:\/\/www.gaveanews.com\/index.php\/2021\/02\/15\/jornalista-diz-que-que-flamengo-e-muito-favorito-no-jogcontra-o-internacional\/\"},\"author\":{\"name\":\"Equipe G\u00e1vea News\",\"@id\":\"https:\/\/www.gaveanews.com\/#\/schema\/person\/2ec14f73fb96be2caf28f91afb14749d\"},\"headline\":\"Jornalista diz que que Flamengo \u00e9 &#8216;muito favorito&#8217; no jogo contra o Internacional\",\"datePublished\":\"2021-02-16T00:44:31+00:00\",\"dateModified\":\"2021-02-16T00:49:47+00:00\",\"mainEntityOfPage\":{\"@id\":\"https:\/\/www.gaveanews.com\/index.php\/2021\/02\/15\/jornalista-diz-que-que-flamengo-e-muito-favorito-no-jogcontra-o-internacional\/\"},\"wordCount\":261,\"commentCount\":13,\"image\":{\"@id\":\"https:\/\/www.gaveanews.com\/index.php\/2021\/02\/15\/jornalista-diz-que-que-flamengo-e-muito-favorito-no-jogcontra-o-internacional\/#primaryimage\"},\"thumbnailUrl\":\"https:\/\/www.gaveanews.com\/wp-content\/uploads\/Pedro-em-acao-pelo-Flamengo-na-partida-contra-o-time-do-Internacional.webp\",\"articleSection\":[\"Flamengo\"],\"inLanguage\":\"pt-BR\",\"potentialAction\":[{\"@type\":\"CommentAction\",\"name\":\"Comment\",\"target\":[\"https:\/\/www.gaveanews.com\/index.php\/2021\/02\/15\/jornalista-diz-que-que-flamengo-e-muito-favorito-no-jogcontra-o-internacional\/#respond\"]}],\"copyrightYear\":\"2021\",\"copyrightHolder\":{\"@id\":\"https:\/\/www.gaveanews.com\/#organization\"}},{\"@type\":\"WebPage\",\"@id\":\"https:\/\/www.gaveanews.com\/index.php\/2021\/02\/15\/jornalista-diz-que-que-flamengo-e-muito-favorito-no-jogcontra-o-internacional\/\",\"url\":\"https:\/\/www.gaveanews.com\/index.php\/2021\/02\/15\/jornalista-diz-que-que-flamengo-e-muito-favorito-no-jogcontra-o-internacional\/\",\"name\":\"Jornalista diz que o Flamengo \u00e9 'muito favorito' no jogo contra o Inter\",\"isPartOf\":{\"@id\":\"https:\/\/www.gaveanews.com\/#website\"},\"primaryImageOfPage\":{\"@id\":\"https:\/\/www.gaveanews.com\/index.php\/2021\/02\/15\/jornalista-diz-que-que-flamengo-e-muito-favorito-no-jogcontra-o-internacional\/#primaryimage\"},\"image\":{\"@id\":\"https:\/\/www.gaveanews.com\/index.php\/2021\/02\/15\/jornalista-diz-que-que-flamengo-e-muito-favorito-no-jogcontra-o-internacional\/#primaryimage\"},\"thumbnailUrl\":\"https:\/\/www.gaveanews.com\/wp-content\/uploads\/Pedro-em-acao-pelo-Flamengo-na-partida-contra-o-time-do-Internacional.webp\",\"datePublished\":\"2021-02-16T00:44:31+00:00\",\"dateModified\":\"2021-02-16T00:49:47+00:00\",\"author\":{\"@id\":\"https:\/\/www.gaveanews.com\/#\/schema\/person\/2ec14f73fb96be2caf28f91afb14749d\"},\"description\":\"O grande duelo entre Flamengo e Internacional no pr\u00f3ximo domingo, j\u00e1 vem aquecendo os debates esportivos na TV brasileira.\",\"breadcrumb\":{\"@id\":\"https:\/\/www.gaveanews.com\/index.php\/2021\/02\/15\/jornalista-diz-que-que-flamengo-e-muito-favorito-no-jogcontra-o-internacional\/#breadcrumb\"},\"inLanguage\":\"pt-BR\",\"potentialAction\":[{\"@type\":\"ReadAction\",\"target\":[\"https:\/\/www.gaveanews.com\/index.php\/2021\/02\/15\/jornalista-diz-que-que-flamengo-e-muito-favorito-no-jogcontra-o-internacional\/\"]}]},{\"@type\":\"ImageObject\",\"inLanguage\":\"pt-BR\",\"@id\":\"https:\/\/www.gaveanews.com\/index.php\/2021\/02\/15\/jornalista-diz-que-que-flamengo-e-muito-favorito-no-jogcontra-o-internacional\/#primaryimage\",\"url\":\"https:\/\/www.gaveanews.com\/wp-content\/uploads\/Pedro-em-acao-pelo-Flamengo-na-partida-contra-o-time-do-Internacional.webp\",\"contentUrl\":\"https:\/\/www.gaveanews.com\/wp-content\/uploads\/Pedro-em-acao-pelo-Flamengo-na-partida-contra-o-time-do-Internacional.webp\",\"width\":799,\"height\":534,\"caption\":\"Pedro em a\u00e7\u00e3o pelo Flamengo na partida contra o time do Internacional (Foto: Marcelo Cortes\/Flamengo)\"},{\"@type\":\"BreadcrumbList\",\"@id\":\"https:\/\/www.gaveanews.com\/index.php\/2021\/02\/15\/jornalista-diz-que-que-flamengo-e-muito-favorito-no-jogcontra-o-internacional\/#breadcrumb\",\"itemListElement\":[{\"@type\":\"ListItem\",\"position\":1,\"name\":\"Home\",\"item\":\"https:\/\/www.gaveanews.com\/\"},{\"@type\":\"ListItem\",\"position\":2,\"name\":\"Jornalista diz que que Flamengo \u00e9 &#8216;muito favorito&#8217; no jogo contra o Internacional\"}]},{\"@type\":\"WebSite\",\"@id\":\"https:\/\/www.gaveanews.com\/#website\",\"url\":\"https:\/\/www.gaveanews.com\/\",\"name\":\"G\u00e1vea News\",\"description\":\"Veja todas as not\u00edcias sobre o Flamengo: Contrata\u00e7\u00f5es, categorias de base, resultados das partidas, tabela de classifica\u00e7\u00e3o, pr\u00f3ximos jogos!\",\"potentialAction\":[{\"@type\":\"SearchAction\",\"target\":{\"@type\":\"EntryPoint\",\"urlTemplate\":\"https:\/\/www.gaveanews.com\/?s={search_term_string}\"},\"query-input\":{\"@type\":\"PropertyValueSpecification\",\"valueRequired\":true,\"valueName\":\"search_term_string\"}}],\"inLanguage\":\"pt-BR\"},{\"@type\":\"Person\",\"@id\":\"https:\/\/www.gaveanews.com\/#\/schema\/person\/2ec14f73fb96be2caf28f91afb14749d\",\"name\":\"Equipe G\u00e1vea News\",\"image\":{\"@type\":\"ImageObject\",\"inLanguage\":\"pt-BR\",\"@id\":\"https:\/\/www.gaveanews.com\/#\/schema\/person\/image\/\",\"url\":\"https:\/\/secure.gravatar.com\/avatar\/1e1956f1facbffd3f8fa53a326721950116b3b9dc9bd44939c01180fd4a745a9?s=96&d=mm&r=g\",\"contentUrl\":\"https:\/\/secure.gravatar.com\/avatar\/1e1956f1facbffd3f8fa53a326721950116b3b9dc9bd44939c01180fd4a745a9?s=96&d=mm&r=g\",\"caption\":\"Equipe G\u00e1vea News\"}}]}<\/script>\n<!-- \/ Yoast SEO Premium plugin. -->","yoast_head_json":{"title":"Jornalista diz que o Flamengo \u00e9 'muito favorito' no jogo contra o Inter","description":"O grande duelo entre Flamengo e Internacional no pr\u00f3ximo domingo, j\u00e1 vem aquecendo os debates esportivos na TV brasileira.","robots":{"index":"index","follow":"follow","max-snippet":"max-snippet:-1","max-image-preview":"max-image-preview:large","max-video-preview":"max-video-preview:-1"},"canonical":"https:\/\/www.gaveanews.com\/index.php\/2021\/02\/15\/jornalista-diz-que-que-flamengo-e-muito-favorito-no-jogcontra-o-internacional\/","og_locale":"pt_BR","og_type":"article","og_title":"Jornalista diz que que Flamengo \u00e9 'muito favorito' no jogo contra o Internacional","og_description":"O grande duelo entre Flamengo e Internacional no pr\u00f3ximo domingo, j\u00e1 vem aquecendo os debates esportivos na TV brasileira.","og_url":"https:\/\/www.gaveanews.com\/index.php\/2021\/02\/15\/jornalista-diz-que-que-flamengo-e-muito-favorito-no-jogcontra-o-internacional\/","og_site_name":"G\u00e1vea News","article_publisher":"https:\/\/facebook.com\/gaveaNews\/","article_published_time":"2021-02-16T00:44:31+00:00","article_modified_time":"2021-02-16T00:49:47+00:00","og_image":[{"width":799,"height":534,"url":"https:\/\/www.gaveanews.com\/wp-content\/uploads\/Pedro-em-acao-pelo-Flamengo-na-partida-contra-o-time-do-Internacional.webp","type":"image\/jpeg"}],"author":"Equipe G\u00e1vea News","twitter_card":"summary_large_image","twitter_misc":{"Escrito por":"Equipe G\u00e1vea News","Est. tempo de leitura":"1 minuto"},"schema":{"@context":"https:\/\/schema.org","@graph":[{"@type":"NewsArticle","@id":"https:\/\/www.gaveanews.com\/index.php\/2021\/02\/15\/jornalista-diz-que-que-flamengo-e-muito-favorito-no-jogcontra-o-internacional\/#article","isPartOf":{"@id":"https:\/\/www.gaveanews.com\/index.php\/2021\/02\/15\/jornalista-diz-que-que-flamengo-e-muito-favorito-no-jogcontra-o-internacional\/"},"author":{"name":"Equipe G\u00e1vea News","@id":"https:\/\/www.gaveanews.com\/#\/schema\/person\/2ec14f73fb96be2caf28f91afb14749d"},"headline":"Jornalista diz que que Flamengo \u00e9 &#8216;muito favorito&#8217; no jogo contra o Internacional","datePublished":"2021-02-16T00:44:31+00:00","dateModified":"2021-02-16T00:49:47+00:00","mainEntityOfPage":{"@id":"https:\/\/www.gaveanews.com\/index.php\/2021\/02\/15\/jornalista-diz-que-que-flamengo-e-muito-favorito-no-jogcontra-o-internacional\/"},"wordCount":261,"commentCount":13,"image":{"@id":"https:\/\/www.gaveanews.com\/index.php\/2021\/02\/15\/jornalista-diz-que-que-flamengo-e-muito-favorito-no-jogcontra-o-internacional\/#primaryimage"},"thumbnailUrl":"https:\/\/www.gaveanews.com\/wp-content\/uploads\/Pedro-em-acao-pelo-Flamengo-na-partida-contra-o-time-do-Internacional.webp","articleSection":["Flamengo"],"inLanguage":"pt-BR","potentialAction":[{"@type":"CommentAction","name":"Comment","target":["https:\/\/www.gaveanews.com\/index.php\/2021\/02\/15\/jornalista-diz-que-que-flamengo-e-muito-favorito-no-jogcontra-o-internacional\/#respond"]}],"copyrightYear":"2021","copyrightHolder":{"@id":"https:\/\/www.gaveanews.com\/#organization"}},{"@type":"WebPage","@id":"https:\/\/www.gaveanews.com\/index.php\/2021\/02\/15\/jornalista-diz-que-que-flamengo-e-muito-favorito-no-jogcontra-o-internacional\/","url":"https:\/\/www.gaveanews.com\/index.php\/2021\/02\/15\/jornalista-diz-que-que-flamengo-e-muito-favorito-no-jogcontra-o-internacional\/","name":"Jornalista diz que o Flamengo \u00e9 'muito favorito' no jogo contra o Inter","isPartOf":{"@id":"https:\/\/www.gaveanews.com\/#website"},"primaryImageOfPage":{"@id":"https:\/\/www.gaveanews.com\/index.php\/2021\/02\/15\/jornalista-diz-que-que-flamengo-e-muito-favorito-no-jogcontra-o-internacional\/#primaryimage"},"image":{"@id":"https:\/\/www.gaveanews.com\/index.php\/2021\/02\/15\/jornalista-diz-que-que-flamengo-e-muito-favorito-no-jogcontra-o-internacional\/#primaryimage"},"thumbnailUrl":"https:\/\/www.gaveanews.com\/wp-content\/uploads\/Pedro-em-acao-pelo-Flamengo-na-partida-contra-o-time-do-Internacional.webp","datePublished":"2021-02-16T00:44:31+00:00","dateModified":"2021-02-16T00:49:47+00:00","author":{"@id":"https:\/\/www.gaveanews.com\/#\/schema\/person\/2ec14f73fb96be2caf28f91afb14749d"},"description":"O grande duelo entre Flamengo e Internacional no pr\u00f3ximo domingo, j\u00e1 vem aquecendo os debates esportivos na TV brasileira.","breadcrumb":{"@id":"https:\/\/www.gaveanews.com\/index.php\/2021\/02\/15\/jornalista-diz-que-que-flamengo-e-muito-favorito-no-jogcontra-o-internacional\/#breadcrumb"},"inLanguage":"pt-BR","potentialAction":[{"@type":"ReadAction","target":["https:\/\/www.gaveanews.com\/index.php\/2021\/02\/15\/jornalista-diz-que-que-flamengo-e-muito-favorito-no-jogcontra-o-internacional\/"]}]},{"@type":"ImageObject","inLanguage":"pt-BR","@id":"https:\/\/www.gaveanews.com\/index.php\/2021\/02\/15\/jornalista-diz-que-que-flamengo-e-muito-favorito-no-jogcontra-o-internacional\/#primaryimage","url":"https:\/\/www.gaveanews.com\/wp-content\/uploads\/Pedro-em-acao-pelo-Flamengo-na-partida-contra-o-time-do-Internacional.webp","contentUrl":"https:\/\/www.gaveanews.com\/wp-content\/uploads\/Pedro-em-acao-pelo-Flamengo-na-partida-contra-o-time-do-Internacional.webp","width":799,"height":534,"caption":"Pedro em a\u00e7\u00e3o pelo Flamengo na partida contra o time do Internacional (Foto: Marcelo Cortes\/Flamengo)"},{"@type":"BreadcrumbList","@id":"https:\/\/www.gaveanews.com\/index.php\/2021\/02\/15\/jornalista-diz-que-que-flamengo-e-muito-favorito-no-jogcontra-o-internacional\/#breadcrumb","itemListElement":[{"@type":"ListItem","position":1,"name":"Home","item":"https:\/\/www.gaveanews.com\/"},{"@type":"ListItem","position":2,"name":"Jornalista diz que que Flamengo \u00e9 &#8216;muito favorito&#8217; no jogo contra o Internacional"}]},{"@type":"WebSite","@id":"https:\/\/www.gaveanews.com\/#website","url":"https:\/\/www.gaveanews.com\/","name":"G\u00e1vea News","description":"Veja todas as not\u00edcias sobre o Flamengo: Contrata\u00e7\u00f5es, categorias de base, resultados das partidas, tabela de classifica\u00e7\u00e3o, pr\u00f3ximos jogos!","potentialAction":[{"@type":"SearchAction","target":{"@type":"EntryPoint","urlTemplate":"https:\/\/www.gaveanews.com\/?s={search_term_string}"},"query-input":{"@type":"PropertyValueSpecification","valueRequired":true,"valueName":"search_term_string"}}],"inLanguage":"pt-BR"},{"@type":"Person","@id":"https:\/\/www.gaveanews.com\/#\/schema\/person\/2ec14f73fb96be2caf28f91afb14749d","name":"Equipe G\u00e1vea News","image":{"@type":"ImageObject","inLanguage":"pt-BR","@id":"https:\/\/www.gaveanews.com\/#\/schema\/person\/image\/","url":"https:\/\/secure.gravatar.com\/avatar\/1e1956f1facbffd3f8fa53a326721950116b3b9dc9bd44939c01180fd4a745a9?s=96&d=mm&r=g","contentUrl":"https:\/\/secure.gravatar.com\/avatar\/1e1956f1facbffd3f8fa53a326721950116b3b9dc9bd44939c01180fd4a745a9?s=96&d=mm&r=g","caption":"Equipe G\u00e1vea News"}}]}},"_links":{"self":[{"href":"https:\/\/www.gaveanews.com\/index.php\/wp-json\/wp\/v2\/posts\/56224","targetHints":{"allow":["GET"]}}],"collection":[{"href":"https:\/\/www.gaveanews.com\/index.php\/wp-json\/wp\/v2\/posts"}],"about":[{"href":"https:\/\/www.gaveanews.com\/index.php\/wp-json\/wp\/v2\/types\/post"}],"author":[{"embeddable":true,"href":"https:\/\/www.gaveanews.com\/index.php\/wp-json\/wp\/v2\/users\/1"}],"replies":[{"embeddable":true,"href":"https:\/\/www.gaveanews.com\/index.php\/wp-json\/wp\/v2\/comments?post=56224"}],"version-history":[{"count":0,"href":"https:\/\/www.gaveanews.com\/index.php\/wp-json\/wp\/v2\/posts\/56224\/revisions"}],"wp:featuredmedia":[{"embeddable":true,"href":"https:\/\/www.gaveanews.com\/index.php\/wp-json\/wp\/v2\/media\/50070"}],"wp:attachment":[{"href":"https:\/\/www.gaveanews.com\/index.php\/wp-json\/wp\/v2\/media?parent=56224"}],"wp:term":[{"taxonomy":"category","embeddable":true,"href":"https:\/\/www.gaveanews.com\/index.php\/wp-json\/wp\/v2\/categories?post=56224"},{"taxonomy":"post_tag","embeddable":true,"href":"https:\/\/www.gaveanews.com\/index.php\/wp-json\/wp\/v2\/tags?post=56224"}],"curies":[{"name":"wp","href":"https:\/\/api.w.org\/{rel}","templated":true}]}}