{"id":56237,"date":"2021-02-16T07:19:45","date_gmt":"2021-02-16T10:19:45","guid":{"rendered":"https:\/\/www.gaveanews.com\/?p=56237"},"modified":"2021-02-16T07:19:50","modified_gmt":"2021-02-16T10:19:50","slug":"flamengo-revive-arrancada-de-2009-quando-virou-lider-na-penultima-rodada","status":"publish","type":"post","link":"https:\/\/www.gaveanews.com\/index.php\/2021\/02\/16\/flamengo-revive-arrancada-de-2009-quando-virou-lider-na-penultima-rodada\/","title":{"rendered":"Flamengo revive arrancada de 2009, quando virou l\u00edder na pen\u00faltima rodada"},"content":{"rendered":"\n<p>Em segundo lugar com 68 pontos, a apenas um do Internacional, o Flamengo ter\u00e1 o confronto direto neste domingo (21) \u00e0s 16h no Maracan\u00e3 com a possibilidade de assumir a lideran\u00e7a do Campeonato Brasileiro na pen\u00faltima rodada. Um enredo que o torcedor rubro-negro conhece bem e que teve final feliz em 2009.<\/p>\n\n\n\n<p>A arrancada atual na luta pelo oitavo t\u00edtulo tem semelhan\u00e7as com a conquista do hexa embalada por Adriano e Petkovic. Afinal, foi apenas na pen\u00faltima rodada, com uma vit\u00f3ria por 2 a 0 sobre o Corinthians em Campinas, gols de Z\u00e9 Roberto e L\u00e9o Moura, que o Flamengo assumiu a lideran\u00e7a do Brasileir\u00e3o de 2009.<\/p>\n\n\n\n<p>Naquela ocasi\u00e3o n\u00e3o houve confronto direto. O Rubro-Negro virou l\u00edder com 64 pontos porque o S\u00e3o Paulo perdeu para o Goi\u00e1s por 4 a 2. Desta vez, o t\u00e9cnico Rog\u00e9rio Ceni, \u00eddolo do clube paulista, pode estar do outro lado e chegar \u00e0 \u00faltima rodada dependendo apenas de si. Basta vencer o Internacional.<\/p>\n\n\n\n<p>&#8220;Desde sempre, o Flamengo \u00e9 um time que joga ofensivamente. Jogar pela vit\u00f3ria n\u00e3o \u00e9 novidade, mas ser obrigado a vencer \u00e9 uma press\u00e3o a mais. Os jogadores est\u00e3o melhores fisicamente, mais entrosados nesse novo sistema. Chegamos com a parte mental muito forte contra o Internacional&#8221;, avaliou Ceni no domingo.<\/p>\n\n\n\n<p>H\u00e1 11 anos, o Flamengo atropelou Palmeiras, S\u00e3o Paulo, que terminou em terceiro, e Internacional, vice-campe\u00e3o, nas \u00faltimas seis rodadas. Adriano, Pet e companhia conquistaram cinco vit\u00f3rias e um empate para levar o clube ao t\u00edtulo, confirmado com o 2 a 1 sobre o Gr\u00eamio no Maracan\u00e3.<\/p>\n\n\n\n<p>Desta vez, o Rubro-Negro tamb\u00e9m recuperou-se na competi\u00e7\u00e3o e j\u00e1 vem de cinco jogos de invencibilidade, com quatro vit\u00f3rias e um empate, podendo at\u00e9 superar a arrancada de 2009. Tudo depender\u00e1 da decis\u00e3o contra o Internacional, para repetir a hist\u00f3ria e chegar com a vantagem na \u00faltima rodada, contra o S\u00e3o Paulo, no Morumbi.<\/p>\n\n\n\n<p>Retirado de: O Dia<\/p>\n","protected":false},"excerpt":{"rendered":"<p>Em segundo lugar com 68 pontos, a apenas um do Internacional, o Flamengo ter\u00e1 o confronto direto neste domingo (21) \u00e0s 16h no Maracan\u00e3 com a possibilidade de assumir a lideran\u00e7a do Campeonato Brasileiro na pen\u00faltima rodada. Um enredo que o torcedor rubro-negro conhece bem e que teve final feliz em 2009. A arrancada atual [&hellip;]<\/p>\n","protected":false},"author":1,"featured_media":23934,"comment_status":"open","ping_status":"closed","sticky":false,"template":"","format":"standard","meta":{"footnotes":""},"categories":[47],"tags":[],"class_list":["post-56237","post","type-post","status-publish","format-standard","has-post-thumbnail","hentry","category-destaques"],"yoast_head":"<!-- This site is optimized with the Yoast SEO Premium plugin v24.2 (Yoast SEO v26.9) - https:\/\/yoast.com\/product\/yoast-seo-premium-wordpress\/ -->\n<title>Flamengo revive arrancada de 2009, quando virou l\u00edder na 37\u00aa rodada<\/title>\n<meta name=\"description\" content=\"Desta vez, o Rubro-Negro tamb\u00e9m recuperou-se na competi\u00e7\u00e3o e j\u00e1 vem de cinco jogos de invencibilidade, com quatro vit\u00f3rias e um empate.\" \/>\n<meta name=\"robots\" content=\"index, follow, max-snippet:-1, max-image-preview:large, max-video-preview:-1\" \/>\n<link rel=\"canonical\" href=\"https:\/\/www.gaveanews.com\/index.php\/2021\/02\/16\/flamengo-revive-arrancada-de-2009-quando-virou-lider-na-penultima-rodada\/\" \/>\n<meta property=\"og:locale\" content=\"pt_BR\" \/>\n<meta property=\"og:type\" content=\"article\" \/>\n<meta property=\"og:title\" content=\"Flamengo revive arrancada de 2009, quando virou l\u00edder na pen\u00faltima rodada\" \/>\n<meta property=\"og:description\" content=\"Desta vez, o Rubro-Negro tamb\u00e9m recuperou-se na competi\u00e7\u00e3o e j\u00e1 vem de cinco jogos de invencibilidade, com quatro vit\u00f3rias e um empate.\" \/>\n<meta property=\"og:url\" content=\"https:\/\/www.gaveanews.com\/index.php\/2021\/02\/16\/flamengo-revive-arrancada-de-2009-quando-virou-lider-na-penultima-rodada\/\" \/>\n<meta property=\"og:site_name\" content=\"G\u00e1vea News\" \/>\n<meta property=\"article:publisher\" content=\"https:\/\/facebook.com\/gaveaNews\/\" \/>\n<meta property=\"article:published_time\" content=\"2021-02-16T10:19:45+00:00\" \/>\n<meta property=\"article:modified_time\" content=\"2021-02-16T10:19:50+00:00\" \/>\n<meta property=\"og:image\" content=\"https:\/\/www.gaveanews.com\/wp-content\/uploads\/2019\/08\/Adriano-Imperador-em-acao-pelo-Flamengo-no-Maracana.webp\" \/>\n\t<meta property=\"og:image:width\" content=\"1\" \/>\n\t<meta property=\"og:image:height\" content=\"1\" \/>\n\t<meta property=\"og:image:type\" content=\"image\/jpeg\" \/>\n<meta name=\"author\" content=\"Equipe G\u00e1vea News\" \/>\n<meta name=\"twitter:card\" content=\"summary_large_image\" \/>\n<meta name=\"twitter:label1\" content=\"Escrito por\" \/>\n\t<meta name=\"twitter:data1\" content=\"Equipe G\u00e1vea News\" \/>\n\t<meta name=\"twitter:label2\" content=\"Est. tempo de leitura\" \/>\n\t<meta name=\"twitter:data2\" content=\"2 minutos\" \/>\n<script type=\"application\/ld+json\" class=\"yoast-schema-graph\">{\"@context\":\"https:\/\/schema.org\",\"@graph\":[{\"@type\":\"NewsArticle\",\"@id\":\"https:\/\/www.gaveanews.com\/index.php\/2021\/02\/16\/flamengo-revive-arrancada-de-2009-quando-virou-lider-na-penultima-rodada\/#article\",\"isPartOf\":{\"@id\":\"https:\/\/www.gaveanews.com\/index.php\/2021\/02\/16\/flamengo-revive-arrancada-de-2009-quando-virou-lider-na-penultima-rodada\/\"},\"author\":{\"name\":\"Equipe G\u00e1vea News\",\"@id\":\"https:\/\/www.gaveanews.com\/#\/schema\/person\/2ec14f73fb96be2caf28f91afb14749d\"},\"headline\":\"Flamengo revive arrancada de 2009, quando virou l\u00edder na pen\u00faltima rodada\",\"datePublished\":\"2021-02-16T10:19:45+00:00\",\"dateModified\":\"2021-02-16T10:19:50+00:00\",\"mainEntityOfPage\":{\"@id\":\"https:\/\/www.gaveanews.com\/index.php\/2021\/02\/16\/flamengo-revive-arrancada-de-2009-quando-virou-lider-na-penultima-rodada\/\"},\"wordCount\":341,\"commentCount\":9,\"image\":{\"@id\":\"https:\/\/www.gaveanews.com\/index.php\/2021\/02\/16\/flamengo-revive-arrancada-de-2009-quando-virou-lider-na-penultima-rodada\/#primaryimage\"},\"thumbnailUrl\":\"https:\/\/www.gaveanews.com\/wp-content\/uploads\/2019\/08\/Adriano-Imperador-em-acao-pelo-Flamengo-no-Maracana.webp\",\"articleSection\":[\"Destaques\"],\"inLanguage\":\"pt-BR\",\"potentialAction\":[{\"@type\":\"CommentAction\",\"name\":\"Comment\",\"target\":[\"https:\/\/www.gaveanews.com\/index.php\/2021\/02\/16\/flamengo-revive-arrancada-de-2009-quando-virou-lider-na-penultima-rodada\/#respond\"]}],\"copyrightYear\":\"2021\",\"copyrightHolder\":{\"@id\":\"https:\/\/www.gaveanews.com\/#organization\"}},{\"@type\":\"WebPage\",\"@id\":\"https:\/\/www.gaveanews.com\/index.php\/2021\/02\/16\/flamengo-revive-arrancada-de-2009-quando-virou-lider-na-penultima-rodada\/\",\"url\":\"https:\/\/www.gaveanews.com\/index.php\/2021\/02\/16\/flamengo-revive-arrancada-de-2009-quando-virou-lider-na-penultima-rodada\/\",\"name\":\"Flamengo revive arrancada de 2009, quando virou l\u00edder na 37\u00aa rodada\",\"isPartOf\":{\"@id\":\"https:\/\/www.gaveanews.com\/#website\"},\"primaryImageOfPage\":{\"@id\":\"https:\/\/www.gaveanews.com\/index.php\/2021\/02\/16\/flamengo-revive-arrancada-de-2009-quando-virou-lider-na-penultima-rodada\/#primaryimage\"},\"image\":{\"@id\":\"https:\/\/www.gaveanews.com\/index.php\/2021\/02\/16\/flamengo-revive-arrancada-de-2009-quando-virou-lider-na-penultima-rodada\/#primaryimage\"},\"thumbnailUrl\":\"https:\/\/www.gaveanews.com\/wp-content\/uploads\/2019\/08\/Adriano-Imperador-em-acao-pelo-Flamengo-no-Maracana.webp\",\"datePublished\":\"2021-02-16T10:19:45+00:00\",\"dateModified\":\"2021-02-16T10:19:50+00:00\",\"author\":{\"@id\":\"https:\/\/www.gaveanews.com\/#\/schema\/person\/2ec14f73fb96be2caf28f91afb14749d\"},\"description\":\"Desta vez, o Rubro-Negro tamb\u00e9m recuperou-se na competi\u00e7\u00e3o e j\u00e1 vem de cinco jogos de invencibilidade, com quatro vit\u00f3rias e um empate.\",\"breadcrumb\":{\"@id\":\"https:\/\/www.gaveanews.com\/index.php\/2021\/02\/16\/flamengo-revive-arrancada-de-2009-quando-virou-lider-na-penultima-rodada\/#breadcrumb\"},\"inLanguage\":\"pt-BR\",\"potentialAction\":[{\"@type\":\"ReadAction\",\"target\":[\"https:\/\/www.gaveanews.com\/index.php\/2021\/02\/16\/flamengo-revive-arrancada-de-2009-quando-virou-lider-na-penultima-rodada\/\"]}]},{\"@type\":\"ImageObject\",\"inLanguage\":\"pt-BR\",\"@id\":\"https:\/\/www.gaveanews.com\/index.php\/2021\/02\/16\/flamengo-revive-arrancada-de-2009-quando-virou-lider-na-penultima-rodada\/#primaryimage\",\"url\":\"https:\/\/www.gaveanews.com\/wp-content\/uploads\/2019\/08\/Adriano-Imperador-em-acao-pelo-Flamengo-no-Maracana.webp\",\"contentUrl\":\"https:\/\/www.gaveanews.com\/wp-content\/uploads\/2019\/08\/Adriano-Imperador-em-acao-pelo-Flamengo-no-Maracana.webp\",\"caption\":\"Adriano Imperador em a\u00e7\u00e3o pelo Flamengo no Maracan\u00e3 (Foto: Celso Pupo\/Fotoarena)\"},{\"@type\":\"BreadcrumbList\",\"@id\":\"https:\/\/www.gaveanews.com\/index.php\/2021\/02\/16\/flamengo-revive-arrancada-de-2009-quando-virou-lider-na-penultima-rodada\/#breadcrumb\",\"itemListElement\":[{\"@type\":\"ListItem\",\"position\":1,\"name\":\"Home\",\"item\":\"https:\/\/www.gaveanews.com\/\"},{\"@type\":\"ListItem\",\"position\":2,\"name\":\"Flamengo revive arrancada de 2009, quando virou l\u00edder na pen\u00faltima rodada\"}]},{\"@type\":\"WebSite\",\"@id\":\"https:\/\/www.gaveanews.com\/#website\",\"url\":\"https:\/\/www.gaveanews.com\/\",\"name\":\"G\u00e1vea News\",\"description\":\"Veja todas as not\u00edcias sobre o Flamengo: Contrata\u00e7\u00f5es, categorias de base, resultados das partidas, tabela de classifica\u00e7\u00e3o, pr\u00f3ximos jogos!\",\"potentialAction\":[{\"@type\":\"SearchAction\",\"target\":{\"@type\":\"EntryPoint\",\"urlTemplate\":\"https:\/\/www.gaveanews.com\/?s={search_term_string}\"},\"query-input\":{\"@type\":\"PropertyValueSpecification\",\"valueRequired\":true,\"valueName\":\"search_term_string\"}}],\"inLanguage\":\"pt-BR\"},{\"@type\":\"Person\",\"@id\":\"https:\/\/www.gaveanews.com\/#\/schema\/person\/2ec14f73fb96be2caf28f91afb14749d\",\"name\":\"Equipe G\u00e1vea News\",\"image\":{\"@type\":\"ImageObject\",\"inLanguage\":\"pt-BR\",\"@id\":\"https:\/\/www.gaveanews.com\/#\/schema\/person\/image\/\",\"url\":\"https:\/\/secure.gravatar.com\/avatar\/1e1956f1facbffd3f8fa53a326721950116b3b9dc9bd44939c01180fd4a745a9?s=96&d=mm&r=g\",\"contentUrl\":\"https:\/\/secure.gravatar.com\/avatar\/1e1956f1facbffd3f8fa53a326721950116b3b9dc9bd44939c01180fd4a745a9?s=96&d=mm&r=g\",\"caption\":\"Equipe G\u00e1vea News\"}}]}<\/script>\n<!-- \/ Yoast SEO Premium plugin. -->","yoast_head_json":{"title":"Flamengo revive arrancada de 2009, quando virou l\u00edder na 37\u00aa rodada","description":"Desta vez, o Rubro-Negro tamb\u00e9m recuperou-se na competi\u00e7\u00e3o e j\u00e1 vem de cinco jogos de invencibilidade, com quatro vit\u00f3rias e um empate.","robots":{"index":"index","follow":"follow","max-snippet":"max-snippet:-1","max-image-preview":"max-image-preview:large","max-video-preview":"max-video-preview:-1"},"canonical":"https:\/\/www.gaveanews.com\/index.php\/2021\/02\/16\/flamengo-revive-arrancada-de-2009-quando-virou-lider-na-penultima-rodada\/","og_locale":"pt_BR","og_type":"article","og_title":"Flamengo revive arrancada de 2009, quando virou l\u00edder na pen\u00faltima rodada","og_description":"Desta vez, o Rubro-Negro tamb\u00e9m recuperou-se na competi\u00e7\u00e3o e j\u00e1 vem de cinco jogos de invencibilidade, com quatro vit\u00f3rias e um empate.","og_url":"https:\/\/www.gaveanews.com\/index.php\/2021\/02\/16\/flamengo-revive-arrancada-de-2009-quando-virou-lider-na-penultima-rodada\/","og_site_name":"G\u00e1vea News","article_publisher":"https:\/\/facebook.com\/gaveaNews\/","article_published_time":"2021-02-16T10:19:45+00:00","article_modified_time":"2021-02-16T10:19:50+00:00","og_image":[{"url":"https:\/\/www.gaveanews.com\/wp-content\/uploads\/2019\/08\/Adriano-Imperador-em-acao-pelo-Flamengo-no-Maracana.webp","width":1,"height":1,"type":"image\/jpeg"}],"author":"Equipe G\u00e1vea News","twitter_card":"summary_large_image","twitter_misc":{"Escrito por":"Equipe G\u00e1vea News","Est. tempo de leitura":"2 minutos"},"schema":{"@context":"https:\/\/schema.org","@graph":[{"@type":"NewsArticle","@id":"https:\/\/www.gaveanews.com\/index.php\/2021\/02\/16\/flamengo-revive-arrancada-de-2009-quando-virou-lider-na-penultima-rodada\/#article","isPartOf":{"@id":"https:\/\/www.gaveanews.com\/index.php\/2021\/02\/16\/flamengo-revive-arrancada-de-2009-quando-virou-lider-na-penultima-rodada\/"},"author":{"name":"Equipe G\u00e1vea News","@id":"https:\/\/www.gaveanews.com\/#\/schema\/person\/2ec14f73fb96be2caf28f91afb14749d"},"headline":"Flamengo revive arrancada de 2009, quando virou l\u00edder na pen\u00faltima rodada","datePublished":"2021-02-16T10:19:45+00:00","dateModified":"2021-02-16T10:19:50+00:00","mainEntityOfPage":{"@id":"https:\/\/www.gaveanews.com\/index.php\/2021\/02\/16\/flamengo-revive-arrancada-de-2009-quando-virou-lider-na-penultima-rodada\/"},"wordCount":341,"commentCount":9,"image":{"@id":"https:\/\/www.gaveanews.com\/index.php\/2021\/02\/16\/flamengo-revive-arrancada-de-2009-quando-virou-lider-na-penultima-rodada\/#primaryimage"},"thumbnailUrl":"https:\/\/www.gaveanews.com\/wp-content\/uploads\/2019\/08\/Adriano-Imperador-em-acao-pelo-Flamengo-no-Maracana.webp","articleSection":["Destaques"],"inLanguage":"pt-BR","potentialAction":[{"@type":"CommentAction","name":"Comment","target":["https:\/\/www.gaveanews.com\/index.php\/2021\/02\/16\/flamengo-revive-arrancada-de-2009-quando-virou-lider-na-penultima-rodada\/#respond"]}],"copyrightYear":"2021","copyrightHolder":{"@id":"https:\/\/www.gaveanews.com\/#organization"}},{"@type":"WebPage","@id":"https:\/\/www.gaveanews.com\/index.php\/2021\/02\/16\/flamengo-revive-arrancada-de-2009-quando-virou-lider-na-penultima-rodada\/","url":"https:\/\/www.gaveanews.com\/index.php\/2021\/02\/16\/flamengo-revive-arrancada-de-2009-quando-virou-lider-na-penultima-rodada\/","name":"Flamengo revive arrancada de 2009, quando virou l\u00edder na 37\u00aa rodada","isPartOf":{"@id":"https:\/\/www.gaveanews.com\/#website"},"primaryImageOfPage":{"@id":"https:\/\/www.gaveanews.com\/index.php\/2021\/02\/16\/flamengo-revive-arrancada-de-2009-quando-virou-lider-na-penultima-rodada\/#primaryimage"},"image":{"@id":"https:\/\/www.gaveanews.com\/index.php\/2021\/02\/16\/flamengo-revive-arrancada-de-2009-quando-virou-lider-na-penultima-rodada\/#primaryimage"},"thumbnailUrl":"https:\/\/www.gaveanews.com\/wp-content\/uploads\/2019\/08\/Adriano-Imperador-em-acao-pelo-Flamengo-no-Maracana.webp","datePublished":"2021-02-16T10:19:45+00:00","dateModified":"2021-02-16T10:19:50+00:00","author":{"@id":"https:\/\/www.gaveanews.com\/#\/schema\/person\/2ec14f73fb96be2caf28f91afb14749d"},"description":"Desta vez, o Rubro-Negro tamb\u00e9m recuperou-se na competi\u00e7\u00e3o e j\u00e1 vem de cinco jogos de invencibilidade, com quatro vit\u00f3rias e um empate.","breadcrumb":{"@id":"https:\/\/www.gaveanews.com\/index.php\/2021\/02\/16\/flamengo-revive-arrancada-de-2009-quando-virou-lider-na-penultima-rodada\/#breadcrumb"},"inLanguage":"pt-BR","potentialAction":[{"@type":"ReadAction","target":["https:\/\/www.gaveanews.com\/index.php\/2021\/02\/16\/flamengo-revive-arrancada-de-2009-quando-virou-lider-na-penultima-rodada\/"]}]},{"@type":"ImageObject","inLanguage":"pt-BR","@id":"https:\/\/www.gaveanews.com\/index.php\/2021\/02\/16\/flamengo-revive-arrancada-de-2009-quando-virou-lider-na-penultima-rodada\/#primaryimage","url":"https:\/\/www.gaveanews.com\/wp-content\/uploads\/2019\/08\/Adriano-Imperador-em-acao-pelo-Flamengo-no-Maracana.webp","contentUrl":"https:\/\/www.gaveanews.com\/wp-content\/uploads\/2019\/08\/Adriano-Imperador-em-acao-pelo-Flamengo-no-Maracana.webp","caption":"Adriano Imperador em a\u00e7\u00e3o pelo Flamengo no Maracan\u00e3 (Foto: Celso Pupo\/Fotoarena)"},{"@type":"BreadcrumbList","@id":"https:\/\/www.gaveanews.com\/index.php\/2021\/02\/16\/flamengo-revive-arrancada-de-2009-quando-virou-lider-na-penultima-rodada\/#breadcrumb","itemListElement":[{"@type":"ListItem","position":1,"name":"Home","item":"https:\/\/www.gaveanews.com\/"},{"@type":"ListItem","position":2,"name":"Flamengo revive arrancada de 2009, quando virou l\u00edder na pen\u00faltima rodada"}]},{"@type":"WebSite","@id":"https:\/\/www.gaveanews.com\/#website","url":"https:\/\/www.gaveanews.com\/","name":"G\u00e1vea News","description":"Veja todas as not\u00edcias sobre o Flamengo: Contrata\u00e7\u00f5es, categorias de base, resultados das partidas, tabela de classifica\u00e7\u00e3o, pr\u00f3ximos jogos!","potentialAction":[{"@type":"SearchAction","target":{"@type":"EntryPoint","urlTemplate":"https:\/\/www.gaveanews.com\/?s={search_term_string}"},"query-input":{"@type":"PropertyValueSpecification","valueRequired":true,"valueName":"search_term_string"}}],"inLanguage":"pt-BR"},{"@type":"Person","@id":"https:\/\/www.gaveanews.com\/#\/schema\/person\/2ec14f73fb96be2caf28f91afb14749d","name":"Equipe G\u00e1vea News","image":{"@type":"ImageObject","inLanguage":"pt-BR","@id":"https:\/\/www.gaveanews.com\/#\/schema\/person\/image\/","url":"https:\/\/secure.gravatar.com\/avatar\/1e1956f1facbffd3f8fa53a326721950116b3b9dc9bd44939c01180fd4a745a9?s=96&d=mm&r=g","contentUrl":"https:\/\/secure.gravatar.com\/avatar\/1e1956f1facbffd3f8fa53a326721950116b3b9dc9bd44939c01180fd4a745a9?s=96&d=mm&r=g","caption":"Equipe G\u00e1vea News"}}]}},"_links":{"self":[{"href":"https:\/\/www.gaveanews.com\/index.php\/wp-json\/wp\/v2\/posts\/56237","targetHints":{"allow":["GET"]}}],"collection":[{"href":"https:\/\/www.gaveanews.com\/index.php\/wp-json\/wp\/v2\/posts"}],"about":[{"href":"https:\/\/www.gaveanews.com\/index.php\/wp-json\/wp\/v2\/types\/post"}],"author":[{"embeddable":true,"href":"https:\/\/www.gaveanews.com\/index.php\/wp-json\/wp\/v2\/users\/1"}],"replies":[{"embeddable":true,"href":"https:\/\/www.gaveanews.com\/index.php\/wp-json\/wp\/v2\/comments?post=56237"}],"version-history":[{"count":0,"href":"https:\/\/www.gaveanews.com\/index.php\/wp-json\/wp\/v2\/posts\/56237\/revisions"}],"wp:featuredmedia":[{"embeddable":true,"href":"https:\/\/www.gaveanews.com\/index.php\/wp-json\/wp\/v2\/media\/23934"}],"wp:attachment":[{"href":"https:\/\/www.gaveanews.com\/index.php\/wp-json\/wp\/v2\/media?parent=56237"}],"wp:term":[{"taxonomy":"category","embeddable":true,"href":"https:\/\/www.gaveanews.com\/index.php\/wp-json\/wp\/v2\/categories?post=56237"},{"taxonomy":"post_tag","embeddable":true,"href":"https:\/\/www.gaveanews.com\/index.php\/wp-json\/wp\/v2\/tags?post=56237"}],"curies":[{"name":"wp","href":"https:\/\/api.w.org\/{rel}","templated":true}]}}