{"id":56277,"date":"2021-02-17T06:45:00","date_gmt":"2021-02-17T09:45:00","guid":{"rendered":"https:\/\/www.gaveanews.com\/?p=56277"},"modified":"2021-02-17T02:48:11","modified_gmt":"2021-02-17T05:48:11","slug":"diego-ribas-se-reinventa-e-ganha-mais-espaco-no-flamengo-com-ceni","status":"publish","type":"post","link":"https:\/\/www.gaveanews.com\/index.php\/2021\/02\/17\/diego-ribas-se-reinventa-e-ganha-mais-espaco-no-flamengo-com-ceni\/","title":{"rendered":"Diego Ribas se reinventa e ganha mais espa\u00e7o no Flamengo com Ceni"},"content":{"rendered":"\n<p>O coque \u00e9 inconfund\u00edvel. Mesmo \u00e0 sombra dos grandes nomes do Flamengo, n\u00e3o \u00e9 nem preciso muito brilho para olhar e identificar: \u00e9 o Diego Ribas. O penteado ajuda at\u00e9 a disfar\u00e7ar os cabelos brancos dos quase 36 anos (completa no pr\u00f3ximo dia 28). Mas o visual \u00e9 s\u00f3 uma das mudan\u00e7as de um camisa 10 que precisou se reinventar para ser importante mesmo distante dos holofotes de outros tempos.<\/p>\n\n\n\n<p>A rea\u00e7\u00e3o do Flamengo que disputa a lideran\u00e7a do Brasileir\u00e3o com o Inter, domingo, no Maracan\u00e3, passa muito pela performance de seu capit\u00e3o. A voz ativa sempre esteve presente, com ou sem faixa, seja com os companheiros, seja no di\u00e1logo constante com Rog\u00e9rio Ceni. Agora, por\u00e9m, \u00e9 novamente importante com a bola nos p\u00e9s &#8211; por mais que seja por menos tempo do que antes.<\/p>\n\n\n\n<p>A subida de produ\u00e7\u00e3o do Flamengo \u00e9 fruto do coletivo. N\u00e3o h\u00e1 d\u00favidas. Mas um coletivo que melhorou com o recuo de Willian Ar\u00e3o para defesa e a entrada do 10 no meio. Um 10 que joga quase como um 5. Adapta\u00e7\u00e3o que o fez emendar a maior s\u00e9rie de jogos desde a traum\u00e1tica fratura no tornozelo contra o Emelec, em 2019.<\/p>\n\n\n\n<p>\u2014 Diego, com esp\u00edrito de luta, \u00e9 um cara que contagia a todos, motiva todo mundo. E ele est\u00e1 se doando porque \u00e9 um 10 de origem. Hoje ele faz muito melhor essa fun\u00e7\u00e3o, de frente para o jogo, pela qualidade que tem. Normalmente o Diego trabalha mais atr\u00e1s do que o Gerson. O Diego n\u00e3o \u00e9 o um primeiro volante. S\u00e3o no m\u00ednimo dois (camisas) oito para n\u00e3o dizer dois dez jogando no meio de campo &#8211; definiu Rog\u00e9rio Ceni.<\/p>\n\n\n\n<p>Contra o Inter, pela 37\u00aa rodada, Diego far\u00e1 a oitava partida consecutiva como titular entre as que tinha condi\u00e7\u00e3o de jogo (ficou fora contra o Bragantino por suspens\u00e3o). Voltou a ter em campo a relev\u00e2ncia que nunca deixou de ter nos bastidores, como no discurso antes do jogo com o Corinthians:<\/p>\n\n\n\n<p>\u202a\u2014 Est\u00e1 na nossa alma competir. \u00c9 a mesma bola, mesmo campo, mesma temperatura para todo mundo. Competir com o nosso cora\u00e7\u00e3o. N\u00f3s vamos sair daqui vitoriosos. \u202c<\/p>\n\n\n\n<figure class=\"wp-block-embed is-type-rich is-provider-twitter wp-block-embed-twitter\"><div class=\"wp-block-embed__wrapper\">\nhttps:\/\/twitter.com\/Flamengo\/status\/1361674106408689665?ref_src=twsrc%5Etfw%7Ctwcamp%5Etweetembed%7Ctwterm%5E1361674106408689665%7Ctwgr%5E%7Ctwcon%5Es1_&#038;ref_url=https%3A%2F%2Fgloboesporte.globo.com%2Ffutebol%2Ftimes%2Fflamengo%2Fnoticia%2Fsob-a-sombra-da-idade-diego-se-reinventa-para-apontar-caminhos-no-flamengo-de-ceni.ghtml\n<\/div><\/figure>\n\n\n\n<p>Titular somente em 12 dos 24 jogos que disputou no Brasileir\u00e3o, Diego tem a mudan\u00e7a exemplificada no mapa de calor. Nas \u00faltimas partidas, a intermedi\u00e1ria ofensiva surge quase que como um limite.<\/p>\n\n\n\n<p>Ao mesmo tempo em que tem que marcar mais, trabalha em um per\u00edodo do campo onde consegue conduzir mais a bola quando necess\u00e1rio (caracter\u00edstica que tanto gerou cr\u00edticas em situa\u00e7\u00f5es mais agudas do ataque). Se reinventou para jogar mais.<\/p>\n\n\n\n<p>A troca de posi\u00e7\u00e3o passa muito pelo di\u00e1logo constante com Rog\u00e9rio Ceni. Ao lado do xar\u00e1 Alves, de Filipe Lu\u00eds e de Rodrigo Caio, o meio-campo \u00e9 um dos que mais debate op\u00e7\u00f5es com o t\u00e9cnico. Nem sempre d\u00e1 certo, mas na maioria das vezes \u00e9 testada no dia a dia do Ninho do Urubu.<\/p>\n\n\n\n<p>Com 209 jogos em quase cinco anos de Flamengo, Diego sabe que a como\u00e7\u00e3o do Santos Dumont lotado no AeroFla de 2016 deu lugar a opini\u00f5es divididas. Sabe que o coque o identifica mesmo longe de qualquer holofote que exponha os cabelos brancos. E sabe que os 36 anos indicam novos rumos que o tornaram importante mesmo \u00e0 sombra da idade.<\/p>\n\n\n\n<p>Retirado de: Globo Esporte<\/p>\n","protected":false},"excerpt":{"rendered":"<p>O coque \u00e9 inconfund\u00edvel. Mesmo \u00e0 sombra dos grandes nomes do Flamengo, n\u00e3o \u00e9 nem preciso muito brilho para olhar e identificar: \u00e9 o Diego Ribas. O penteado ajuda at\u00e9 a disfar\u00e7ar os cabelos brancos dos quase 36 anos (completa no pr\u00f3ximo dia 28). Mas o visual \u00e9 s\u00f3 uma das mudan\u00e7as de um camisa [&hellip;]<\/p>\n","protected":false},"author":1,"featured_media":55564,"comment_status":"open","ping_status":"closed","sticky":false,"template":"","format":"standard","meta":{"footnotes":""},"categories":[1],"tags":[],"class_list":["post-56277","post","type-post","status-publish","format-standard","has-post-thumbnail","hentry","category-flamengo"],"yoast_head":"<!-- This site is optimized with the Yoast SEO Premium plugin v24.2 (Yoast SEO v26.9) - https:\/\/yoast.com\/product\/yoast-seo-premium-wordpress\/ -->\n<title>Diego Ribas se reinventa e ganha mais espa\u00e7o no Flamengo com Ceni<\/title>\n<meta name=\"description\" content=\"\u00c0s v\u00e9speras dos 36 anos, camisa 10 n\u00e3o recebe os mesmos holofotes de antes, mas muda de fun\u00e7\u00e3o e ganha mais espa\u00e7o no Flamengo com Ceni.\" \/>\n<meta name=\"robots\" content=\"index, follow, max-snippet:-1, max-image-preview:large, max-video-preview:-1\" \/>\n<link rel=\"canonical\" href=\"https:\/\/www.gaveanews.com\/index.php\/2021\/02\/17\/diego-ribas-se-reinventa-e-ganha-mais-espaco-no-flamengo-com-ceni\/\" \/>\n<meta property=\"og:locale\" content=\"pt_BR\" \/>\n<meta property=\"og:type\" content=\"article\" \/>\n<meta property=\"og:title\" content=\"Diego Ribas se reinventa e ganha mais espa\u00e7o no Flamengo com Ceni\" \/>\n<meta property=\"og:description\" content=\"\u00c0s v\u00e9speras dos 36 anos, camisa 10 n\u00e3o recebe os mesmos holofotes de antes, mas muda de fun\u00e7\u00e3o e ganha mais espa\u00e7o no Flamengo com Ceni.\" \/>\n<meta property=\"og:url\" content=\"https:\/\/www.gaveanews.com\/index.php\/2021\/02\/17\/diego-ribas-se-reinventa-e-ganha-mais-espaco-no-flamengo-com-ceni\/\" \/>\n<meta property=\"og:site_name\" content=\"G\u00e1vea News\" \/>\n<meta property=\"article:publisher\" content=\"https:\/\/facebook.com\/gaveaNews\/\" \/>\n<meta property=\"article:published_time\" content=\"2021-02-17T09:45:00+00:00\" \/>\n<meta property=\"og:image\" content=\"https:\/\/www.gaveanews.com\/wp-content\/uploads\/Diego-Ribas-em-acao-pelo-Flamengo-durante-a-partida-contra-o-Sport-no-Campeonato-Brasileiro-de-2020.webp\" \/>\n\t<meta property=\"og:image:width\" content=\"799\" \/>\n\t<meta property=\"og:image:height\" content=\"532\" \/>\n\t<meta property=\"og:image:type\" content=\"image\/jpeg\" \/>\n<meta name=\"author\" content=\"Equipe G\u00e1vea News\" \/>\n<meta name=\"twitter:card\" content=\"summary_large_image\" \/>\n<meta name=\"twitter:label1\" content=\"Escrito por\" \/>\n\t<meta name=\"twitter:data1\" content=\"Equipe G\u00e1vea News\" \/>\n\t<meta name=\"twitter:label2\" content=\"Est. tempo de leitura\" \/>\n\t<meta name=\"twitter:data2\" content=\"3 minutos\" \/>\n<script type=\"application\/ld+json\" class=\"yoast-schema-graph\">{\"@context\":\"https:\/\/schema.org\",\"@graph\":[{\"@type\":\"NewsArticle\",\"@id\":\"https:\/\/www.gaveanews.com\/index.php\/2021\/02\/17\/diego-ribas-se-reinventa-e-ganha-mais-espaco-no-flamengo-com-ceni\/#article\",\"isPartOf\":{\"@id\":\"https:\/\/www.gaveanews.com\/index.php\/2021\/02\/17\/diego-ribas-se-reinventa-e-ganha-mais-espaco-no-flamengo-com-ceni\/\"},\"author\":{\"name\":\"Equipe G\u00e1vea News\",\"@id\":\"https:\/\/www.gaveanews.com\/#\/schema\/person\/2ec14f73fb96be2caf28f91afb14749d\"},\"headline\":\"Diego Ribas se reinventa e ganha mais espa\u00e7o no Flamengo com Ceni\",\"datePublished\":\"2021-02-17T09:45:00+00:00\",\"mainEntityOfPage\":{\"@id\":\"https:\/\/www.gaveanews.com\/index.php\/2021\/02\/17\/diego-ribas-se-reinventa-e-ganha-mais-espaco-no-flamengo-com-ceni\/\"},\"wordCount\":611,\"commentCount\":5,\"image\":{\"@id\":\"https:\/\/www.gaveanews.com\/index.php\/2021\/02\/17\/diego-ribas-se-reinventa-e-ganha-mais-espaco-no-flamengo-com-ceni\/#primaryimage\"},\"thumbnailUrl\":\"https:\/\/www.gaveanews.com\/wp-content\/uploads\/Diego-Ribas-em-acao-pelo-Flamengo-durante-a-partida-contra-o-Sport-no-Campeonato-Brasileiro-de-2020.webp\",\"articleSection\":[\"Flamengo\"],\"inLanguage\":\"pt-BR\",\"potentialAction\":[{\"@type\":\"CommentAction\",\"name\":\"Comment\",\"target\":[\"https:\/\/www.gaveanews.com\/index.php\/2021\/02\/17\/diego-ribas-se-reinventa-e-ganha-mais-espaco-no-flamengo-com-ceni\/#respond\"]}],\"copyrightYear\":\"2021\",\"copyrightHolder\":{\"@id\":\"https:\/\/www.gaveanews.com\/#organization\"}},{\"@type\":\"WebPage\",\"@id\":\"https:\/\/www.gaveanews.com\/index.php\/2021\/02\/17\/diego-ribas-se-reinventa-e-ganha-mais-espaco-no-flamengo-com-ceni\/\",\"url\":\"https:\/\/www.gaveanews.com\/index.php\/2021\/02\/17\/diego-ribas-se-reinventa-e-ganha-mais-espaco-no-flamengo-com-ceni\/\",\"name\":\"Diego Ribas se reinventa e ganha mais espa\u00e7o no Flamengo com Ceni\",\"isPartOf\":{\"@id\":\"https:\/\/www.gaveanews.com\/#website\"},\"primaryImageOfPage\":{\"@id\":\"https:\/\/www.gaveanews.com\/index.php\/2021\/02\/17\/diego-ribas-se-reinventa-e-ganha-mais-espaco-no-flamengo-com-ceni\/#primaryimage\"},\"image\":{\"@id\":\"https:\/\/www.gaveanews.com\/index.php\/2021\/02\/17\/diego-ribas-se-reinventa-e-ganha-mais-espaco-no-flamengo-com-ceni\/#primaryimage\"},\"thumbnailUrl\":\"https:\/\/www.gaveanews.com\/wp-content\/uploads\/Diego-Ribas-em-acao-pelo-Flamengo-durante-a-partida-contra-o-Sport-no-Campeonato-Brasileiro-de-2020.webp\",\"datePublished\":\"2021-02-17T09:45:00+00:00\",\"author\":{\"@id\":\"https:\/\/www.gaveanews.com\/#\/schema\/person\/2ec14f73fb96be2caf28f91afb14749d\"},\"description\":\"\u00c0s v\u00e9speras dos 36 anos, camisa 10 n\u00e3o recebe os mesmos holofotes de antes, mas muda de fun\u00e7\u00e3o e ganha mais espa\u00e7o no Flamengo com Ceni.\",\"breadcrumb\":{\"@id\":\"https:\/\/www.gaveanews.com\/index.php\/2021\/02\/17\/diego-ribas-se-reinventa-e-ganha-mais-espaco-no-flamengo-com-ceni\/#breadcrumb\"},\"inLanguage\":\"pt-BR\",\"potentialAction\":[{\"@type\":\"ReadAction\",\"target\":[\"https:\/\/www.gaveanews.com\/index.php\/2021\/02\/17\/diego-ribas-se-reinventa-e-ganha-mais-espaco-no-flamengo-com-ceni\/\"]}]},{\"@type\":\"ImageObject\",\"inLanguage\":\"pt-BR\",\"@id\":\"https:\/\/www.gaveanews.com\/index.php\/2021\/02\/17\/diego-ribas-se-reinventa-e-ganha-mais-espaco-no-flamengo-com-ceni\/#primaryimage\",\"url\":\"https:\/\/www.gaveanews.com\/wp-content\/uploads\/Diego-Ribas-em-acao-pelo-Flamengo-durante-a-partida-contra-o-Sport-no-Campeonato-Brasileiro-de-2020.webp\",\"contentUrl\":\"https:\/\/www.gaveanews.com\/wp-content\/uploads\/Diego-Ribas-em-acao-pelo-Flamengo-durante-a-partida-contra-o-Sport-no-Campeonato-Brasileiro-de-2020.webp\",\"width\":799,\"height\":532,\"caption\":\"Diego Ribas em a\u00e7\u00e3o pelo Flamengo durante a partida contra o Sport no Campeonato Brasileiro de 2020 (Foto: Alexandre Vidal\/Flamengo)\"},{\"@type\":\"BreadcrumbList\",\"@id\":\"https:\/\/www.gaveanews.com\/index.php\/2021\/02\/17\/diego-ribas-se-reinventa-e-ganha-mais-espaco-no-flamengo-com-ceni\/#breadcrumb\",\"itemListElement\":[{\"@type\":\"ListItem\",\"position\":1,\"name\":\"Home\",\"item\":\"https:\/\/www.gaveanews.com\/\"},{\"@type\":\"ListItem\",\"position\":2,\"name\":\"Diego Ribas se reinventa e ganha mais espa\u00e7o no Flamengo com Ceni\"}]},{\"@type\":\"WebSite\",\"@id\":\"https:\/\/www.gaveanews.com\/#website\",\"url\":\"https:\/\/www.gaveanews.com\/\",\"name\":\"G\u00e1vea News\",\"description\":\"Veja todas as not\u00edcias sobre o Flamengo: Contrata\u00e7\u00f5es, categorias de base, resultados das partidas, tabela de classifica\u00e7\u00e3o, pr\u00f3ximos jogos!\",\"potentialAction\":[{\"@type\":\"SearchAction\",\"target\":{\"@type\":\"EntryPoint\",\"urlTemplate\":\"https:\/\/www.gaveanews.com\/?s={search_term_string}\"},\"query-input\":{\"@type\":\"PropertyValueSpecification\",\"valueRequired\":true,\"valueName\":\"search_term_string\"}}],\"inLanguage\":\"pt-BR\"},{\"@type\":\"Person\",\"@id\":\"https:\/\/www.gaveanews.com\/#\/schema\/person\/2ec14f73fb96be2caf28f91afb14749d\",\"name\":\"Equipe G\u00e1vea News\",\"image\":{\"@type\":\"ImageObject\",\"inLanguage\":\"pt-BR\",\"@id\":\"https:\/\/www.gaveanews.com\/#\/schema\/person\/image\/\",\"url\":\"https:\/\/secure.gravatar.com\/avatar\/1e1956f1facbffd3f8fa53a326721950116b3b9dc9bd44939c01180fd4a745a9?s=96&d=mm&r=g\",\"contentUrl\":\"https:\/\/secure.gravatar.com\/avatar\/1e1956f1facbffd3f8fa53a326721950116b3b9dc9bd44939c01180fd4a745a9?s=96&d=mm&r=g\",\"caption\":\"Equipe G\u00e1vea News\"}}]}<\/script>\n<!-- \/ Yoast SEO Premium plugin. -->","yoast_head_json":{"title":"Diego Ribas se reinventa e ganha mais espa\u00e7o no Flamengo com Ceni","description":"\u00c0s v\u00e9speras dos 36 anos, camisa 10 n\u00e3o recebe os mesmos holofotes de antes, mas muda de fun\u00e7\u00e3o e ganha mais espa\u00e7o no Flamengo com Ceni.","robots":{"index":"index","follow":"follow","max-snippet":"max-snippet:-1","max-image-preview":"max-image-preview:large","max-video-preview":"max-video-preview:-1"},"canonical":"https:\/\/www.gaveanews.com\/index.php\/2021\/02\/17\/diego-ribas-se-reinventa-e-ganha-mais-espaco-no-flamengo-com-ceni\/","og_locale":"pt_BR","og_type":"article","og_title":"Diego Ribas se reinventa e ganha mais espa\u00e7o no Flamengo com Ceni","og_description":"\u00c0s v\u00e9speras dos 36 anos, camisa 10 n\u00e3o recebe os mesmos holofotes de antes, mas muda de fun\u00e7\u00e3o e ganha mais espa\u00e7o no Flamengo com Ceni.","og_url":"https:\/\/www.gaveanews.com\/index.php\/2021\/02\/17\/diego-ribas-se-reinventa-e-ganha-mais-espaco-no-flamengo-com-ceni\/","og_site_name":"G\u00e1vea News","article_publisher":"https:\/\/facebook.com\/gaveaNews\/","article_published_time":"2021-02-17T09:45:00+00:00","og_image":[{"width":799,"height":532,"url":"https:\/\/www.gaveanews.com\/wp-content\/uploads\/Diego-Ribas-em-acao-pelo-Flamengo-durante-a-partida-contra-o-Sport-no-Campeonato-Brasileiro-de-2020.webp","type":"image\/jpeg"}],"author":"Equipe G\u00e1vea News","twitter_card":"summary_large_image","twitter_misc":{"Escrito por":"Equipe G\u00e1vea News","Est. tempo de leitura":"3 minutos"},"schema":{"@context":"https:\/\/schema.org","@graph":[{"@type":"NewsArticle","@id":"https:\/\/www.gaveanews.com\/index.php\/2021\/02\/17\/diego-ribas-se-reinventa-e-ganha-mais-espaco-no-flamengo-com-ceni\/#article","isPartOf":{"@id":"https:\/\/www.gaveanews.com\/index.php\/2021\/02\/17\/diego-ribas-se-reinventa-e-ganha-mais-espaco-no-flamengo-com-ceni\/"},"author":{"name":"Equipe G\u00e1vea News","@id":"https:\/\/www.gaveanews.com\/#\/schema\/person\/2ec14f73fb96be2caf28f91afb14749d"},"headline":"Diego Ribas se reinventa e ganha mais espa\u00e7o no Flamengo com Ceni","datePublished":"2021-02-17T09:45:00+00:00","mainEntityOfPage":{"@id":"https:\/\/www.gaveanews.com\/index.php\/2021\/02\/17\/diego-ribas-se-reinventa-e-ganha-mais-espaco-no-flamengo-com-ceni\/"},"wordCount":611,"commentCount":5,"image":{"@id":"https:\/\/www.gaveanews.com\/index.php\/2021\/02\/17\/diego-ribas-se-reinventa-e-ganha-mais-espaco-no-flamengo-com-ceni\/#primaryimage"},"thumbnailUrl":"https:\/\/www.gaveanews.com\/wp-content\/uploads\/Diego-Ribas-em-acao-pelo-Flamengo-durante-a-partida-contra-o-Sport-no-Campeonato-Brasileiro-de-2020.webp","articleSection":["Flamengo"],"inLanguage":"pt-BR","potentialAction":[{"@type":"CommentAction","name":"Comment","target":["https:\/\/www.gaveanews.com\/index.php\/2021\/02\/17\/diego-ribas-se-reinventa-e-ganha-mais-espaco-no-flamengo-com-ceni\/#respond"]}],"copyrightYear":"2021","copyrightHolder":{"@id":"https:\/\/www.gaveanews.com\/#organization"}},{"@type":"WebPage","@id":"https:\/\/www.gaveanews.com\/index.php\/2021\/02\/17\/diego-ribas-se-reinventa-e-ganha-mais-espaco-no-flamengo-com-ceni\/","url":"https:\/\/www.gaveanews.com\/index.php\/2021\/02\/17\/diego-ribas-se-reinventa-e-ganha-mais-espaco-no-flamengo-com-ceni\/","name":"Diego Ribas se reinventa e ganha mais espa\u00e7o no Flamengo com Ceni","isPartOf":{"@id":"https:\/\/www.gaveanews.com\/#website"},"primaryImageOfPage":{"@id":"https:\/\/www.gaveanews.com\/index.php\/2021\/02\/17\/diego-ribas-se-reinventa-e-ganha-mais-espaco-no-flamengo-com-ceni\/#primaryimage"},"image":{"@id":"https:\/\/www.gaveanews.com\/index.php\/2021\/02\/17\/diego-ribas-se-reinventa-e-ganha-mais-espaco-no-flamengo-com-ceni\/#primaryimage"},"thumbnailUrl":"https:\/\/www.gaveanews.com\/wp-content\/uploads\/Diego-Ribas-em-acao-pelo-Flamengo-durante-a-partida-contra-o-Sport-no-Campeonato-Brasileiro-de-2020.webp","datePublished":"2021-02-17T09:45:00+00:00","author":{"@id":"https:\/\/www.gaveanews.com\/#\/schema\/person\/2ec14f73fb96be2caf28f91afb14749d"},"description":"\u00c0s v\u00e9speras dos 36 anos, camisa 10 n\u00e3o recebe os mesmos holofotes de antes, mas muda de fun\u00e7\u00e3o e ganha mais espa\u00e7o no Flamengo com Ceni.","breadcrumb":{"@id":"https:\/\/www.gaveanews.com\/index.php\/2021\/02\/17\/diego-ribas-se-reinventa-e-ganha-mais-espaco-no-flamengo-com-ceni\/#breadcrumb"},"inLanguage":"pt-BR","potentialAction":[{"@type":"ReadAction","target":["https:\/\/www.gaveanews.com\/index.php\/2021\/02\/17\/diego-ribas-se-reinventa-e-ganha-mais-espaco-no-flamengo-com-ceni\/"]}]},{"@type":"ImageObject","inLanguage":"pt-BR","@id":"https:\/\/www.gaveanews.com\/index.php\/2021\/02\/17\/diego-ribas-se-reinventa-e-ganha-mais-espaco-no-flamengo-com-ceni\/#primaryimage","url":"https:\/\/www.gaveanews.com\/wp-content\/uploads\/Diego-Ribas-em-acao-pelo-Flamengo-durante-a-partida-contra-o-Sport-no-Campeonato-Brasileiro-de-2020.webp","contentUrl":"https:\/\/www.gaveanews.com\/wp-content\/uploads\/Diego-Ribas-em-acao-pelo-Flamengo-durante-a-partida-contra-o-Sport-no-Campeonato-Brasileiro-de-2020.webp","width":799,"height":532,"caption":"Diego Ribas em a\u00e7\u00e3o pelo Flamengo durante a partida contra o Sport no Campeonato Brasileiro de 2020 (Foto: Alexandre Vidal\/Flamengo)"},{"@type":"BreadcrumbList","@id":"https:\/\/www.gaveanews.com\/index.php\/2021\/02\/17\/diego-ribas-se-reinventa-e-ganha-mais-espaco-no-flamengo-com-ceni\/#breadcrumb","itemListElement":[{"@type":"ListItem","position":1,"name":"Home","item":"https:\/\/www.gaveanews.com\/"},{"@type":"ListItem","position":2,"name":"Diego Ribas se reinventa e ganha mais espa\u00e7o no Flamengo com Ceni"}]},{"@type":"WebSite","@id":"https:\/\/www.gaveanews.com\/#website","url":"https:\/\/www.gaveanews.com\/","name":"G\u00e1vea News","description":"Veja todas as not\u00edcias sobre o Flamengo: Contrata\u00e7\u00f5es, categorias de base, resultados das partidas, tabela de classifica\u00e7\u00e3o, pr\u00f3ximos jogos!","potentialAction":[{"@type":"SearchAction","target":{"@type":"EntryPoint","urlTemplate":"https:\/\/www.gaveanews.com\/?s={search_term_string}"},"query-input":{"@type":"PropertyValueSpecification","valueRequired":true,"valueName":"search_term_string"}}],"inLanguage":"pt-BR"},{"@type":"Person","@id":"https:\/\/www.gaveanews.com\/#\/schema\/person\/2ec14f73fb96be2caf28f91afb14749d","name":"Equipe G\u00e1vea News","image":{"@type":"ImageObject","inLanguage":"pt-BR","@id":"https:\/\/www.gaveanews.com\/#\/schema\/person\/image\/","url":"https:\/\/secure.gravatar.com\/avatar\/1e1956f1facbffd3f8fa53a326721950116b3b9dc9bd44939c01180fd4a745a9?s=96&d=mm&r=g","contentUrl":"https:\/\/secure.gravatar.com\/avatar\/1e1956f1facbffd3f8fa53a326721950116b3b9dc9bd44939c01180fd4a745a9?s=96&d=mm&r=g","caption":"Equipe G\u00e1vea News"}}]}},"_links":{"self":[{"href":"https:\/\/www.gaveanews.com\/index.php\/wp-json\/wp\/v2\/posts\/56277","targetHints":{"allow":["GET"]}}],"collection":[{"href":"https:\/\/www.gaveanews.com\/index.php\/wp-json\/wp\/v2\/posts"}],"about":[{"href":"https:\/\/www.gaveanews.com\/index.php\/wp-json\/wp\/v2\/types\/post"}],"author":[{"embeddable":true,"href":"https:\/\/www.gaveanews.com\/index.php\/wp-json\/wp\/v2\/users\/1"}],"replies":[{"embeddable":true,"href":"https:\/\/www.gaveanews.com\/index.php\/wp-json\/wp\/v2\/comments?post=56277"}],"version-history":[{"count":0,"href":"https:\/\/www.gaveanews.com\/index.php\/wp-json\/wp\/v2\/posts\/56277\/revisions"}],"wp:featuredmedia":[{"embeddable":true,"href":"https:\/\/www.gaveanews.com\/index.php\/wp-json\/wp\/v2\/media\/55564"}],"wp:attachment":[{"href":"https:\/\/www.gaveanews.com\/index.php\/wp-json\/wp\/v2\/media?parent=56277"}],"wp:term":[{"taxonomy":"category","embeddable":true,"href":"https:\/\/www.gaveanews.com\/index.php\/wp-json\/wp\/v2\/categories?post=56277"},{"taxonomy":"post_tag","embeddable":true,"href":"https:\/\/www.gaveanews.com\/index.php\/wp-json\/wp\/v2\/tags?post=56277"}],"curies":[{"name":"wp","href":"https:\/\/api.w.org\/{rel}","templated":true}]}}