{"id":56280,"date":"2021-02-17T07:20:00","date_gmt":"2021-02-17T10:20:00","guid":{"rendered":"https:\/\/www.gaveanews.com\/?p=56280"},"modified":"2021-02-17T02:50:42","modified_gmt":"2021-02-17T05:50:42","slug":"bruno-viana-irrita-torcida-do-flamengo-com-resposta-em-coletiva-de-apresentacao","status":"publish","type":"post","link":"https:\/\/www.gaveanews.com\/index.php\/2021\/02\/17\/bruno-viana-irrita-torcida-do-flamengo-com-resposta-em-coletiva-de-apresentacao\/","title":{"rendered":"Bruno Viana irrita torcida do Flamengo com resposta em coletiva de apresenta\u00e7\u00e3o"},"content":{"rendered":"\n<p>O zagueiro Bruno Viana, primeiro refor\u00e7o do Flamengo para a temporada 2021, foi apresentado no CT Ninho do Urubu na tarde desta ter\u00e7a-feira. O defensor, por\u00e9m, irritou os torcedores com um de suas respostas durante a coletiva de apresenta\u00e7\u00e3o.<\/p>\n\n\n\n<p>Um dos temas mais abordados na coletiva foi Pablo Mar\u00ed. Desde a ida do espanhol ao Arsenal, o Flamengo n\u00e3o conseguiu um substituto \u00e0 altura. Perguntado sobre, Bruno Viana afirmou que pretendia repetir os passos do zagueiro, se destacar e conquistar coisas grandes. Entretanto, tamb\u00e9m citou seu desejo de retornar \u00e0 Europa, o que n\u00e3o caiu bem entre os torcedores.<\/p>\n\n\n\n<p>\u201cEle (Pablo Mar\u00ed) chegou aqui e em pouco tempo conseguiu fazer coisas boas. Agora, est\u00e1 no Arsenal. Meu desejo n\u00e3o \u00e9 diferente. Quero jogar, me dedicar ao m\u00e1ximo, ganhar coisas grandes e depois voltar a um grande clube da Europa\u201d, disse Bruno.<\/p>\n\n\n\n<p>Nas redes sociais, a resposta gerou revolta. Diversos torcedores n\u00e3o gostaram da postura do atleta em \u201cchegar pensando em sair\u201d. Alguns, mais radicais, cogitaram at\u00e9 uma rescis\u00e3o contratual antes mesmo de sua estreia.<\/p>\n\n\n\n<p><strong>Confira a repercuss\u00e3o:<\/strong><\/p>\n\n\n\n<figure class=\"wp-block-embed is-type-rich is-provider-twitter wp-block-embed-twitter\"><div class=\"wp-block-embed__wrapper\">\nhttps:\/\/twitter.com\/johannfla\/status\/1361748852408258565?ref_src=twsrc%5Etfw%7Ctwcamp%5Etweetembed%7Ctwterm%5E1361748852408258565%7Ctwgr%5E%7Ctwcon%5Es1_c10&#038;ref_url=https%3A%2F%2Fhashtagrubronegro.com%2Fbruno-viana-irrita-torcida-do-flamengo-com-resposta-em-coletiva-de-apresentacao%2F\n<\/div><\/figure>\n\n\n\n<figure class=\"wp-block-embed is-type-rich is-provider-twitter wp-block-embed-twitter\"><div class=\"wp-block-embed__wrapper\">\n<blockquote class=\"twitter-tweet\" data-width=\"550\" data-dnt=\"true\"><p lang=\"pt\" dir=\"ltr\">O cara j\u00e1 chega falando em sair. Jogador de futebol \u00e9 bicho burro viu. <a href=\"https:\/\/t.co\/A7EAmhwKAv\">https:\/\/t.co\/A7EAmhwKAv<\/a><\/p>&mdash; Leandro Concei\u00e7\u00e3o (@leandroconsi) <a href=\"https:\/\/twitter.com\/leandroconsi\/status\/1361748817566121985?ref_src=twsrc%5Etfw\">February 16, 2021<\/a><\/blockquote><script async src=\"https:\/\/platform.twitter.com\/widgets.js\" charset=\"utf-8\"><\/script>\n<\/div><\/figure>\n\n\n\n<figure class=\"wp-block-embed is-type-rich is-provider-twitter wp-block-embed-twitter\"><div class=\"wp-block-embed__wrapper\">\n<blockquote class=\"twitter-tweet\" data-width=\"550\" data-dnt=\"true\"><p lang=\"pt\" dir=\"ltr\">o cara j\u00e1 chega falando que quer ir embora kkkkkkkkkk vai se fuder <a href=\"https:\/\/t.co\/QuGnbRmQjz\">https:\/\/t.co\/QuGnbRmQjz<\/a><\/p>&mdash; jaum always in love edition\ud83e\udd70 (@jaoflamenguista) <a href=\"https:\/\/twitter.com\/jaoflamenguista\/status\/1361748768312410112?ref_src=twsrc%5Etfw\">February 16, 2021<\/a><\/blockquote><script async src=\"https:\/\/platform.twitter.com\/widgets.js\" charset=\"utf-8\"><\/script>\n<\/div><\/figure>\n\n\n\n<figure class=\"wp-block-embed is-type-rich is-provider-twitter wp-block-embed-twitter\"><div class=\"wp-block-embed__wrapper\">\n<blockquote class=\"twitter-tweet\" data-width=\"550\" data-dnt=\"true\"><p lang=\"pt\" dir=\"ltr\">Parab\u00e9ns Bruno Viana, vc conseguiu ganhar meu desprezo logo na coletiva.<br><br>Vc pode fazer o Flamengo de trampolim. O Mar\u00ed fez. Mas falar isso na coletiva de apresenta\u00e7\u00e3o \u00e9 muita burrice!! <a href=\"https:\/\/t.co\/cH0GNR5ZXs\">https:\/\/t.co\/cH0GNR5ZXs<\/a><\/p>&mdash; Fla Buteco (@FlaButeco_) <a href=\"https:\/\/twitter.com\/FlaButeco_\/status\/1361746378943307779?ref_src=twsrc%5Etfw\">February 16, 2021<\/a><\/blockquote><script async src=\"https:\/\/platform.twitter.com\/widgets.js\" charset=\"utf-8\"><\/script>\n<\/div><\/figure>\n\n\n\n<figure class=\"wp-block-embed is-type-rich is-provider-twitter wp-block-embed-twitter\"><div class=\"wp-block-embed__wrapper\">\n<blockquote class=\"twitter-tweet\" data-width=\"550\" data-dnt=\"true\"><p lang=\"pt\" dir=\"ltr\">Algu\u00e9m rescinda o contrato desse merda <a href=\"https:\/\/t.co\/ocz3ZGTSg4\">https:\/\/t.co\/ocz3ZGTSg4<\/a><\/p>&mdash; F\u00e1bio\u1d9c\u02b3\u1da0 (@fabbiocrf) <a href=\"https:\/\/twitter.com\/fabbiocrf\/status\/1361748769658781696?ref_src=twsrc%5Etfw\">February 16, 2021<\/a><\/blockquote><script async src=\"https:\/\/platform.twitter.com\/widgets.js\" charset=\"utf-8\"><\/script>\n<\/div><\/figure>\n\n\n\n<figure class=\"wp-block-embed is-type-rich is-provider-twitter wp-block-embed-twitter\"><div class=\"wp-block-embed__wrapper\">\n<blockquote class=\"twitter-tweet\" data-width=\"550\" data-dnt=\"true\"><p lang=\"pt\" dir=\"ltr\">P\u00e9ssimo come\u00e7o. <a href=\"https:\/\/t.co\/JEusqOYYDG\">https:\/\/t.co\/JEusqOYYDG<\/a><\/p>&mdash; Rubenilson Pequeno (@RubenilsonFLA) <a href=\"https:\/\/twitter.com\/RubenilsonFLA\/status\/1361748049836523520?ref_src=twsrc%5Etfw\">February 16, 2021<\/a><\/blockquote><script async src=\"https:\/\/platform.twitter.com\/widgets.js\" charset=\"utf-8\"><\/script>\n<\/div><\/figure>\n\n\n\n<p>Bruno Viana chega ao Flamengo emprestado pelo Braga at\u00e9 o final da temporada 2021. O Rubro-Negro tem op\u00e7\u00e3o de compra fixada em 7 milh\u00f5es de euros caso queira permanecer com o jogador. Como a janela de transfer\u00eancias s\u00f3 abre em mar\u00e7o, o zagueiro poder\u00e1 estrear apenas no Campeonato Carioca.<\/p>\n\n\n\n<p>Retirado de: Hashtag Rubro-Negro<\/p>\n","protected":false},"excerpt":{"rendered":"<p>O zagueiro Bruno Viana, primeiro refor\u00e7o do Flamengo para a temporada 2021, foi apresentado no CT Ninho do Urubu na tarde desta ter\u00e7a-feira. O defensor, por\u00e9m, irritou os torcedores com um de suas respostas durante a coletiva de apresenta\u00e7\u00e3o. Um dos temas mais abordados na coletiva foi Pablo Mar\u00ed. Desde a ida do espanhol ao [&hellip;]<\/p>\n","protected":false},"author":1,"featured_media":56095,"comment_status":"open","ping_status":"closed","sticky":false,"template":"","format":"standard","meta":{"footnotes":""},"categories":[1],"tags":[],"class_list":["post-56280","post","type-post","status-publish","format-standard","has-post-thumbnail","hentry","category-flamengo"],"yoast_head":"<!-- This site is optimized with the Yoast SEO Premium plugin v24.2 (Yoast SEO v26.9) - https:\/\/yoast.com\/product\/yoast-seo-premium-wordpress\/ -->\n<title>Bruno Viana irrita torcida do Flamengo com resposta em coletiva de apresenta\u00e7\u00e3o<\/title>\n<meta name=\"description\" content=\"O zagueiro Bruno Viana chega ao time do Flamengo emprestado pela equipe do Braga at\u00e9 o final da temporada 2021.\" \/>\n<meta name=\"robots\" content=\"index, follow, max-snippet:-1, max-image-preview:large, max-video-preview:-1\" \/>\n<link rel=\"canonical\" href=\"https:\/\/www.gaveanews.com\/index.php\/2021\/02\/17\/bruno-viana-irrita-torcida-do-flamengo-com-resposta-em-coletiva-de-apresentacao\/\" \/>\n<meta property=\"og:locale\" content=\"pt_BR\" \/>\n<meta property=\"og:type\" content=\"article\" \/>\n<meta property=\"og:title\" content=\"Bruno Viana irrita torcida do Flamengo com resposta em coletiva de apresenta\u00e7\u00e3o\" \/>\n<meta property=\"og:description\" content=\"O zagueiro Bruno Viana chega ao time do Flamengo emprestado pela equipe do Braga at\u00e9 o final da temporada 2021.\" \/>\n<meta property=\"og:url\" content=\"https:\/\/www.gaveanews.com\/index.php\/2021\/02\/17\/bruno-viana-irrita-torcida-do-flamengo-com-resposta-em-coletiva-de-apresentacao\/\" \/>\n<meta property=\"og:site_name\" content=\"G\u00e1vea News\" \/>\n<meta property=\"article:publisher\" content=\"https:\/\/facebook.com\/gaveaNews\/\" \/>\n<meta property=\"article:published_time\" content=\"2021-02-17T10:20:00+00:00\" \/>\n<meta property=\"og:image\" content=\"https:\/\/www.gaveanews.com\/wp-content\/uploads\/Bruno-Viana-posa-para-foto-com-a-camisa-do-Flamengo.webp\" \/>\n\t<meta property=\"og:image:width\" content=\"1280\" \/>\n\t<meta property=\"og:image:height\" content=\"851\" \/>\n\t<meta property=\"og:image:type\" content=\"image\/jpeg\" \/>\n<meta name=\"author\" content=\"Equipe G\u00e1vea News\" \/>\n<meta name=\"twitter:card\" content=\"summary_large_image\" \/>\n<meta name=\"twitter:label1\" content=\"Escrito por\" \/>\n\t<meta name=\"twitter:data1\" content=\"Equipe G\u00e1vea News\" \/>\n\t<meta name=\"twitter:label2\" content=\"Est. tempo de leitura\" \/>\n\t<meta name=\"twitter:data2\" content=\"2 minutos\" \/>\n<script type=\"application\/ld+json\" class=\"yoast-schema-graph\">{\"@context\":\"https:\/\/schema.org\",\"@graph\":[{\"@type\":\"NewsArticle\",\"@id\":\"https:\/\/www.gaveanews.com\/index.php\/2021\/02\/17\/bruno-viana-irrita-torcida-do-flamengo-com-resposta-em-coletiva-de-apresentacao\/#article\",\"isPartOf\":{\"@id\":\"https:\/\/www.gaveanews.com\/index.php\/2021\/02\/17\/bruno-viana-irrita-torcida-do-flamengo-com-resposta-em-coletiva-de-apresentacao\/\"},\"author\":{\"name\":\"Equipe G\u00e1vea News\",\"@id\":\"https:\/\/www.gaveanews.com\/#\/schema\/person\/2ec14f73fb96be2caf28f91afb14749d\"},\"headline\":\"Bruno Viana irrita torcida do Flamengo com resposta em coletiva de apresenta\u00e7\u00e3o\",\"datePublished\":\"2021-02-17T10:20:00+00:00\",\"mainEntityOfPage\":{\"@id\":\"https:\/\/www.gaveanews.com\/index.php\/2021\/02\/17\/bruno-viana-irrita-torcida-do-flamengo-com-resposta-em-coletiva-de-apresentacao\/\"},\"wordCount\":421,\"commentCount\":107,\"image\":{\"@id\":\"https:\/\/www.gaveanews.com\/index.php\/2021\/02\/17\/bruno-viana-irrita-torcida-do-flamengo-com-resposta-em-coletiva-de-apresentacao\/#primaryimage\"},\"thumbnailUrl\":\"https:\/\/www.gaveanews.com\/wp-content\/uploads\/Bruno-Viana-posa-para-foto-com-a-camisa-do-Flamengo.webp\",\"articleSection\":[\"Flamengo\"],\"inLanguage\":\"pt-BR\",\"potentialAction\":[{\"@type\":\"CommentAction\",\"name\":\"Comment\",\"target\":[\"https:\/\/www.gaveanews.com\/index.php\/2021\/02\/17\/bruno-viana-irrita-torcida-do-flamengo-com-resposta-em-coletiva-de-apresentacao\/#respond\"]}],\"copyrightYear\":\"2021\",\"copyrightHolder\":{\"@id\":\"https:\/\/www.gaveanews.com\/#organization\"}},{\"@type\":\"WebPage\",\"@id\":\"https:\/\/www.gaveanews.com\/index.php\/2021\/02\/17\/bruno-viana-irrita-torcida-do-flamengo-com-resposta-em-coletiva-de-apresentacao\/\",\"url\":\"https:\/\/www.gaveanews.com\/index.php\/2021\/02\/17\/bruno-viana-irrita-torcida-do-flamengo-com-resposta-em-coletiva-de-apresentacao\/\",\"name\":\"Bruno Viana irrita torcida do Flamengo com resposta em coletiva de apresenta\u00e7\u00e3o\",\"isPartOf\":{\"@id\":\"https:\/\/www.gaveanews.com\/#website\"},\"primaryImageOfPage\":{\"@id\":\"https:\/\/www.gaveanews.com\/index.php\/2021\/02\/17\/bruno-viana-irrita-torcida-do-flamengo-com-resposta-em-coletiva-de-apresentacao\/#primaryimage\"},\"image\":{\"@id\":\"https:\/\/www.gaveanews.com\/index.php\/2021\/02\/17\/bruno-viana-irrita-torcida-do-flamengo-com-resposta-em-coletiva-de-apresentacao\/#primaryimage\"},\"thumbnailUrl\":\"https:\/\/www.gaveanews.com\/wp-content\/uploads\/Bruno-Viana-posa-para-foto-com-a-camisa-do-Flamengo.webp\",\"datePublished\":\"2021-02-17T10:20:00+00:00\",\"author\":{\"@id\":\"https:\/\/www.gaveanews.com\/#\/schema\/person\/2ec14f73fb96be2caf28f91afb14749d\"},\"description\":\"O zagueiro Bruno Viana chega ao time do Flamengo emprestado pela equipe do Braga at\u00e9 o final da temporada 2021.\",\"breadcrumb\":{\"@id\":\"https:\/\/www.gaveanews.com\/index.php\/2021\/02\/17\/bruno-viana-irrita-torcida-do-flamengo-com-resposta-em-coletiva-de-apresentacao\/#breadcrumb\"},\"inLanguage\":\"pt-BR\",\"potentialAction\":[{\"@type\":\"ReadAction\",\"target\":[\"https:\/\/www.gaveanews.com\/index.php\/2021\/02\/17\/bruno-viana-irrita-torcida-do-flamengo-com-resposta-em-coletiva-de-apresentacao\/\"]}]},{\"@type\":\"ImageObject\",\"inLanguage\":\"pt-BR\",\"@id\":\"https:\/\/www.gaveanews.com\/index.php\/2021\/02\/17\/bruno-viana-irrita-torcida-do-flamengo-com-resposta-em-coletiva-de-apresentacao\/#primaryimage\",\"url\":\"https:\/\/www.gaveanews.com\/wp-content\/uploads\/Bruno-Viana-posa-para-foto-com-a-camisa-do-Flamengo.webp\",\"contentUrl\":\"https:\/\/www.gaveanews.com\/wp-content\/uploads\/Bruno-Viana-posa-para-foto-com-a-camisa-do-Flamengo.webp\",\"width\":1280,\"height\":851,\"caption\":\"Bruno Viana posa para foto com a camisa do Flamengo (Foto: Marcelo Cortes\/Flamengo)\"},{\"@type\":\"BreadcrumbList\",\"@id\":\"https:\/\/www.gaveanews.com\/index.php\/2021\/02\/17\/bruno-viana-irrita-torcida-do-flamengo-com-resposta-em-coletiva-de-apresentacao\/#breadcrumb\",\"itemListElement\":[{\"@type\":\"ListItem\",\"position\":1,\"name\":\"Home\",\"item\":\"https:\/\/www.gaveanews.com\/\"},{\"@type\":\"ListItem\",\"position\":2,\"name\":\"Bruno Viana irrita torcida do Flamengo com resposta em coletiva de apresenta\u00e7\u00e3o\"}]},{\"@type\":\"WebSite\",\"@id\":\"https:\/\/www.gaveanews.com\/#website\",\"url\":\"https:\/\/www.gaveanews.com\/\",\"name\":\"G\u00e1vea News\",\"description\":\"Veja todas as not\u00edcias sobre o Flamengo: Contrata\u00e7\u00f5es, categorias de base, resultados das partidas, tabela de classifica\u00e7\u00e3o, pr\u00f3ximos jogos!\",\"potentialAction\":[{\"@type\":\"SearchAction\",\"target\":{\"@type\":\"EntryPoint\",\"urlTemplate\":\"https:\/\/www.gaveanews.com\/?s={search_term_string}\"},\"query-input\":{\"@type\":\"PropertyValueSpecification\",\"valueRequired\":true,\"valueName\":\"search_term_string\"}}],\"inLanguage\":\"pt-BR\"},{\"@type\":\"Person\",\"@id\":\"https:\/\/www.gaveanews.com\/#\/schema\/person\/2ec14f73fb96be2caf28f91afb14749d\",\"name\":\"Equipe G\u00e1vea News\",\"image\":{\"@type\":\"ImageObject\",\"inLanguage\":\"pt-BR\",\"@id\":\"https:\/\/www.gaveanews.com\/#\/schema\/person\/image\/\",\"url\":\"https:\/\/secure.gravatar.com\/avatar\/1e1956f1facbffd3f8fa53a326721950116b3b9dc9bd44939c01180fd4a745a9?s=96&d=mm&r=g\",\"contentUrl\":\"https:\/\/secure.gravatar.com\/avatar\/1e1956f1facbffd3f8fa53a326721950116b3b9dc9bd44939c01180fd4a745a9?s=96&d=mm&r=g\",\"caption\":\"Equipe G\u00e1vea News\"}}]}<\/script>\n<!-- \/ Yoast SEO Premium plugin. -->","yoast_head_json":{"title":"Bruno Viana irrita torcida do Flamengo com resposta em coletiva de apresenta\u00e7\u00e3o","description":"O zagueiro Bruno Viana chega ao time do Flamengo emprestado pela equipe do Braga at\u00e9 o final da temporada 2021.","robots":{"index":"index","follow":"follow","max-snippet":"max-snippet:-1","max-image-preview":"max-image-preview:large","max-video-preview":"max-video-preview:-1"},"canonical":"https:\/\/www.gaveanews.com\/index.php\/2021\/02\/17\/bruno-viana-irrita-torcida-do-flamengo-com-resposta-em-coletiva-de-apresentacao\/","og_locale":"pt_BR","og_type":"article","og_title":"Bruno Viana irrita torcida do Flamengo com resposta em coletiva de apresenta\u00e7\u00e3o","og_description":"O zagueiro Bruno Viana chega ao time do Flamengo emprestado pela equipe do Braga at\u00e9 o final da temporada 2021.","og_url":"https:\/\/www.gaveanews.com\/index.php\/2021\/02\/17\/bruno-viana-irrita-torcida-do-flamengo-com-resposta-em-coletiva-de-apresentacao\/","og_site_name":"G\u00e1vea News","article_publisher":"https:\/\/facebook.com\/gaveaNews\/","article_published_time":"2021-02-17T10:20:00+00:00","og_image":[{"width":1280,"height":851,"url":"https:\/\/www.gaveanews.com\/wp-content\/uploads\/Bruno-Viana-posa-para-foto-com-a-camisa-do-Flamengo.webp","type":"image\/jpeg"}],"author":"Equipe G\u00e1vea News","twitter_card":"summary_large_image","twitter_misc":{"Escrito por":"Equipe G\u00e1vea News","Est. tempo de leitura":"2 minutos"},"schema":{"@context":"https:\/\/schema.org","@graph":[{"@type":"NewsArticle","@id":"https:\/\/www.gaveanews.com\/index.php\/2021\/02\/17\/bruno-viana-irrita-torcida-do-flamengo-com-resposta-em-coletiva-de-apresentacao\/#article","isPartOf":{"@id":"https:\/\/www.gaveanews.com\/index.php\/2021\/02\/17\/bruno-viana-irrita-torcida-do-flamengo-com-resposta-em-coletiva-de-apresentacao\/"},"author":{"name":"Equipe G\u00e1vea News","@id":"https:\/\/www.gaveanews.com\/#\/schema\/person\/2ec14f73fb96be2caf28f91afb14749d"},"headline":"Bruno Viana irrita torcida do Flamengo com resposta em coletiva de apresenta\u00e7\u00e3o","datePublished":"2021-02-17T10:20:00+00:00","mainEntityOfPage":{"@id":"https:\/\/www.gaveanews.com\/index.php\/2021\/02\/17\/bruno-viana-irrita-torcida-do-flamengo-com-resposta-em-coletiva-de-apresentacao\/"},"wordCount":421,"commentCount":107,"image":{"@id":"https:\/\/www.gaveanews.com\/index.php\/2021\/02\/17\/bruno-viana-irrita-torcida-do-flamengo-com-resposta-em-coletiva-de-apresentacao\/#primaryimage"},"thumbnailUrl":"https:\/\/www.gaveanews.com\/wp-content\/uploads\/Bruno-Viana-posa-para-foto-com-a-camisa-do-Flamengo.webp","articleSection":["Flamengo"],"inLanguage":"pt-BR","potentialAction":[{"@type":"CommentAction","name":"Comment","target":["https:\/\/www.gaveanews.com\/index.php\/2021\/02\/17\/bruno-viana-irrita-torcida-do-flamengo-com-resposta-em-coletiva-de-apresentacao\/#respond"]}],"copyrightYear":"2021","copyrightHolder":{"@id":"https:\/\/www.gaveanews.com\/#organization"}},{"@type":"WebPage","@id":"https:\/\/www.gaveanews.com\/index.php\/2021\/02\/17\/bruno-viana-irrita-torcida-do-flamengo-com-resposta-em-coletiva-de-apresentacao\/","url":"https:\/\/www.gaveanews.com\/index.php\/2021\/02\/17\/bruno-viana-irrita-torcida-do-flamengo-com-resposta-em-coletiva-de-apresentacao\/","name":"Bruno Viana irrita torcida do Flamengo com resposta em coletiva de apresenta\u00e7\u00e3o","isPartOf":{"@id":"https:\/\/www.gaveanews.com\/#website"},"primaryImageOfPage":{"@id":"https:\/\/www.gaveanews.com\/index.php\/2021\/02\/17\/bruno-viana-irrita-torcida-do-flamengo-com-resposta-em-coletiva-de-apresentacao\/#primaryimage"},"image":{"@id":"https:\/\/www.gaveanews.com\/index.php\/2021\/02\/17\/bruno-viana-irrita-torcida-do-flamengo-com-resposta-em-coletiva-de-apresentacao\/#primaryimage"},"thumbnailUrl":"https:\/\/www.gaveanews.com\/wp-content\/uploads\/Bruno-Viana-posa-para-foto-com-a-camisa-do-Flamengo.webp","datePublished":"2021-02-17T10:20:00+00:00","author":{"@id":"https:\/\/www.gaveanews.com\/#\/schema\/person\/2ec14f73fb96be2caf28f91afb14749d"},"description":"O zagueiro Bruno Viana chega ao time do Flamengo emprestado pela equipe do Braga at\u00e9 o final da temporada 2021.","breadcrumb":{"@id":"https:\/\/www.gaveanews.com\/index.php\/2021\/02\/17\/bruno-viana-irrita-torcida-do-flamengo-com-resposta-em-coletiva-de-apresentacao\/#breadcrumb"},"inLanguage":"pt-BR","potentialAction":[{"@type":"ReadAction","target":["https:\/\/www.gaveanews.com\/index.php\/2021\/02\/17\/bruno-viana-irrita-torcida-do-flamengo-com-resposta-em-coletiva-de-apresentacao\/"]}]},{"@type":"ImageObject","inLanguage":"pt-BR","@id":"https:\/\/www.gaveanews.com\/index.php\/2021\/02\/17\/bruno-viana-irrita-torcida-do-flamengo-com-resposta-em-coletiva-de-apresentacao\/#primaryimage","url":"https:\/\/www.gaveanews.com\/wp-content\/uploads\/Bruno-Viana-posa-para-foto-com-a-camisa-do-Flamengo.webp","contentUrl":"https:\/\/www.gaveanews.com\/wp-content\/uploads\/Bruno-Viana-posa-para-foto-com-a-camisa-do-Flamengo.webp","width":1280,"height":851,"caption":"Bruno Viana posa para foto com a camisa do Flamengo (Foto: Marcelo Cortes\/Flamengo)"},{"@type":"BreadcrumbList","@id":"https:\/\/www.gaveanews.com\/index.php\/2021\/02\/17\/bruno-viana-irrita-torcida-do-flamengo-com-resposta-em-coletiva-de-apresentacao\/#breadcrumb","itemListElement":[{"@type":"ListItem","position":1,"name":"Home","item":"https:\/\/www.gaveanews.com\/"},{"@type":"ListItem","position":2,"name":"Bruno Viana irrita torcida do Flamengo com resposta em coletiva de apresenta\u00e7\u00e3o"}]},{"@type":"WebSite","@id":"https:\/\/www.gaveanews.com\/#website","url":"https:\/\/www.gaveanews.com\/","name":"G\u00e1vea News","description":"Veja todas as not\u00edcias sobre o Flamengo: Contrata\u00e7\u00f5es, categorias de base, resultados das partidas, tabela de classifica\u00e7\u00e3o, pr\u00f3ximos jogos!","potentialAction":[{"@type":"SearchAction","target":{"@type":"EntryPoint","urlTemplate":"https:\/\/www.gaveanews.com\/?s={search_term_string}"},"query-input":{"@type":"PropertyValueSpecification","valueRequired":true,"valueName":"search_term_string"}}],"inLanguage":"pt-BR"},{"@type":"Person","@id":"https:\/\/www.gaveanews.com\/#\/schema\/person\/2ec14f73fb96be2caf28f91afb14749d","name":"Equipe G\u00e1vea News","image":{"@type":"ImageObject","inLanguage":"pt-BR","@id":"https:\/\/www.gaveanews.com\/#\/schema\/person\/image\/","url":"https:\/\/secure.gravatar.com\/avatar\/1e1956f1facbffd3f8fa53a326721950116b3b9dc9bd44939c01180fd4a745a9?s=96&d=mm&r=g","contentUrl":"https:\/\/secure.gravatar.com\/avatar\/1e1956f1facbffd3f8fa53a326721950116b3b9dc9bd44939c01180fd4a745a9?s=96&d=mm&r=g","caption":"Equipe G\u00e1vea News"}}]}},"_links":{"self":[{"href":"https:\/\/www.gaveanews.com\/index.php\/wp-json\/wp\/v2\/posts\/56280","targetHints":{"allow":["GET"]}}],"collection":[{"href":"https:\/\/www.gaveanews.com\/index.php\/wp-json\/wp\/v2\/posts"}],"about":[{"href":"https:\/\/www.gaveanews.com\/index.php\/wp-json\/wp\/v2\/types\/post"}],"author":[{"embeddable":true,"href":"https:\/\/www.gaveanews.com\/index.php\/wp-json\/wp\/v2\/users\/1"}],"replies":[{"embeddable":true,"href":"https:\/\/www.gaveanews.com\/index.php\/wp-json\/wp\/v2\/comments?post=56280"}],"version-history":[{"count":0,"href":"https:\/\/www.gaveanews.com\/index.php\/wp-json\/wp\/v2\/posts\/56280\/revisions"}],"wp:featuredmedia":[{"embeddable":true,"href":"https:\/\/www.gaveanews.com\/index.php\/wp-json\/wp\/v2\/media\/56095"}],"wp:attachment":[{"href":"https:\/\/www.gaveanews.com\/index.php\/wp-json\/wp\/v2\/media?parent=56280"}],"wp:term":[{"taxonomy":"category","embeddable":true,"href":"https:\/\/www.gaveanews.com\/index.php\/wp-json\/wp\/v2\/categories?post=56280"},{"taxonomy":"post_tag","embeddable":true,"href":"https:\/\/www.gaveanews.com\/index.php\/wp-json\/wp\/v2\/tags?post=56280"}],"curies":[{"name":"wp","href":"https:\/\/api.w.org\/{rel}","templated":true}]}}