{"id":56288,"date":"2021-02-17T13:08:11","date_gmt":"2021-02-17T16:08:11","guid":{"rendered":"https:\/\/www.gaveanews.com\/?p=56288"},"modified":"2021-02-17T13:08:13","modified_gmt":"2021-02-17T16:08:13","slug":"arao-se-diz-tranquilo-antes-de-jogo-decisivo-do-flamengo-acostumado","status":"publish","type":"post","link":"https:\/\/www.gaveanews.com\/index.php\/2021\/02\/17\/arao-se-diz-tranquilo-antes-de-jogo-decisivo-do-flamengo-acostumado\/","title":{"rendered":"Ar\u00e3o se diz tranquilo antes de jogo decisivo do Flamengo: &#8216;Acostumado&#8217;"},"content":{"rendered":"\n<p>Autor do primeiro gol da vit\u00f3ria do Flamengo sobre o Corinthians por 2 a 1 no \u00faltimo domingo (14), pelo Campeonato Brasileiro, Willian Ar\u00e3o se disse tranquilo para o duelo decisivo contra o Internacional na pr\u00f3xima rodada do Brasileir\u00e3o. O meio-campista rubro-negro afirmou estar acostumado a jogos grandes e press\u00e3o no clube carioca.<\/p>\n\n\n\n<p>No pr\u00f3ximo domingo (21), o Flamengo, segundo colocado do Brasileir\u00e3o, recebe o l\u00edder Internacional no Maracan\u00e3 pela 37\u00aa rodada da competi\u00e7\u00e3o, \u00e0s 16h.<\/p>\n\n\n\n<p>&#8220;Estou tranquilo para o jogo contra o Inter. Eu jogo no Flamengo, estou habituado a grandes jogos, grandes decis\u00f5es, press\u00f5es constantes. Eu me sinto honrado de participar de um jogo desse&#8221;, afirmou Ar\u00e3o, em entrevista ao \u00daltimo Lance, da TNT Sports.<\/p>\n\n\n\n<p>&#8220;Espero que ningu\u00e9m se machuque para que os times estejam completos e seja um grande espet\u00e1culo para os jogadores e para quem assiste. E que a gente ven\u00e7a&#8221;, completou o jogador.<\/p>\n\n\n\n<p>Retirado de: UOL<\/p>\n","protected":false},"excerpt":{"rendered":"<p>Autor do primeiro gol da vit\u00f3ria do Flamengo sobre o Corinthians por 2 a 1 no \u00faltimo domingo (14), pelo Campeonato Brasileiro, Willian Ar\u00e3o se disse tranquilo para o duelo decisivo contra o Internacional na pr\u00f3xima rodada do Brasileir\u00e3o. O meio-campista rubro-negro afirmou estar acostumado a jogos grandes e press\u00e3o no clube carioca. No pr\u00f3ximo [&hellip;]<\/p>\n","protected":false},"author":1,"featured_media":46822,"comment_status":"open","ping_status":"closed","sticky":false,"template":"","format":"standard","meta":{"footnotes":""},"categories":[1],"tags":[],"class_list":["post-56288","post","type-post","status-publish","format-standard","has-post-thumbnail","hentry","category-flamengo"],"yoast_head":"<!-- This site is optimized with the Yoast SEO Premium plugin v24.2 (Yoast SEO v26.9) - https:\/\/yoast.com\/product\/yoast-seo-premium-wordpress\/ -->\n<title>Ar\u00e3o se diz tranquilo antes de jogo decisivo do Flamengo: &#039;Acostumado&#039;<\/title>\n<meta name=\"description\" content=\"Willian Ar\u00e3o se disse tranquilo para o duelo decisivo contra o Internacional na pr\u00f3xima rodada do Brasileir\u00e3o.\" \/>\n<meta name=\"robots\" content=\"index, follow, max-snippet:-1, max-image-preview:large, max-video-preview:-1\" \/>\n<link rel=\"canonical\" href=\"https:\/\/www.gaveanews.com\/index.php\/2021\/02\/17\/arao-se-diz-tranquilo-antes-de-jogo-decisivo-do-flamengo-acostumado\/\" \/>\n<meta property=\"og:locale\" content=\"pt_BR\" \/>\n<meta property=\"og:type\" content=\"article\" \/>\n<meta property=\"og:title\" content=\"Ar\u00e3o se diz tranquilo antes de jogo decisivo do Flamengo: &#039;Acostumado&#039;\" \/>\n<meta property=\"og:description\" content=\"Willian Ar\u00e3o se disse tranquilo para o duelo decisivo contra o Internacional na pr\u00f3xima rodada do Brasileir\u00e3o.\" \/>\n<meta property=\"og:url\" content=\"https:\/\/www.gaveanews.com\/index.php\/2021\/02\/17\/arao-se-diz-tranquilo-antes-de-jogo-decisivo-do-flamengo-acostumado\/\" \/>\n<meta property=\"og:site_name\" content=\"G\u00e1vea News\" \/>\n<meta property=\"article:publisher\" content=\"https:\/\/facebook.com\/gaveaNews\/\" \/>\n<meta property=\"article:published_time\" content=\"2021-02-17T16:08:11+00:00\" \/>\n<meta property=\"article:modified_time\" content=\"2021-02-17T16:08:13+00:00\" \/>\n<meta property=\"og:image\" content=\"https:\/\/www.gaveanews.com\/wp-content\/uploads\/Arao-em-acao-pelo-Flamengo-na-partida-contra-o-Bahia.webp\" \/>\n\t<meta property=\"og:image:width\" content=\"799\" \/>\n\t<meta property=\"og:image:height\" content=\"532\" \/>\n\t<meta property=\"og:image:type\" content=\"image\/jpeg\" \/>\n<meta name=\"author\" content=\"Equipe G\u00e1vea News\" \/>\n<meta name=\"twitter:card\" content=\"summary_large_image\" \/>\n<meta name=\"twitter:label1\" content=\"Escrito por\" \/>\n\t<meta name=\"twitter:data1\" content=\"Equipe G\u00e1vea News\" \/>\n\t<meta name=\"twitter:label2\" content=\"Est. tempo de leitura\" \/>\n\t<meta name=\"twitter:data2\" content=\"1 minuto\" \/>\n<script type=\"application\/ld+json\" class=\"yoast-schema-graph\">{\"@context\":\"https:\/\/schema.org\",\"@graph\":[{\"@type\":\"NewsArticle\",\"@id\":\"https:\/\/www.gaveanews.com\/index.php\/2021\/02\/17\/arao-se-diz-tranquilo-antes-de-jogo-decisivo-do-flamengo-acostumado\/#article\",\"isPartOf\":{\"@id\":\"https:\/\/www.gaveanews.com\/index.php\/2021\/02\/17\/arao-se-diz-tranquilo-antes-de-jogo-decisivo-do-flamengo-acostumado\/\"},\"author\":{\"name\":\"Equipe G\u00e1vea News\",\"@id\":\"https:\/\/www.gaveanews.com\/#\/schema\/person\/2ec14f73fb96be2caf28f91afb14749d\"},\"headline\":\"Ar\u00e3o se diz tranquilo antes de jogo decisivo do Flamengo: &#8216;Acostumado&#8217;\",\"datePublished\":\"2021-02-17T16:08:11+00:00\",\"dateModified\":\"2021-02-17T16:08:13+00:00\",\"mainEntityOfPage\":{\"@id\":\"https:\/\/www.gaveanews.com\/index.php\/2021\/02\/17\/arao-se-diz-tranquilo-antes-de-jogo-decisivo-do-flamengo-acostumado\/\"},\"wordCount\":173,\"commentCount\":8,\"image\":{\"@id\":\"https:\/\/www.gaveanews.com\/index.php\/2021\/02\/17\/arao-se-diz-tranquilo-antes-de-jogo-decisivo-do-flamengo-acostumado\/#primaryimage\"},\"thumbnailUrl\":\"https:\/\/www.gaveanews.com\/wp-content\/uploads\/Arao-em-acao-pelo-Flamengo-na-partida-contra-o-Bahia.webp\",\"articleSection\":[\"Flamengo\"],\"inLanguage\":\"pt-BR\",\"potentialAction\":[{\"@type\":\"CommentAction\",\"name\":\"Comment\",\"target\":[\"https:\/\/www.gaveanews.com\/index.php\/2021\/02\/17\/arao-se-diz-tranquilo-antes-de-jogo-decisivo-do-flamengo-acostumado\/#respond\"]}],\"copyrightYear\":\"2021\",\"copyrightHolder\":{\"@id\":\"https:\/\/www.gaveanews.com\/#organization\"}},{\"@type\":\"WebPage\",\"@id\":\"https:\/\/www.gaveanews.com\/index.php\/2021\/02\/17\/arao-se-diz-tranquilo-antes-de-jogo-decisivo-do-flamengo-acostumado\/\",\"url\":\"https:\/\/www.gaveanews.com\/index.php\/2021\/02\/17\/arao-se-diz-tranquilo-antes-de-jogo-decisivo-do-flamengo-acostumado\/\",\"name\":\"Ar\u00e3o se diz tranquilo antes de jogo decisivo do Flamengo: 'Acostumado'\",\"isPartOf\":{\"@id\":\"https:\/\/www.gaveanews.com\/#website\"},\"primaryImageOfPage\":{\"@id\":\"https:\/\/www.gaveanews.com\/index.php\/2021\/02\/17\/arao-se-diz-tranquilo-antes-de-jogo-decisivo-do-flamengo-acostumado\/#primaryimage\"},\"image\":{\"@id\":\"https:\/\/www.gaveanews.com\/index.php\/2021\/02\/17\/arao-se-diz-tranquilo-antes-de-jogo-decisivo-do-flamengo-acostumado\/#primaryimage\"},\"thumbnailUrl\":\"https:\/\/www.gaveanews.com\/wp-content\/uploads\/Arao-em-acao-pelo-Flamengo-na-partida-contra-o-Bahia.webp\",\"datePublished\":\"2021-02-17T16:08:11+00:00\",\"dateModified\":\"2021-02-17T16:08:13+00:00\",\"author\":{\"@id\":\"https:\/\/www.gaveanews.com\/#\/schema\/person\/2ec14f73fb96be2caf28f91afb14749d\"},\"description\":\"Willian Ar\u00e3o se disse tranquilo para o duelo decisivo contra o Internacional na pr\u00f3xima rodada do Brasileir\u00e3o.\",\"breadcrumb\":{\"@id\":\"https:\/\/www.gaveanews.com\/index.php\/2021\/02\/17\/arao-se-diz-tranquilo-antes-de-jogo-decisivo-do-flamengo-acostumado\/#breadcrumb\"},\"inLanguage\":\"pt-BR\",\"potentialAction\":[{\"@type\":\"ReadAction\",\"target\":[\"https:\/\/www.gaveanews.com\/index.php\/2021\/02\/17\/arao-se-diz-tranquilo-antes-de-jogo-decisivo-do-flamengo-acostumado\/\"]}]},{\"@type\":\"ImageObject\",\"inLanguage\":\"pt-BR\",\"@id\":\"https:\/\/www.gaveanews.com\/index.php\/2021\/02\/17\/arao-se-diz-tranquilo-antes-de-jogo-decisivo-do-flamengo-acostumado\/#primaryimage\",\"url\":\"https:\/\/www.gaveanews.com\/wp-content\/uploads\/Arao-em-acao-pelo-Flamengo-na-partida-contra-o-Bahia.webp\",\"contentUrl\":\"https:\/\/www.gaveanews.com\/wp-content\/uploads\/Arao-em-acao-pelo-Flamengo-na-partida-contra-o-Bahia.webp\",\"width\":799,\"height\":532,\"caption\":\"Ar\u00e3o em a\u00e7\u00e3o pelo Flamengo na partida contra o Bahia (Foto: Alexandre Vidal\/Flamengo)\"},{\"@type\":\"BreadcrumbList\",\"@id\":\"https:\/\/www.gaveanews.com\/index.php\/2021\/02\/17\/arao-se-diz-tranquilo-antes-de-jogo-decisivo-do-flamengo-acostumado\/#breadcrumb\",\"itemListElement\":[{\"@type\":\"ListItem\",\"position\":1,\"name\":\"Home\",\"item\":\"https:\/\/www.gaveanews.com\/\"},{\"@type\":\"ListItem\",\"position\":2,\"name\":\"Ar\u00e3o se diz tranquilo antes de jogo decisivo do Flamengo: &#8216;Acostumado&#8217;\"}]},{\"@type\":\"WebSite\",\"@id\":\"https:\/\/www.gaveanews.com\/#website\",\"url\":\"https:\/\/www.gaveanews.com\/\",\"name\":\"G\u00e1vea News\",\"description\":\"Veja todas as not\u00edcias sobre o Flamengo: Contrata\u00e7\u00f5es, categorias de base, resultados das partidas, tabela de classifica\u00e7\u00e3o, pr\u00f3ximos jogos!\",\"potentialAction\":[{\"@type\":\"SearchAction\",\"target\":{\"@type\":\"EntryPoint\",\"urlTemplate\":\"https:\/\/www.gaveanews.com\/?s={search_term_string}\"},\"query-input\":{\"@type\":\"PropertyValueSpecification\",\"valueRequired\":true,\"valueName\":\"search_term_string\"}}],\"inLanguage\":\"pt-BR\"},{\"@type\":\"Person\",\"@id\":\"https:\/\/www.gaveanews.com\/#\/schema\/person\/2ec14f73fb96be2caf28f91afb14749d\",\"name\":\"Equipe G\u00e1vea News\",\"image\":{\"@type\":\"ImageObject\",\"inLanguage\":\"pt-BR\",\"@id\":\"https:\/\/www.gaveanews.com\/#\/schema\/person\/image\/\",\"url\":\"https:\/\/secure.gravatar.com\/avatar\/1e1956f1facbffd3f8fa53a326721950116b3b9dc9bd44939c01180fd4a745a9?s=96&d=mm&r=g\",\"contentUrl\":\"https:\/\/secure.gravatar.com\/avatar\/1e1956f1facbffd3f8fa53a326721950116b3b9dc9bd44939c01180fd4a745a9?s=96&d=mm&r=g\",\"caption\":\"Equipe G\u00e1vea News\"}}]}<\/script>\n<!-- \/ Yoast SEO Premium plugin. -->","yoast_head_json":{"title":"Ar\u00e3o se diz tranquilo antes de jogo decisivo do Flamengo: 'Acostumado'","description":"Willian Ar\u00e3o se disse tranquilo para o duelo decisivo contra o Internacional na pr\u00f3xima rodada do Brasileir\u00e3o.","robots":{"index":"index","follow":"follow","max-snippet":"max-snippet:-1","max-image-preview":"max-image-preview:large","max-video-preview":"max-video-preview:-1"},"canonical":"https:\/\/www.gaveanews.com\/index.php\/2021\/02\/17\/arao-se-diz-tranquilo-antes-de-jogo-decisivo-do-flamengo-acostumado\/","og_locale":"pt_BR","og_type":"article","og_title":"Ar\u00e3o se diz tranquilo antes de jogo decisivo do Flamengo: 'Acostumado'","og_description":"Willian Ar\u00e3o se disse tranquilo para o duelo decisivo contra o Internacional na pr\u00f3xima rodada do Brasileir\u00e3o.","og_url":"https:\/\/www.gaveanews.com\/index.php\/2021\/02\/17\/arao-se-diz-tranquilo-antes-de-jogo-decisivo-do-flamengo-acostumado\/","og_site_name":"G\u00e1vea News","article_publisher":"https:\/\/facebook.com\/gaveaNews\/","article_published_time":"2021-02-17T16:08:11+00:00","article_modified_time":"2021-02-17T16:08:13+00:00","og_image":[{"width":799,"height":532,"url":"https:\/\/www.gaveanews.com\/wp-content\/uploads\/Arao-em-acao-pelo-Flamengo-na-partida-contra-o-Bahia.webp","type":"image\/jpeg"}],"author":"Equipe G\u00e1vea News","twitter_card":"summary_large_image","twitter_misc":{"Escrito por":"Equipe G\u00e1vea News","Est. tempo de leitura":"1 minuto"},"schema":{"@context":"https:\/\/schema.org","@graph":[{"@type":"NewsArticle","@id":"https:\/\/www.gaveanews.com\/index.php\/2021\/02\/17\/arao-se-diz-tranquilo-antes-de-jogo-decisivo-do-flamengo-acostumado\/#article","isPartOf":{"@id":"https:\/\/www.gaveanews.com\/index.php\/2021\/02\/17\/arao-se-diz-tranquilo-antes-de-jogo-decisivo-do-flamengo-acostumado\/"},"author":{"name":"Equipe G\u00e1vea News","@id":"https:\/\/www.gaveanews.com\/#\/schema\/person\/2ec14f73fb96be2caf28f91afb14749d"},"headline":"Ar\u00e3o se diz tranquilo antes de jogo decisivo do Flamengo: &#8216;Acostumado&#8217;","datePublished":"2021-02-17T16:08:11+00:00","dateModified":"2021-02-17T16:08:13+00:00","mainEntityOfPage":{"@id":"https:\/\/www.gaveanews.com\/index.php\/2021\/02\/17\/arao-se-diz-tranquilo-antes-de-jogo-decisivo-do-flamengo-acostumado\/"},"wordCount":173,"commentCount":8,"image":{"@id":"https:\/\/www.gaveanews.com\/index.php\/2021\/02\/17\/arao-se-diz-tranquilo-antes-de-jogo-decisivo-do-flamengo-acostumado\/#primaryimage"},"thumbnailUrl":"https:\/\/www.gaveanews.com\/wp-content\/uploads\/Arao-em-acao-pelo-Flamengo-na-partida-contra-o-Bahia.webp","articleSection":["Flamengo"],"inLanguage":"pt-BR","potentialAction":[{"@type":"CommentAction","name":"Comment","target":["https:\/\/www.gaveanews.com\/index.php\/2021\/02\/17\/arao-se-diz-tranquilo-antes-de-jogo-decisivo-do-flamengo-acostumado\/#respond"]}],"copyrightYear":"2021","copyrightHolder":{"@id":"https:\/\/www.gaveanews.com\/#organization"}},{"@type":"WebPage","@id":"https:\/\/www.gaveanews.com\/index.php\/2021\/02\/17\/arao-se-diz-tranquilo-antes-de-jogo-decisivo-do-flamengo-acostumado\/","url":"https:\/\/www.gaveanews.com\/index.php\/2021\/02\/17\/arao-se-diz-tranquilo-antes-de-jogo-decisivo-do-flamengo-acostumado\/","name":"Ar\u00e3o se diz tranquilo antes de jogo decisivo do Flamengo: 'Acostumado'","isPartOf":{"@id":"https:\/\/www.gaveanews.com\/#website"},"primaryImageOfPage":{"@id":"https:\/\/www.gaveanews.com\/index.php\/2021\/02\/17\/arao-se-diz-tranquilo-antes-de-jogo-decisivo-do-flamengo-acostumado\/#primaryimage"},"image":{"@id":"https:\/\/www.gaveanews.com\/index.php\/2021\/02\/17\/arao-se-diz-tranquilo-antes-de-jogo-decisivo-do-flamengo-acostumado\/#primaryimage"},"thumbnailUrl":"https:\/\/www.gaveanews.com\/wp-content\/uploads\/Arao-em-acao-pelo-Flamengo-na-partida-contra-o-Bahia.webp","datePublished":"2021-02-17T16:08:11+00:00","dateModified":"2021-02-17T16:08:13+00:00","author":{"@id":"https:\/\/www.gaveanews.com\/#\/schema\/person\/2ec14f73fb96be2caf28f91afb14749d"},"description":"Willian Ar\u00e3o se disse tranquilo para o duelo decisivo contra o Internacional na pr\u00f3xima rodada do Brasileir\u00e3o.","breadcrumb":{"@id":"https:\/\/www.gaveanews.com\/index.php\/2021\/02\/17\/arao-se-diz-tranquilo-antes-de-jogo-decisivo-do-flamengo-acostumado\/#breadcrumb"},"inLanguage":"pt-BR","potentialAction":[{"@type":"ReadAction","target":["https:\/\/www.gaveanews.com\/index.php\/2021\/02\/17\/arao-se-diz-tranquilo-antes-de-jogo-decisivo-do-flamengo-acostumado\/"]}]},{"@type":"ImageObject","inLanguage":"pt-BR","@id":"https:\/\/www.gaveanews.com\/index.php\/2021\/02\/17\/arao-se-diz-tranquilo-antes-de-jogo-decisivo-do-flamengo-acostumado\/#primaryimage","url":"https:\/\/www.gaveanews.com\/wp-content\/uploads\/Arao-em-acao-pelo-Flamengo-na-partida-contra-o-Bahia.webp","contentUrl":"https:\/\/www.gaveanews.com\/wp-content\/uploads\/Arao-em-acao-pelo-Flamengo-na-partida-contra-o-Bahia.webp","width":799,"height":532,"caption":"Ar\u00e3o em a\u00e7\u00e3o pelo Flamengo na partida contra o Bahia (Foto: Alexandre Vidal\/Flamengo)"},{"@type":"BreadcrumbList","@id":"https:\/\/www.gaveanews.com\/index.php\/2021\/02\/17\/arao-se-diz-tranquilo-antes-de-jogo-decisivo-do-flamengo-acostumado\/#breadcrumb","itemListElement":[{"@type":"ListItem","position":1,"name":"Home","item":"https:\/\/www.gaveanews.com\/"},{"@type":"ListItem","position":2,"name":"Ar\u00e3o se diz tranquilo antes de jogo decisivo do Flamengo: &#8216;Acostumado&#8217;"}]},{"@type":"WebSite","@id":"https:\/\/www.gaveanews.com\/#website","url":"https:\/\/www.gaveanews.com\/","name":"G\u00e1vea News","description":"Veja todas as not\u00edcias sobre o Flamengo: Contrata\u00e7\u00f5es, categorias de base, resultados das partidas, tabela de classifica\u00e7\u00e3o, pr\u00f3ximos jogos!","potentialAction":[{"@type":"SearchAction","target":{"@type":"EntryPoint","urlTemplate":"https:\/\/www.gaveanews.com\/?s={search_term_string}"},"query-input":{"@type":"PropertyValueSpecification","valueRequired":true,"valueName":"search_term_string"}}],"inLanguage":"pt-BR"},{"@type":"Person","@id":"https:\/\/www.gaveanews.com\/#\/schema\/person\/2ec14f73fb96be2caf28f91afb14749d","name":"Equipe G\u00e1vea News","image":{"@type":"ImageObject","inLanguage":"pt-BR","@id":"https:\/\/www.gaveanews.com\/#\/schema\/person\/image\/","url":"https:\/\/secure.gravatar.com\/avatar\/1e1956f1facbffd3f8fa53a326721950116b3b9dc9bd44939c01180fd4a745a9?s=96&d=mm&r=g","contentUrl":"https:\/\/secure.gravatar.com\/avatar\/1e1956f1facbffd3f8fa53a326721950116b3b9dc9bd44939c01180fd4a745a9?s=96&d=mm&r=g","caption":"Equipe G\u00e1vea News"}}]}},"_links":{"self":[{"href":"https:\/\/www.gaveanews.com\/index.php\/wp-json\/wp\/v2\/posts\/56288","targetHints":{"allow":["GET"]}}],"collection":[{"href":"https:\/\/www.gaveanews.com\/index.php\/wp-json\/wp\/v2\/posts"}],"about":[{"href":"https:\/\/www.gaveanews.com\/index.php\/wp-json\/wp\/v2\/types\/post"}],"author":[{"embeddable":true,"href":"https:\/\/www.gaveanews.com\/index.php\/wp-json\/wp\/v2\/users\/1"}],"replies":[{"embeddable":true,"href":"https:\/\/www.gaveanews.com\/index.php\/wp-json\/wp\/v2\/comments?post=56288"}],"version-history":[{"count":0,"href":"https:\/\/www.gaveanews.com\/index.php\/wp-json\/wp\/v2\/posts\/56288\/revisions"}],"wp:featuredmedia":[{"embeddable":true,"href":"https:\/\/www.gaveanews.com\/index.php\/wp-json\/wp\/v2\/media\/46822"}],"wp:attachment":[{"href":"https:\/\/www.gaveanews.com\/index.php\/wp-json\/wp\/v2\/media?parent=56288"}],"wp:term":[{"taxonomy":"category","embeddable":true,"href":"https:\/\/www.gaveanews.com\/index.php\/wp-json\/wp\/v2\/categories?post=56288"},{"taxonomy":"post_tag","embeddable":true,"href":"https:\/\/www.gaveanews.com\/index.php\/wp-json\/wp\/v2\/tags?post=56288"}],"curies":[{"name":"wp","href":"https:\/\/api.w.org\/{rel}","templated":true}]}}