{"id":56297,"date":"2021-02-17T17:50:00","date_gmt":"2021-02-17T20:50:00","guid":{"rendered":"https:\/\/www.gaveanews.com\/?p=56297"},"modified":"2021-02-17T16:44:52","modified_gmt":"2021-02-17T19:44:52","slug":"presidente-do-internacional-rebate-marcos-braz-do-flamengo","status":"publish","type":"post","link":"https:\/\/www.gaveanews.com\/index.php\/2021\/02\/17\/presidente-do-internacional-rebate-marcos-braz-do-flamengo\/","title":{"rendered":"Presidente do Internacional, rebate Marcos Braz, do Flamengo"},"content":{"rendered":"\n<p>O presidente do Internacional, Alessandro Barcellos, foi o convidado da edi\u00e7\u00e3o de hoje do &#8216;Sele\u00e7\u00e3o Sportv&#8217;. O mandat\u00e1rio falou sobre o protagonismo do Inter no Brasileir\u00e3o, respondeu as cr\u00edticas do vice de futebol do Flamengo Marcos Braz e garantiu que n\u00e3o h\u00e1 acordo com Miguel \u00c1ngel Ram\u00edrez para assumir o cargo de Abel Braga na pr\u00f3xima temporada.<\/p>\n\n\n\n<p>Nesta semana, ap\u00f3s confus\u00e3o do VAR no duelo entre Internacional e Vasco, o dirigente rubro-negro afirmou que o Inter n\u00e3o estava acostumado com finais de campeonato e alfinetou o clube ga\u00facho pela postura adotada.<\/p>\n\n\n\n<p>Alessandro Barcellos fez quest\u00e3o de lembrar os t\u00edtulos que o Internacional conquistou no passado recente e lamentou as declara\u00e7\u00f5es de Marcos Braz.<\/p>\n\n\n\n<p>&#8220;Eu acho que o futebol brasileiro do tamanho que \u00e9, da envergadura que tem, precisa ter dirigentes com a mesma envergadura. Que os jogadores sejam os protagonistas do espet\u00e1culo. As institui\u00e7\u00f5es falam por si por suas hist\u00f3rias, seus t\u00edtulos, suas conquistas, e Inter e Flamengo s\u00e3o duas grandes institui\u00e7\u00f5es. Elas falam por si, as institui\u00e7\u00f5es n\u00e3o s\u00e3o arrogantes, pelo contr\u00e1rio, representam torcidas apaixonadas pelo Brasil inteiro, e muitas vezes a postura de um ou outro dirigente faz com que se misture essa imagem com o clube. Eu quero acreditar que o Marcos Braz se referiu unicamente a mim, porque o Internacional \u00e9 muito grande, muito forte, foi campe\u00e3o mundial, \u00e9 bicampe\u00e3o da Libertadores e Copa Sul-Americana. O Inter \u00e9 campe\u00e3o de tudo. Isso que ele fez \u00e9 apenas uma artimanha de tirar o foco daquilo que \u00e9 o principal que \u00e9 o jogo do final de semana&#8221;, disse o presidente do Internacional.<\/p>\n\n\n\n<p>Questionado sobre o suposto acordo verbal que o Inter teria com Miguel \u00c1ngel Ram\u00edrez para assumir o cargo de treinador ap\u00f3s o t\u00e9rmino desta temporada, Barcellos foi categ\u00f3rico.<\/p>\n\n\n\n<p>&#8220;N\u00e3o existe contrato com Miguel \u00c1ngel Ram\u00edrez e muito menos multa a ser quebrada. O \u00fanico contrato que temos \u00e9 com Abel Braga. O Internacional s\u00f3 tem um treinador. O nosso. Abel \u00e9 nosso contratado e tem contrato at\u00e9 o fim da temporada. E n\u00f3s s\u00f3 vamos tratar desse tema, do planejamento, da organiza\u00e7\u00e3o, inclusive da pr\u00f3pria avalia\u00e7\u00e3o do plantel, dos jogadores que retornam de empr\u00e9stimos, esses assuntos est\u00e3o congelados no clube e vamos tratar disso tudo a partir do dia 26 de fevereiro. Como essa temporada termina apenas no outro ano e tivemos elei\u00e7\u00f5es durante a mesma temporada, a nossa preocupa\u00e7\u00e3o \u00e9 com essa reta final e buscar esse t\u00edtulo t\u00e3o esperado que n\u00e3o vem h\u00e1 41 anos. Qualquer outro tema relacionado ao futuro do Internacional vai ser tratado internamente quando se encerra essa temporada&#8221;, completou.<\/p>\n\n\n\n<p>Internacional e Flamengo fazem o confronto direto pelo t\u00edtulo do Brasileir\u00e3o no pr\u00f3ximo domingo, no Maracan\u00e3. Os ga\u00fachos somam 69 pontos contra 68 dos cariocas com duas rodadas para o fim da competi\u00e7\u00e3o.<\/p>\n\n\n\n<p>Retirado de: UOL<\/p>\n","protected":false},"excerpt":{"rendered":"<p>O presidente do Internacional, Alessandro Barcellos, foi o convidado da edi\u00e7\u00e3o de hoje do &#8216;Sele\u00e7\u00e3o Sportv&#8217;. O mandat\u00e1rio falou sobre o protagonismo do Inter no Brasileir\u00e3o, respondeu as cr\u00edticas do vice de futebol do Flamengo Marcos Braz e garantiu que n\u00e3o h\u00e1 acordo com Miguel \u00c1ngel Ram\u00edrez para assumir o cargo de Abel Braga na [&hellip;]<\/p>\n","protected":false},"author":1,"featured_media":46957,"comment_status":"open","ping_status":"closed","sticky":false,"template":"","format":"standard","meta":{"footnotes":""},"categories":[1],"tags":[],"class_list":["post-56297","post","type-post","status-publish","format-standard","has-post-thumbnail","hentry","category-flamengo"],"yoast_head":"<!-- This site is optimized with the Yoast SEO Premium plugin v24.2 (Yoast SEO v26.9) - https:\/\/yoast.com\/product\/yoast-seo-premium-wordpress\/ -->\n<title>Presidente do Internacional, rebate Marcos Braz, do Flamengo<\/title>\n<meta name=\"description\" content=\"O presidente do Internacional, Alessandro Barcellos, foi o convidado da edi\u00e7\u00e3o de hoje do &#039;Sele\u00e7\u00e3o Sportv&#039;.\" \/>\n<meta name=\"robots\" content=\"index, follow, max-snippet:-1, max-image-preview:large, max-video-preview:-1\" \/>\n<link rel=\"canonical\" href=\"https:\/\/www.gaveanews.com\/index.php\/2021\/02\/17\/presidente-do-internacional-rebate-marcos-braz-do-flamengo\/\" \/>\n<meta property=\"og:locale\" content=\"pt_BR\" \/>\n<meta property=\"og:type\" content=\"article\" \/>\n<meta property=\"og:title\" content=\"Presidente do Internacional, rebate Marcos Braz, do Flamengo\" \/>\n<meta property=\"og:description\" content=\"O presidente do Internacional, Alessandro Barcellos, foi o convidado da edi\u00e7\u00e3o de hoje do &#039;Sele\u00e7\u00e3o Sportv&#039;.\" \/>\n<meta property=\"og:url\" content=\"https:\/\/www.gaveanews.com\/index.php\/2021\/02\/17\/presidente-do-internacional-rebate-marcos-braz-do-flamengo\/\" \/>\n<meta property=\"og:site_name\" content=\"G\u00e1vea News\" \/>\n<meta property=\"article:publisher\" content=\"https:\/\/facebook.com\/gaveaNews\/\" \/>\n<meta property=\"article:published_time\" content=\"2021-02-17T20:50:00+00:00\" \/>\n<meta property=\"og:image\" content=\"https:\/\/www.gaveanews.com\/wp-content\/uploads\/Marcos-Braz-no-gramado-do-Maracana.webp\" \/>\n\t<meta property=\"og:image:width\" content=\"799\" \/>\n\t<meta property=\"og:image:height\" content=\"532\" \/>\n\t<meta property=\"og:image:type\" content=\"image\/jpeg\" \/>\n<meta name=\"author\" content=\"Equipe G\u00e1vea News\" \/>\n<meta name=\"twitter:card\" content=\"summary_large_image\" \/>\n<meta name=\"twitter:label1\" content=\"Escrito por\" \/>\n\t<meta name=\"twitter:data1\" content=\"Equipe G\u00e1vea News\" \/>\n\t<meta name=\"twitter:label2\" content=\"Est. tempo de leitura\" \/>\n\t<meta name=\"twitter:data2\" content=\"3 minutos\" \/>\n<script type=\"application\/ld+json\" class=\"yoast-schema-graph\">{\"@context\":\"https:\/\/schema.org\",\"@graph\":[{\"@type\":\"NewsArticle\",\"@id\":\"https:\/\/www.gaveanews.com\/index.php\/2021\/02\/17\/presidente-do-internacional-rebate-marcos-braz-do-flamengo\/#article\",\"isPartOf\":{\"@id\":\"https:\/\/www.gaveanews.com\/index.php\/2021\/02\/17\/presidente-do-internacional-rebate-marcos-braz-do-flamengo\/\"},\"author\":{\"name\":\"Equipe G\u00e1vea News\",\"@id\":\"https:\/\/www.gaveanews.com\/#\/schema\/person\/2ec14f73fb96be2caf28f91afb14749d\"},\"headline\":\"Presidente do Internacional, rebate Marcos Braz, do Flamengo\",\"datePublished\":\"2021-02-17T20:50:00+00:00\",\"mainEntityOfPage\":{\"@id\":\"https:\/\/www.gaveanews.com\/index.php\/2021\/02\/17\/presidente-do-internacional-rebate-marcos-braz-do-flamengo\/\"},\"wordCount\":510,\"commentCount\":10,\"image\":{\"@id\":\"https:\/\/www.gaveanews.com\/index.php\/2021\/02\/17\/presidente-do-internacional-rebate-marcos-braz-do-flamengo\/#primaryimage\"},\"thumbnailUrl\":\"https:\/\/www.gaveanews.com\/wp-content\/uploads\/Marcos-Braz-no-gramado-do-Maracana.webp\",\"articleSection\":[\"Flamengo\"],\"inLanguage\":\"pt-BR\",\"potentialAction\":[{\"@type\":\"CommentAction\",\"name\":\"Comment\",\"target\":[\"https:\/\/www.gaveanews.com\/index.php\/2021\/02\/17\/presidente-do-internacional-rebate-marcos-braz-do-flamengo\/#respond\"]}],\"copyrightYear\":\"2021\",\"copyrightHolder\":{\"@id\":\"https:\/\/www.gaveanews.com\/#organization\"}},{\"@type\":\"WebPage\",\"@id\":\"https:\/\/www.gaveanews.com\/index.php\/2021\/02\/17\/presidente-do-internacional-rebate-marcos-braz-do-flamengo\/\",\"url\":\"https:\/\/www.gaveanews.com\/index.php\/2021\/02\/17\/presidente-do-internacional-rebate-marcos-braz-do-flamengo\/\",\"name\":\"Presidente do Internacional, rebate Marcos Braz, do Flamengo\",\"isPartOf\":{\"@id\":\"https:\/\/www.gaveanews.com\/#website\"},\"primaryImageOfPage\":{\"@id\":\"https:\/\/www.gaveanews.com\/index.php\/2021\/02\/17\/presidente-do-internacional-rebate-marcos-braz-do-flamengo\/#primaryimage\"},\"image\":{\"@id\":\"https:\/\/www.gaveanews.com\/index.php\/2021\/02\/17\/presidente-do-internacional-rebate-marcos-braz-do-flamengo\/#primaryimage\"},\"thumbnailUrl\":\"https:\/\/www.gaveanews.com\/wp-content\/uploads\/Marcos-Braz-no-gramado-do-Maracana.webp\",\"datePublished\":\"2021-02-17T20:50:00+00:00\",\"author\":{\"@id\":\"https:\/\/www.gaveanews.com\/#\/schema\/person\/2ec14f73fb96be2caf28f91afb14749d\"},\"description\":\"O presidente do Internacional, Alessandro Barcellos, foi o convidado da edi\u00e7\u00e3o de hoje do 'Sele\u00e7\u00e3o Sportv'.\",\"breadcrumb\":{\"@id\":\"https:\/\/www.gaveanews.com\/index.php\/2021\/02\/17\/presidente-do-internacional-rebate-marcos-braz-do-flamengo\/#breadcrumb\"},\"inLanguage\":\"pt-BR\",\"potentialAction\":[{\"@type\":\"ReadAction\",\"target\":[\"https:\/\/www.gaveanews.com\/index.php\/2021\/02\/17\/presidente-do-internacional-rebate-marcos-braz-do-flamengo\/\"]}]},{\"@type\":\"ImageObject\",\"inLanguage\":\"pt-BR\",\"@id\":\"https:\/\/www.gaveanews.com\/index.php\/2021\/02\/17\/presidente-do-internacional-rebate-marcos-braz-do-flamengo\/#primaryimage\",\"url\":\"https:\/\/www.gaveanews.com\/wp-content\/uploads\/Marcos-Braz-no-gramado-do-Maracana.webp\",\"contentUrl\":\"https:\/\/www.gaveanews.com\/wp-content\/uploads\/Marcos-Braz-no-gramado-do-Maracana.webp\",\"width\":799,\"height\":532,\"caption\":\"Marcos Braz no gramado do Maracan\u00e3 (Foto: Alexandre Vidal\/Flamengo)\"},{\"@type\":\"BreadcrumbList\",\"@id\":\"https:\/\/www.gaveanews.com\/index.php\/2021\/02\/17\/presidente-do-internacional-rebate-marcos-braz-do-flamengo\/#breadcrumb\",\"itemListElement\":[{\"@type\":\"ListItem\",\"position\":1,\"name\":\"Home\",\"item\":\"https:\/\/www.gaveanews.com\/\"},{\"@type\":\"ListItem\",\"position\":2,\"name\":\"Presidente do Internacional, rebate Marcos Braz, do Flamengo\"}]},{\"@type\":\"WebSite\",\"@id\":\"https:\/\/www.gaveanews.com\/#website\",\"url\":\"https:\/\/www.gaveanews.com\/\",\"name\":\"G\u00e1vea News\",\"description\":\"Veja todas as not\u00edcias sobre o Flamengo: Contrata\u00e7\u00f5es, categorias de base, resultados das partidas, tabela de classifica\u00e7\u00e3o, pr\u00f3ximos jogos!\",\"potentialAction\":[{\"@type\":\"SearchAction\",\"target\":{\"@type\":\"EntryPoint\",\"urlTemplate\":\"https:\/\/www.gaveanews.com\/?s={search_term_string}\"},\"query-input\":{\"@type\":\"PropertyValueSpecification\",\"valueRequired\":true,\"valueName\":\"search_term_string\"}}],\"inLanguage\":\"pt-BR\"},{\"@type\":\"Person\",\"@id\":\"https:\/\/www.gaveanews.com\/#\/schema\/person\/2ec14f73fb96be2caf28f91afb14749d\",\"name\":\"Equipe G\u00e1vea News\",\"image\":{\"@type\":\"ImageObject\",\"inLanguage\":\"pt-BR\",\"@id\":\"https:\/\/www.gaveanews.com\/#\/schema\/person\/image\/\",\"url\":\"https:\/\/secure.gravatar.com\/avatar\/1e1956f1facbffd3f8fa53a326721950116b3b9dc9bd44939c01180fd4a745a9?s=96&d=mm&r=g\",\"contentUrl\":\"https:\/\/secure.gravatar.com\/avatar\/1e1956f1facbffd3f8fa53a326721950116b3b9dc9bd44939c01180fd4a745a9?s=96&d=mm&r=g\",\"caption\":\"Equipe G\u00e1vea News\"}}]}<\/script>\n<!-- \/ Yoast SEO Premium plugin. -->","yoast_head_json":{"title":"Presidente do Internacional, rebate Marcos Braz, do Flamengo","description":"O presidente do Internacional, Alessandro Barcellos, foi o convidado da edi\u00e7\u00e3o de hoje do 'Sele\u00e7\u00e3o Sportv'.","robots":{"index":"index","follow":"follow","max-snippet":"max-snippet:-1","max-image-preview":"max-image-preview:large","max-video-preview":"max-video-preview:-1"},"canonical":"https:\/\/www.gaveanews.com\/index.php\/2021\/02\/17\/presidente-do-internacional-rebate-marcos-braz-do-flamengo\/","og_locale":"pt_BR","og_type":"article","og_title":"Presidente do Internacional, rebate Marcos Braz, do Flamengo","og_description":"O presidente do Internacional, Alessandro Barcellos, foi o convidado da edi\u00e7\u00e3o de hoje do 'Sele\u00e7\u00e3o Sportv'.","og_url":"https:\/\/www.gaveanews.com\/index.php\/2021\/02\/17\/presidente-do-internacional-rebate-marcos-braz-do-flamengo\/","og_site_name":"G\u00e1vea News","article_publisher":"https:\/\/facebook.com\/gaveaNews\/","article_published_time":"2021-02-17T20:50:00+00:00","og_image":[{"width":799,"height":532,"url":"https:\/\/www.gaveanews.com\/wp-content\/uploads\/Marcos-Braz-no-gramado-do-Maracana.webp","type":"image\/jpeg"}],"author":"Equipe G\u00e1vea News","twitter_card":"summary_large_image","twitter_misc":{"Escrito por":"Equipe G\u00e1vea News","Est. tempo de leitura":"3 minutos"},"schema":{"@context":"https:\/\/schema.org","@graph":[{"@type":"NewsArticle","@id":"https:\/\/www.gaveanews.com\/index.php\/2021\/02\/17\/presidente-do-internacional-rebate-marcos-braz-do-flamengo\/#article","isPartOf":{"@id":"https:\/\/www.gaveanews.com\/index.php\/2021\/02\/17\/presidente-do-internacional-rebate-marcos-braz-do-flamengo\/"},"author":{"name":"Equipe G\u00e1vea News","@id":"https:\/\/www.gaveanews.com\/#\/schema\/person\/2ec14f73fb96be2caf28f91afb14749d"},"headline":"Presidente do Internacional, rebate Marcos Braz, do Flamengo","datePublished":"2021-02-17T20:50:00+00:00","mainEntityOfPage":{"@id":"https:\/\/www.gaveanews.com\/index.php\/2021\/02\/17\/presidente-do-internacional-rebate-marcos-braz-do-flamengo\/"},"wordCount":510,"commentCount":10,"image":{"@id":"https:\/\/www.gaveanews.com\/index.php\/2021\/02\/17\/presidente-do-internacional-rebate-marcos-braz-do-flamengo\/#primaryimage"},"thumbnailUrl":"https:\/\/www.gaveanews.com\/wp-content\/uploads\/Marcos-Braz-no-gramado-do-Maracana.webp","articleSection":["Flamengo"],"inLanguage":"pt-BR","potentialAction":[{"@type":"CommentAction","name":"Comment","target":["https:\/\/www.gaveanews.com\/index.php\/2021\/02\/17\/presidente-do-internacional-rebate-marcos-braz-do-flamengo\/#respond"]}],"copyrightYear":"2021","copyrightHolder":{"@id":"https:\/\/www.gaveanews.com\/#organization"}},{"@type":"WebPage","@id":"https:\/\/www.gaveanews.com\/index.php\/2021\/02\/17\/presidente-do-internacional-rebate-marcos-braz-do-flamengo\/","url":"https:\/\/www.gaveanews.com\/index.php\/2021\/02\/17\/presidente-do-internacional-rebate-marcos-braz-do-flamengo\/","name":"Presidente do Internacional, rebate Marcos Braz, do Flamengo","isPartOf":{"@id":"https:\/\/www.gaveanews.com\/#website"},"primaryImageOfPage":{"@id":"https:\/\/www.gaveanews.com\/index.php\/2021\/02\/17\/presidente-do-internacional-rebate-marcos-braz-do-flamengo\/#primaryimage"},"image":{"@id":"https:\/\/www.gaveanews.com\/index.php\/2021\/02\/17\/presidente-do-internacional-rebate-marcos-braz-do-flamengo\/#primaryimage"},"thumbnailUrl":"https:\/\/www.gaveanews.com\/wp-content\/uploads\/Marcos-Braz-no-gramado-do-Maracana.webp","datePublished":"2021-02-17T20:50:00+00:00","author":{"@id":"https:\/\/www.gaveanews.com\/#\/schema\/person\/2ec14f73fb96be2caf28f91afb14749d"},"description":"O presidente do Internacional, Alessandro Barcellos, foi o convidado da edi\u00e7\u00e3o de hoje do 'Sele\u00e7\u00e3o Sportv'.","breadcrumb":{"@id":"https:\/\/www.gaveanews.com\/index.php\/2021\/02\/17\/presidente-do-internacional-rebate-marcos-braz-do-flamengo\/#breadcrumb"},"inLanguage":"pt-BR","potentialAction":[{"@type":"ReadAction","target":["https:\/\/www.gaveanews.com\/index.php\/2021\/02\/17\/presidente-do-internacional-rebate-marcos-braz-do-flamengo\/"]}]},{"@type":"ImageObject","inLanguage":"pt-BR","@id":"https:\/\/www.gaveanews.com\/index.php\/2021\/02\/17\/presidente-do-internacional-rebate-marcos-braz-do-flamengo\/#primaryimage","url":"https:\/\/www.gaveanews.com\/wp-content\/uploads\/Marcos-Braz-no-gramado-do-Maracana.webp","contentUrl":"https:\/\/www.gaveanews.com\/wp-content\/uploads\/Marcos-Braz-no-gramado-do-Maracana.webp","width":799,"height":532,"caption":"Marcos Braz no gramado do Maracan\u00e3 (Foto: Alexandre Vidal\/Flamengo)"},{"@type":"BreadcrumbList","@id":"https:\/\/www.gaveanews.com\/index.php\/2021\/02\/17\/presidente-do-internacional-rebate-marcos-braz-do-flamengo\/#breadcrumb","itemListElement":[{"@type":"ListItem","position":1,"name":"Home","item":"https:\/\/www.gaveanews.com\/"},{"@type":"ListItem","position":2,"name":"Presidente do Internacional, rebate Marcos Braz, do Flamengo"}]},{"@type":"WebSite","@id":"https:\/\/www.gaveanews.com\/#website","url":"https:\/\/www.gaveanews.com\/","name":"G\u00e1vea News","description":"Veja todas as not\u00edcias sobre o Flamengo: Contrata\u00e7\u00f5es, categorias de base, resultados das partidas, tabela de classifica\u00e7\u00e3o, pr\u00f3ximos jogos!","potentialAction":[{"@type":"SearchAction","target":{"@type":"EntryPoint","urlTemplate":"https:\/\/www.gaveanews.com\/?s={search_term_string}"},"query-input":{"@type":"PropertyValueSpecification","valueRequired":true,"valueName":"search_term_string"}}],"inLanguage":"pt-BR"},{"@type":"Person","@id":"https:\/\/www.gaveanews.com\/#\/schema\/person\/2ec14f73fb96be2caf28f91afb14749d","name":"Equipe G\u00e1vea News","image":{"@type":"ImageObject","inLanguage":"pt-BR","@id":"https:\/\/www.gaveanews.com\/#\/schema\/person\/image\/","url":"https:\/\/secure.gravatar.com\/avatar\/1e1956f1facbffd3f8fa53a326721950116b3b9dc9bd44939c01180fd4a745a9?s=96&d=mm&r=g","contentUrl":"https:\/\/secure.gravatar.com\/avatar\/1e1956f1facbffd3f8fa53a326721950116b3b9dc9bd44939c01180fd4a745a9?s=96&d=mm&r=g","caption":"Equipe G\u00e1vea News"}}]}},"_links":{"self":[{"href":"https:\/\/www.gaveanews.com\/index.php\/wp-json\/wp\/v2\/posts\/56297","targetHints":{"allow":["GET"]}}],"collection":[{"href":"https:\/\/www.gaveanews.com\/index.php\/wp-json\/wp\/v2\/posts"}],"about":[{"href":"https:\/\/www.gaveanews.com\/index.php\/wp-json\/wp\/v2\/types\/post"}],"author":[{"embeddable":true,"href":"https:\/\/www.gaveanews.com\/index.php\/wp-json\/wp\/v2\/users\/1"}],"replies":[{"embeddable":true,"href":"https:\/\/www.gaveanews.com\/index.php\/wp-json\/wp\/v2\/comments?post=56297"}],"version-history":[{"count":0,"href":"https:\/\/www.gaveanews.com\/index.php\/wp-json\/wp\/v2\/posts\/56297\/revisions"}],"wp:featuredmedia":[{"embeddable":true,"href":"https:\/\/www.gaveanews.com\/index.php\/wp-json\/wp\/v2\/media\/46957"}],"wp:attachment":[{"href":"https:\/\/www.gaveanews.com\/index.php\/wp-json\/wp\/v2\/media?parent=56297"}],"wp:term":[{"taxonomy":"category","embeddable":true,"href":"https:\/\/www.gaveanews.com\/index.php\/wp-json\/wp\/v2\/categories?post=56297"},{"taxonomy":"post_tag","embeddable":true,"href":"https:\/\/www.gaveanews.com\/index.php\/wp-json\/wp\/v2\/tags?post=56297"}],"curies":[{"name":"wp","href":"https:\/\/api.w.org\/{rel}","templated":true}]}}