{"id":56315,"date":"2021-02-18T11:04:06","date_gmt":"2021-02-18T14:04:06","guid":{"rendered":"https:\/\/www.gaveanews.com\/?p=56315"},"modified":"2021-08-12T00:47:44","modified_gmt":"2021-08-12T03:47:44","slug":"gabigol-concorre-ao-craque-da-galera-pelo-flamengo-no-brasileirao-vote","status":"publish","type":"post","link":"https:\/\/www.gaveanews.com\/index.php\/2021\/02\/18\/gabigol-concorre-ao-craque-da-galera-pelo-flamengo-no-brasileirao-vote\/","title":{"rendered":"Gabigol concorre ao &#8216;craque da galera&#8217; pelo Flamengo no Brasileir\u00e3o; vote"},"content":{"rendered":"\n<p>Se aproximando dos jogos da pen\u00faltima rodada do Campeonato Brasileiro, os torcedores j\u00e1 tiveram tempo suficiente para analisar os jogadores destaques nas equipes da s\u00e9rie A e, naturalmente, cada clube possui um atleta que \u00e9 o favorito da torcida.<\/p>\n\n\n\n<p>Por este motivo, foi aberta a vota\u00e7\u00e3o para o &#8220;craque da galera&#8221;, com um representante de cada time na lista. Como destaque do Flamengo, o clube da G\u00e1vea \u00e9 representado por Gabigol, um dos artilheiros da competi\u00e7\u00e3o, com 13 gols marcados, competindo ao t\u00edtulo e sempre muito visado pela Na\u00e7\u00e3o. Voc\u00ea pode votar no camisa 9 <a href=\"https:\/\/brasileiraoassai.com.br\/craque-da-galera\">clicando aqui<\/a>.<\/p>\n\n\n\n<h2 class=\"wp-block-heading\" id=\"h-confira-os-representantes-de-cada-clube\">Confira os representantes de cada clube:<\/h2>\n\n\n\n<ul class=\"wp-block-list\"><li><strong>Athletico-PR:<\/strong> Renato Kayzer <\/li><li><strong>Atl\u00e9tico-GO: <\/strong>Jean<\/li><li><strong>Atl\u00e9tico-MG:<\/strong> Guilherme Arana<\/li><li><strong>Bahia:<\/strong> Gilberto <\/li><li><strong>Botafogo:<\/strong> Caio Alexandre <\/li><li><strong>Cear\u00e1:<\/strong> Vina<\/li><li><strong>Corinthians:<\/strong> Cazares<\/li><li><strong>Coritiba:<\/strong> Wilson<\/li><li><strong>Flamengo:<\/strong> Gabigol<\/li><li><strong>Fluminense: <\/strong>Luccas Claro<\/li><li><strong>Fortaleza:<\/strong> Wellington Paulista<\/li><li><strong>Goi\u00e1s:<\/strong> Tadeu <\/li><li><strong>Gr\u00eamio:<\/strong> Diego Souza <\/li><li><strong>Internacional:<\/strong> Patrick<\/li><li><strong>Palmeiras:<\/strong> Weverton<\/li><li><strong>Red Bull Bragantino:<\/strong> Claudinho<\/li><li>S<strong>antos:<\/strong> Marinho<\/li><li><strong>S\u00e3o Paulo:<\/strong> Luciano<\/li><li><strong>Sport: <\/strong>Iago Maidana<\/li><li><strong>Vasco:<\/strong> Cano<\/li><\/ul>\n\n\n\n<p>Com duelo important\u00edssimo \u00e0 vista, o Flamengo se prepara durante esta semana no Ninho do Urubu. No domingo (21), o rubro-negro enfrentar\u00e1 o Internacional em uma partida que poder\u00e1 definir o campe\u00e3o desta edi\u00e7\u00e3o do Brasileiro.<\/p>\n\n\n\n<p>A bola rolar\u00e1 para l\u00edder e vice-l\u00edder, no Maracan\u00e3, \u00e0s 16h (hor\u00e1rio de Bras\u00edlia). A transmiss\u00e3o do confronto ser\u00e1 feita pela TV Globo. Com 68 pontos na tabela, o Mais Querido se distancia do Colorado por apenas 1 ponto. <\/p>\n","protected":false},"excerpt":{"rendered":"<p>Se aproximando dos jogos da pen\u00faltima rodada do Campeonato Brasileiro, os torcedores j\u00e1 tiveram tempo suficiente para analisar os jogadores destaques nas equipes da s\u00e9rie A e, naturalmente, cada clube possui um atleta que \u00e9 o favorito da torcida. Por este motivo, foi aberta a vota\u00e7\u00e3o para o &#8220;craque da galera&#8221;, com um representante de [&hellip;]<\/p>\n","protected":false},"author":4,"featured_media":56168,"comment_status":"open","ping_status":"closed","sticky":false,"template":"","format":"standard","meta":{"footnotes":""},"categories":[1],"tags":[],"class_list":["post-56315","post","type-post","status-publish","format-standard","has-post-thumbnail","hentry","category-flamengo"],"yoast_head":"<!-- This site is optimized with the Yoast SEO Premium plugin v24.2 (Yoast SEO v26.9) - https:\/\/yoast.com\/product\/yoast-seo-premium-wordpress\/ -->\n<title>Gabigol concorre ao &#039;craque da galera&#039; pelo Flamengo no Brasileir\u00e3o; vote<\/title>\n<meta name=\"description\" content=\"Como destaque do Flamengo, o clube da G\u00e1vea \u00e9 representado por Gabigol, um dos artilheiros da competi\u00e7\u00e3o pelo clube.\" \/>\n<meta name=\"robots\" content=\"index, follow, max-snippet:-1, max-image-preview:large, max-video-preview:-1\" \/>\n<link rel=\"canonical\" href=\"https:\/\/www.gaveanews.com\/index.php\/2021\/02\/18\/gabigol-concorre-ao-craque-da-galera-pelo-flamengo-no-brasileirao-vote\/\" \/>\n<meta property=\"og:locale\" content=\"pt_BR\" \/>\n<meta property=\"og:type\" content=\"article\" \/>\n<meta property=\"og:title\" content=\"Gabigol concorre ao &#039;craque da galera&#039; pelo Flamengo no Brasileir\u00e3o; vote\" \/>\n<meta property=\"og:description\" content=\"Como destaque do Flamengo, o clube da G\u00e1vea \u00e9 representado por Gabigol, um dos artilheiros da competi\u00e7\u00e3o pelo clube.\" \/>\n<meta property=\"og:url\" content=\"https:\/\/www.gaveanews.com\/index.php\/2021\/02\/18\/gabigol-concorre-ao-craque-da-galera-pelo-flamengo-no-brasileirao-vote\/\" \/>\n<meta property=\"og:site_name\" content=\"G\u00e1vea News\" \/>\n<meta property=\"article:publisher\" content=\"https:\/\/facebook.com\/gaveaNews\/\" \/>\n<meta property=\"article:published_time\" content=\"2021-02-18T14:04:06+00:00\" \/>\n<meta property=\"article:modified_time\" content=\"2021-08-12T03:47:44+00:00\" \/>\n<meta property=\"og:image\" content=\"https:\/\/www.gaveanews.com\/wp-content\/uploads\/Gabigol-vibra-apos-marcar-um-gol-na-partida-entre-Flamengo-x-Corinthins-no-Campeonato-Brasileiro-de-2020.webp\" \/>\n\t<meta property=\"og:image:width\" content=\"800\" \/>\n\t<meta property=\"og:image:height\" content=\"533\" \/>\n\t<meta property=\"og:image:type\" content=\"image\/jpeg\" \/>\n<meta name=\"author\" content=\"Let\u00edcia Gerheim\" \/>\n<meta name=\"twitter:card\" content=\"summary_large_image\" \/>\n<meta name=\"twitter:label1\" content=\"Escrito por\" \/>\n\t<meta name=\"twitter:data1\" content=\"Let\u00edcia Gerheim\" \/>\n\t<meta name=\"twitter:label2\" content=\"Est. tempo de leitura\" \/>\n\t<meta name=\"twitter:data2\" content=\"1 minuto\" \/>\n<script type=\"application\/ld+json\" class=\"yoast-schema-graph\">{\"@context\":\"https:\/\/schema.org\",\"@graph\":[{\"@type\":\"NewsArticle\",\"@id\":\"https:\/\/www.gaveanews.com\/index.php\/2021\/02\/18\/gabigol-concorre-ao-craque-da-galera-pelo-flamengo-no-brasileirao-vote\/#article\",\"isPartOf\":{\"@id\":\"https:\/\/www.gaveanews.com\/index.php\/2021\/02\/18\/gabigol-concorre-ao-craque-da-galera-pelo-flamengo-no-brasileirao-vote\/\"},\"author\":{\"name\":\"Let\u00edcia Gerheim\",\"@id\":\"https:\/\/www.gaveanews.com\/#\/schema\/person\/714c67050b836198af2450ba1c142a67\"},\"headline\":\"Gabigol concorre ao &#8216;craque da galera&#8217; pelo Flamengo no Brasileir\u00e3o; vote\",\"datePublished\":\"2021-02-18T14:04:06+00:00\",\"dateModified\":\"2021-08-12T03:47:44+00:00\",\"mainEntityOfPage\":{\"@id\":\"https:\/\/www.gaveanews.com\/index.php\/2021\/02\/18\/gabigol-concorre-ao-craque-da-galera-pelo-flamengo-no-brasileirao-vote\/\"},\"wordCount\":252,\"commentCount\":30,\"image\":{\"@id\":\"https:\/\/www.gaveanews.com\/index.php\/2021\/02\/18\/gabigol-concorre-ao-craque-da-galera-pelo-flamengo-no-brasileirao-vote\/#primaryimage\"},\"thumbnailUrl\":\"https:\/\/www.gaveanews.com\/wp-content\/uploads\/Gabigol-vibra-apos-marcar-um-gol-na-partida-entre-Flamengo-x-Corinthins-no-Campeonato-Brasileiro-de-2020.webp\",\"articleSection\":[\"Flamengo\"],\"inLanguage\":\"pt-BR\",\"potentialAction\":[{\"@type\":\"CommentAction\",\"name\":\"Comment\",\"target\":[\"https:\/\/www.gaveanews.com\/index.php\/2021\/02\/18\/gabigol-concorre-ao-craque-da-galera-pelo-flamengo-no-brasileirao-vote\/#respond\"]}],\"copyrightYear\":\"2021\",\"copyrightHolder\":{\"@id\":\"https:\/\/www.gaveanews.com\/#organization\"}},{\"@type\":\"WebPage\",\"@id\":\"https:\/\/www.gaveanews.com\/index.php\/2021\/02\/18\/gabigol-concorre-ao-craque-da-galera-pelo-flamengo-no-brasileirao-vote\/\",\"url\":\"https:\/\/www.gaveanews.com\/index.php\/2021\/02\/18\/gabigol-concorre-ao-craque-da-galera-pelo-flamengo-no-brasileirao-vote\/\",\"name\":\"Gabigol concorre ao 'craque da galera' pelo Flamengo no Brasileir\u00e3o; vote\",\"isPartOf\":{\"@id\":\"https:\/\/www.gaveanews.com\/#website\"},\"primaryImageOfPage\":{\"@id\":\"https:\/\/www.gaveanews.com\/index.php\/2021\/02\/18\/gabigol-concorre-ao-craque-da-galera-pelo-flamengo-no-brasileirao-vote\/#primaryimage\"},\"image\":{\"@id\":\"https:\/\/www.gaveanews.com\/index.php\/2021\/02\/18\/gabigol-concorre-ao-craque-da-galera-pelo-flamengo-no-brasileirao-vote\/#primaryimage\"},\"thumbnailUrl\":\"https:\/\/www.gaveanews.com\/wp-content\/uploads\/Gabigol-vibra-apos-marcar-um-gol-na-partida-entre-Flamengo-x-Corinthins-no-Campeonato-Brasileiro-de-2020.webp\",\"datePublished\":\"2021-02-18T14:04:06+00:00\",\"dateModified\":\"2021-08-12T03:47:44+00:00\",\"author\":{\"@id\":\"https:\/\/www.gaveanews.com\/#\/schema\/person\/714c67050b836198af2450ba1c142a67\"},\"description\":\"Como destaque do Flamengo, o clube da G\u00e1vea \u00e9 representado por Gabigol, um dos artilheiros da competi\u00e7\u00e3o pelo clube.\",\"breadcrumb\":{\"@id\":\"https:\/\/www.gaveanews.com\/index.php\/2021\/02\/18\/gabigol-concorre-ao-craque-da-galera-pelo-flamengo-no-brasileirao-vote\/#breadcrumb\"},\"inLanguage\":\"pt-BR\",\"potentialAction\":[{\"@type\":\"ReadAction\",\"target\":[\"https:\/\/www.gaveanews.com\/index.php\/2021\/02\/18\/gabigol-concorre-ao-craque-da-galera-pelo-flamengo-no-brasileirao-vote\/\"]}]},{\"@type\":\"ImageObject\",\"inLanguage\":\"pt-BR\",\"@id\":\"https:\/\/www.gaveanews.com\/index.php\/2021\/02\/18\/gabigol-concorre-ao-craque-da-galera-pelo-flamengo-no-brasileirao-vote\/#primaryimage\",\"url\":\"https:\/\/www.gaveanews.com\/wp-content\/uploads\/Gabigol-vibra-apos-marcar-um-gol-na-partida-entre-Flamengo-x-Corinthins-no-Campeonato-Brasileiro-de-2020.webp\",\"contentUrl\":\"https:\/\/www.gaveanews.com\/wp-content\/uploads\/Gabigol-vibra-apos-marcar-um-gol-na-partida-entre-Flamengo-x-Corinthins-no-Campeonato-Brasileiro-de-2020.webp\",\"width\":800,\"height\":533,\"caption\":\"Gabigol vibra ap\u00f3s marcar um gol na partida entre Flamengo x Corinthians no Campeonato Brasileiro de 2020 (Foto: Alexandre Vidal\/Flamengo)\"},{\"@type\":\"BreadcrumbList\",\"@id\":\"https:\/\/www.gaveanews.com\/index.php\/2021\/02\/18\/gabigol-concorre-ao-craque-da-galera-pelo-flamengo-no-brasileirao-vote\/#breadcrumb\",\"itemListElement\":[{\"@type\":\"ListItem\",\"position\":1,\"name\":\"Home\",\"item\":\"https:\/\/www.gaveanews.com\/\"},{\"@type\":\"ListItem\",\"position\":2,\"name\":\"Gabigol concorre ao &#8216;craque da galera&#8217; pelo Flamengo no Brasileir\u00e3o; vote\"}]},{\"@type\":\"WebSite\",\"@id\":\"https:\/\/www.gaveanews.com\/#website\",\"url\":\"https:\/\/www.gaveanews.com\/\",\"name\":\"G\u00e1vea News\",\"description\":\"Veja todas as not\u00edcias sobre o Flamengo: Contrata\u00e7\u00f5es, categorias de base, resultados das partidas, tabela de classifica\u00e7\u00e3o, pr\u00f3ximos jogos!\",\"potentialAction\":[{\"@type\":\"SearchAction\",\"target\":{\"@type\":\"EntryPoint\",\"urlTemplate\":\"https:\/\/www.gaveanews.com\/?s={search_term_string}\"},\"query-input\":{\"@type\":\"PropertyValueSpecification\",\"valueRequired\":true,\"valueName\":\"search_term_string\"}}],\"inLanguage\":\"pt-BR\"},{\"@type\":\"Person\",\"@id\":\"https:\/\/www.gaveanews.com\/#\/schema\/person\/714c67050b836198af2450ba1c142a67\",\"name\":\"Let\u00edcia Gerheim\",\"image\":{\"@type\":\"ImageObject\",\"inLanguage\":\"pt-BR\",\"@id\":\"https:\/\/www.gaveanews.com\/#\/schema\/person\/image\/\",\"url\":\"https:\/\/secure.gravatar.com\/avatar\/60734739c50fcebfbac509e2a826ccd0ff405c019bc73aab9354f19ecad1dcb4?s=96&d=mm&r=g\",\"contentUrl\":\"https:\/\/secure.gravatar.com\/avatar\/60734739c50fcebfbac509e2a826ccd0ff405c019bc73aab9354f19ecad1dcb4?s=96&d=mm&r=g\",\"caption\":\"Let\u00edcia Gerheim\"}}]}<\/script>\n<!-- \/ Yoast SEO Premium plugin. -->","yoast_head_json":{"title":"Gabigol concorre ao 'craque da galera' pelo Flamengo no Brasileir\u00e3o; vote","description":"Como destaque do Flamengo, o clube da G\u00e1vea \u00e9 representado por Gabigol, um dos artilheiros da competi\u00e7\u00e3o pelo clube.","robots":{"index":"index","follow":"follow","max-snippet":"max-snippet:-1","max-image-preview":"max-image-preview:large","max-video-preview":"max-video-preview:-1"},"canonical":"https:\/\/www.gaveanews.com\/index.php\/2021\/02\/18\/gabigol-concorre-ao-craque-da-galera-pelo-flamengo-no-brasileirao-vote\/","og_locale":"pt_BR","og_type":"article","og_title":"Gabigol concorre ao 'craque da galera' pelo Flamengo no Brasileir\u00e3o; vote","og_description":"Como destaque do Flamengo, o clube da G\u00e1vea \u00e9 representado por Gabigol, um dos artilheiros da competi\u00e7\u00e3o pelo clube.","og_url":"https:\/\/www.gaveanews.com\/index.php\/2021\/02\/18\/gabigol-concorre-ao-craque-da-galera-pelo-flamengo-no-brasileirao-vote\/","og_site_name":"G\u00e1vea News","article_publisher":"https:\/\/facebook.com\/gaveaNews\/","article_published_time":"2021-02-18T14:04:06+00:00","article_modified_time":"2021-08-12T03:47:44+00:00","og_image":[{"width":800,"height":533,"url":"https:\/\/www.gaveanews.com\/wp-content\/uploads\/Gabigol-vibra-apos-marcar-um-gol-na-partida-entre-Flamengo-x-Corinthins-no-Campeonato-Brasileiro-de-2020.webp","type":"image\/jpeg"}],"author":"Let\u00edcia Gerheim","twitter_card":"summary_large_image","twitter_misc":{"Escrito por":"Let\u00edcia Gerheim","Est. tempo de leitura":"1 minuto"},"schema":{"@context":"https:\/\/schema.org","@graph":[{"@type":"NewsArticle","@id":"https:\/\/www.gaveanews.com\/index.php\/2021\/02\/18\/gabigol-concorre-ao-craque-da-galera-pelo-flamengo-no-brasileirao-vote\/#article","isPartOf":{"@id":"https:\/\/www.gaveanews.com\/index.php\/2021\/02\/18\/gabigol-concorre-ao-craque-da-galera-pelo-flamengo-no-brasileirao-vote\/"},"author":{"name":"Let\u00edcia Gerheim","@id":"https:\/\/www.gaveanews.com\/#\/schema\/person\/714c67050b836198af2450ba1c142a67"},"headline":"Gabigol concorre ao &#8216;craque da galera&#8217; pelo Flamengo no Brasileir\u00e3o; vote","datePublished":"2021-02-18T14:04:06+00:00","dateModified":"2021-08-12T03:47:44+00:00","mainEntityOfPage":{"@id":"https:\/\/www.gaveanews.com\/index.php\/2021\/02\/18\/gabigol-concorre-ao-craque-da-galera-pelo-flamengo-no-brasileirao-vote\/"},"wordCount":252,"commentCount":30,"image":{"@id":"https:\/\/www.gaveanews.com\/index.php\/2021\/02\/18\/gabigol-concorre-ao-craque-da-galera-pelo-flamengo-no-brasileirao-vote\/#primaryimage"},"thumbnailUrl":"https:\/\/www.gaveanews.com\/wp-content\/uploads\/Gabigol-vibra-apos-marcar-um-gol-na-partida-entre-Flamengo-x-Corinthins-no-Campeonato-Brasileiro-de-2020.webp","articleSection":["Flamengo"],"inLanguage":"pt-BR","potentialAction":[{"@type":"CommentAction","name":"Comment","target":["https:\/\/www.gaveanews.com\/index.php\/2021\/02\/18\/gabigol-concorre-ao-craque-da-galera-pelo-flamengo-no-brasileirao-vote\/#respond"]}],"copyrightYear":"2021","copyrightHolder":{"@id":"https:\/\/www.gaveanews.com\/#organization"}},{"@type":"WebPage","@id":"https:\/\/www.gaveanews.com\/index.php\/2021\/02\/18\/gabigol-concorre-ao-craque-da-galera-pelo-flamengo-no-brasileirao-vote\/","url":"https:\/\/www.gaveanews.com\/index.php\/2021\/02\/18\/gabigol-concorre-ao-craque-da-galera-pelo-flamengo-no-brasileirao-vote\/","name":"Gabigol concorre ao 'craque da galera' pelo Flamengo no Brasileir\u00e3o; vote","isPartOf":{"@id":"https:\/\/www.gaveanews.com\/#website"},"primaryImageOfPage":{"@id":"https:\/\/www.gaveanews.com\/index.php\/2021\/02\/18\/gabigol-concorre-ao-craque-da-galera-pelo-flamengo-no-brasileirao-vote\/#primaryimage"},"image":{"@id":"https:\/\/www.gaveanews.com\/index.php\/2021\/02\/18\/gabigol-concorre-ao-craque-da-galera-pelo-flamengo-no-brasileirao-vote\/#primaryimage"},"thumbnailUrl":"https:\/\/www.gaveanews.com\/wp-content\/uploads\/Gabigol-vibra-apos-marcar-um-gol-na-partida-entre-Flamengo-x-Corinthins-no-Campeonato-Brasileiro-de-2020.webp","datePublished":"2021-02-18T14:04:06+00:00","dateModified":"2021-08-12T03:47:44+00:00","author":{"@id":"https:\/\/www.gaveanews.com\/#\/schema\/person\/714c67050b836198af2450ba1c142a67"},"description":"Como destaque do Flamengo, o clube da G\u00e1vea \u00e9 representado por Gabigol, um dos artilheiros da competi\u00e7\u00e3o pelo clube.","breadcrumb":{"@id":"https:\/\/www.gaveanews.com\/index.php\/2021\/02\/18\/gabigol-concorre-ao-craque-da-galera-pelo-flamengo-no-brasileirao-vote\/#breadcrumb"},"inLanguage":"pt-BR","potentialAction":[{"@type":"ReadAction","target":["https:\/\/www.gaveanews.com\/index.php\/2021\/02\/18\/gabigol-concorre-ao-craque-da-galera-pelo-flamengo-no-brasileirao-vote\/"]}]},{"@type":"ImageObject","inLanguage":"pt-BR","@id":"https:\/\/www.gaveanews.com\/index.php\/2021\/02\/18\/gabigol-concorre-ao-craque-da-galera-pelo-flamengo-no-brasileirao-vote\/#primaryimage","url":"https:\/\/www.gaveanews.com\/wp-content\/uploads\/Gabigol-vibra-apos-marcar-um-gol-na-partida-entre-Flamengo-x-Corinthins-no-Campeonato-Brasileiro-de-2020.webp","contentUrl":"https:\/\/www.gaveanews.com\/wp-content\/uploads\/Gabigol-vibra-apos-marcar-um-gol-na-partida-entre-Flamengo-x-Corinthins-no-Campeonato-Brasileiro-de-2020.webp","width":800,"height":533,"caption":"Gabigol vibra ap\u00f3s marcar um gol na partida entre Flamengo x Corinthians no Campeonato Brasileiro de 2020 (Foto: Alexandre Vidal\/Flamengo)"},{"@type":"BreadcrumbList","@id":"https:\/\/www.gaveanews.com\/index.php\/2021\/02\/18\/gabigol-concorre-ao-craque-da-galera-pelo-flamengo-no-brasileirao-vote\/#breadcrumb","itemListElement":[{"@type":"ListItem","position":1,"name":"Home","item":"https:\/\/www.gaveanews.com\/"},{"@type":"ListItem","position":2,"name":"Gabigol concorre ao &#8216;craque da galera&#8217; pelo Flamengo no Brasileir\u00e3o; vote"}]},{"@type":"WebSite","@id":"https:\/\/www.gaveanews.com\/#website","url":"https:\/\/www.gaveanews.com\/","name":"G\u00e1vea News","description":"Veja todas as not\u00edcias sobre o Flamengo: Contrata\u00e7\u00f5es, categorias de base, resultados das partidas, tabela de classifica\u00e7\u00e3o, pr\u00f3ximos jogos!","potentialAction":[{"@type":"SearchAction","target":{"@type":"EntryPoint","urlTemplate":"https:\/\/www.gaveanews.com\/?s={search_term_string}"},"query-input":{"@type":"PropertyValueSpecification","valueRequired":true,"valueName":"search_term_string"}}],"inLanguage":"pt-BR"},{"@type":"Person","@id":"https:\/\/www.gaveanews.com\/#\/schema\/person\/714c67050b836198af2450ba1c142a67","name":"Let\u00edcia Gerheim","image":{"@type":"ImageObject","inLanguage":"pt-BR","@id":"https:\/\/www.gaveanews.com\/#\/schema\/person\/image\/","url":"https:\/\/secure.gravatar.com\/avatar\/60734739c50fcebfbac509e2a826ccd0ff405c019bc73aab9354f19ecad1dcb4?s=96&d=mm&r=g","contentUrl":"https:\/\/secure.gravatar.com\/avatar\/60734739c50fcebfbac509e2a826ccd0ff405c019bc73aab9354f19ecad1dcb4?s=96&d=mm&r=g","caption":"Let\u00edcia Gerheim"}}]}},"_links":{"self":[{"href":"https:\/\/www.gaveanews.com\/index.php\/wp-json\/wp\/v2\/posts\/56315","targetHints":{"allow":["GET"]}}],"collection":[{"href":"https:\/\/www.gaveanews.com\/index.php\/wp-json\/wp\/v2\/posts"}],"about":[{"href":"https:\/\/www.gaveanews.com\/index.php\/wp-json\/wp\/v2\/types\/post"}],"author":[{"embeddable":true,"href":"https:\/\/www.gaveanews.com\/index.php\/wp-json\/wp\/v2\/users\/4"}],"replies":[{"embeddable":true,"href":"https:\/\/www.gaveanews.com\/index.php\/wp-json\/wp\/v2\/comments?post=56315"}],"version-history":[{"count":0,"href":"https:\/\/www.gaveanews.com\/index.php\/wp-json\/wp\/v2\/posts\/56315\/revisions"}],"wp:featuredmedia":[{"embeddable":true,"href":"https:\/\/www.gaveanews.com\/index.php\/wp-json\/wp\/v2\/media\/56168"}],"wp:attachment":[{"href":"https:\/\/www.gaveanews.com\/index.php\/wp-json\/wp\/v2\/media?parent=56315"}],"wp:term":[{"taxonomy":"category","embeddable":true,"href":"https:\/\/www.gaveanews.com\/index.php\/wp-json\/wp\/v2\/categories?post=56315"},{"taxonomy":"post_tag","embeddable":true,"href":"https:\/\/www.gaveanews.com\/index.php\/wp-json\/wp\/v2\/tags?post=56315"}],"curies":[{"name":"wp","href":"https:\/\/api.w.org\/{rel}","templated":true}]}}