{"id":56319,"date":"2021-02-18T13:31:14","date_gmt":"2021-02-18T16:31:14","guid":{"rendered":"https:\/\/www.gaveanews.com\/?p=56319"},"modified":"2021-08-12T00:47:43","modified_gmt":"2021-08-12T03:47:43","slug":"hugo-pode-se-tornar-o-goleiro-mais-jovem-do-fla-a-ser-campeao-brasileiro-como-titular","status":"publish","type":"post","link":"https:\/\/www.gaveanews.com\/index.php\/2021\/02\/18\/hugo-pode-se-tornar-o-goleiro-mais-jovem-do-fla-a-ser-campeao-brasileiro-como-titular\/","title":{"rendered":"Hugo pode se tornar o goleiro mais jovem do Fla a ser campe\u00e3o brasileiro como titular"},"content":{"rendered":"\n<p>Com Diego Alves ainda lesionado e sem uma previs\u00e3o exata para retorno, o Flamengo aposta em Hugo para assumir a titularidade e defender o clube nesta reta final de Campeonato Brasileiro. A responsabilidade do jovem frente a duas partidas importantes e que poder\u00e3o significar em mais um t\u00edtulo para o rubro-negro n\u00e3o assusta o camisa 45, que surpreendeu a Na\u00e7\u00e3o no ano passado.<\/p>\n\n\n\n<p>Destaque na temporada de 2020, Hugo Souza conseguiu se firmar no elenco profissional, pulou a fila e se tornou o substituto imediato de Diego Alves. Sua primeira atua\u00e7\u00e3o como titular ocorreu no duelo contra o Palmeiras, dia 27 de setembro, quando a equipe da G\u00e1vea enfrentou um surto de Covid-19 e diversos atletas desfalcaram o time. <\/p>\n\n\n\n<p>Desde ent\u00e3o, o arqueiro tem mostrado responsabilidade e compet\u00eancia na posi\u00e7\u00e3o, o que o garantiu admira\u00e7\u00e3o e confian\u00e7a da torcida. Por conta de sua trajet\u00f3ria, o camisa 45 dever\u00e1 continuar marcando presen\u00e7a nos jogos do Flamengo contra Internacional e S\u00e3o Paulo. Caso o clube carioca concretize seus planos e conquiste o octacampeonato, Hugo se tornar\u00e1 o mais jovem goleiro rubro-negro a ser campe\u00e3o brasileiro. <\/p>\n\n\n\n<h2 class=\"wp-block-heading\" id=\"h-confira-a-idade-dos-goleiros-campe-es-pelo-flamengo\">Confira a idade dos goleiros campe\u00f5es pelo Flamengo:<\/h2>\n\n\n\n<ul class=\"wp-block-list\"><li><strong>Raul:<\/strong> 36 anos, no 1\u00ba t\u00edtulo (1980, 1982 e 1983)<\/li><li><strong>Z\u00e9 Carlos:<\/strong> 25 anos (1987)<\/li><li><strong>Gilmar:<\/strong> 33 anos (1992)<\/li><li><strong>Bruno:<\/strong> 25 anos (2009)<\/li><li><strong>Diego Alves:<\/strong> 34 anos (2019)<\/li><\/ul>\n\n\n\n<p>\u00c9 importante ressaltar que, para conquistar a marca, Hugo Souza precisar\u00e1 defender o clube sem falhas, pois um deslize dele poder\u00e1 significar em uma derrota, podendo tamb\u00e9m significar a impossibilidade de o time levantar o trof\u00e9u.<\/p>\n\n\n\n<p>Seguindo em treinamento juntamente com o restante do elenco, Hugo Souza se prepara para defender o Mengo no domingo (21). A partida contra o Inter ocorrer\u00e1 \u00e0s 16h (hor\u00e1rio de Bras\u00edlia), no Maracan\u00e3, e a transmiss\u00e3o ser\u00e1 feita pela TV Globo.<\/p>\n","protected":false},"excerpt":{"rendered":"<p>Com Diego Alves ainda lesionado e sem uma previs\u00e3o exata para retorno, o Flamengo aposta em Hugo para assumir a titularidade e defender o clube nesta reta final de Campeonato Brasileiro. A responsabilidade do jovem frente a duas partidas importantes e que poder\u00e3o significar em mais um t\u00edtulo para o rubro-negro n\u00e3o assusta o camisa [&hellip;]<\/p>\n","protected":false},"author":4,"featured_media":56320,"comment_status":"open","ping_status":"closed","sticky":false,"template":"","format":"standard","meta":{"footnotes":""},"categories":[1],"tags":[],"class_list":["post-56319","post","type-post","status-publish","format-standard","has-post-thumbnail","hentry","category-flamengo"],"yoast_head":"<!-- This site is optimized with the Yoast SEO Premium plugin v24.2 (Yoast SEO v26.9) - https:\/\/yoast.com\/product\/yoast-seo-premium-wordpress\/ -->\n<title>Hugo pode se tornar o goleiro mais jovem do Fla a ser campe\u00e3o Brasileiro<\/title>\n<meta name=\"description\" content=\"Caso o Flamengo concretize seus planos e conquiste o t\u00edtulo, Hugo se tornar\u00e1 o mais jovem goleiro rubro-negro a ser campe\u00e3o brasileiro.\" \/>\n<meta name=\"robots\" content=\"index, follow, max-snippet:-1, max-image-preview:large, max-video-preview:-1\" \/>\n<link rel=\"canonical\" href=\"https:\/\/www.gaveanews.com\/index.php\/2021\/02\/18\/hugo-pode-se-tornar-o-goleiro-mais-jovem-do-fla-a-ser-campeao-brasileiro-como-titular\/\" \/>\n<meta property=\"og:locale\" content=\"pt_BR\" \/>\n<meta property=\"og:type\" content=\"article\" \/>\n<meta property=\"og:title\" content=\"Hugo pode se tornar o goleiro mais jovem do Fla a ser campe\u00e3o brasileiro como titular\" \/>\n<meta property=\"og:description\" content=\"Caso o Flamengo concretize seus planos e conquiste o t\u00edtulo, Hugo se tornar\u00e1 o mais jovem goleiro rubro-negro a ser campe\u00e3o brasileiro.\" \/>\n<meta property=\"og:url\" content=\"https:\/\/www.gaveanews.com\/index.php\/2021\/02\/18\/hugo-pode-se-tornar-o-goleiro-mais-jovem-do-fla-a-ser-campeao-brasileiro-como-titular\/\" \/>\n<meta property=\"og:site_name\" content=\"G\u00e1vea News\" \/>\n<meta property=\"article:publisher\" content=\"https:\/\/facebook.com\/gaveaNews\/\" \/>\n<meta property=\"article:published_time\" content=\"2021-02-18T16:31:14+00:00\" \/>\n<meta property=\"article:modified_time\" content=\"2021-08-12T03:47:43+00:00\" \/>\n<meta property=\"og:image\" content=\"https:\/\/www.gaveanews.com\/wp-content\/uploads\/Hugo-Souza-em-acao-pelo-Flamengo-contra-o-Vasco.webp\" \/>\n\t<meta property=\"og:image:width\" content=\"640\" \/>\n\t<meta property=\"og:image:height\" content=\"400\" \/>\n\t<meta property=\"og:image:type\" content=\"image\/jpeg\" \/>\n<meta name=\"author\" content=\"Let\u00edcia Gerheim\" \/>\n<meta name=\"twitter:card\" content=\"summary_large_image\" \/>\n<meta name=\"twitter:label1\" content=\"Escrito por\" \/>\n\t<meta name=\"twitter:data1\" content=\"Let\u00edcia Gerheim\" \/>\n\t<meta name=\"twitter:label2\" content=\"Est. tempo de leitura\" \/>\n\t<meta name=\"twitter:data2\" content=\"2 minutos\" \/>\n<script type=\"application\/ld+json\" class=\"yoast-schema-graph\">{\"@context\":\"https:\/\/schema.org\",\"@graph\":[{\"@type\":\"NewsArticle\",\"@id\":\"https:\/\/www.gaveanews.com\/index.php\/2021\/02\/18\/hugo-pode-se-tornar-o-goleiro-mais-jovem-do-fla-a-ser-campeao-brasileiro-como-titular\/#article\",\"isPartOf\":{\"@id\":\"https:\/\/www.gaveanews.com\/index.php\/2021\/02\/18\/hugo-pode-se-tornar-o-goleiro-mais-jovem-do-fla-a-ser-campeao-brasileiro-como-titular\/\"},\"author\":{\"name\":\"Let\u00edcia Gerheim\",\"@id\":\"https:\/\/www.gaveanews.com\/#\/schema\/person\/714c67050b836198af2450ba1c142a67\"},\"headline\":\"Hugo pode se tornar o goleiro mais jovem do Fla a ser campe\u00e3o brasileiro como titular\",\"datePublished\":\"2021-02-18T16:31:14+00:00\",\"dateModified\":\"2021-08-12T03:47:43+00:00\",\"mainEntityOfPage\":{\"@id\":\"https:\/\/www.gaveanews.com\/index.php\/2021\/02\/18\/hugo-pode-se-tornar-o-goleiro-mais-jovem-do-fla-a-ser-campeao-brasileiro-como-titular\/\"},\"wordCount\":317,\"commentCount\":4,\"image\":{\"@id\":\"https:\/\/www.gaveanews.com\/index.php\/2021\/02\/18\/hugo-pode-se-tornar-o-goleiro-mais-jovem-do-fla-a-ser-campeao-brasileiro-como-titular\/#primaryimage\"},\"thumbnailUrl\":\"https:\/\/www.gaveanews.com\/wp-content\/uploads\/Hugo-Souza-em-acao-pelo-Flamengo-contra-o-Vasco.webp\",\"articleSection\":[\"Flamengo\"],\"inLanguage\":\"pt-BR\",\"potentialAction\":[{\"@type\":\"CommentAction\",\"name\":\"Comment\",\"target\":[\"https:\/\/www.gaveanews.com\/index.php\/2021\/02\/18\/hugo-pode-se-tornar-o-goleiro-mais-jovem-do-fla-a-ser-campeao-brasileiro-como-titular\/#respond\"]}],\"copyrightYear\":\"2021\",\"copyrightHolder\":{\"@id\":\"https:\/\/www.gaveanews.com\/#organization\"}},{\"@type\":\"WebPage\",\"@id\":\"https:\/\/www.gaveanews.com\/index.php\/2021\/02\/18\/hugo-pode-se-tornar-o-goleiro-mais-jovem-do-fla-a-ser-campeao-brasileiro-como-titular\/\",\"url\":\"https:\/\/www.gaveanews.com\/index.php\/2021\/02\/18\/hugo-pode-se-tornar-o-goleiro-mais-jovem-do-fla-a-ser-campeao-brasileiro-como-titular\/\",\"name\":\"Hugo pode se tornar o goleiro mais jovem do Fla a ser campe\u00e3o Brasileiro\",\"isPartOf\":{\"@id\":\"https:\/\/www.gaveanews.com\/#website\"},\"primaryImageOfPage\":{\"@id\":\"https:\/\/www.gaveanews.com\/index.php\/2021\/02\/18\/hugo-pode-se-tornar-o-goleiro-mais-jovem-do-fla-a-ser-campeao-brasileiro-como-titular\/#primaryimage\"},\"image\":{\"@id\":\"https:\/\/www.gaveanews.com\/index.php\/2021\/02\/18\/hugo-pode-se-tornar-o-goleiro-mais-jovem-do-fla-a-ser-campeao-brasileiro-como-titular\/#primaryimage\"},\"thumbnailUrl\":\"https:\/\/www.gaveanews.com\/wp-content\/uploads\/Hugo-Souza-em-acao-pelo-Flamengo-contra-o-Vasco.webp\",\"datePublished\":\"2021-02-18T16:31:14+00:00\",\"dateModified\":\"2021-08-12T03:47:43+00:00\",\"author\":{\"@id\":\"https:\/\/www.gaveanews.com\/#\/schema\/person\/714c67050b836198af2450ba1c142a67\"},\"description\":\"Caso o Flamengo concretize seus planos e conquiste o t\u00edtulo, Hugo se tornar\u00e1 o mais jovem goleiro rubro-negro a ser campe\u00e3o brasileiro.\",\"breadcrumb\":{\"@id\":\"https:\/\/www.gaveanews.com\/index.php\/2021\/02\/18\/hugo-pode-se-tornar-o-goleiro-mais-jovem-do-fla-a-ser-campeao-brasileiro-como-titular\/#breadcrumb\"},\"inLanguage\":\"pt-BR\",\"potentialAction\":[{\"@type\":\"ReadAction\",\"target\":[\"https:\/\/www.gaveanews.com\/index.php\/2021\/02\/18\/hugo-pode-se-tornar-o-goleiro-mais-jovem-do-fla-a-ser-campeao-brasileiro-como-titular\/\"]}]},{\"@type\":\"ImageObject\",\"inLanguage\":\"pt-BR\",\"@id\":\"https:\/\/www.gaveanews.com\/index.php\/2021\/02\/18\/hugo-pode-se-tornar-o-goleiro-mais-jovem-do-fla-a-ser-campeao-brasileiro-como-titular\/#primaryimage\",\"url\":\"https:\/\/www.gaveanews.com\/wp-content\/uploads\/Hugo-Souza-em-acao-pelo-Flamengo-contra-o-Vasco.webp\",\"contentUrl\":\"https:\/\/www.gaveanews.com\/wp-content\/uploads\/Hugo-Souza-em-acao-pelo-Flamengo-contra-o-Vasco.webp\",\"width\":640,\"height\":400,\"caption\":\"Hugo Souza em a\u00e7\u00e3o pelo Flamengo contra o Vasco (Foto: Alexandre Vidal\/Flamengo)\"},{\"@type\":\"BreadcrumbList\",\"@id\":\"https:\/\/www.gaveanews.com\/index.php\/2021\/02\/18\/hugo-pode-se-tornar-o-goleiro-mais-jovem-do-fla-a-ser-campeao-brasileiro-como-titular\/#breadcrumb\",\"itemListElement\":[{\"@type\":\"ListItem\",\"position\":1,\"name\":\"Home\",\"item\":\"https:\/\/www.gaveanews.com\/\"},{\"@type\":\"ListItem\",\"position\":2,\"name\":\"Hugo pode se tornar o goleiro mais jovem do Fla a ser campe\u00e3o brasileiro como titular\"}]},{\"@type\":\"WebSite\",\"@id\":\"https:\/\/www.gaveanews.com\/#website\",\"url\":\"https:\/\/www.gaveanews.com\/\",\"name\":\"G\u00e1vea News\",\"description\":\"Veja todas as not\u00edcias sobre o Flamengo: Contrata\u00e7\u00f5es, categorias de base, resultados das partidas, tabela de classifica\u00e7\u00e3o, pr\u00f3ximos jogos!\",\"potentialAction\":[{\"@type\":\"SearchAction\",\"target\":{\"@type\":\"EntryPoint\",\"urlTemplate\":\"https:\/\/www.gaveanews.com\/?s={search_term_string}\"},\"query-input\":{\"@type\":\"PropertyValueSpecification\",\"valueRequired\":true,\"valueName\":\"search_term_string\"}}],\"inLanguage\":\"pt-BR\"},{\"@type\":\"Person\",\"@id\":\"https:\/\/www.gaveanews.com\/#\/schema\/person\/714c67050b836198af2450ba1c142a67\",\"name\":\"Let\u00edcia Gerheim\",\"image\":{\"@type\":\"ImageObject\",\"inLanguage\":\"pt-BR\",\"@id\":\"https:\/\/www.gaveanews.com\/#\/schema\/person\/image\/\",\"url\":\"https:\/\/secure.gravatar.com\/avatar\/60734739c50fcebfbac509e2a826ccd0ff405c019bc73aab9354f19ecad1dcb4?s=96&d=mm&r=g\",\"contentUrl\":\"https:\/\/secure.gravatar.com\/avatar\/60734739c50fcebfbac509e2a826ccd0ff405c019bc73aab9354f19ecad1dcb4?s=96&d=mm&r=g\",\"caption\":\"Let\u00edcia Gerheim\"}}]}<\/script>\n<!-- \/ Yoast SEO Premium plugin. -->","yoast_head_json":{"title":"Hugo pode se tornar o goleiro mais jovem do Fla a ser campe\u00e3o Brasileiro","description":"Caso o Flamengo concretize seus planos e conquiste o t\u00edtulo, Hugo se tornar\u00e1 o mais jovem goleiro rubro-negro a ser campe\u00e3o brasileiro.","robots":{"index":"index","follow":"follow","max-snippet":"max-snippet:-1","max-image-preview":"max-image-preview:large","max-video-preview":"max-video-preview:-1"},"canonical":"https:\/\/www.gaveanews.com\/index.php\/2021\/02\/18\/hugo-pode-se-tornar-o-goleiro-mais-jovem-do-fla-a-ser-campeao-brasileiro-como-titular\/","og_locale":"pt_BR","og_type":"article","og_title":"Hugo pode se tornar o goleiro mais jovem do Fla a ser campe\u00e3o brasileiro como titular","og_description":"Caso o Flamengo concretize seus planos e conquiste o t\u00edtulo, Hugo se tornar\u00e1 o mais jovem goleiro rubro-negro a ser campe\u00e3o brasileiro.","og_url":"https:\/\/www.gaveanews.com\/index.php\/2021\/02\/18\/hugo-pode-se-tornar-o-goleiro-mais-jovem-do-fla-a-ser-campeao-brasileiro-como-titular\/","og_site_name":"G\u00e1vea News","article_publisher":"https:\/\/facebook.com\/gaveaNews\/","article_published_time":"2021-02-18T16:31:14+00:00","article_modified_time":"2021-08-12T03:47:43+00:00","og_image":[{"width":640,"height":400,"url":"https:\/\/www.gaveanews.com\/wp-content\/uploads\/Hugo-Souza-em-acao-pelo-Flamengo-contra-o-Vasco.webp","type":"image\/jpeg"}],"author":"Let\u00edcia Gerheim","twitter_card":"summary_large_image","twitter_misc":{"Escrito por":"Let\u00edcia Gerheim","Est. tempo de leitura":"2 minutos"},"schema":{"@context":"https:\/\/schema.org","@graph":[{"@type":"NewsArticle","@id":"https:\/\/www.gaveanews.com\/index.php\/2021\/02\/18\/hugo-pode-se-tornar-o-goleiro-mais-jovem-do-fla-a-ser-campeao-brasileiro-como-titular\/#article","isPartOf":{"@id":"https:\/\/www.gaveanews.com\/index.php\/2021\/02\/18\/hugo-pode-se-tornar-o-goleiro-mais-jovem-do-fla-a-ser-campeao-brasileiro-como-titular\/"},"author":{"name":"Let\u00edcia Gerheim","@id":"https:\/\/www.gaveanews.com\/#\/schema\/person\/714c67050b836198af2450ba1c142a67"},"headline":"Hugo pode se tornar o goleiro mais jovem do Fla a ser campe\u00e3o brasileiro como titular","datePublished":"2021-02-18T16:31:14+00:00","dateModified":"2021-08-12T03:47:43+00:00","mainEntityOfPage":{"@id":"https:\/\/www.gaveanews.com\/index.php\/2021\/02\/18\/hugo-pode-se-tornar-o-goleiro-mais-jovem-do-fla-a-ser-campeao-brasileiro-como-titular\/"},"wordCount":317,"commentCount":4,"image":{"@id":"https:\/\/www.gaveanews.com\/index.php\/2021\/02\/18\/hugo-pode-se-tornar-o-goleiro-mais-jovem-do-fla-a-ser-campeao-brasileiro-como-titular\/#primaryimage"},"thumbnailUrl":"https:\/\/www.gaveanews.com\/wp-content\/uploads\/Hugo-Souza-em-acao-pelo-Flamengo-contra-o-Vasco.webp","articleSection":["Flamengo"],"inLanguage":"pt-BR","potentialAction":[{"@type":"CommentAction","name":"Comment","target":["https:\/\/www.gaveanews.com\/index.php\/2021\/02\/18\/hugo-pode-se-tornar-o-goleiro-mais-jovem-do-fla-a-ser-campeao-brasileiro-como-titular\/#respond"]}],"copyrightYear":"2021","copyrightHolder":{"@id":"https:\/\/www.gaveanews.com\/#organization"}},{"@type":"WebPage","@id":"https:\/\/www.gaveanews.com\/index.php\/2021\/02\/18\/hugo-pode-se-tornar-o-goleiro-mais-jovem-do-fla-a-ser-campeao-brasileiro-como-titular\/","url":"https:\/\/www.gaveanews.com\/index.php\/2021\/02\/18\/hugo-pode-se-tornar-o-goleiro-mais-jovem-do-fla-a-ser-campeao-brasileiro-como-titular\/","name":"Hugo pode se tornar o goleiro mais jovem do Fla a ser campe\u00e3o Brasileiro","isPartOf":{"@id":"https:\/\/www.gaveanews.com\/#website"},"primaryImageOfPage":{"@id":"https:\/\/www.gaveanews.com\/index.php\/2021\/02\/18\/hugo-pode-se-tornar-o-goleiro-mais-jovem-do-fla-a-ser-campeao-brasileiro-como-titular\/#primaryimage"},"image":{"@id":"https:\/\/www.gaveanews.com\/index.php\/2021\/02\/18\/hugo-pode-se-tornar-o-goleiro-mais-jovem-do-fla-a-ser-campeao-brasileiro-como-titular\/#primaryimage"},"thumbnailUrl":"https:\/\/www.gaveanews.com\/wp-content\/uploads\/Hugo-Souza-em-acao-pelo-Flamengo-contra-o-Vasco.webp","datePublished":"2021-02-18T16:31:14+00:00","dateModified":"2021-08-12T03:47:43+00:00","author":{"@id":"https:\/\/www.gaveanews.com\/#\/schema\/person\/714c67050b836198af2450ba1c142a67"},"description":"Caso o Flamengo concretize seus planos e conquiste o t\u00edtulo, Hugo se tornar\u00e1 o mais jovem goleiro rubro-negro a ser campe\u00e3o brasileiro.","breadcrumb":{"@id":"https:\/\/www.gaveanews.com\/index.php\/2021\/02\/18\/hugo-pode-se-tornar-o-goleiro-mais-jovem-do-fla-a-ser-campeao-brasileiro-como-titular\/#breadcrumb"},"inLanguage":"pt-BR","potentialAction":[{"@type":"ReadAction","target":["https:\/\/www.gaveanews.com\/index.php\/2021\/02\/18\/hugo-pode-se-tornar-o-goleiro-mais-jovem-do-fla-a-ser-campeao-brasileiro-como-titular\/"]}]},{"@type":"ImageObject","inLanguage":"pt-BR","@id":"https:\/\/www.gaveanews.com\/index.php\/2021\/02\/18\/hugo-pode-se-tornar-o-goleiro-mais-jovem-do-fla-a-ser-campeao-brasileiro-como-titular\/#primaryimage","url":"https:\/\/www.gaveanews.com\/wp-content\/uploads\/Hugo-Souza-em-acao-pelo-Flamengo-contra-o-Vasco.webp","contentUrl":"https:\/\/www.gaveanews.com\/wp-content\/uploads\/Hugo-Souza-em-acao-pelo-Flamengo-contra-o-Vasco.webp","width":640,"height":400,"caption":"Hugo Souza em a\u00e7\u00e3o pelo Flamengo contra o Vasco (Foto: Alexandre Vidal\/Flamengo)"},{"@type":"BreadcrumbList","@id":"https:\/\/www.gaveanews.com\/index.php\/2021\/02\/18\/hugo-pode-se-tornar-o-goleiro-mais-jovem-do-fla-a-ser-campeao-brasileiro-como-titular\/#breadcrumb","itemListElement":[{"@type":"ListItem","position":1,"name":"Home","item":"https:\/\/www.gaveanews.com\/"},{"@type":"ListItem","position":2,"name":"Hugo pode se tornar o goleiro mais jovem do Fla a ser campe\u00e3o brasileiro como titular"}]},{"@type":"WebSite","@id":"https:\/\/www.gaveanews.com\/#website","url":"https:\/\/www.gaveanews.com\/","name":"G\u00e1vea News","description":"Veja todas as not\u00edcias sobre o Flamengo: Contrata\u00e7\u00f5es, categorias de base, resultados das partidas, tabela de classifica\u00e7\u00e3o, pr\u00f3ximos jogos!","potentialAction":[{"@type":"SearchAction","target":{"@type":"EntryPoint","urlTemplate":"https:\/\/www.gaveanews.com\/?s={search_term_string}"},"query-input":{"@type":"PropertyValueSpecification","valueRequired":true,"valueName":"search_term_string"}}],"inLanguage":"pt-BR"},{"@type":"Person","@id":"https:\/\/www.gaveanews.com\/#\/schema\/person\/714c67050b836198af2450ba1c142a67","name":"Let\u00edcia Gerheim","image":{"@type":"ImageObject","inLanguage":"pt-BR","@id":"https:\/\/www.gaveanews.com\/#\/schema\/person\/image\/","url":"https:\/\/secure.gravatar.com\/avatar\/60734739c50fcebfbac509e2a826ccd0ff405c019bc73aab9354f19ecad1dcb4?s=96&d=mm&r=g","contentUrl":"https:\/\/secure.gravatar.com\/avatar\/60734739c50fcebfbac509e2a826ccd0ff405c019bc73aab9354f19ecad1dcb4?s=96&d=mm&r=g","caption":"Let\u00edcia Gerheim"}}]}},"_links":{"self":[{"href":"https:\/\/www.gaveanews.com\/index.php\/wp-json\/wp\/v2\/posts\/56319","targetHints":{"allow":["GET"]}}],"collection":[{"href":"https:\/\/www.gaveanews.com\/index.php\/wp-json\/wp\/v2\/posts"}],"about":[{"href":"https:\/\/www.gaveanews.com\/index.php\/wp-json\/wp\/v2\/types\/post"}],"author":[{"embeddable":true,"href":"https:\/\/www.gaveanews.com\/index.php\/wp-json\/wp\/v2\/users\/4"}],"replies":[{"embeddable":true,"href":"https:\/\/www.gaveanews.com\/index.php\/wp-json\/wp\/v2\/comments?post=56319"}],"version-history":[{"count":0,"href":"https:\/\/www.gaveanews.com\/index.php\/wp-json\/wp\/v2\/posts\/56319\/revisions"}],"wp:featuredmedia":[{"embeddable":true,"href":"https:\/\/www.gaveanews.com\/index.php\/wp-json\/wp\/v2\/media\/56320"}],"wp:attachment":[{"href":"https:\/\/www.gaveanews.com\/index.php\/wp-json\/wp\/v2\/media?parent=56319"}],"wp:term":[{"taxonomy":"category","embeddable":true,"href":"https:\/\/www.gaveanews.com\/index.php\/wp-json\/wp\/v2\/categories?post=56319"},{"taxonomy":"post_tag","embeddable":true,"href":"https:\/\/www.gaveanews.com\/index.php\/wp-json\/wp\/v2\/tags?post=56319"}],"curies":[{"name":"wp","href":"https:\/\/api.w.org\/{rel}","templated":true}]}}