{"id":56333,"date":"2021-02-18T15:56:21","date_gmt":"2021-02-18T18:56:21","guid":{"rendered":"https:\/\/www.gaveanews.com\/?p=56333"},"modified":"2024-04-07T08:25:15","modified_gmt":"2024-04-07T11:25:15","slug":"galvao-bueno-afirma-que-jogo-entre-internacional-e-flamengo-sera-epico","status":"publish","type":"post","link":"https:\/\/www.gaveanews.com\/index.php\/2021\/02\/18\/galvao-bueno-afirma-que-jogo-entre-internacional-e-flamengo-sera-epico\/","title":{"rendered":"Galv\u00e3o Bueno afirma que jogo entre Internacional e Flamengo ser\u00e1 &#8220;\u00e9pico&#8221;"},"content":{"rendered":"\n<p>No pr\u00f3ximo domingo (21), Flamengo e Inter disputar\u00e3o uma &#8220;final antecipada&#8221; do Brasileir\u00e3o. A disputa ter\u00e1 suma import\u00e2ncia na defini\u00e7\u00e3o da equipe que levantar\u00e1 o trof\u00e9u da competi\u00e7\u00e3o, uma vez que a diferen\u00e7a do primeiro para o segundo colocado na tabela \u00e9 de apenas um ponto.<\/p>\n\n\n\n<p>Ansiosos para saber o desfecho do confronto, os jornalistas e apresentadores do programa <em>Sele\u00e7\u00e3o SporTV<\/em> desta quinta-feira (18), comentaram sobre as expectativas para o duelo. Em participa\u00e7\u00e3o no programa, Galv\u00e3o Bueno afirmou que o jogo tem tudo para ser um dos mais marcantes dos \u00faltimos anos.<\/p>\n\n\n\n<p><strong><em>&#8220;Esse jogo de Inter e Flamengo ser\u00e1 \u00e9pico. \u00c9 um confronto entre o \u00faltimo campe\u00e3o brasileiro contra o campe\u00e3o invicto de 1979 que \u00e9 o Internacional. Equipes com propostas muito distintas de se jogar futebol em um palco como Maracan\u00e3. O Flamengo \u00e9 o time de posse de bola e presen\u00e7a no campo do advers\u00e1rio, o Inter \u00e9 um time f\u00edsico de marca\u00e7\u00e3o forte e muito veloz nos contra-ataques&#8221;<\/em><\/strong>, disse.<\/p>\n\n\n\n<p>O narrador lembrou das cr\u00edticas feitas ao treinador Rog\u00e9rio Ceni e afirmou ter visto evolu\u00e7\u00e3o da equipe da G\u00e1vea nos \u00faltimos confrontos.<\/p>\n\n\n\n<p><strong><em>&#8220;Em algum momento cheguei a dizer que o trabalho do Rog\u00e9rio Ceni decepcionava, agora sinto a m\u00e3o dele nesse time com Ar\u00e3o na defesa e um meio de campo habilidoso. Quem \u00e9 que tem um elenco como o do Flamengo e quem \u00e9 que tem essa for\u00e7a do Inter que s\u00f3 o Abel Braga pode transmitir? Esse jogo tem tudo para ser \u00e9pico&#8221;<\/em><\/strong>, completou.<\/p>\n\n\n\n<p>A partida contra o Colorado ocorrer\u00e1 \u00e0s 16h (hor\u00e1rio de Bras\u00edlia), no Maracan\u00e3, casa do Flamengo. O evento ser\u00e1 transmitido pela TV Globo.<\/p>\n","protected":false},"excerpt":{"rendered":"<p>No pr\u00f3ximo domingo (21), Flamengo e Inter disputar\u00e3o uma &#8220;final antecipada&#8221; do Brasileir\u00e3o. A disputa ter\u00e1 suma import\u00e2ncia na defini\u00e7\u00e3o da equipe que levantar\u00e1 o trof\u00e9u da competi\u00e7\u00e3o, uma vez que a diferen\u00e7a do primeiro para o segundo colocado na tabela \u00e9 de apenas um ponto. Ansiosos para saber o desfecho do confronto, os jornalistas [&hellip;]<\/p>\n","protected":false},"author":4,"featured_media":47962,"comment_status":"open","ping_status":"closed","sticky":false,"template":"","format":"standard","meta":{"footnotes":""},"categories":[1],"tags":[182],"class_list":["post-56333","post","type-post","status-publish","format-standard","has-post-thumbnail","hentry","category-flamengo","tag-carlos-eduardo-dos-santos-galvao-bueno"],"yoast_head":"<!-- This site is optimized with the Yoast SEO Premium plugin v24.2 (Yoast SEO v26.9) - https:\/\/yoast.com\/product\/yoast-seo-premium-wordpress\/ -->\n<title>Galv\u00e3o Bueno afirma que jogo entre Internacional e Flamengo ser\u00e1 &quot;\u00e9pico&quot;<\/title>\n<meta name=\"description\" content=\"O narrador lembrou das cr\u00edticas feitas ao treinador Rog\u00e9rio Ceni e afirmou ter visto evolu\u00e7\u00e3o da equipe da G\u00e1vea nos \u00faltimos confrontos.\" \/>\n<meta name=\"robots\" content=\"index, follow, max-snippet:-1, max-image-preview:large, max-video-preview:-1\" \/>\n<link rel=\"canonical\" href=\"https:\/\/www.gaveanews.com\/index.php\/2021\/02\/18\/galvao-bueno-afirma-que-jogo-entre-internacional-e-flamengo-sera-epico\/\" \/>\n<meta property=\"og:locale\" content=\"pt_BR\" \/>\n<meta property=\"og:type\" content=\"article\" \/>\n<meta property=\"og:title\" content=\"Galv\u00e3o Bueno afirma que jogo entre Internacional e Flamengo ser\u00e1 &quot;\u00e9pico&quot;\" \/>\n<meta property=\"og:description\" content=\"O narrador lembrou das cr\u00edticas feitas ao treinador Rog\u00e9rio Ceni e afirmou ter visto evolu\u00e7\u00e3o da equipe da G\u00e1vea nos \u00faltimos confrontos.\" \/>\n<meta property=\"og:url\" content=\"https:\/\/www.gaveanews.com\/index.php\/2021\/02\/18\/galvao-bueno-afirma-que-jogo-entre-internacional-e-flamengo-sera-epico\/\" \/>\n<meta property=\"og:site_name\" content=\"G\u00e1vea News\" \/>\n<meta property=\"article:publisher\" content=\"https:\/\/facebook.com\/gaveaNews\/\" \/>\n<meta property=\"article:published_time\" content=\"2021-02-18T18:56:21+00:00\" \/>\n<meta property=\"article:modified_time\" content=\"2024-04-07T11:25:15+00:00\" \/>\n<meta property=\"og:image\" content=\"https:\/\/www.gaveanews.com\/wp-content\/uploads\/Galvao-Bueno-com-o-terno-da-Rede-Globo-e-da-SporTV.webp\" \/>\n\t<meta property=\"og:image:width\" content=\"1200\" \/>\n\t<meta property=\"og:image:height\" content=\"912\" \/>\n\t<meta property=\"og:image:type\" content=\"image\/jpeg\" \/>\n<meta name=\"author\" content=\"Let\u00edcia Gerheim\" \/>\n<meta name=\"twitter:card\" content=\"summary_large_image\" \/>\n<meta name=\"twitter:label1\" content=\"Escrito por\" \/>\n\t<meta name=\"twitter:data1\" content=\"Let\u00edcia Gerheim\" \/>\n\t<meta name=\"twitter:label2\" content=\"Est. tempo de leitura\" \/>\n\t<meta name=\"twitter:data2\" content=\"1 minuto\" \/>\n<script type=\"application\/ld+json\" class=\"yoast-schema-graph\">{\"@context\":\"https:\/\/schema.org\",\"@graph\":[{\"@type\":\"NewsArticle\",\"@id\":\"https:\/\/www.gaveanews.com\/index.php\/2021\/02\/18\/galvao-bueno-afirma-que-jogo-entre-internacional-e-flamengo-sera-epico\/#article\",\"isPartOf\":{\"@id\":\"https:\/\/www.gaveanews.com\/index.php\/2021\/02\/18\/galvao-bueno-afirma-que-jogo-entre-internacional-e-flamengo-sera-epico\/\"},\"author\":{\"name\":\"Let\u00edcia Gerheim\",\"@id\":\"https:\/\/www.gaveanews.com\/#\/schema\/person\/714c67050b836198af2450ba1c142a67\"},\"headline\":\"Galv\u00e3o Bueno afirma que jogo entre Internacional e Flamengo ser\u00e1 &#8220;\u00e9pico&#8221;\",\"datePublished\":\"2021-02-18T18:56:21+00:00\",\"dateModified\":\"2024-04-07T11:25:15+00:00\",\"mainEntityOfPage\":{\"@id\":\"https:\/\/www.gaveanews.com\/index.php\/2021\/02\/18\/galvao-bueno-afirma-que-jogo-entre-internacional-e-flamengo-sera-epico\/\"},\"wordCount\":300,\"commentCount\":0,\"image\":{\"@id\":\"https:\/\/www.gaveanews.com\/index.php\/2021\/02\/18\/galvao-bueno-afirma-que-jogo-entre-internacional-e-flamengo-sera-epico\/#primaryimage\"},\"thumbnailUrl\":\"https:\/\/www.gaveanews.com\/wp-content\/uploads\/Galvao-Bueno-com-o-terno-da-Rede-Globo-e-da-SporTV.webp\",\"keywords\":[\"Carlos Eduardo dos Santos Galv\u00e3o Bueno\"],\"articleSection\":[\"Flamengo\"],\"inLanguage\":\"pt-BR\",\"potentialAction\":[{\"@type\":\"CommentAction\",\"name\":\"Comment\",\"target\":[\"https:\/\/www.gaveanews.com\/index.php\/2021\/02\/18\/galvao-bueno-afirma-que-jogo-entre-internacional-e-flamengo-sera-epico\/#respond\"]}],\"copyrightYear\":\"2021\",\"copyrightHolder\":{\"@id\":\"https:\/\/www.gaveanews.com\/#organization\"}},{\"@type\":\"WebPage\",\"@id\":\"https:\/\/www.gaveanews.com\/index.php\/2021\/02\/18\/galvao-bueno-afirma-que-jogo-entre-internacional-e-flamengo-sera-epico\/\",\"url\":\"https:\/\/www.gaveanews.com\/index.php\/2021\/02\/18\/galvao-bueno-afirma-que-jogo-entre-internacional-e-flamengo-sera-epico\/\",\"name\":\"Galv\u00e3o Bueno afirma que jogo entre Internacional e Flamengo ser\u00e1 \\\"\u00e9pico\\\"\",\"isPartOf\":{\"@id\":\"https:\/\/www.gaveanews.com\/#website\"},\"primaryImageOfPage\":{\"@id\":\"https:\/\/www.gaveanews.com\/index.php\/2021\/02\/18\/galvao-bueno-afirma-que-jogo-entre-internacional-e-flamengo-sera-epico\/#primaryimage\"},\"image\":{\"@id\":\"https:\/\/www.gaveanews.com\/index.php\/2021\/02\/18\/galvao-bueno-afirma-que-jogo-entre-internacional-e-flamengo-sera-epico\/#primaryimage\"},\"thumbnailUrl\":\"https:\/\/www.gaveanews.com\/wp-content\/uploads\/Galvao-Bueno-com-o-terno-da-Rede-Globo-e-da-SporTV.webp\",\"datePublished\":\"2021-02-18T18:56:21+00:00\",\"dateModified\":\"2024-04-07T11:25:15+00:00\",\"author\":{\"@id\":\"https:\/\/www.gaveanews.com\/#\/schema\/person\/714c67050b836198af2450ba1c142a67\"},\"description\":\"O narrador lembrou das cr\u00edticas feitas ao treinador Rog\u00e9rio Ceni e afirmou ter visto evolu\u00e7\u00e3o da equipe da G\u00e1vea nos \u00faltimos confrontos.\",\"breadcrumb\":{\"@id\":\"https:\/\/www.gaveanews.com\/index.php\/2021\/02\/18\/galvao-bueno-afirma-que-jogo-entre-internacional-e-flamengo-sera-epico\/#breadcrumb\"},\"inLanguage\":\"pt-BR\",\"potentialAction\":[{\"@type\":\"ReadAction\",\"target\":[\"https:\/\/www.gaveanews.com\/index.php\/2021\/02\/18\/galvao-bueno-afirma-que-jogo-entre-internacional-e-flamengo-sera-epico\/\"]}]},{\"@type\":\"ImageObject\",\"inLanguage\":\"pt-BR\",\"@id\":\"https:\/\/www.gaveanews.com\/index.php\/2021\/02\/18\/galvao-bueno-afirma-que-jogo-entre-internacional-e-flamengo-sera-epico\/#primaryimage\",\"url\":\"https:\/\/www.gaveanews.com\/wp-content\/uploads\/Galvao-Bueno-com-o-terno-da-Rede-Globo-e-da-SporTV.webp\",\"contentUrl\":\"https:\/\/www.gaveanews.com\/wp-content\/uploads\/Galvao-Bueno-com-o-terno-da-Rede-Globo-e-da-SporTV.webp\",\"width\":1200,\"height\":912,\"caption\":\"Galv\u00e3o Bueno com o terno da Rede Globo e da SporTV (Foto: Divulga\u00e7\u00e3o)\"},{\"@type\":\"BreadcrumbList\",\"@id\":\"https:\/\/www.gaveanews.com\/index.php\/2021\/02\/18\/galvao-bueno-afirma-que-jogo-entre-internacional-e-flamengo-sera-epico\/#breadcrumb\",\"itemListElement\":[{\"@type\":\"ListItem\",\"position\":1,\"name\":\"Home\",\"item\":\"https:\/\/www.gaveanews.com\/\"},{\"@type\":\"ListItem\",\"position\":2,\"name\":\"Galv\u00e3o Bueno afirma que jogo entre Internacional e Flamengo ser\u00e1 &#8220;\u00e9pico&#8221;\"}]},{\"@type\":\"WebSite\",\"@id\":\"https:\/\/www.gaveanews.com\/#website\",\"url\":\"https:\/\/www.gaveanews.com\/\",\"name\":\"G\u00e1vea News\",\"description\":\"Veja todas as not\u00edcias sobre o Flamengo: Contrata\u00e7\u00f5es, categorias de base, resultados das partidas, tabela de classifica\u00e7\u00e3o, pr\u00f3ximos jogos!\",\"potentialAction\":[{\"@type\":\"SearchAction\",\"target\":{\"@type\":\"EntryPoint\",\"urlTemplate\":\"https:\/\/www.gaveanews.com\/?s={search_term_string}\"},\"query-input\":{\"@type\":\"PropertyValueSpecification\",\"valueRequired\":true,\"valueName\":\"search_term_string\"}}],\"inLanguage\":\"pt-BR\"},{\"@type\":\"Person\",\"@id\":\"https:\/\/www.gaveanews.com\/#\/schema\/person\/714c67050b836198af2450ba1c142a67\",\"name\":\"Let\u00edcia Gerheim\",\"image\":{\"@type\":\"ImageObject\",\"inLanguage\":\"pt-BR\",\"@id\":\"https:\/\/www.gaveanews.com\/#\/schema\/person\/image\/\",\"url\":\"https:\/\/secure.gravatar.com\/avatar\/60734739c50fcebfbac509e2a826ccd0ff405c019bc73aab9354f19ecad1dcb4?s=96&d=mm&r=g\",\"contentUrl\":\"https:\/\/secure.gravatar.com\/avatar\/60734739c50fcebfbac509e2a826ccd0ff405c019bc73aab9354f19ecad1dcb4?s=96&d=mm&r=g\",\"caption\":\"Let\u00edcia Gerheim\"}}]}<\/script>\n<!-- \/ Yoast SEO Premium plugin. -->","yoast_head_json":{"title":"Galv\u00e3o Bueno afirma que jogo entre Internacional e Flamengo ser\u00e1 \"\u00e9pico\"","description":"O narrador lembrou das cr\u00edticas feitas ao treinador Rog\u00e9rio Ceni e afirmou ter visto evolu\u00e7\u00e3o da equipe da G\u00e1vea nos \u00faltimos confrontos.","robots":{"index":"index","follow":"follow","max-snippet":"max-snippet:-1","max-image-preview":"max-image-preview:large","max-video-preview":"max-video-preview:-1"},"canonical":"https:\/\/www.gaveanews.com\/index.php\/2021\/02\/18\/galvao-bueno-afirma-que-jogo-entre-internacional-e-flamengo-sera-epico\/","og_locale":"pt_BR","og_type":"article","og_title":"Galv\u00e3o Bueno afirma que jogo entre Internacional e Flamengo ser\u00e1 \"\u00e9pico\"","og_description":"O narrador lembrou das cr\u00edticas feitas ao treinador Rog\u00e9rio Ceni e afirmou ter visto evolu\u00e7\u00e3o da equipe da G\u00e1vea nos \u00faltimos confrontos.","og_url":"https:\/\/www.gaveanews.com\/index.php\/2021\/02\/18\/galvao-bueno-afirma-que-jogo-entre-internacional-e-flamengo-sera-epico\/","og_site_name":"G\u00e1vea News","article_publisher":"https:\/\/facebook.com\/gaveaNews\/","article_published_time":"2021-02-18T18:56:21+00:00","article_modified_time":"2024-04-07T11:25:15+00:00","og_image":[{"width":1200,"height":912,"url":"https:\/\/www.gaveanews.com\/wp-content\/uploads\/Galvao-Bueno-com-o-terno-da-Rede-Globo-e-da-SporTV.webp","type":"image\/jpeg"}],"author":"Let\u00edcia Gerheim","twitter_card":"summary_large_image","twitter_misc":{"Escrito por":"Let\u00edcia Gerheim","Est. tempo de leitura":"1 minuto"},"schema":{"@context":"https:\/\/schema.org","@graph":[{"@type":"NewsArticle","@id":"https:\/\/www.gaveanews.com\/index.php\/2021\/02\/18\/galvao-bueno-afirma-que-jogo-entre-internacional-e-flamengo-sera-epico\/#article","isPartOf":{"@id":"https:\/\/www.gaveanews.com\/index.php\/2021\/02\/18\/galvao-bueno-afirma-que-jogo-entre-internacional-e-flamengo-sera-epico\/"},"author":{"name":"Let\u00edcia Gerheim","@id":"https:\/\/www.gaveanews.com\/#\/schema\/person\/714c67050b836198af2450ba1c142a67"},"headline":"Galv\u00e3o Bueno afirma que jogo entre Internacional e Flamengo ser\u00e1 &#8220;\u00e9pico&#8221;","datePublished":"2021-02-18T18:56:21+00:00","dateModified":"2024-04-07T11:25:15+00:00","mainEntityOfPage":{"@id":"https:\/\/www.gaveanews.com\/index.php\/2021\/02\/18\/galvao-bueno-afirma-que-jogo-entre-internacional-e-flamengo-sera-epico\/"},"wordCount":300,"commentCount":0,"image":{"@id":"https:\/\/www.gaveanews.com\/index.php\/2021\/02\/18\/galvao-bueno-afirma-que-jogo-entre-internacional-e-flamengo-sera-epico\/#primaryimage"},"thumbnailUrl":"https:\/\/www.gaveanews.com\/wp-content\/uploads\/Galvao-Bueno-com-o-terno-da-Rede-Globo-e-da-SporTV.webp","keywords":["Carlos Eduardo dos Santos Galv\u00e3o Bueno"],"articleSection":["Flamengo"],"inLanguage":"pt-BR","potentialAction":[{"@type":"CommentAction","name":"Comment","target":["https:\/\/www.gaveanews.com\/index.php\/2021\/02\/18\/galvao-bueno-afirma-que-jogo-entre-internacional-e-flamengo-sera-epico\/#respond"]}],"copyrightYear":"2021","copyrightHolder":{"@id":"https:\/\/www.gaveanews.com\/#organization"}},{"@type":"WebPage","@id":"https:\/\/www.gaveanews.com\/index.php\/2021\/02\/18\/galvao-bueno-afirma-que-jogo-entre-internacional-e-flamengo-sera-epico\/","url":"https:\/\/www.gaveanews.com\/index.php\/2021\/02\/18\/galvao-bueno-afirma-que-jogo-entre-internacional-e-flamengo-sera-epico\/","name":"Galv\u00e3o Bueno afirma que jogo entre Internacional e Flamengo ser\u00e1 \"\u00e9pico\"","isPartOf":{"@id":"https:\/\/www.gaveanews.com\/#website"},"primaryImageOfPage":{"@id":"https:\/\/www.gaveanews.com\/index.php\/2021\/02\/18\/galvao-bueno-afirma-que-jogo-entre-internacional-e-flamengo-sera-epico\/#primaryimage"},"image":{"@id":"https:\/\/www.gaveanews.com\/index.php\/2021\/02\/18\/galvao-bueno-afirma-que-jogo-entre-internacional-e-flamengo-sera-epico\/#primaryimage"},"thumbnailUrl":"https:\/\/www.gaveanews.com\/wp-content\/uploads\/Galvao-Bueno-com-o-terno-da-Rede-Globo-e-da-SporTV.webp","datePublished":"2021-02-18T18:56:21+00:00","dateModified":"2024-04-07T11:25:15+00:00","author":{"@id":"https:\/\/www.gaveanews.com\/#\/schema\/person\/714c67050b836198af2450ba1c142a67"},"description":"O narrador lembrou das cr\u00edticas feitas ao treinador Rog\u00e9rio Ceni e afirmou ter visto evolu\u00e7\u00e3o da equipe da G\u00e1vea nos \u00faltimos confrontos.","breadcrumb":{"@id":"https:\/\/www.gaveanews.com\/index.php\/2021\/02\/18\/galvao-bueno-afirma-que-jogo-entre-internacional-e-flamengo-sera-epico\/#breadcrumb"},"inLanguage":"pt-BR","potentialAction":[{"@type":"ReadAction","target":["https:\/\/www.gaveanews.com\/index.php\/2021\/02\/18\/galvao-bueno-afirma-que-jogo-entre-internacional-e-flamengo-sera-epico\/"]}]},{"@type":"ImageObject","inLanguage":"pt-BR","@id":"https:\/\/www.gaveanews.com\/index.php\/2021\/02\/18\/galvao-bueno-afirma-que-jogo-entre-internacional-e-flamengo-sera-epico\/#primaryimage","url":"https:\/\/www.gaveanews.com\/wp-content\/uploads\/Galvao-Bueno-com-o-terno-da-Rede-Globo-e-da-SporTV.webp","contentUrl":"https:\/\/www.gaveanews.com\/wp-content\/uploads\/Galvao-Bueno-com-o-terno-da-Rede-Globo-e-da-SporTV.webp","width":1200,"height":912,"caption":"Galv\u00e3o Bueno com o terno da Rede Globo e da SporTV (Foto: Divulga\u00e7\u00e3o)"},{"@type":"BreadcrumbList","@id":"https:\/\/www.gaveanews.com\/index.php\/2021\/02\/18\/galvao-bueno-afirma-que-jogo-entre-internacional-e-flamengo-sera-epico\/#breadcrumb","itemListElement":[{"@type":"ListItem","position":1,"name":"Home","item":"https:\/\/www.gaveanews.com\/"},{"@type":"ListItem","position":2,"name":"Galv\u00e3o Bueno afirma que jogo entre Internacional e Flamengo ser\u00e1 &#8220;\u00e9pico&#8221;"}]},{"@type":"WebSite","@id":"https:\/\/www.gaveanews.com\/#website","url":"https:\/\/www.gaveanews.com\/","name":"G\u00e1vea News","description":"Veja todas as not\u00edcias sobre o Flamengo: Contrata\u00e7\u00f5es, categorias de base, resultados das partidas, tabela de classifica\u00e7\u00e3o, pr\u00f3ximos jogos!","potentialAction":[{"@type":"SearchAction","target":{"@type":"EntryPoint","urlTemplate":"https:\/\/www.gaveanews.com\/?s={search_term_string}"},"query-input":{"@type":"PropertyValueSpecification","valueRequired":true,"valueName":"search_term_string"}}],"inLanguage":"pt-BR"},{"@type":"Person","@id":"https:\/\/www.gaveanews.com\/#\/schema\/person\/714c67050b836198af2450ba1c142a67","name":"Let\u00edcia Gerheim","image":{"@type":"ImageObject","inLanguage":"pt-BR","@id":"https:\/\/www.gaveanews.com\/#\/schema\/person\/image\/","url":"https:\/\/secure.gravatar.com\/avatar\/60734739c50fcebfbac509e2a826ccd0ff405c019bc73aab9354f19ecad1dcb4?s=96&d=mm&r=g","contentUrl":"https:\/\/secure.gravatar.com\/avatar\/60734739c50fcebfbac509e2a826ccd0ff405c019bc73aab9354f19ecad1dcb4?s=96&d=mm&r=g","caption":"Let\u00edcia Gerheim"}}]}},"_links":{"self":[{"href":"https:\/\/www.gaveanews.com\/index.php\/wp-json\/wp\/v2\/posts\/56333","targetHints":{"allow":["GET"]}}],"collection":[{"href":"https:\/\/www.gaveanews.com\/index.php\/wp-json\/wp\/v2\/posts"}],"about":[{"href":"https:\/\/www.gaveanews.com\/index.php\/wp-json\/wp\/v2\/types\/post"}],"author":[{"embeddable":true,"href":"https:\/\/www.gaveanews.com\/index.php\/wp-json\/wp\/v2\/users\/4"}],"replies":[{"embeddable":true,"href":"https:\/\/www.gaveanews.com\/index.php\/wp-json\/wp\/v2\/comments?post=56333"}],"version-history":[{"count":1,"href":"https:\/\/www.gaveanews.com\/index.php\/wp-json\/wp\/v2\/posts\/56333\/revisions"}],"predecessor-version":[{"id":135854,"href":"https:\/\/www.gaveanews.com\/index.php\/wp-json\/wp\/v2\/posts\/56333\/revisions\/135854"}],"wp:featuredmedia":[{"embeddable":true,"href":"https:\/\/www.gaveanews.com\/index.php\/wp-json\/wp\/v2\/media\/47962"}],"wp:attachment":[{"href":"https:\/\/www.gaveanews.com\/index.php\/wp-json\/wp\/v2\/media?parent=56333"}],"wp:term":[{"taxonomy":"category","embeddable":true,"href":"https:\/\/www.gaveanews.com\/index.php\/wp-json\/wp\/v2\/categories?post=56333"},{"taxonomy":"post_tag","embeddable":true,"href":"https:\/\/www.gaveanews.com\/index.php\/wp-json\/wp\/v2\/tags?post=56333"}],"curies":[{"name":"wp","href":"https:\/\/api.w.org\/{rel}","templated":true}]}}