{"id":56339,"date":"2021-02-20T13:20:16","date_gmt":"2021-02-20T16:20:16","guid":{"rendered":"https:\/\/www.gaveanews.com\/?p=56339"},"modified":"2021-08-12T00:47:32","modified_gmt":"2021-08-12T03:47:32","slug":"confira-a-lista-de-relacionados-pelo-flamengo-contra-o-internacional","status":"publish","type":"post","link":"https:\/\/www.gaveanews.com\/index.php\/2021\/02\/20\/confira-a-lista-de-relacionados-pelo-flamengo-contra-o-internacional\/","title":{"rendered":"Confira a lista de relacionados pelo Flamengo contra o Internacional"},"content":{"rendered":"\n<p>No pr\u00f3ximo domingo (21), o Mais Querido enfrentar\u00e1 o Internacional pela pen\u00faltima rodada do Campeonato Brasileiro. O confronto ocorrer\u00e1 \u00e0s 16h (hor\u00e1rio de Bras\u00edlia) e ser\u00e1 transmitido pela TV Globo.<\/p>\n\n\n\n<p>Com o l\u00edder da competi\u00e7\u00e3o pela frente, o Flamengo busca a vit\u00f3ria para inverter as posi\u00e7\u00f5es e assumir o topo da tabela. A esta altura do campeonato, \u00e9 imprescind\u00edvel que o rubro-negro consiga mais 3 pontos para conquistar o t\u00edtulo, uma vez que o clube j\u00e1 possui um grande rombo no or\u00e7amento com as elimina\u00e7\u00f5es precoces ocorridas nesta temporada que est\u00e1 se findando.<\/p>\n\n\n\n<p>No tocante ao elenco, ap\u00f3s o susto no jogo contra o Corinthians, Gabigol e Arrascaeta foram examinados e suas dores cessaram. Com isso, ambos treinaram normalmente durante a semana e est\u00e3o liberados para atuarem pelo Mengo. Em contrapartida, Diego Alves e Thiago Maia permanecem em tratamento com o departamento m\u00e9dico e continuam desfalcando o grupo.<\/p>\n\n\n\n<p>Al\u00e9m destas quest\u00f5es, Gabigol, Gustavo Henrique, Jo\u00e3o Lucas e Rog\u00e9rio Ceni est\u00e3o pendurados e, caso recebam mais um cart\u00e3o amarelo contra o Inter, ficar\u00e3o indispon\u00edveis para atuar pelo Flamengo contra o S\u00e3o Paulo na pr\u00f3xima quinta-feira (25). <\/p>\n\n\n\n<h2 class=\"wp-block-heading\" id=\"h-confira-a-lista-de-relacionados-pelo-flamengo\">Confira a lista de relacionados pelo Flamengo:<\/h2>\n\n\n\n<ul class=\"wp-block-list\"><li><strong>Goleiros:<\/strong> C\u00e9sar, Gabriel, Hugo<\/li><li><strong>Zagueiros:<\/strong> Gustavo Henrique, L\u00e9o Pereira, Rodrigo Caio, Natan<\/li><li><strong>Laterais:<\/strong> Filipe Lu\u00eds, Isla, Jo\u00e3o Lucas, Matheuzinho, Ren\u00ea<\/li><li><strong>Meio-campistas:<\/strong> De Arrascaeta, Diego, Everton, Gerson, Jo\u00e3o Gomes, Pep\u00ea, Ar\u00e3o<\/li><li><strong>Atacantes:<\/strong> Bruno Henrique, Gabi, Pedro, Muniz, Vitinho<\/li><\/ul>\n","protected":false},"excerpt":{"rendered":"<p>No pr\u00f3ximo domingo (21), o Mais Querido enfrentar\u00e1 o Internacional pela pen\u00faltima rodada do Campeonato Brasileiro. O confronto ocorrer\u00e1 \u00e0s 16h (hor\u00e1rio de Bras\u00edlia) e ser\u00e1 transmitido pela TV Globo. Com o l\u00edder da competi\u00e7\u00e3o pela frente, o Flamengo busca a vit\u00f3ria para inverter as posi\u00e7\u00f5es e assumir o topo da tabela. A esta altura [&hellip;]<\/p>\n","protected":false},"author":4,"featured_media":55747,"comment_status":"open","ping_status":"closed","sticky":false,"template":"","format":"standard","meta":{"footnotes":""},"categories":[1],"tags":[],"class_list":["post-56339","post","type-post","status-publish","format-standard","has-post-thumbnail","hentry","category-flamengo"],"yoast_head":"<!-- This site is optimized with the Yoast SEO Premium plugin v24.2 (Yoast SEO v26.9) - https:\/\/yoast.com\/product\/yoast-seo-premium-wordpress\/ -->\n<title>Confira a lista de relacionados pelo Flamengo contra o Internacional<\/title>\n<meta name=\"description\" content=\"Com o l\u00edder da competi\u00e7\u00e3o pela frente, o Flamengo busca a vit\u00f3ria para inverter as posi\u00e7\u00f5es e assumir o topo da tabela.\" \/>\n<meta name=\"robots\" content=\"index, follow, max-snippet:-1, max-image-preview:large, max-video-preview:-1\" \/>\n<link rel=\"canonical\" href=\"https:\/\/www.gaveanews.com\/index.php\/2021\/02\/20\/confira-a-lista-de-relacionados-pelo-flamengo-contra-o-internacional\/\" \/>\n<meta property=\"og:locale\" content=\"pt_BR\" \/>\n<meta property=\"og:type\" content=\"article\" \/>\n<meta property=\"og:title\" content=\"Confira a lista de relacionados pelo Flamengo contra o Internacional\" \/>\n<meta property=\"og:description\" content=\"Com o l\u00edder da competi\u00e7\u00e3o pela frente, o Flamengo busca a vit\u00f3ria para inverter as posi\u00e7\u00f5es e assumir o topo da tabela.\" \/>\n<meta property=\"og:url\" content=\"https:\/\/www.gaveanews.com\/index.php\/2021\/02\/20\/confira-a-lista-de-relacionados-pelo-flamengo-contra-o-internacional\/\" \/>\n<meta property=\"og:site_name\" content=\"G\u00e1vea News\" \/>\n<meta property=\"article:publisher\" content=\"https:\/\/facebook.com\/gaveaNews\/\" \/>\n<meta property=\"article:published_time\" content=\"2021-02-20T16:20:16+00:00\" \/>\n<meta property=\"article:modified_time\" content=\"2021-08-12T03:47:32+00:00\" \/>\n<meta property=\"og:image\" content=\"https:\/\/www.gaveanews.com\/wp-content\/uploads\/Jogadores-do-Flamengo-comemorando-gol-marcado-contra-o-Vasco.webp\" \/>\n\t<meta property=\"og:image:width\" content=\"799\" \/>\n\t<meta property=\"og:image:height\" content=\"532\" \/>\n\t<meta property=\"og:image:type\" content=\"image\/jpeg\" \/>\n<meta name=\"author\" content=\"Let\u00edcia Gerheim\" \/>\n<meta name=\"twitter:card\" content=\"summary_large_image\" \/>\n<meta name=\"twitter:label1\" content=\"Escrito por\" \/>\n\t<meta name=\"twitter:data1\" content=\"Let\u00edcia Gerheim\" \/>\n\t<meta name=\"twitter:label2\" content=\"Est. tempo de leitura\" \/>\n\t<meta name=\"twitter:data2\" content=\"1 minuto\" \/>\n<script type=\"application\/ld+json\" class=\"yoast-schema-graph\">{\"@context\":\"https:\/\/schema.org\",\"@graph\":[{\"@type\":\"NewsArticle\",\"@id\":\"https:\/\/www.gaveanews.com\/index.php\/2021\/02\/20\/confira-a-lista-de-relacionados-pelo-flamengo-contra-o-internacional\/#article\",\"isPartOf\":{\"@id\":\"https:\/\/www.gaveanews.com\/index.php\/2021\/02\/20\/confira-a-lista-de-relacionados-pelo-flamengo-contra-o-internacional\/\"},\"author\":{\"name\":\"Let\u00edcia Gerheim\",\"@id\":\"https:\/\/www.gaveanews.com\/#\/schema\/person\/714c67050b836198af2450ba1c142a67\"},\"headline\":\"Confira a lista de relacionados pelo Flamengo contra o Internacional\",\"datePublished\":\"2021-02-20T16:20:16+00:00\",\"dateModified\":\"2021-08-12T03:47:32+00:00\",\"mainEntityOfPage\":{\"@id\":\"https:\/\/www.gaveanews.com\/index.php\/2021\/02\/20\/confira-a-lista-de-relacionados-pelo-flamengo-contra-o-internacional\/\"},\"wordCount\":266,\"commentCount\":38,\"image\":{\"@id\":\"https:\/\/www.gaveanews.com\/index.php\/2021\/02\/20\/confira-a-lista-de-relacionados-pelo-flamengo-contra-o-internacional\/#primaryimage\"},\"thumbnailUrl\":\"https:\/\/www.gaveanews.com\/wp-content\/uploads\/Jogadores-do-Flamengo-comemorando-gol-marcado-contra-o-Vasco.webp\",\"articleSection\":[\"Flamengo\"],\"inLanguage\":\"pt-BR\",\"potentialAction\":[{\"@type\":\"CommentAction\",\"name\":\"Comment\",\"target\":[\"https:\/\/www.gaveanews.com\/index.php\/2021\/02\/20\/confira-a-lista-de-relacionados-pelo-flamengo-contra-o-internacional\/#respond\"]}],\"copyrightYear\":\"2021\",\"copyrightHolder\":{\"@id\":\"https:\/\/www.gaveanews.com\/#organization\"}},{\"@type\":\"WebPage\",\"@id\":\"https:\/\/www.gaveanews.com\/index.php\/2021\/02\/20\/confira-a-lista-de-relacionados-pelo-flamengo-contra-o-internacional\/\",\"url\":\"https:\/\/www.gaveanews.com\/index.php\/2021\/02\/20\/confira-a-lista-de-relacionados-pelo-flamengo-contra-o-internacional\/\",\"name\":\"Confira a lista de relacionados pelo Flamengo contra o Internacional\",\"isPartOf\":{\"@id\":\"https:\/\/www.gaveanews.com\/#website\"},\"primaryImageOfPage\":{\"@id\":\"https:\/\/www.gaveanews.com\/index.php\/2021\/02\/20\/confira-a-lista-de-relacionados-pelo-flamengo-contra-o-internacional\/#primaryimage\"},\"image\":{\"@id\":\"https:\/\/www.gaveanews.com\/index.php\/2021\/02\/20\/confira-a-lista-de-relacionados-pelo-flamengo-contra-o-internacional\/#primaryimage\"},\"thumbnailUrl\":\"https:\/\/www.gaveanews.com\/wp-content\/uploads\/Jogadores-do-Flamengo-comemorando-gol-marcado-contra-o-Vasco.webp\",\"datePublished\":\"2021-02-20T16:20:16+00:00\",\"dateModified\":\"2021-08-12T03:47:32+00:00\",\"author\":{\"@id\":\"https:\/\/www.gaveanews.com\/#\/schema\/person\/714c67050b836198af2450ba1c142a67\"},\"description\":\"Com o l\u00edder da competi\u00e7\u00e3o pela frente, o Flamengo busca a vit\u00f3ria para inverter as posi\u00e7\u00f5es e assumir o topo da tabela.\",\"breadcrumb\":{\"@id\":\"https:\/\/www.gaveanews.com\/index.php\/2021\/02\/20\/confira-a-lista-de-relacionados-pelo-flamengo-contra-o-internacional\/#breadcrumb\"},\"inLanguage\":\"pt-BR\",\"potentialAction\":[{\"@type\":\"ReadAction\",\"target\":[\"https:\/\/www.gaveanews.com\/index.php\/2021\/02\/20\/confira-a-lista-de-relacionados-pelo-flamengo-contra-o-internacional\/\"]}]},{\"@type\":\"ImageObject\",\"inLanguage\":\"pt-BR\",\"@id\":\"https:\/\/www.gaveanews.com\/index.php\/2021\/02\/20\/confira-a-lista-de-relacionados-pelo-flamengo-contra-o-internacional\/#primaryimage\",\"url\":\"https:\/\/www.gaveanews.com\/wp-content\/uploads\/Jogadores-do-Flamengo-comemorando-gol-marcado-contra-o-Vasco.webp\",\"contentUrl\":\"https:\/\/www.gaveanews.com\/wp-content\/uploads\/Jogadores-do-Flamengo-comemorando-gol-marcado-contra-o-Vasco.webp\",\"width\":799,\"height\":532,\"caption\":\"Jogadores do Flamengo comemorando gol marcado contra o Vasco (Foto: Marcelo Cortes\/Flamengo)\"},{\"@type\":\"BreadcrumbList\",\"@id\":\"https:\/\/www.gaveanews.com\/index.php\/2021\/02\/20\/confira-a-lista-de-relacionados-pelo-flamengo-contra-o-internacional\/#breadcrumb\",\"itemListElement\":[{\"@type\":\"ListItem\",\"position\":1,\"name\":\"Home\",\"item\":\"https:\/\/www.gaveanews.com\/\"},{\"@type\":\"ListItem\",\"position\":2,\"name\":\"Confira a lista de relacionados pelo Flamengo contra o Internacional\"}]},{\"@type\":\"WebSite\",\"@id\":\"https:\/\/www.gaveanews.com\/#website\",\"url\":\"https:\/\/www.gaveanews.com\/\",\"name\":\"G\u00e1vea News\",\"description\":\"Veja todas as not\u00edcias sobre o Flamengo: Contrata\u00e7\u00f5es, categorias de base, resultados das partidas, tabela de classifica\u00e7\u00e3o, pr\u00f3ximos jogos!\",\"potentialAction\":[{\"@type\":\"SearchAction\",\"target\":{\"@type\":\"EntryPoint\",\"urlTemplate\":\"https:\/\/www.gaveanews.com\/?s={search_term_string}\"},\"query-input\":{\"@type\":\"PropertyValueSpecification\",\"valueRequired\":true,\"valueName\":\"search_term_string\"}}],\"inLanguage\":\"pt-BR\"},{\"@type\":\"Person\",\"@id\":\"https:\/\/www.gaveanews.com\/#\/schema\/person\/714c67050b836198af2450ba1c142a67\",\"name\":\"Let\u00edcia Gerheim\",\"image\":{\"@type\":\"ImageObject\",\"inLanguage\":\"pt-BR\",\"@id\":\"https:\/\/www.gaveanews.com\/#\/schema\/person\/image\/\",\"url\":\"https:\/\/secure.gravatar.com\/avatar\/60734739c50fcebfbac509e2a826ccd0ff405c019bc73aab9354f19ecad1dcb4?s=96&d=mm&r=g\",\"contentUrl\":\"https:\/\/secure.gravatar.com\/avatar\/60734739c50fcebfbac509e2a826ccd0ff405c019bc73aab9354f19ecad1dcb4?s=96&d=mm&r=g\",\"caption\":\"Let\u00edcia Gerheim\"}}]}<\/script>\n<!-- \/ Yoast SEO Premium plugin. -->","yoast_head_json":{"title":"Confira a lista de relacionados pelo Flamengo contra o Internacional","description":"Com o l\u00edder da competi\u00e7\u00e3o pela frente, o Flamengo busca a vit\u00f3ria para inverter as posi\u00e7\u00f5es e assumir o topo da tabela.","robots":{"index":"index","follow":"follow","max-snippet":"max-snippet:-1","max-image-preview":"max-image-preview:large","max-video-preview":"max-video-preview:-1"},"canonical":"https:\/\/www.gaveanews.com\/index.php\/2021\/02\/20\/confira-a-lista-de-relacionados-pelo-flamengo-contra-o-internacional\/","og_locale":"pt_BR","og_type":"article","og_title":"Confira a lista de relacionados pelo Flamengo contra o Internacional","og_description":"Com o l\u00edder da competi\u00e7\u00e3o pela frente, o Flamengo busca a vit\u00f3ria para inverter as posi\u00e7\u00f5es e assumir o topo da tabela.","og_url":"https:\/\/www.gaveanews.com\/index.php\/2021\/02\/20\/confira-a-lista-de-relacionados-pelo-flamengo-contra-o-internacional\/","og_site_name":"G\u00e1vea News","article_publisher":"https:\/\/facebook.com\/gaveaNews\/","article_published_time":"2021-02-20T16:20:16+00:00","article_modified_time":"2021-08-12T03:47:32+00:00","og_image":[{"width":799,"height":532,"url":"https:\/\/www.gaveanews.com\/wp-content\/uploads\/Jogadores-do-Flamengo-comemorando-gol-marcado-contra-o-Vasco.webp","type":"image\/jpeg"}],"author":"Let\u00edcia Gerheim","twitter_card":"summary_large_image","twitter_misc":{"Escrito por":"Let\u00edcia Gerheim","Est. tempo de leitura":"1 minuto"},"schema":{"@context":"https:\/\/schema.org","@graph":[{"@type":"NewsArticle","@id":"https:\/\/www.gaveanews.com\/index.php\/2021\/02\/20\/confira-a-lista-de-relacionados-pelo-flamengo-contra-o-internacional\/#article","isPartOf":{"@id":"https:\/\/www.gaveanews.com\/index.php\/2021\/02\/20\/confira-a-lista-de-relacionados-pelo-flamengo-contra-o-internacional\/"},"author":{"name":"Let\u00edcia Gerheim","@id":"https:\/\/www.gaveanews.com\/#\/schema\/person\/714c67050b836198af2450ba1c142a67"},"headline":"Confira a lista de relacionados pelo Flamengo contra o Internacional","datePublished":"2021-02-20T16:20:16+00:00","dateModified":"2021-08-12T03:47:32+00:00","mainEntityOfPage":{"@id":"https:\/\/www.gaveanews.com\/index.php\/2021\/02\/20\/confira-a-lista-de-relacionados-pelo-flamengo-contra-o-internacional\/"},"wordCount":266,"commentCount":38,"image":{"@id":"https:\/\/www.gaveanews.com\/index.php\/2021\/02\/20\/confira-a-lista-de-relacionados-pelo-flamengo-contra-o-internacional\/#primaryimage"},"thumbnailUrl":"https:\/\/www.gaveanews.com\/wp-content\/uploads\/Jogadores-do-Flamengo-comemorando-gol-marcado-contra-o-Vasco.webp","articleSection":["Flamengo"],"inLanguage":"pt-BR","potentialAction":[{"@type":"CommentAction","name":"Comment","target":["https:\/\/www.gaveanews.com\/index.php\/2021\/02\/20\/confira-a-lista-de-relacionados-pelo-flamengo-contra-o-internacional\/#respond"]}],"copyrightYear":"2021","copyrightHolder":{"@id":"https:\/\/www.gaveanews.com\/#organization"}},{"@type":"WebPage","@id":"https:\/\/www.gaveanews.com\/index.php\/2021\/02\/20\/confira-a-lista-de-relacionados-pelo-flamengo-contra-o-internacional\/","url":"https:\/\/www.gaveanews.com\/index.php\/2021\/02\/20\/confira-a-lista-de-relacionados-pelo-flamengo-contra-o-internacional\/","name":"Confira a lista de relacionados pelo Flamengo contra o Internacional","isPartOf":{"@id":"https:\/\/www.gaveanews.com\/#website"},"primaryImageOfPage":{"@id":"https:\/\/www.gaveanews.com\/index.php\/2021\/02\/20\/confira-a-lista-de-relacionados-pelo-flamengo-contra-o-internacional\/#primaryimage"},"image":{"@id":"https:\/\/www.gaveanews.com\/index.php\/2021\/02\/20\/confira-a-lista-de-relacionados-pelo-flamengo-contra-o-internacional\/#primaryimage"},"thumbnailUrl":"https:\/\/www.gaveanews.com\/wp-content\/uploads\/Jogadores-do-Flamengo-comemorando-gol-marcado-contra-o-Vasco.webp","datePublished":"2021-02-20T16:20:16+00:00","dateModified":"2021-08-12T03:47:32+00:00","author":{"@id":"https:\/\/www.gaveanews.com\/#\/schema\/person\/714c67050b836198af2450ba1c142a67"},"description":"Com o l\u00edder da competi\u00e7\u00e3o pela frente, o Flamengo busca a vit\u00f3ria para inverter as posi\u00e7\u00f5es e assumir o topo da tabela.","breadcrumb":{"@id":"https:\/\/www.gaveanews.com\/index.php\/2021\/02\/20\/confira-a-lista-de-relacionados-pelo-flamengo-contra-o-internacional\/#breadcrumb"},"inLanguage":"pt-BR","potentialAction":[{"@type":"ReadAction","target":["https:\/\/www.gaveanews.com\/index.php\/2021\/02\/20\/confira-a-lista-de-relacionados-pelo-flamengo-contra-o-internacional\/"]}]},{"@type":"ImageObject","inLanguage":"pt-BR","@id":"https:\/\/www.gaveanews.com\/index.php\/2021\/02\/20\/confira-a-lista-de-relacionados-pelo-flamengo-contra-o-internacional\/#primaryimage","url":"https:\/\/www.gaveanews.com\/wp-content\/uploads\/Jogadores-do-Flamengo-comemorando-gol-marcado-contra-o-Vasco.webp","contentUrl":"https:\/\/www.gaveanews.com\/wp-content\/uploads\/Jogadores-do-Flamengo-comemorando-gol-marcado-contra-o-Vasco.webp","width":799,"height":532,"caption":"Jogadores do Flamengo comemorando gol marcado contra o Vasco (Foto: Marcelo Cortes\/Flamengo)"},{"@type":"BreadcrumbList","@id":"https:\/\/www.gaveanews.com\/index.php\/2021\/02\/20\/confira-a-lista-de-relacionados-pelo-flamengo-contra-o-internacional\/#breadcrumb","itemListElement":[{"@type":"ListItem","position":1,"name":"Home","item":"https:\/\/www.gaveanews.com\/"},{"@type":"ListItem","position":2,"name":"Confira a lista de relacionados pelo Flamengo contra o Internacional"}]},{"@type":"WebSite","@id":"https:\/\/www.gaveanews.com\/#website","url":"https:\/\/www.gaveanews.com\/","name":"G\u00e1vea News","description":"Veja todas as not\u00edcias sobre o Flamengo: Contrata\u00e7\u00f5es, categorias de base, resultados das partidas, tabela de classifica\u00e7\u00e3o, pr\u00f3ximos jogos!","potentialAction":[{"@type":"SearchAction","target":{"@type":"EntryPoint","urlTemplate":"https:\/\/www.gaveanews.com\/?s={search_term_string}"},"query-input":{"@type":"PropertyValueSpecification","valueRequired":true,"valueName":"search_term_string"}}],"inLanguage":"pt-BR"},{"@type":"Person","@id":"https:\/\/www.gaveanews.com\/#\/schema\/person\/714c67050b836198af2450ba1c142a67","name":"Let\u00edcia Gerheim","image":{"@type":"ImageObject","inLanguage":"pt-BR","@id":"https:\/\/www.gaveanews.com\/#\/schema\/person\/image\/","url":"https:\/\/secure.gravatar.com\/avatar\/60734739c50fcebfbac509e2a826ccd0ff405c019bc73aab9354f19ecad1dcb4?s=96&d=mm&r=g","contentUrl":"https:\/\/secure.gravatar.com\/avatar\/60734739c50fcebfbac509e2a826ccd0ff405c019bc73aab9354f19ecad1dcb4?s=96&d=mm&r=g","caption":"Let\u00edcia Gerheim"}}]}},"_links":{"self":[{"href":"https:\/\/www.gaveanews.com\/index.php\/wp-json\/wp\/v2\/posts\/56339","targetHints":{"allow":["GET"]}}],"collection":[{"href":"https:\/\/www.gaveanews.com\/index.php\/wp-json\/wp\/v2\/posts"}],"about":[{"href":"https:\/\/www.gaveanews.com\/index.php\/wp-json\/wp\/v2\/types\/post"}],"author":[{"embeddable":true,"href":"https:\/\/www.gaveanews.com\/index.php\/wp-json\/wp\/v2\/users\/4"}],"replies":[{"embeddable":true,"href":"https:\/\/www.gaveanews.com\/index.php\/wp-json\/wp\/v2\/comments?post=56339"}],"version-history":[{"count":0,"href":"https:\/\/www.gaveanews.com\/index.php\/wp-json\/wp\/v2\/posts\/56339\/revisions"}],"wp:featuredmedia":[{"embeddable":true,"href":"https:\/\/www.gaveanews.com\/index.php\/wp-json\/wp\/v2\/media\/55747"}],"wp:attachment":[{"href":"https:\/\/www.gaveanews.com\/index.php\/wp-json\/wp\/v2\/media?parent=56339"}],"wp:term":[{"taxonomy":"category","embeddable":true,"href":"https:\/\/www.gaveanews.com\/index.php\/wp-json\/wp\/v2\/categories?post=56339"},{"taxonomy":"post_tag","embeddable":true,"href":"https:\/\/www.gaveanews.com\/index.php\/wp-json\/wp\/v2\/tags?post=56339"}],"curies":[{"name":"wp","href":"https:\/\/api.w.org\/{rel}","templated":true}]}}