{"id":56354,"date":"2021-02-19T00:32:19","date_gmt":"2021-02-19T03:32:19","guid":{"rendered":"https:\/\/www.gaveanews.com\/?p=56354"},"modified":"2021-02-19T00:32:20","modified_gmt":"2021-02-19T03:32:20","slug":"flamengo-contrata-goleiro-da-chapecoense","status":"publish","type":"post","link":"https:\/\/www.gaveanews.com\/index.php\/2021\/02\/19\/flamengo-contrata-goleiro-da-chapecoense\/","title":{"rendered":"Flamengo contrata goleiro da Chapecoense"},"content":{"rendered":"\n<p>O Flamengo tem mais um goleiro para seu elenco. O Rubro-Negro contratou Eduardo Jaeger, que estava na Chapecoense, por empr\u00e9stimo.<\/p>\n\n\n\n<p>O clube catarinense oficializou em seu site na \u00faltima quarta-feira e informou que o goleiro de 18 anos vai ao Flamengo por empr\u00e9stimo com op\u00e7\u00e3o de compra do clube carioca.<\/p>\n\n\n\n<p>O empr\u00e9stimo tem validade at\u00e9 junho de 2022. Assim, o goleiro dever\u00e1 cumprir o restante de sua forma\u00e7\u00e3o nas categorias de base do Fla.<\/p>\n\n\n\n<p><strong>Confira o an\u00fancio feito pela Chapecoense:<\/strong><\/p>\n\n\n\n<figure class=\"wp-block-embed is-type-rich is-provider-twitter wp-block-embed-twitter\"><div class=\"wp-block-embed__wrapper\">\n<blockquote class=\"twitter-tweet\" data-width=\"550\" data-dnt=\"true\"><p lang=\"pt\" dir=\"ltr\">Base: Chapecoense encaminha empr\u00e9stimo de goleiro ao Flamengo \ud83d\udc9a\ud83c\udff9\u26bd\ufe0f<br><br>\u27a1\ufe0f <a href=\"https:\/\/t.co\/8Aj1fTdX2w\">https:\/\/t.co\/8Aj1fTdX2w<\/a> <a href=\"https:\/\/t.co\/PykYXGhsUg\">pic.twitter.com\/PykYXGhsUg<\/a><\/p>&mdash; Chapecoense (@ChapecoenseReal) <a href=\"https:\/\/twitter.com\/ChapecoenseReal\/status\/1362211402409254912?ref_src=twsrc%5Etfw\">February 18, 2021<\/a><\/blockquote><script async src=\"https:\/\/platform.twitter.com\/widgets.js\" charset=\"utf-8\"><\/script>\n<\/div><\/figure>\n\n\n\n<p>A princ\u00edpio, Eduardo vai defender o time sub-20 do Flamengo e disputar os campeonatos da categoria, mas pode ser aproveitado pelo time principal ao longo de seu contrato.<\/p>\n\n\n\n<p>Contratar jogadores para as categorias de base j\u00e1 se tornou algo rotineiro no Flamengo. O clube vem trazendo para seus times de base destaques de outras equipes, e assim fortalecendo as categorias sub-20, sub-17 e as demais.<\/p>\n\n\n\n<p>Para o time principal, o Fla conta hoje com Diego Alves, Hugo Souza, Gabriel Batista e C\u00e9sar no momento. O \u00faltimo deles dever\u00e1 sair nas pr\u00f3ximas semanas rumo ao Atl\u00e9tico-GO, tamb\u00e9m por empr\u00e9stimo.<\/p>\n\n\n\n<p>Retirado de: Hashtag Rubro-Negro<\/p>\n","protected":false},"excerpt":{"rendered":"<p>O Flamengo tem mais um goleiro para seu elenco. O Rubro-Negro contratou Eduardo Jaeger, que estava na Chapecoense, por empr\u00e9stimo. O clube catarinense oficializou em seu site na \u00faltima quarta-feira e informou que o goleiro de 18 anos vai ao Flamengo por empr\u00e9stimo com op\u00e7\u00e3o de compra do clube carioca. O empr\u00e9stimo tem validade at\u00e9 [&hellip;]<\/p>\n","protected":false},"author":1,"featured_media":56356,"comment_status":"open","ping_status":"closed","sticky":false,"template":"","format":"standard","meta":{"footnotes":""},"categories":[1],"tags":[],"class_list":["post-56354","post","type-post","status-publish","format-standard","has-post-thumbnail","hentry","category-flamengo"],"yoast_head":"<!-- This site is optimized with the Yoast SEO Premium plugin v24.2 (Yoast SEO v26.9) - https:\/\/yoast.com\/product\/yoast-seo-premium-wordpress\/ -->\n<title>Flamengo contrata goleiro da Chapecoense<\/title>\n<meta name=\"robots\" content=\"index, follow, max-snippet:-1, max-image-preview:large, max-video-preview:-1\" \/>\n<link rel=\"canonical\" href=\"https:\/\/www.gaveanews.com\/index.php\/2021\/02\/19\/flamengo-contrata-goleiro-da-chapecoense\/\" \/>\n<meta property=\"og:locale\" content=\"pt_BR\" \/>\n<meta property=\"og:type\" content=\"article\" \/>\n<meta property=\"og:title\" content=\"Flamengo contrata goleiro da Chapecoense\" \/>\n<meta property=\"og:description\" content=\"O Flamengo tem mais um goleiro para seu elenco. O Rubro-Negro contratou Eduardo Jaeger, que estava na Chapecoense, por empr\u00e9stimo. O clube catarinense oficializou em seu site na \u00faltima quarta-feira e informou que o goleiro de 18 anos vai ao Flamengo por empr\u00e9stimo com op\u00e7\u00e3o de compra do clube carioca. O empr\u00e9stimo tem validade at\u00e9 [&hellip;]\" \/>\n<meta property=\"og:url\" content=\"https:\/\/www.gaveanews.com\/index.php\/2021\/02\/19\/flamengo-contrata-goleiro-da-chapecoense\/\" \/>\n<meta property=\"og:site_name\" content=\"G\u00e1vea News\" \/>\n<meta property=\"article:publisher\" content=\"https:\/\/facebook.com\/gaveaNews\/\" \/>\n<meta property=\"article:published_time\" content=\"2021-02-19T03:32:19+00:00\" \/>\n<meta property=\"article:modified_time\" content=\"2021-02-19T03:32:20+00:00\" \/>\n<meta property=\"og:image\" content=\"https:\/\/www.gaveanews.com\/wp-content\/uploads\/Eduardo-Jaeger-posa-para-foto-enquanto-assina-contrato-com-a-Chapecoense.webp\" \/>\n\t<meta property=\"og:image:width\" content=\"750\" \/>\n\t<meta property=\"og:image:height\" content=\"430\" \/>\n\t<meta property=\"og:image:type\" content=\"image\/png\" \/>\n<meta name=\"author\" content=\"Equipe G\u00e1vea News\" \/>\n<meta name=\"twitter:card\" content=\"summary_large_image\" \/>\n<meta name=\"twitter:label1\" content=\"Escrito por\" \/>\n\t<meta name=\"twitter:data1\" content=\"Equipe G\u00e1vea News\" \/>\n\t<meta name=\"twitter:label2\" content=\"Est. tempo de leitura\" \/>\n\t<meta name=\"twitter:data2\" content=\"1 minuto\" \/>\n<script type=\"application\/ld+json\" class=\"yoast-schema-graph\">{\"@context\":\"https:\/\/schema.org\",\"@graph\":[{\"@type\":\"NewsArticle\",\"@id\":\"https:\/\/www.gaveanews.com\/index.php\/2021\/02\/19\/flamengo-contrata-goleiro-da-chapecoense\/#article\",\"isPartOf\":{\"@id\":\"https:\/\/www.gaveanews.com\/index.php\/2021\/02\/19\/flamengo-contrata-goleiro-da-chapecoense\/\"},\"author\":{\"name\":\"Equipe G\u00e1vea News\",\"@id\":\"https:\/\/www.gaveanews.com\/#\/schema\/person\/2ec14f73fb96be2caf28f91afb14749d\"},\"headline\":\"Flamengo contrata goleiro da Chapecoense\",\"datePublished\":\"2021-02-19T03:32:19+00:00\",\"dateModified\":\"2021-02-19T03:32:20+00:00\",\"mainEntityOfPage\":{\"@id\":\"https:\/\/www.gaveanews.com\/index.php\/2021\/02\/19\/flamengo-contrata-goleiro-da-chapecoense\/\"},\"wordCount\":224,\"commentCount\":13,\"image\":{\"@id\":\"https:\/\/www.gaveanews.com\/index.php\/2021\/02\/19\/flamengo-contrata-goleiro-da-chapecoense\/#primaryimage\"},\"thumbnailUrl\":\"https:\/\/www.gaveanews.com\/wp-content\/uploads\/Eduardo-Jaeger-posa-para-foto-enquanto-assina-contrato-com-a-Chapecoense.webp\",\"articleSection\":[\"Flamengo\"],\"inLanguage\":\"pt-BR\",\"potentialAction\":[{\"@type\":\"CommentAction\",\"name\":\"Comment\",\"target\":[\"https:\/\/www.gaveanews.com\/index.php\/2021\/02\/19\/flamengo-contrata-goleiro-da-chapecoense\/#respond\"]}],\"copyrightYear\":\"2021\",\"copyrightHolder\":{\"@id\":\"https:\/\/www.gaveanews.com\/#organization\"}},{\"@type\":\"WebPage\",\"@id\":\"https:\/\/www.gaveanews.com\/index.php\/2021\/02\/19\/flamengo-contrata-goleiro-da-chapecoense\/\",\"url\":\"https:\/\/www.gaveanews.com\/index.php\/2021\/02\/19\/flamengo-contrata-goleiro-da-chapecoense\/\",\"name\":\"Flamengo contrata goleiro da Chapecoense\",\"isPartOf\":{\"@id\":\"https:\/\/www.gaveanews.com\/#website\"},\"primaryImageOfPage\":{\"@id\":\"https:\/\/www.gaveanews.com\/index.php\/2021\/02\/19\/flamengo-contrata-goleiro-da-chapecoense\/#primaryimage\"},\"image\":{\"@id\":\"https:\/\/www.gaveanews.com\/index.php\/2021\/02\/19\/flamengo-contrata-goleiro-da-chapecoense\/#primaryimage\"},\"thumbnailUrl\":\"https:\/\/www.gaveanews.com\/wp-content\/uploads\/Eduardo-Jaeger-posa-para-foto-enquanto-assina-contrato-com-a-Chapecoense.webp\",\"datePublished\":\"2021-02-19T03:32:19+00:00\",\"dateModified\":\"2021-02-19T03:32:20+00:00\",\"author\":{\"@id\":\"https:\/\/www.gaveanews.com\/#\/schema\/person\/2ec14f73fb96be2caf28f91afb14749d\"},\"breadcrumb\":{\"@id\":\"https:\/\/www.gaveanews.com\/index.php\/2021\/02\/19\/flamengo-contrata-goleiro-da-chapecoense\/#breadcrumb\"},\"inLanguage\":\"pt-BR\",\"potentialAction\":[{\"@type\":\"ReadAction\",\"target\":[\"https:\/\/www.gaveanews.com\/index.php\/2021\/02\/19\/flamengo-contrata-goleiro-da-chapecoense\/\"]}]},{\"@type\":\"ImageObject\",\"inLanguage\":\"pt-BR\",\"@id\":\"https:\/\/www.gaveanews.com\/index.php\/2021\/02\/19\/flamengo-contrata-goleiro-da-chapecoense\/#primaryimage\",\"url\":\"https:\/\/www.gaveanews.com\/wp-content\/uploads\/Eduardo-Jaeger-posa-para-foto-enquanto-assina-contrato-com-a-Chapecoense.webp\",\"contentUrl\":\"https:\/\/www.gaveanews.com\/wp-content\/uploads\/Eduardo-Jaeger-posa-para-foto-enquanto-assina-contrato-com-a-Chapecoense.webp\",\"width\":750,\"height\":430},{\"@type\":\"BreadcrumbList\",\"@id\":\"https:\/\/www.gaveanews.com\/index.php\/2021\/02\/19\/flamengo-contrata-goleiro-da-chapecoense\/#breadcrumb\",\"itemListElement\":[{\"@type\":\"ListItem\",\"position\":1,\"name\":\"Home\",\"item\":\"https:\/\/www.gaveanews.com\/\"},{\"@type\":\"ListItem\",\"position\":2,\"name\":\"Flamengo contrata goleiro da Chapecoense\"}]},{\"@type\":\"WebSite\",\"@id\":\"https:\/\/www.gaveanews.com\/#website\",\"url\":\"https:\/\/www.gaveanews.com\/\",\"name\":\"G\u00e1vea News\",\"description\":\"Veja todas as not\u00edcias sobre o Flamengo: Contrata\u00e7\u00f5es, categorias de base, resultados das partidas, tabela de classifica\u00e7\u00e3o, pr\u00f3ximos jogos!\",\"potentialAction\":[{\"@type\":\"SearchAction\",\"target\":{\"@type\":\"EntryPoint\",\"urlTemplate\":\"https:\/\/www.gaveanews.com\/?s={search_term_string}\"},\"query-input\":{\"@type\":\"PropertyValueSpecification\",\"valueRequired\":true,\"valueName\":\"search_term_string\"}}],\"inLanguage\":\"pt-BR\"},{\"@type\":\"Person\",\"@id\":\"https:\/\/www.gaveanews.com\/#\/schema\/person\/2ec14f73fb96be2caf28f91afb14749d\",\"name\":\"Equipe G\u00e1vea News\",\"image\":{\"@type\":\"ImageObject\",\"inLanguage\":\"pt-BR\",\"@id\":\"https:\/\/www.gaveanews.com\/#\/schema\/person\/image\/\",\"url\":\"https:\/\/secure.gravatar.com\/avatar\/1e1956f1facbffd3f8fa53a326721950116b3b9dc9bd44939c01180fd4a745a9?s=96&d=mm&r=g\",\"contentUrl\":\"https:\/\/secure.gravatar.com\/avatar\/1e1956f1facbffd3f8fa53a326721950116b3b9dc9bd44939c01180fd4a745a9?s=96&d=mm&r=g\",\"caption\":\"Equipe G\u00e1vea News\"}}]}<\/script>\n<!-- \/ Yoast SEO Premium plugin. -->","yoast_head_json":{"title":"Flamengo contrata goleiro da Chapecoense","robots":{"index":"index","follow":"follow","max-snippet":"max-snippet:-1","max-image-preview":"max-image-preview:large","max-video-preview":"max-video-preview:-1"},"canonical":"https:\/\/www.gaveanews.com\/index.php\/2021\/02\/19\/flamengo-contrata-goleiro-da-chapecoense\/","og_locale":"pt_BR","og_type":"article","og_title":"Flamengo contrata goleiro da Chapecoense","og_description":"O Flamengo tem mais um goleiro para seu elenco. O Rubro-Negro contratou Eduardo Jaeger, que estava na Chapecoense, por empr\u00e9stimo. O clube catarinense oficializou em seu site na \u00faltima quarta-feira e informou que o goleiro de 18 anos vai ao Flamengo por empr\u00e9stimo com op\u00e7\u00e3o de compra do clube carioca. O empr\u00e9stimo tem validade at\u00e9 [&hellip;]","og_url":"https:\/\/www.gaveanews.com\/index.php\/2021\/02\/19\/flamengo-contrata-goleiro-da-chapecoense\/","og_site_name":"G\u00e1vea News","article_publisher":"https:\/\/facebook.com\/gaveaNews\/","article_published_time":"2021-02-19T03:32:19+00:00","article_modified_time":"2021-02-19T03:32:20+00:00","og_image":[{"width":750,"height":430,"url":"https:\/\/www.gaveanews.com\/wp-content\/uploads\/Eduardo-Jaeger-posa-para-foto-enquanto-assina-contrato-com-a-Chapecoense.webp","type":"image\/png"}],"author":"Equipe G\u00e1vea News","twitter_card":"summary_large_image","twitter_misc":{"Escrito por":"Equipe G\u00e1vea News","Est. tempo de leitura":"1 minuto"},"schema":{"@context":"https:\/\/schema.org","@graph":[{"@type":"NewsArticle","@id":"https:\/\/www.gaveanews.com\/index.php\/2021\/02\/19\/flamengo-contrata-goleiro-da-chapecoense\/#article","isPartOf":{"@id":"https:\/\/www.gaveanews.com\/index.php\/2021\/02\/19\/flamengo-contrata-goleiro-da-chapecoense\/"},"author":{"name":"Equipe G\u00e1vea News","@id":"https:\/\/www.gaveanews.com\/#\/schema\/person\/2ec14f73fb96be2caf28f91afb14749d"},"headline":"Flamengo contrata goleiro da Chapecoense","datePublished":"2021-02-19T03:32:19+00:00","dateModified":"2021-02-19T03:32:20+00:00","mainEntityOfPage":{"@id":"https:\/\/www.gaveanews.com\/index.php\/2021\/02\/19\/flamengo-contrata-goleiro-da-chapecoense\/"},"wordCount":224,"commentCount":13,"image":{"@id":"https:\/\/www.gaveanews.com\/index.php\/2021\/02\/19\/flamengo-contrata-goleiro-da-chapecoense\/#primaryimage"},"thumbnailUrl":"https:\/\/www.gaveanews.com\/wp-content\/uploads\/Eduardo-Jaeger-posa-para-foto-enquanto-assina-contrato-com-a-Chapecoense.webp","articleSection":["Flamengo"],"inLanguage":"pt-BR","potentialAction":[{"@type":"CommentAction","name":"Comment","target":["https:\/\/www.gaveanews.com\/index.php\/2021\/02\/19\/flamengo-contrata-goleiro-da-chapecoense\/#respond"]}],"copyrightYear":"2021","copyrightHolder":{"@id":"https:\/\/www.gaveanews.com\/#organization"}},{"@type":"WebPage","@id":"https:\/\/www.gaveanews.com\/index.php\/2021\/02\/19\/flamengo-contrata-goleiro-da-chapecoense\/","url":"https:\/\/www.gaveanews.com\/index.php\/2021\/02\/19\/flamengo-contrata-goleiro-da-chapecoense\/","name":"Flamengo contrata goleiro da Chapecoense","isPartOf":{"@id":"https:\/\/www.gaveanews.com\/#website"},"primaryImageOfPage":{"@id":"https:\/\/www.gaveanews.com\/index.php\/2021\/02\/19\/flamengo-contrata-goleiro-da-chapecoense\/#primaryimage"},"image":{"@id":"https:\/\/www.gaveanews.com\/index.php\/2021\/02\/19\/flamengo-contrata-goleiro-da-chapecoense\/#primaryimage"},"thumbnailUrl":"https:\/\/www.gaveanews.com\/wp-content\/uploads\/Eduardo-Jaeger-posa-para-foto-enquanto-assina-contrato-com-a-Chapecoense.webp","datePublished":"2021-02-19T03:32:19+00:00","dateModified":"2021-02-19T03:32:20+00:00","author":{"@id":"https:\/\/www.gaveanews.com\/#\/schema\/person\/2ec14f73fb96be2caf28f91afb14749d"},"breadcrumb":{"@id":"https:\/\/www.gaveanews.com\/index.php\/2021\/02\/19\/flamengo-contrata-goleiro-da-chapecoense\/#breadcrumb"},"inLanguage":"pt-BR","potentialAction":[{"@type":"ReadAction","target":["https:\/\/www.gaveanews.com\/index.php\/2021\/02\/19\/flamengo-contrata-goleiro-da-chapecoense\/"]}]},{"@type":"ImageObject","inLanguage":"pt-BR","@id":"https:\/\/www.gaveanews.com\/index.php\/2021\/02\/19\/flamengo-contrata-goleiro-da-chapecoense\/#primaryimage","url":"https:\/\/www.gaveanews.com\/wp-content\/uploads\/Eduardo-Jaeger-posa-para-foto-enquanto-assina-contrato-com-a-Chapecoense.webp","contentUrl":"https:\/\/www.gaveanews.com\/wp-content\/uploads\/Eduardo-Jaeger-posa-para-foto-enquanto-assina-contrato-com-a-Chapecoense.webp","width":750,"height":430},{"@type":"BreadcrumbList","@id":"https:\/\/www.gaveanews.com\/index.php\/2021\/02\/19\/flamengo-contrata-goleiro-da-chapecoense\/#breadcrumb","itemListElement":[{"@type":"ListItem","position":1,"name":"Home","item":"https:\/\/www.gaveanews.com\/"},{"@type":"ListItem","position":2,"name":"Flamengo contrata goleiro da Chapecoense"}]},{"@type":"WebSite","@id":"https:\/\/www.gaveanews.com\/#website","url":"https:\/\/www.gaveanews.com\/","name":"G\u00e1vea News","description":"Veja todas as not\u00edcias sobre o Flamengo: Contrata\u00e7\u00f5es, categorias de base, resultados das partidas, tabela de classifica\u00e7\u00e3o, pr\u00f3ximos jogos!","potentialAction":[{"@type":"SearchAction","target":{"@type":"EntryPoint","urlTemplate":"https:\/\/www.gaveanews.com\/?s={search_term_string}"},"query-input":{"@type":"PropertyValueSpecification","valueRequired":true,"valueName":"search_term_string"}}],"inLanguage":"pt-BR"},{"@type":"Person","@id":"https:\/\/www.gaveanews.com\/#\/schema\/person\/2ec14f73fb96be2caf28f91afb14749d","name":"Equipe G\u00e1vea News","image":{"@type":"ImageObject","inLanguage":"pt-BR","@id":"https:\/\/www.gaveanews.com\/#\/schema\/person\/image\/","url":"https:\/\/secure.gravatar.com\/avatar\/1e1956f1facbffd3f8fa53a326721950116b3b9dc9bd44939c01180fd4a745a9?s=96&d=mm&r=g","contentUrl":"https:\/\/secure.gravatar.com\/avatar\/1e1956f1facbffd3f8fa53a326721950116b3b9dc9bd44939c01180fd4a745a9?s=96&d=mm&r=g","caption":"Equipe G\u00e1vea News"}}]}},"_links":{"self":[{"href":"https:\/\/www.gaveanews.com\/index.php\/wp-json\/wp\/v2\/posts\/56354","targetHints":{"allow":["GET"]}}],"collection":[{"href":"https:\/\/www.gaveanews.com\/index.php\/wp-json\/wp\/v2\/posts"}],"about":[{"href":"https:\/\/www.gaveanews.com\/index.php\/wp-json\/wp\/v2\/types\/post"}],"author":[{"embeddable":true,"href":"https:\/\/www.gaveanews.com\/index.php\/wp-json\/wp\/v2\/users\/1"}],"replies":[{"embeddable":true,"href":"https:\/\/www.gaveanews.com\/index.php\/wp-json\/wp\/v2\/comments?post=56354"}],"version-history":[{"count":0,"href":"https:\/\/www.gaveanews.com\/index.php\/wp-json\/wp\/v2\/posts\/56354\/revisions"}],"wp:featuredmedia":[{"embeddable":true,"href":"https:\/\/www.gaveanews.com\/index.php\/wp-json\/wp\/v2\/media\/56356"}],"wp:attachment":[{"href":"https:\/\/www.gaveanews.com\/index.php\/wp-json\/wp\/v2\/media?parent=56354"}],"wp:term":[{"taxonomy":"category","embeddable":true,"href":"https:\/\/www.gaveanews.com\/index.php\/wp-json\/wp\/v2\/categories?post=56354"},{"taxonomy":"post_tag","embeddable":true,"href":"https:\/\/www.gaveanews.com\/index.php\/wp-json\/wp\/v2\/tags?post=56354"}],"curies":[{"name":"wp","href":"https:\/\/api.w.org\/{rel}","templated":true}]}}