{"id":56380,"date":"2021-02-20T21:45:44","date_gmt":"2021-02-21T00:45:44","guid":{"rendered":"https:\/\/www.gaveanews.com\/?p=56380"},"modified":"2021-08-12T00:47:30","modified_gmt":"2021-08-12T03:47:30","slug":"lazaro-do-flamengo-se-dispoe-a-ajudar-torcedor-que-sonha-ser-jogador","status":"publish","type":"post","link":"https:\/\/www.gaveanews.com\/index.php\/2021\/02\/20\/lazaro-do-flamengo-se-dispoe-a-ajudar-torcedor-que-sonha-ser-jogador\/","title":{"rendered":"L\u00e1zaro, do Flamengo,  se disp\u00f5e a ajudar torcedor que sonha ser jogador"},"content":{"rendered":"\n<p>Como j\u00e1 \u00e9 de conhecimento p\u00fablico, o Flamengo investe muito em jovens atletas para o futebol de base. A iniciativa visa a revela\u00e7\u00e3o de jovens promissores, como foi o caso de jovens como Vinicius J\u00fanior, Lucas Paquet\u00e1 e Reinier.<\/p>\n\n\n\n<p>Al\u00e9m dessa quest\u00e3o o clube tem recebido visibilidade no quesito de car\u00e1ter dos garotos. Um dos exemplo mais recentes tem como protagonista L\u00e1zaro &#8211; que atuou com o elenco profissional durante o surto de Covid vivido pelo rubro-negro, e atualmente refor\u00e7a a categoria sub-20 do time.<\/p>\n\n\n\n<p>A atitude destacada se deve \u00e0 iniciativa tomada pelo atacante de ajudar um jovem torcedor do Flamengo que sonha em se tornar um jogador profissional. O flamenguista contou em sua rede social que ganhou uma bolsa de estudos no exterior mas n\u00e3o possui condi\u00e7\u00f5es de aceit\u00e1-la. Ao ler o relato, L\u00e1zaro se disponibilizou e ofereceu ajuda ao torcedor.<\/p>\n\n\n\n<h2 class=\"wp-block-heading\" id=\"h-leia-as-publica-es\">Leia as publica\u00e7\u00f5es:<\/h2>\n\n\n\n<figure class=\"wp-block-embed is-type-rich is-provider-twitter wp-block-embed-twitter\"><div class=\"wp-block-embed__wrapper\">\n<blockquote class=\"twitter-tweet\" data-width=\"550\" data-dnt=\"true\"><p lang=\"pt\" dir=\"ltr\">Chama na DM!<\/p>&mdash; L\u00e1zaro (@Lazarovini10) <a href=\"https:\/\/twitter.com\/Lazarovini10\/status\/1362772106505842689?ref_src=twsrc%5Etfw\">February 19, 2021<\/a><\/blockquote><script async src=\"https:\/\/platform.twitter.com\/widgets.js\" charset=\"utf-8\"><\/script>\n<\/div><\/figure>\n\n\n\n<p>Com sua atitude, o cria do Flamengo demonstrou que entende a situa\u00e7\u00e3o dos torcedores. L\u00e1zaro tamb\u00e9m resgatou um pouco do sentimento de uni\u00e3o entre jogador e torcida, algo que, com a situa\u00e7\u00e3o vivida no mundo, est\u00e1 cada vez mais dif\u00edcil de se ver, afinal todas as arquibancadas est\u00e3o vazias.<\/p>\n\n\n\n<p>Tendo o atacante na torcida, o Flamengo enfrentar\u00e1 o Internacional em uma partida que valer\u00e1 a lideran\u00e7a na tabela do Brasileir\u00e3o. A partida ocorrer\u00e1 no domingo (21), \u00e0s 16h (hor\u00e1rio de Bras\u00edlia), e a transmiss\u00e3o ser\u00e1 garantida pela TV Globo.<\/p>\n","protected":false},"excerpt":{"rendered":"<p>Como j\u00e1 \u00e9 de conhecimento p\u00fablico, o Flamengo investe muito em jovens atletas para o futebol de base. A iniciativa visa a revela\u00e7\u00e3o de jovens promissores, como foi o caso de jovens como Vinicius J\u00fanior, Lucas Paquet\u00e1 e Reinier. Al\u00e9m dessa quest\u00e3o o clube tem recebido visibilidade no quesito de car\u00e1ter dos garotos. Um dos [&hellip;]<\/p>\n","protected":false},"author":4,"featured_media":48374,"comment_status":"open","ping_status":"closed","sticky":false,"template":"","format":"standard","meta":{"footnotes":""},"categories":[1],"tags":[],"class_list":["post-56380","post","type-post","status-publish","format-standard","has-post-thumbnail","hentry","category-flamengo"],"yoast_head":"<!-- This site is optimized with the Yoast SEO Premium plugin v24.2 (Yoast SEO v26.9) - https:\/\/yoast.com\/product\/yoast-seo-premium-wordpress\/ -->\n<title>L\u00e1zaro, do Flamengo, se disp\u00f5e a ajudar torcedor que sonha ser jogador<\/title>\n<meta name=\"description\" content=\"O jovem, que atuou com o elenco profissional durante o surto de Covid vivido pelo rubro-negro, atualmente refor\u00e7a a categoria sub-20 do time.\" \/>\n<meta name=\"robots\" content=\"index, follow, max-snippet:-1, max-image-preview:large, max-video-preview:-1\" \/>\n<link rel=\"canonical\" href=\"https:\/\/www.gaveanews.com\/index.php\/2021\/02\/20\/lazaro-do-flamengo-se-dispoe-a-ajudar-torcedor-que-sonha-ser-jogador\/\" \/>\n<meta property=\"og:locale\" content=\"pt_BR\" \/>\n<meta property=\"og:type\" content=\"article\" \/>\n<meta property=\"og:title\" content=\"L\u00e1zaro, do Flamengo, se disp\u00f5e a ajudar torcedor que sonha ser jogador\" \/>\n<meta property=\"og:description\" content=\"O jovem, que atuou com o elenco profissional durante o surto de Covid vivido pelo rubro-negro, atualmente refor\u00e7a a categoria sub-20 do time.\" \/>\n<meta property=\"og:url\" content=\"https:\/\/www.gaveanews.com\/index.php\/2021\/02\/20\/lazaro-do-flamengo-se-dispoe-a-ajudar-torcedor-que-sonha-ser-jogador\/\" \/>\n<meta property=\"og:site_name\" content=\"G\u00e1vea News\" \/>\n<meta property=\"article:publisher\" content=\"https:\/\/facebook.com\/gaveaNews\/\" \/>\n<meta property=\"article:published_time\" content=\"2021-02-21T00:45:44+00:00\" \/>\n<meta property=\"article:modified_time\" content=\"2021-08-12T03:47:30+00:00\" \/>\n<meta property=\"og:image\" content=\"https:\/\/www.gaveanews.com\/wp-content\/uploads\/Lazaro-em-acao-pelo-Flamengo-na-partida-contra-o-Palmeiras-pelo-Campeonato-Brasileiro-de-2020.webp\" \/>\n\t<meta property=\"og:image:width\" content=\"800\" \/>\n\t<meta property=\"og:image:height\" content=\"533\" \/>\n\t<meta property=\"og:image:type\" content=\"image\/jpeg\" \/>\n<meta name=\"author\" content=\"Let\u00edcia Gerheim\" \/>\n<meta name=\"twitter:card\" content=\"summary_large_image\" \/>\n<meta name=\"twitter:label1\" content=\"Escrito por\" \/>\n\t<meta name=\"twitter:data1\" content=\"Let\u00edcia Gerheim\" \/>\n\t<meta name=\"twitter:label2\" content=\"Est. tempo de leitura\" \/>\n\t<meta name=\"twitter:data2\" content=\"1 minuto\" \/>\n<script type=\"application\/ld+json\" class=\"yoast-schema-graph\">{\"@context\":\"https:\/\/schema.org\",\"@graph\":[{\"@type\":\"NewsArticle\",\"@id\":\"https:\/\/www.gaveanews.com\/index.php\/2021\/02\/20\/lazaro-do-flamengo-se-dispoe-a-ajudar-torcedor-que-sonha-ser-jogador\/#article\",\"isPartOf\":{\"@id\":\"https:\/\/www.gaveanews.com\/index.php\/2021\/02\/20\/lazaro-do-flamengo-se-dispoe-a-ajudar-torcedor-que-sonha-ser-jogador\/\"},\"author\":{\"name\":\"Let\u00edcia Gerheim\",\"@id\":\"https:\/\/www.gaveanews.com\/#\/schema\/person\/714c67050b836198af2450ba1c142a67\"},\"headline\":\"L\u00e1zaro, do Flamengo, se disp\u00f5e a ajudar torcedor que sonha ser jogador\",\"datePublished\":\"2021-02-21T00:45:44+00:00\",\"dateModified\":\"2021-08-12T03:47:30+00:00\",\"mainEntityOfPage\":{\"@id\":\"https:\/\/www.gaveanews.com\/index.php\/2021\/02\/20\/lazaro-do-flamengo-se-dispoe-a-ajudar-torcedor-que-sonha-ser-jogador\/\"},\"wordCount\":277,\"commentCount\":5,\"image\":{\"@id\":\"https:\/\/www.gaveanews.com\/index.php\/2021\/02\/20\/lazaro-do-flamengo-se-dispoe-a-ajudar-torcedor-que-sonha-ser-jogador\/#primaryimage\"},\"thumbnailUrl\":\"https:\/\/www.gaveanews.com\/wp-content\/uploads\/Lazaro-em-acao-pelo-Flamengo-na-partida-contra-o-Palmeiras-pelo-Campeonato-Brasileiro-de-2020.webp\",\"articleSection\":[\"Flamengo\"],\"inLanguage\":\"pt-BR\",\"potentialAction\":[{\"@type\":\"CommentAction\",\"name\":\"Comment\",\"target\":[\"https:\/\/www.gaveanews.com\/index.php\/2021\/02\/20\/lazaro-do-flamengo-se-dispoe-a-ajudar-torcedor-que-sonha-ser-jogador\/#respond\"]}],\"copyrightYear\":\"2021\",\"copyrightHolder\":{\"@id\":\"https:\/\/www.gaveanews.com\/#organization\"}},{\"@type\":\"WebPage\",\"@id\":\"https:\/\/www.gaveanews.com\/index.php\/2021\/02\/20\/lazaro-do-flamengo-se-dispoe-a-ajudar-torcedor-que-sonha-ser-jogador\/\",\"url\":\"https:\/\/www.gaveanews.com\/index.php\/2021\/02\/20\/lazaro-do-flamengo-se-dispoe-a-ajudar-torcedor-que-sonha-ser-jogador\/\",\"name\":\"L\u00e1zaro, do Flamengo, se disp\u00f5e a ajudar torcedor que sonha ser jogador\",\"isPartOf\":{\"@id\":\"https:\/\/www.gaveanews.com\/#website\"},\"primaryImageOfPage\":{\"@id\":\"https:\/\/www.gaveanews.com\/index.php\/2021\/02\/20\/lazaro-do-flamengo-se-dispoe-a-ajudar-torcedor-que-sonha-ser-jogador\/#primaryimage\"},\"image\":{\"@id\":\"https:\/\/www.gaveanews.com\/index.php\/2021\/02\/20\/lazaro-do-flamengo-se-dispoe-a-ajudar-torcedor-que-sonha-ser-jogador\/#primaryimage\"},\"thumbnailUrl\":\"https:\/\/www.gaveanews.com\/wp-content\/uploads\/Lazaro-em-acao-pelo-Flamengo-na-partida-contra-o-Palmeiras-pelo-Campeonato-Brasileiro-de-2020.webp\",\"datePublished\":\"2021-02-21T00:45:44+00:00\",\"dateModified\":\"2021-08-12T03:47:30+00:00\",\"author\":{\"@id\":\"https:\/\/www.gaveanews.com\/#\/schema\/person\/714c67050b836198af2450ba1c142a67\"},\"description\":\"O jovem, que atuou com o elenco profissional durante o surto de Covid vivido pelo rubro-negro, atualmente refor\u00e7a a categoria sub-20 do time.\",\"breadcrumb\":{\"@id\":\"https:\/\/www.gaveanews.com\/index.php\/2021\/02\/20\/lazaro-do-flamengo-se-dispoe-a-ajudar-torcedor-que-sonha-ser-jogador\/#breadcrumb\"},\"inLanguage\":\"pt-BR\",\"potentialAction\":[{\"@type\":\"ReadAction\",\"target\":[\"https:\/\/www.gaveanews.com\/index.php\/2021\/02\/20\/lazaro-do-flamengo-se-dispoe-a-ajudar-torcedor-que-sonha-ser-jogador\/\"]}]},{\"@type\":\"ImageObject\",\"inLanguage\":\"pt-BR\",\"@id\":\"https:\/\/www.gaveanews.com\/index.php\/2021\/02\/20\/lazaro-do-flamengo-se-dispoe-a-ajudar-torcedor-que-sonha-ser-jogador\/#primaryimage\",\"url\":\"https:\/\/www.gaveanews.com\/wp-content\/uploads\/Lazaro-em-acao-pelo-Flamengo-na-partida-contra-o-Palmeiras-pelo-Campeonato-Brasileiro-de-2020.webp\",\"contentUrl\":\"https:\/\/www.gaveanews.com\/wp-content\/uploads\/Lazaro-em-acao-pelo-Flamengo-na-partida-contra-o-Palmeiras-pelo-Campeonato-Brasileiro-de-2020.webp\",\"width\":800,\"height\":533,\"caption\":\"L\u00e1zaro em a\u00e7\u00e3o pelo Flamengo na partida contra o Palmeiras pelo Campeonato Brasileiro de 2020 (Foto: Alexandre Vidal\/Flamengo)\"},{\"@type\":\"BreadcrumbList\",\"@id\":\"https:\/\/www.gaveanews.com\/index.php\/2021\/02\/20\/lazaro-do-flamengo-se-dispoe-a-ajudar-torcedor-que-sonha-ser-jogador\/#breadcrumb\",\"itemListElement\":[{\"@type\":\"ListItem\",\"position\":1,\"name\":\"Home\",\"item\":\"https:\/\/www.gaveanews.com\/\"},{\"@type\":\"ListItem\",\"position\":2,\"name\":\"L\u00e1zaro, do Flamengo, se disp\u00f5e a ajudar torcedor que sonha ser jogador\"}]},{\"@type\":\"WebSite\",\"@id\":\"https:\/\/www.gaveanews.com\/#website\",\"url\":\"https:\/\/www.gaveanews.com\/\",\"name\":\"G\u00e1vea News\",\"description\":\"Veja todas as not\u00edcias sobre o Flamengo: Contrata\u00e7\u00f5es, categorias de base, resultados das partidas, tabela de classifica\u00e7\u00e3o, pr\u00f3ximos jogos!\",\"potentialAction\":[{\"@type\":\"SearchAction\",\"target\":{\"@type\":\"EntryPoint\",\"urlTemplate\":\"https:\/\/www.gaveanews.com\/?s={search_term_string}\"},\"query-input\":{\"@type\":\"PropertyValueSpecification\",\"valueRequired\":true,\"valueName\":\"search_term_string\"}}],\"inLanguage\":\"pt-BR\"},{\"@type\":\"Person\",\"@id\":\"https:\/\/www.gaveanews.com\/#\/schema\/person\/714c67050b836198af2450ba1c142a67\",\"name\":\"Let\u00edcia Gerheim\",\"image\":{\"@type\":\"ImageObject\",\"inLanguage\":\"pt-BR\",\"@id\":\"https:\/\/www.gaveanews.com\/#\/schema\/person\/image\/\",\"url\":\"https:\/\/secure.gravatar.com\/avatar\/60734739c50fcebfbac509e2a826ccd0ff405c019bc73aab9354f19ecad1dcb4?s=96&d=mm&r=g\",\"contentUrl\":\"https:\/\/secure.gravatar.com\/avatar\/60734739c50fcebfbac509e2a826ccd0ff405c019bc73aab9354f19ecad1dcb4?s=96&d=mm&r=g\",\"caption\":\"Let\u00edcia Gerheim\"}}]}<\/script>\n<!-- \/ Yoast SEO Premium plugin. -->","yoast_head_json":{"title":"L\u00e1zaro, do Flamengo, se disp\u00f5e a ajudar torcedor que sonha ser jogador","description":"O jovem, que atuou com o elenco profissional durante o surto de Covid vivido pelo rubro-negro, atualmente refor\u00e7a a categoria sub-20 do time.","robots":{"index":"index","follow":"follow","max-snippet":"max-snippet:-1","max-image-preview":"max-image-preview:large","max-video-preview":"max-video-preview:-1"},"canonical":"https:\/\/www.gaveanews.com\/index.php\/2021\/02\/20\/lazaro-do-flamengo-se-dispoe-a-ajudar-torcedor-que-sonha-ser-jogador\/","og_locale":"pt_BR","og_type":"article","og_title":"L\u00e1zaro, do Flamengo, se disp\u00f5e a ajudar torcedor que sonha ser jogador","og_description":"O jovem, que atuou com o elenco profissional durante o surto de Covid vivido pelo rubro-negro, atualmente refor\u00e7a a categoria sub-20 do time.","og_url":"https:\/\/www.gaveanews.com\/index.php\/2021\/02\/20\/lazaro-do-flamengo-se-dispoe-a-ajudar-torcedor-que-sonha-ser-jogador\/","og_site_name":"G\u00e1vea News","article_publisher":"https:\/\/facebook.com\/gaveaNews\/","article_published_time":"2021-02-21T00:45:44+00:00","article_modified_time":"2021-08-12T03:47:30+00:00","og_image":[{"width":800,"height":533,"url":"https:\/\/www.gaveanews.com\/wp-content\/uploads\/Lazaro-em-acao-pelo-Flamengo-na-partida-contra-o-Palmeiras-pelo-Campeonato-Brasileiro-de-2020.webp","type":"image\/jpeg"}],"author":"Let\u00edcia Gerheim","twitter_card":"summary_large_image","twitter_misc":{"Escrito por":"Let\u00edcia Gerheim","Est. tempo de leitura":"1 minuto"},"schema":{"@context":"https:\/\/schema.org","@graph":[{"@type":"NewsArticle","@id":"https:\/\/www.gaveanews.com\/index.php\/2021\/02\/20\/lazaro-do-flamengo-se-dispoe-a-ajudar-torcedor-que-sonha-ser-jogador\/#article","isPartOf":{"@id":"https:\/\/www.gaveanews.com\/index.php\/2021\/02\/20\/lazaro-do-flamengo-se-dispoe-a-ajudar-torcedor-que-sonha-ser-jogador\/"},"author":{"name":"Let\u00edcia Gerheim","@id":"https:\/\/www.gaveanews.com\/#\/schema\/person\/714c67050b836198af2450ba1c142a67"},"headline":"L\u00e1zaro, do Flamengo, se disp\u00f5e a ajudar torcedor que sonha ser jogador","datePublished":"2021-02-21T00:45:44+00:00","dateModified":"2021-08-12T03:47:30+00:00","mainEntityOfPage":{"@id":"https:\/\/www.gaveanews.com\/index.php\/2021\/02\/20\/lazaro-do-flamengo-se-dispoe-a-ajudar-torcedor-que-sonha-ser-jogador\/"},"wordCount":277,"commentCount":5,"image":{"@id":"https:\/\/www.gaveanews.com\/index.php\/2021\/02\/20\/lazaro-do-flamengo-se-dispoe-a-ajudar-torcedor-que-sonha-ser-jogador\/#primaryimage"},"thumbnailUrl":"https:\/\/www.gaveanews.com\/wp-content\/uploads\/Lazaro-em-acao-pelo-Flamengo-na-partida-contra-o-Palmeiras-pelo-Campeonato-Brasileiro-de-2020.webp","articleSection":["Flamengo"],"inLanguage":"pt-BR","potentialAction":[{"@type":"CommentAction","name":"Comment","target":["https:\/\/www.gaveanews.com\/index.php\/2021\/02\/20\/lazaro-do-flamengo-se-dispoe-a-ajudar-torcedor-que-sonha-ser-jogador\/#respond"]}],"copyrightYear":"2021","copyrightHolder":{"@id":"https:\/\/www.gaveanews.com\/#organization"}},{"@type":"WebPage","@id":"https:\/\/www.gaveanews.com\/index.php\/2021\/02\/20\/lazaro-do-flamengo-se-dispoe-a-ajudar-torcedor-que-sonha-ser-jogador\/","url":"https:\/\/www.gaveanews.com\/index.php\/2021\/02\/20\/lazaro-do-flamengo-se-dispoe-a-ajudar-torcedor-que-sonha-ser-jogador\/","name":"L\u00e1zaro, do Flamengo, se disp\u00f5e a ajudar torcedor que sonha ser jogador","isPartOf":{"@id":"https:\/\/www.gaveanews.com\/#website"},"primaryImageOfPage":{"@id":"https:\/\/www.gaveanews.com\/index.php\/2021\/02\/20\/lazaro-do-flamengo-se-dispoe-a-ajudar-torcedor-que-sonha-ser-jogador\/#primaryimage"},"image":{"@id":"https:\/\/www.gaveanews.com\/index.php\/2021\/02\/20\/lazaro-do-flamengo-se-dispoe-a-ajudar-torcedor-que-sonha-ser-jogador\/#primaryimage"},"thumbnailUrl":"https:\/\/www.gaveanews.com\/wp-content\/uploads\/Lazaro-em-acao-pelo-Flamengo-na-partida-contra-o-Palmeiras-pelo-Campeonato-Brasileiro-de-2020.webp","datePublished":"2021-02-21T00:45:44+00:00","dateModified":"2021-08-12T03:47:30+00:00","author":{"@id":"https:\/\/www.gaveanews.com\/#\/schema\/person\/714c67050b836198af2450ba1c142a67"},"description":"O jovem, que atuou com o elenco profissional durante o surto de Covid vivido pelo rubro-negro, atualmente refor\u00e7a a categoria sub-20 do time.","breadcrumb":{"@id":"https:\/\/www.gaveanews.com\/index.php\/2021\/02\/20\/lazaro-do-flamengo-se-dispoe-a-ajudar-torcedor-que-sonha-ser-jogador\/#breadcrumb"},"inLanguage":"pt-BR","potentialAction":[{"@type":"ReadAction","target":["https:\/\/www.gaveanews.com\/index.php\/2021\/02\/20\/lazaro-do-flamengo-se-dispoe-a-ajudar-torcedor-que-sonha-ser-jogador\/"]}]},{"@type":"ImageObject","inLanguage":"pt-BR","@id":"https:\/\/www.gaveanews.com\/index.php\/2021\/02\/20\/lazaro-do-flamengo-se-dispoe-a-ajudar-torcedor-que-sonha-ser-jogador\/#primaryimage","url":"https:\/\/www.gaveanews.com\/wp-content\/uploads\/Lazaro-em-acao-pelo-Flamengo-na-partida-contra-o-Palmeiras-pelo-Campeonato-Brasileiro-de-2020.webp","contentUrl":"https:\/\/www.gaveanews.com\/wp-content\/uploads\/Lazaro-em-acao-pelo-Flamengo-na-partida-contra-o-Palmeiras-pelo-Campeonato-Brasileiro-de-2020.webp","width":800,"height":533,"caption":"L\u00e1zaro em a\u00e7\u00e3o pelo Flamengo na partida contra o Palmeiras pelo Campeonato Brasileiro de 2020 (Foto: Alexandre Vidal\/Flamengo)"},{"@type":"BreadcrumbList","@id":"https:\/\/www.gaveanews.com\/index.php\/2021\/02\/20\/lazaro-do-flamengo-se-dispoe-a-ajudar-torcedor-que-sonha-ser-jogador\/#breadcrumb","itemListElement":[{"@type":"ListItem","position":1,"name":"Home","item":"https:\/\/www.gaveanews.com\/"},{"@type":"ListItem","position":2,"name":"L\u00e1zaro, do Flamengo, se disp\u00f5e a ajudar torcedor que sonha ser jogador"}]},{"@type":"WebSite","@id":"https:\/\/www.gaveanews.com\/#website","url":"https:\/\/www.gaveanews.com\/","name":"G\u00e1vea News","description":"Veja todas as not\u00edcias sobre o Flamengo: Contrata\u00e7\u00f5es, categorias de base, resultados das partidas, tabela de classifica\u00e7\u00e3o, pr\u00f3ximos jogos!","potentialAction":[{"@type":"SearchAction","target":{"@type":"EntryPoint","urlTemplate":"https:\/\/www.gaveanews.com\/?s={search_term_string}"},"query-input":{"@type":"PropertyValueSpecification","valueRequired":true,"valueName":"search_term_string"}}],"inLanguage":"pt-BR"},{"@type":"Person","@id":"https:\/\/www.gaveanews.com\/#\/schema\/person\/714c67050b836198af2450ba1c142a67","name":"Let\u00edcia Gerheim","image":{"@type":"ImageObject","inLanguage":"pt-BR","@id":"https:\/\/www.gaveanews.com\/#\/schema\/person\/image\/","url":"https:\/\/secure.gravatar.com\/avatar\/60734739c50fcebfbac509e2a826ccd0ff405c019bc73aab9354f19ecad1dcb4?s=96&d=mm&r=g","contentUrl":"https:\/\/secure.gravatar.com\/avatar\/60734739c50fcebfbac509e2a826ccd0ff405c019bc73aab9354f19ecad1dcb4?s=96&d=mm&r=g","caption":"Let\u00edcia Gerheim"}}]}},"_links":{"self":[{"href":"https:\/\/www.gaveanews.com\/index.php\/wp-json\/wp\/v2\/posts\/56380","targetHints":{"allow":["GET"]}}],"collection":[{"href":"https:\/\/www.gaveanews.com\/index.php\/wp-json\/wp\/v2\/posts"}],"about":[{"href":"https:\/\/www.gaveanews.com\/index.php\/wp-json\/wp\/v2\/types\/post"}],"author":[{"embeddable":true,"href":"https:\/\/www.gaveanews.com\/index.php\/wp-json\/wp\/v2\/users\/4"}],"replies":[{"embeddable":true,"href":"https:\/\/www.gaveanews.com\/index.php\/wp-json\/wp\/v2\/comments?post=56380"}],"version-history":[{"count":0,"href":"https:\/\/www.gaveanews.com\/index.php\/wp-json\/wp\/v2\/posts\/56380\/revisions"}],"wp:featuredmedia":[{"embeddable":true,"href":"https:\/\/www.gaveanews.com\/index.php\/wp-json\/wp\/v2\/media\/48374"}],"wp:attachment":[{"href":"https:\/\/www.gaveanews.com\/index.php\/wp-json\/wp\/v2\/media?parent=56380"}],"wp:term":[{"taxonomy":"category","embeddable":true,"href":"https:\/\/www.gaveanews.com\/index.php\/wp-json\/wp\/v2\/categories?post=56380"},{"taxonomy":"post_tag","embeddable":true,"href":"https:\/\/www.gaveanews.com\/index.php\/wp-json\/wp\/v2\/tags?post=56380"}],"curies":[{"name":"wp","href":"https:\/\/api.w.org\/{rel}","templated":true}]}}