{"id":56500,"date":"2021-02-22T14:35:26","date_gmt":"2021-02-22T17:35:26","guid":{"rendered":"https:\/\/www.gaveanews.com\/?p=56500"},"modified":"2021-08-12T00:47:23","modified_gmt":"2021-08-12T03:47:23","slug":"jogador-do-inter-que-reclamou-de-arranhao-no-joelho-vira-piada-na-web","status":"publish","type":"post","link":"https:\/\/www.gaveanews.com\/index.php\/2021\/02\/22\/jogador-do-inter-que-reclamou-de-arranhao-no-joelho-vira-piada-na-web\/","title":{"rendered":"Jogador do Inter que reclamou de arranh\u00e3o no joelho vira piada na web"},"content":{"rendered":"\n<p>No \u00faltimo domingo (21), o Flamengo venceu o Internacional por 2 a 1 e assumiu a lideran\u00e7a no Brasileir\u00e3o. O sucesso do rubro-negro garantiu a vantagem na tabela da competi\u00e7\u00e3o sobre o Colorado por 2 pontos. <\/p>\n\n\n\n<p>Com decis\u00f5es question\u00e1veis da arbitragem no duelo, a partida ainda dar\u00e1 o que falar para as torcidas. Al\u00e9m disso, uma outra quest\u00e3o chamou aten\u00e7\u00e3o dos expectadores. Um dos jogadores do clube ga\u00facho publicou uma foto em suas redes sociais do pequeno corte no joelho que aconteceu durante o confronto com o Mais Querido.<\/p>\n\n\n\n<h2 class=\"wp-block-heading\" id=\"h-veja-o-machucado\">Veja o machucado:<\/h2>\n\n\n\n<figure class=\"wp-block-image size-large\"><img decoding=\"async\" src=\"https:\/\/colunadofla.com\/wp-content\/uploads\/2021\/02\/preglow-arranhao-inter.webp\" alt=\"\" \/><\/figure>\n\n\n\n<p>A inten\u00e7\u00e3o de Peglow era mostrar a dureza que foi o jogo contra o Flamengo. Suas expectativas, no entanto, n\u00e3o foram correspondidas na internet. Ap\u00f3s a publica\u00e7\u00e3o do atleta, diversos torcedores ironizaram o machucado no joelho do jogador.<\/p>\n\n\n\n<h2 class=\"wp-block-heading\" id=\"h-confira-algumas-das-publica-es\">Confira algumas das publica\u00e7\u00f5es:<\/h2>\n\n\n\n<figure class=\"wp-block-embed is-type-rich is-provider-twitter wp-block-embed-twitter\"><div class=\"wp-block-embed__wrapper\">\n<blockquote class=\"twitter-tweet\" data-width=\"550\" data-dnt=\"true\"><p lang=\"pt\" dir=\"ltr\">Bom dia, continuem as ora\u00e7\u00f5es <a href=\"https:\/\/t.co\/ssuwMKlKOf\">pic.twitter.com\/ssuwMKlKOf<\/a><\/p>&mdash; Poetas (@PoetasFla) <a href=\"https:\/\/twitter.com\/PoetasFla\/status\/1363855775307886598?ref_src=twsrc%5Etfw\">February 22, 2021<\/a><\/blockquote><script async src=\"https:\/\/platform.twitter.com\/widgets.js\" charset=\"utf-8\"><\/script>\n<\/div><\/figure>\n\n\n\n<figure class=\"wp-block-embed is-type-rich is-provider-twitter wp-block-embed-twitter\"><div class=\"wp-block-embed__wrapper\">\n<blockquote class=\"twitter-tweet\" data-width=\"550\" data-dnt=\"true\"><p lang=\"pt\" dir=\"ltr\">O que vcs acham da les\u00e3o do Peglow???<br>Foda n\u00e9? Eu teria at\u00e9 medo de voltar a jogar bola depois de ver meu joelho daquele jeito&#8230; \ud83d\ude02\ud83d\ude02\ud83d\ude43\ud83d\ude43<\/p>&mdash; Alisson Silva (@alisson_s1) <a href=\"https:\/\/twitter.com\/alisson_s1\/status\/1363891925221318664?ref_src=twsrc%5Etfw\">February 22, 2021<\/a><\/blockquote><script async src=\"https:\/\/platform.twitter.com\/widgets.js\" charset=\"utf-8\"><\/script>\n<\/div><\/figure>\n\n\n\n<figure class=\"wp-block-embed is-type-rich is-provider-twitter wp-block-embed-twitter\"><div class=\"wp-block-embed__wrapper\">\n<blockquote class=\"twitter-tweet\" data-width=\"550\" data-dnt=\"true\"><p lang=\"pt\" dir=\"ltr\">eu to rindo at\u00e9 agora dessa foto que o Peglow postou kkkkkkkkkkkkkkkk \u00e9 cada uma meu irm\u00e3o<\/p>&mdash; manu (@evertxnribeirx) <a href=\"https:\/\/twitter.com\/evertxnribeirx\/status\/1363639716151775236?ref_src=twsrc%5Etfw\">February 22, 2021<\/a><\/blockquote><script async src=\"https:\/\/platform.twitter.com\/widgets.js\" charset=\"utf-8\"><\/script>\n<\/div><\/figure>\n\n\n\n<figure class=\"wp-block-embed is-type-rich is-provider-twitter wp-block-embed-twitter\"><div class=\"wp-block-embed__wrapper\">\nhttps:\/\/twitter.com\/afroslenderman\/status\/1363863986702344194?s=20\n<\/div><\/figure>\n\n\n\n<figure class=\"wp-block-embed is-type-rich is-provider-twitter wp-block-embed-twitter\"><div class=\"wp-block-embed__wrapper\">\n<blockquote class=\"twitter-tweet\" data-width=\"550\" data-dnt=\"true\"><p lang=\"pt\" dir=\"ltr\">Gente agora s\u00e9rio, os animos j\u00e1 esfriaram, ent\u00e3o vcs podem me responder:<br>Como foi a cirurgia pra colocar o band-aid do Peglow? Deu tudo certo? Ele passa bem? J\u00e1 acabou ou ele ainda t\u00e1 no CTI?<\/p>&mdash; Poetas (@PoetasFla) <a href=\"https:\/\/twitter.com\/PoetasFla\/status\/1363655729564037123?ref_src=twsrc%5Etfw\">February 22, 2021<\/a><\/blockquote><script async src=\"https:\/\/platform.twitter.com\/widgets.js\" charset=\"utf-8\"><\/script>\n<\/div><\/figure>\n","protected":false},"excerpt":{"rendered":"<p>No \u00faltimo domingo (21), o Flamengo venceu o Internacional por 2 a 1 e assumiu a lideran\u00e7a no Brasileir\u00e3o. O sucesso do rubro-negro garantiu a vantagem na tabela da competi\u00e7\u00e3o sobre o Colorado por 2 pontos. Com decis\u00f5es question\u00e1veis da arbitragem no duelo, a partida ainda dar\u00e1 o que falar para as torcidas. Al\u00e9m disso, [&hellip;]<\/p>\n","protected":false},"author":4,"featured_media":56510,"comment_status":"open","ping_status":"closed","sticky":false,"template":"","format":"standard","meta":{"footnotes":""},"categories":[1],"tags":[],"class_list":["post-56500","post","type-post","status-publish","format-standard","has-post-thumbnail","hentry","category-flamengo"],"yoast_head":"<!-- This site is optimized with the Yoast SEO Premium plugin v24.2 (Yoast SEO v26.9) - https:\/\/yoast.com\/product\/yoast-seo-premium-wordpress\/ -->\n<title>Jogador do Inter que reclamou de arranh\u00e3o no joelho vira piada na web<\/title>\n<meta name=\"description\" content=\"A inten\u00e7\u00e3o de Peglow era mostrar a dureza que foi o jogo contra o Flamengo. Suas expectativas, no entanto, n\u00e3o foram correspondidas.\" \/>\n<meta name=\"robots\" content=\"index, follow, max-snippet:-1, max-image-preview:large, max-video-preview:-1\" \/>\n<link rel=\"canonical\" href=\"https:\/\/www.gaveanews.com\/index.php\/2021\/02\/22\/jogador-do-inter-que-reclamou-de-arranhao-no-joelho-vira-piada-na-web\/\" \/>\n<meta property=\"og:locale\" content=\"pt_BR\" \/>\n<meta property=\"og:type\" content=\"article\" \/>\n<meta property=\"og:title\" content=\"Jogador do Inter que reclamou de arranh\u00e3o no joelho vira piada na web\" \/>\n<meta property=\"og:description\" content=\"A inten\u00e7\u00e3o de Peglow era mostrar a dureza que foi o jogo contra o Flamengo. Suas expectativas, no entanto, n\u00e3o foram correspondidas.\" \/>\n<meta property=\"og:url\" content=\"https:\/\/www.gaveanews.com\/index.php\/2021\/02\/22\/jogador-do-inter-que-reclamou-de-arranhao-no-joelho-vira-piada-na-web\/\" \/>\n<meta property=\"og:site_name\" content=\"G\u00e1vea News\" \/>\n<meta property=\"article:publisher\" content=\"https:\/\/facebook.com\/gaveaNews\/\" \/>\n<meta property=\"article:published_time\" content=\"2021-02-22T17:35:26+00:00\" \/>\n<meta property=\"article:modified_time\" content=\"2021-08-12T03:47:23+00:00\" \/>\n<meta property=\"og:image\" content=\"https:\/\/www.gaveanews.com\/wp-content\/uploads\/Arrascaela-em-acao-pelo-Flamengo-contra-o-Internacional.webp\" \/>\n\t<meta property=\"og:image:width\" content=\"799\" \/>\n\t<meta property=\"og:image:height\" content=\"532\" \/>\n\t<meta property=\"og:image:type\" content=\"image\/jpeg\" \/>\n<meta name=\"author\" content=\"Let\u00edcia Gerheim\" \/>\n<meta name=\"twitter:card\" content=\"summary_large_image\" \/>\n<meta name=\"twitter:label1\" content=\"Escrito por\" \/>\n\t<meta name=\"twitter:data1\" content=\"Let\u00edcia Gerheim\" \/>\n\t<meta name=\"twitter:label2\" content=\"Est. tempo de leitura\" \/>\n\t<meta name=\"twitter:data2\" content=\"1 minuto\" \/>\n<script type=\"application\/ld+json\" class=\"yoast-schema-graph\">{\"@context\":\"https:\/\/schema.org\",\"@graph\":[{\"@type\":\"NewsArticle\",\"@id\":\"https:\/\/www.gaveanews.com\/index.php\/2021\/02\/22\/jogador-do-inter-que-reclamou-de-arranhao-no-joelho-vira-piada-na-web\/#article\",\"isPartOf\":{\"@id\":\"https:\/\/www.gaveanews.com\/index.php\/2021\/02\/22\/jogador-do-inter-que-reclamou-de-arranhao-no-joelho-vira-piada-na-web\/\"},\"author\":{\"name\":\"Let\u00edcia Gerheim\",\"@id\":\"https:\/\/www.gaveanews.com\/#\/schema\/person\/714c67050b836198af2450ba1c142a67\"},\"headline\":\"Jogador do Inter que reclamou de arranh\u00e3o no joelho vira piada na web\",\"datePublished\":\"2021-02-22T17:35:26+00:00\",\"dateModified\":\"2021-08-12T03:47:23+00:00\",\"mainEntityOfPage\":{\"@id\":\"https:\/\/www.gaveanews.com\/index.php\/2021\/02\/22\/jogador-do-inter-que-reclamou-de-arranhao-no-joelho-vira-piada-na-web\/\"},\"wordCount\":189,\"commentCount\":20,\"image\":{\"@id\":\"https:\/\/www.gaveanews.com\/index.php\/2021\/02\/22\/jogador-do-inter-que-reclamou-de-arranhao-no-joelho-vira-piada-na-web\/#primaryimage\"},\"thumbnailUrl\":\"https:\/\/www.gaveanews.com\/wp-content\/uploads\/Arrascaela-em-acao-pelo-Flamengo-contra-o-Internacional.webp\",\"articleSection\":[\"Flamengo\"],\"inLanguage\":\"pt-BR\",\"potentialAction\":[{\"@type\":\"CommentAction\",\"name\":\"Comment\",\"target\":[\"https:\/\/www.gaveanews.com\/index.php\/2021\/02\/22\/jogador-do-inter-que-reclamou-de-arranhao-no-joelho-vira-piada-na-web\/#respond\"]}],\"copyrightYear\":\"2021\",\"copyrightHolder\":{\"@id\":\"https:\/\/www.gaveanews.com\/#organization\"}},{\"@type\":\"WebPage\",\"@id\":\"https:\/\/www.gaveanews.com\/index.php\/2021\/02\/22\/jogador-do-inter-que-reclamou-de-arranhao-no-joelho-vira-piada-na-web\/\",\"url\":\"https:\/\/www.gaveanews.com\/index.php\/2021\/02\/22\/jogador-do-inter-que-reclamou-de-arranhao-no-joelho-vira-piada-na-web\/\",\"name\":\"Jogador do Inter que reclamou de arranh\u00e3o no joelho vira piada na web\",\"isPartOf\":{\"@id\":\"https:\/\/www.gaveanews.com\/#website\"},\"primaryImageOfPage\":{\"@id\":\"https:\/\/www.gaveanews.com\/index.php\/2021\/02\/22\/jogador-do-inter-que-reclamou-de-arranhao-no-joelho-vira-piada-na-web\/#primaryimage\"},\"image\":{\"@id\":\"https:\/\/www.gaveanews.com\/index.php\/2021\/02\/22\/jogador-do-inter-que-reclamou-de-arranhao-no-joelho-vira-piada-na-web\/#primaryimage\"},\"thumbnailUrl\":\"https:\/\/www.gaveanews.com\/wp-content\/uploads\/Arrascaela-em-acao-pelo-Flamengo-contra-o-Internacional.webp\",\"datePublished\":\"2021-02-22T17:35:26+00:00\",\"dateModified\":\"2021-08-12T03:47:23+00:00\",\"author\":{\"@id\":\"https:\/\/www.gaveanews.com\/#\/schema\/person\/714c67050b836198af2450ba1c142a67\"},\"description\":\"A inten\u00e7\u00e3o de Peglow era mostrar a dureza que foi o jogo contra o Flamengo. Suas expectativas, no entanto, n\u00e3o foram correspondidas.\",\"breadcrumb\":{\"@id\":\"https:\/\/www.gaveanews.com\/index.php\/2021\/02\/22\/jogador-do-inter-que-reclamou-de-arranhao-no-joelho-vira-piada-na-web\/#breadcrumb\"},\"inLanguage\":\"pt-BR\",\"potentialAction\":[{\"@type\":\"ReadAction\",\"target\":[\"https:\/\/www.gaveanews.com\/index.php\/2021\/02\/22\/jogador-do-inter-que-reclamou-de-arranhao-no-joelho-vira-piada-na-web\/\"]}]},{\"@type\":\"ImageObject\",\"inLanguage\":\"pt-BR\",\"@id\":\"https:\/\/www.gaveanews.com\/index.php\/2021\/02\/22\/jogador-do-inter-que-reclamou-de-arranhao-no-joelho-vira-piada-na-web\/#primaryimage\",\"url\":\"https:\/\/www.gaveanews.com\/wp-content\/uploads\/Arrascaela-em-acao-pelo-Flamengo-contra-o-Internacional.webp\",\"contentUrl\":\"https:\/\/www.gaveanews.com\/wp-content\/uploads\/Arrascaela-em-acao-pelo-Flamengo-contra-o-Internacional.webp\",\"width\":799,\"height\":532,\"caption\":\"Arrascaela em a\u00e7\u00e3o pelo Flamengo contra o Internacional (Foto: Alexandre Vidal e Marcelo Cortes\/Flamengo)\"},{\"@type\":\"BreadcrumbList\",\"@id\":\"https:\/\/www.gaveanews.com\/index.php\/2021\/02\/22\/jogador-do-inter-que-reclamou-de-arranhao-no-joelho-vira-piada-na-web\/#breadcrumb\",\"itemListElement\":[{\"@type\":\"ListItem\",\"position\":1,\"name\":\"Home\",\"item\":\"https:\/\/www.gaveanews.com\/\"},{\"@type\":\"ListItem\",\"position\":2,\"name\":\"Jogador do Inter que reclamou de arranh\u00e3o no joelho vira piada na web\"}]},{\"@type\":\"WebSite\",\"@id\":\"https:\/\/www.gaveanews.com\/#website\",\"url\":\"https:\/\/www.gaveanews.com\/\",\"name\":\"G\u00e1vea News\",\"description\":\"Veja todas as not\u00edcias sobre o Flamengo: Contrata\u00e7\u00f5es, categorias de base, resultados das partidas, tabela de classifica\u00e7\u00e3o, pr\u00f3ximos jogos!\",\"potentialAction\":[{\"@type\":\"SearchAction\",\"target\":{\"@type\":\"EntryPoint\",\"urlTemplate\":\"https:\/\/www.gaveanews.com\/?s={search_term_string}\"},\"query-input\":{\"@type\":\"PropertyValueSpecification\",\"valueRequired\":true,\"valueName\":\"search_term_string\"}}],\"inLanguage\":\"pt-BR\"},{\"@type\":\"Person\",\"@id\":\"https:\/\/www.gaveanews.com\/#\/schema\/person\/714c67050b836198af2450ba1c142a67\",\"name\":\"Let\u00edcia Gerheim\",\"image\":{\"@type\":\"ImageObject\",\"inLanguage\":\"pt-BR\",\"@id\":\"https:\/\/www.gaveanews.com\/#\/schema\/person\/image\/\",\"url\":\"https:\/\/secure.gravatar.com\/avatar\/60734739c50fcebfbac509e2a826ccd0ff405c019bc73aab9354f19ecad1dcb4?s=96&d=mm&r=g\",\"contentUrl\":\"https:\/\/secure.gravatar.com\/avatar\/60734739c50fcebfbac509e2a826ccd0ff405c019bc73aab9354f19ecad1dcb4?s=96&d=mm&r=g\",\"caption\":\"Let\u00edcia Gerheim\"}}]}<\/script>\n<!-- \/ Yoast SEO Premium plugin. -->","yoast_head_json":{"title":"Jogador do Inter que reclamou de arranh\u00e3o no joelho vira piada na web","description":"A inten\u00e7\u00e3o de Peglow era mostrar a dureza que foi o jogo contra o Flamengo. Suas expectativas, no entanto, n\u00e3o foram correspondidas.","robots":{"index":"index","follow":"follow","max-snippet":"max-snippet:-1","max-image-preview":"max-image-preview:large","max-video-preview":"max-video-preview:-1"},"canonical":"https:\/\/www.gaveanews.com\/index.php\/2021\/02\/22\/jogador-do-inter-que-reclamou-de-arranhao-no-joelho-vira-piada-na-web\/","og_locale":"pt_BR","og_type":"article","og_title":"Jogador do Inter que reclamou de arranh\u00e3o no joelho vira piada na web","og_description":"A inten\u00e7\u00e3o de Peglow era mostrar a dureza que foi o jogo contra o Flamengo. Suas expectativas, no entanto, n\u00e3o foram correspondidas.","og_url":"https:\/\/www.gaveanews.com\/index.php\/2021\/02\/22\/jogador-do-inter-que-reclamou-de-arranhao-no-joelho-vira-piada-na-web\/","og_site_name":"G\u00e1vea News","article_publisher":"https:\/\/facebook.com\/gaveaNews\/","article_published_time":"2021-02-22T17:35:26+00:00","article_modified_time":"2021-08-12T03:47:23+00:00","og_image":[{"width":799,"height":532,"url":"https:\/\/www.gaveanews.com\/wp-content\/uploads\/Arrascaela-em-acao-pelo-Flamengo-contra-o-Internacional.webp","type":"image\/jpeg"}],"author":"Let\u00edcia Gerheim","twitter_card":"summary_large_image","twitter_misc":{"Escrito por":"Let\u00edcia Gerheim","Est. tempo de leitura":"1 minuto"},"schema":{"@context":"https:\/\/schema.org","@graph":[{"@type":"NewsArticle","@id":"https:\/\/www.gaveanews.com\/index.php\/2021\/02\/22\/jogador-do-inter-que-reclamou-de-arranhao-no-joelho-vira-piada-na-web\/#article","isPartOf":{"@id":"https:\/\/www.gaveanews.com\/index.php\/2021\/02\/22\/jogador-do-inter-que-reclamou-de-arranhao-no-joelho-vira-piada-na-web\/"},"author":{"name":"Let\u00edcia Gerheim","@id":"https:\/\/www.gaveanews.com\/#\/schema\/person\/714c67050b836198af2450ba1c142a67"},"headline":"Jogador do Inter que reclamou de arranh\u00e3o no joelho vira piada na web","datePublished":"2021-02-22T17:35:26+00:00","dateModified":"2021-08-12T03:47:23+00:00","mainEntityOfPage":{"@id":"https:\/\/www.gaveanews.com\/index.php\/2021\/02\/22\/jogador-do-inter-que-reclamou-de-arranhao-no-joelho-vira-piada-na-web\/"},"wordCount":189,"commentCount":20,"image":{"@id":"https:\/\/www.gaveanews.com\/index.php\/2021\/02\/22\/jogador-do-inter-que-reclamou-de-arranhao-no-joelho-vira-piada-na-web\/#primaryimage"},"thumbnailUrl":"https:\/\/www.gaveanews.com\/wp-content\/uploads\/Arrascaela-em-acao-pelo-Flamengo-contra-o-Internacional.webp","articleSection":["Flamengo"],"inLanguage":"pt-BR","potentialAction":[{"@type":"CommentAction","name":"Comment","target":["https:\/\/www.gaveanews.com\/index.php\/2021\/02\/22\/jogador-do-inter-que-reclamou-de-arranhao-no-joelho-vira-piada-na-web\/#respond"]}],"copyrightYear":"2021","copyrightHolder":{"@id":"https:\/\/www.gaveanews.com\/#organization"}},{"@type":"WebPage","@id":"https:\/\/www.gaveanews.com\/index.php\/2021\/02\/22\/jogador-do-inter-que-reclamou-de-arranhao-no-joelho-vira-piada-na-web\/","url":"https:\/\/www.gaveanews.com\/index.php\/2021\/02\/22\/jogador-do-inter-que-reclamou-de-arranhao-no-joelho-vira-piada-na-web\/","name":"Jogador do Inter que reclamou de arranh\u00e3o no joelho vira piada na web","isPartOf":{"@id":"https:\/\/www.gaveanews.com\/#website"},"primaryImageOfPage":{"@id":"https:\/\/www.gaveanews.com\/index.php\/2021\/02\/22\/jogador-do-inter-que-reclamou-de-arranhao-no-joelho-vira-piada-na-web\/#primaryimage"},"image":{"@id":"https:\/\/www.gaveanews.com\/index.php\/2021\/02\/22\/jogador-do-inter-que-reclamou-de-arranhao-no-joelho-vira-piada-na-web\/#primaryimage"},"thumbnailUrl":"https:\/\/www.gaveanews.com\/wp-content\/uploads\/Arrascaela-em-acao-pelo-Flamengo-contra-o-Internacional.webp","datePublished":"2021-02-22T17:35:26+00:00","dateModified":"2021-08-12T03:47:23+00:00","author":{"@id":"https:\/\/www.gaveanews.com\/#\/schema\/person\/714c67050b836198af2450ba1c142a67"},"description":"A inten\u00e7\u00e3o de Peglow era mostrar a dureza que foi o jogo contra o Flamengo. Suas expectativas, no entanto, n\u00e3o foram correspondidas.","breadcrumb":{"@id":"https:\/\/www.gaveanews.com\/index.php\/2021\/02\/22\/jogador-do-inter-que-reclamou-de-arranhao-no-joelho-vira-piada-na-web\/#breadcrumb"},"inLanguage":"pt-BR","potentialAction":[{"@type":"ReadAction","target":["https:\/\/www.gaveanews.com\/index.php\/2021\/02\/22\/jogador-do-inter-que-reclamou-de-arranhao-no-joelho-vira-piada-na-web\/"]}]},{"@type":"ImageObject","inLanguage":"pt-BR","@id":"https:\/\/www.gaveanews.com\/index.php\/2021\/02\/22\/jogador-do-inter-que-reclamou-de-arranhao-no-joelho-vira-piada-na-web\/#primaryimage","url":"https:\/\/www.gaveanews.com\/wp-content\/uploads\/Arrascaela-em-acao-pelo-Flamengo-contra-o-Internacional.webp","contentUrl":"https:\/\/www.gaveanews.com\/wp-content\/uploads\/Arrascaela-em-acao-pelo-Flamengo-contra-o-Internacional.webp","width":799,"height":532,"caption":"Arrascaela em a\u00e7\u00e3o pelo Flamengo contra o Internacional (Foto: Alexandre Vidal e Marcelo Cortes\/Flamengo)"},{"@type":"BreadcrumbList","@id":"https:\/\/www.gaveanews.com\/index.php\/2021\/02\/22\/jogador-do-inter-que-reclamou-de-arranhao-no-joelho-vira-piada-na-web\/#breadcrumb","itemListElement":[{"@type":"ListItem","position":1,"name":"Home","item":"https:\/\/www.gaveanews.com\/"},{"@type":"ListItem","position":2,"name":"Jogador do Inter que reclamou de arranh\u00e3o no joelho vira piada na web"}]},{"@type":"WebSite","@id":"https:\/\/www.gaveanews.com\/#website","url":"https:\/\/www.gaveanews.com\/","name":"G\u00e1vea News","description":"Veja todas as not\u00edcias sobre o Flamengo: Contrata\u00e7\u00f5es, categorias de base, resultados das partidas, tabela de classifica\u00e7\u00e3o, pr\u00f3ximos jogos!","potentialAction":[{"@type":"SearchAction","target":{"@type":"EntryPoint","urlTemplate":"https:\/\/www.gaveanews.com\/?s={search_term_string}"},"query-input":{"@type":"PropertyValueSpecification","valueRequired":true,"valueName":"search_term_string"}}],"inLanguage":"pt-BR"},{"@type":"Person","@id":"https:\/\/www.gaveanews.com\/#\/schema\/person\/714c67050b836198af2450ba1c142a67","name":"Let\u00edcia Gerheim","image":{"@type":"ImageObject","inLanguage":"pt-BR","@id":"https:\/\/www.gaveanews.com\/#\/schema\/person\/image\/","url":"https:\/\/secure.gravatar.com\/avatar\/60734739c50fcebfbac509e2a826ccd0ff405c019bc73aab9354f19ecad1dcb4?s=96&d=mm&r=g","contentUrl":"https:\/\/secure.gravatar.com\/avatar\/60734739c50fcebfbac509e2a826ccd0ff405c019bc73aab9354f19ecad1dcb4?s=96&d=mm&r=g","caption":"Let\u00edcia Gerheim"}}]}},"_links":{"self":[{"href":"https:\/\/www.gaveanews.com\/index.php\/wp-json\/wp\/v2\/posts\/56500","targetHints":{"allow":["GET"]}}],"collection":[{"href":"https:\/\/www.gaveanews.com\/index.php\/wp-json\/wp\/v2\/posts"}],"about":[{"href":"https:\/\/www.gaveanews.com\/index.php\/wp-json\/wp\/v2\/types\/post"}],"author":[{"embeddable":true,"href":"https:\/\/www.gaveanews.com\/index.php\/wp-json\/wp\/v2\/users\/4"}],"replies":[{"embeddable":true,"href":"https:\/\/www.gaveanews.com\/index.php\/wp-json\/wp\/v2\/comments?post=56500"}],"version-history":[{"count":0,"href":"https:\/\/www.gaveanews.com\/index.php\/wp-json\/wp\/v2\/posts\/56500\/revisions"}],"wp:featuredmedia":[{"embeddable":true,"href":"https:\/\/www.gaveanews.com\/index.php\/wp-json\/wp\/v2\/media\/56510"}],"wp:attachment":[{"href":"https:\/\/www.gaveanews.com\/index.php\/wp-json\/wp\/v2\/media?parent=56500"}],"wp:term":[{"taxonomy":"category","embeddable":true,"href":"https:\/\/www.gaveanews.com\/index.php\/wp-json\/wp\/v2\/categories?post=56500"},{"taxonomy":"post_tag","embeddable":true,"href":"https:\/\/www.gaveanews.com\/index.php\/wp-json\/wp\/v2\/tags?post=56500"}],"curies":[{"name":"wp","href":"https:\/\/api.w.org\/{rel}","templated":true}]}}