{"id":56913,"date":"2021-03-01T19:38:04","date_gmt":"2021-03-01T22:38:04","guid":{"rendered":"https:\/\/www.gaveanews.com\/?p=56913"},"modified":"2021-08-12T00:50:06","modified_gmt":"2021-08-12T03:50:06","slug":"jornalista-critica-especulacoes-de-jorge-jesus-no-flamengo","status":"publish","type":"post","link":"https:\/\/www.gaveanews.com\/index.php\/2021\/03\/01\/jornalista-critica-especulacoes-de-jorge-jesus-no-flamengo\/","title":{"rendered":"Jornalista critica especula\u00e7\u00f5es de Jorge Jesus no Flamengo"},"content":{"rendered":"\n<p>O Flamengo entrou para a hist\u00f3ria em 2019, quando o clube venceu o Brasileir\u00e3o e a Libertadores na mesma temporada. O feito nunca havia sido alcan\u00e7ado por outro time desde a cria\u00e7\u00e3o do torneio nacional em 1971. O elenco de 2019 foi comandado por Jorge Jesus, que ajeitou a equipe e a tornou multicampe\u00e3.<\/p>\n\n\n\n<p>No entanto, ap\u00f3s a temporada hist\u00f3rica, o t\u00e9cnico rumou ao Benfica, clube europeu no qual comanda at\u00e9 o presente momento. A rescis\u00e3o, por\u00e9m, foi complicada para ambas as partes. Enquanto o rubro-negro sofreu para se adaptar a um novo treinador, Mister n\u00e3o foi muito bem aceito em seu repatriamento.<\/p>\n\n\n\n<p>Por isso, frequentemente \u00e9 comentado um poss\u00edvel retorno de Jorge Jesus ao Mais Querido. Sobre o assunto, Mauro Cezar afirmou que \u00e9 invi\u00e1vel ao clube da G\u00e1vea trazer o t\u00e9cnico novamente ao time, dizendo:<\/p>\n\n\n\n<p><em><strong>&#8220;As pessoas ficam nesse fetiche, como se trazer o Jorge Jesus fosse resolver tudo. Ele tem contrato com o Benfica, e outra coisa, quanto ele vai querer ganhar? E o clube, o Flamengo, como todos os demais, tem que se adequar a uma nova realidade, \u00e9 mais uma temporada sem p\u00fablico, com receitas menores, elenco muito caro, ent\u00e3o n\u00e3o faz sentido&#8221;<\/strong><\/em>, disse o jornalista.<\/p>\n\n\n\n<p>Mauro ainda falou que Rog\u00e9rio Ceni ter\u00e1 melhores condi\u00e7\u00f5es para trabalhar o elenco neste ano, visto que estar\u00e1 presente na pr\u00e9-temporada.<\/p>\n\n\n\n<p><em><strong>&#8220;O Rog\u00e9rio tem que seguir o trabalho dele, agora com condi\u00e7\u00f5es at\u00e9 melhores, n\u00e3o s\u00f3 pelo t\u00edtulo, mas vai pegar aqui a pr\u00e9-temporada, vai pegar o per\u00edodo de Campeonato Carioca, mesmo amontoado a\u00ed com outras competi\u00e7\u00f5es e tudo mais, evidentemente \u00e9 um cen\u00e1rio mais favor\u00e1vel, at\u00e9 para fazer <em><strong>outras<\/strong><\/em> experi\u00eancias com rela\u00e7\u00e3o \u00e0 montagem da equipe contra advers\u00e1rios mais fracos, como todo mundo vai ter durante o estadual&#8221;<\/strong><\/em>, afirmou.<\/p>\n\n\n\n<p>Enquanto o elenco principal aproveita do per\u00edodo de folga, a categoria sub-20 treina para substitu\u00ed-los nos primeiros jogos do Campeonato Carioca. O primeiro compromisso do clube na competi\u00e7\u00e3o ocorrer\u00e1 nesta ter\u00e7a-feira (02), \u00e0s 21h35 (hor\u00e1rio de Bras\u00edlia), no Maracan\u00e3. O advers\u00e1rio da vez ser\u00e1 o Nova Igua\u00e7u e a transmiss\u00e3o ser\u00e1 feita pela Record RV e pela FlaTV+. No entanto, o duelo n\u00e3o ser\u00e1 transmitido para todo o pa\u00eds na TV aberta. <a href=\"https:\/\/www.gaveanews.com\/index.php\/2021\/03\/01\/saiba-em-quais-regioes-a-record-transmitira-flamengo-x-nova-iguacu\/\">Consulte as regi\u00f5es que transmitir\u00e3o o jogo pela Record TV.<\/a><\/p>\n\n\n\n<ul class=\"wp-block-list\"><li><a href=\"https:\/\/www.gaveanews.com\/index.php\/2021\/03\/16\/hugo-pode-se-tornar-uma-das-maiores-vendas-da-historia-do-flamengo-veja-valores\/?utm_source=EscolhaDoEditor&amp;utm_medium=EscolhaDoEditor&amp;utm_campaign=EscolhaDoEditor\" data-type=\"post\">Hugo pode se tornar uma das maiores vendas da hist\u00f3ria do Flamengo; veja valores<\/a><\/li><li><a href=\"Hipocrisia: Ap\u00f3s ter sido flagrado discutindo com um guarda na praia, comentarista critica Gabigol\" data-type=\"URL\" data-id=\"Hipocrisia: Ap\u00f3s ter sido flagrado discutindo com um guarda na praia, comentarista critica Gabigol\">Hipocrisia: Ap\u00f3s ter sido flagrado discutindo com um guarda na praia, comentarista critica Gabigol<\/a><\/li><\/ul>\n","protected":false},"excerpt":{"rendered":"<p>O Flamengo entrou para a hist\u00f3ria em 2019, quando o clube venceu o Brasileir\u00e3o e a Libertadores na mesma temporada. O feito nunca havia sido alcan\u00e7ado por outro time desde a cria\u00e7\u00e3o do torneio nacional em 1971. O elenco de 2019 foi comandado por Jorge Jesus, que ajeitou a equipe e a tornou multicampe\u00e3. No [&hellip;]<\/p>\n","protected":false},"author":4,"featured_media":56367,"comment_status":"open","ping_status":"closed","sticky":false,"template":"","format":"standard","meta":{"footnotes":""},"categories":[1],"tags":[],"class_list":["post-56913","post","type-post","status-publish","format-standard","has-post-thumbnail","hentry","category-flamengo"],"yoast_head":"<!-- This site is optimized with the Yoast SEO Premium plugin v24.2 (Yoast SEO v26.9) - https:\/\/yoast.com\/product\/yoast-seo-premium-wordpress\/ -->\n<title>Jornalista critica especula\u00e7\u00f5es de Jorge Jesus no Flamengo<\/title>\n<meta name=\"description\" content=\"O Flamengo entrou para a hist\u00f3ria em 2019, quando o clube venceu o Brasileir\u00e3o e a Libertadores na mesma temporada.\" \/>\n<meta name=\"robots\" content=\"index, follow, max-snippet:-1, max-image-preview:large, max-video-preview:-1\" \/>\n<link rel=\"canonical\" href=\"https:\/\/www.gaveanews.com\/index.php\/2021\/03\/01\/jornalista-critica-especulacoes-de-jorge-jesus-no-flamengo\/\" \/>\n<meta property=\"og:locale\" content=\"pt_BR\" \/>\n<meta property=\"og:type\" content=\"article\" \/>\n<meta property=\"og:title\" content=\"Jornalista critica especula\u00e7\u00f5es de Jorge Jesus no Flamengo\" \/>\n<meta property=\"og:description\" content=\"O Flamengo entrou para a hist\u00f3ria em 2019, quando o clube venceu o Brasileir\u00e3o e a Libertadores na mesma temporada.\" \/>\n<meta property=\"og:url\" content=\"https:\/\/www.gaveanews.com\/index.php\/2021\/03\/01\/jornalista-critica-especulacoes-de-jorge-jesus-no-flamengo\/\" \/>\n<meta property=\"og:site_name\" content=\"G\u00e1vea News\" \/>\n<meta property=\"article:publisher\" content=\"https:\/\/facebook.com\/gaveaNews\/\" \/>\n<meta property=\"article:published_time\" content=\"2021-03-01T22:38:04+00:00\" \/>\n<meta property=\"article:modified_time\" content=\"2021-08-12T03:50:06+00:00\" \/>\n<meta property=\"og:image\" content=\"https:\/\/www.gaveanews.com\/wp-content\/uploads\/Mauro-Cezar-em-participacao-na-Uol-Esporte.webp\" \/>\n\t<meta property=\"og:image:width\" content=\"900\" \/>\n\t<meta property=\"og:image:height\" content=\"506\" \/>\n\t<meta property=\"og:image:type\" content=\"image\/png\" \/>\n<meta name=\"author\" content=\"Let\u00edcia Gerheim\" \/>\n<meta name=\"twitter:card\" content=\"summary_large_image\" \/>\n<meta name=\"twitter:label1\" content=\"Escrito por\" \/>\n\t<meta name=\"twitter:data1\" content=\"Let\u00edcia Gerheim\" \/>\n\t<meta name=\"twitter:label2\" content=\"Est. tempo de leitura\" \/>\n\t<meta name=\"twitter:data2\" content=\"2 minutos\" \/>\n<script type=\"application\/ld+json\" class=\"yoast-schema-graph\">{\"@context\":\"https:\/\/schema.org\",\"@graph\":[{\"@type\":\"NewsArticle\",\"@id\":\"https:\/\/www.gaveanews.com\/index.php\/2021\/03\/01\/jornalista-critica-especulacoes-de-jorge-jesus-no-flamengo\/#article\",\"isPartOf\":{\"@id\":\"https:\/\/www.gaveanews.com\/index.php\/2021\/03\/01\/jornalista-critica-especulacoes-de-jorge-jesus-no-flamengo\/\"},\"author\":{\"name\":\"Let\u00edcia Gerheim\",\"@id\":\"https:\/\/www.gaveanews.com\/#\/schema\/person\/714c67050b836198af2450ba1c142a67\"},\"headline\":\"Jornalista critica especula\u00e7\u00f5es de Jorge Jesus no Flamengo\",\"datePublished\":\"2021-03-01T22:38:04+00:00\",\"dateModified\":\"2021-08-12T03:50:06+00:00\",\"mainEntityOfPage\":{\"@id\":\"https:\/\/www.gaveanews.com\/index.php\/2021\/03\/01\/jornalista-critica-especulacoes-de-jorge-jesus-no-flamengo\/\"},\"wordCount\":418,\"commentCount\":17,\"image\":{\"@id\":\"https:\/\/www.gaveanews.com\/index.php\/2021\/03\/01\/jornalista-critica-especulacoes-de-jorge-jesus-no-flamengo\/#primaryimage\"},\"thumbnailUrl\":\"https:\/\/www.gaveanews.com\/wp-content\/uploads\/Mauro-Cezar-em-participacao-na-Uol-Esporte.webp\",\"articleSection\":[\"Flamengo\"],\"inLanguage\":\"pt-BR\",\"potentialAction\":[{\"@type\":\"CommentAction\",\"name\":\"Comment\",\"target\":[\"https:\/\/www.gaveanews.com\/index.php\/2021\/03\/01\/jornalista-critica-especulacoes-de-jorge-jesus-no-flamengo\/#respond\"]}],\"copyrightYear\":\"2021\",\"copyrightHolder\":{\"@id\":\"https:\/\/www.gaveanews.com\/#organization\"}},{\"@type\":\"WebPage\",\"@id\":\"https:\/\/www.gaveanews.com\/index.php\/2021\/03\/01\/jornalista-critica-especulacoes-de-jorge-jesus-no-flamengo\/\",\"url\":\"https:\/\/www.gaveanews.com\/index.php\/2021\/03\/01\/jornalista-critica-especulacoes-de-jorge-jesus-no-flamengo\/\",\"name\":\"Jornalista critica especula\u00e7\u00f5es de Jorge Jesus no Flamengo\",\"isPartOf\":{\"@id\":\"https:\/\/www.gaveanews.com\/#website\"},\"primaryImageOfPage\":{\"@id\":\"https:\/\/www.gaveanews.com\/index.php\/2021\/03\/01\/jornalista-critica-especulacoes-de-jorge-jesus-no-flamengo\/#primaryimage\"},\"image\":{\"@id\":\"https:\/\/www.gaveanews.com\/index.php\/2021\/03\/01\/jornalista-critica-especulacoes-de-jorge-jesus-no-flamengo\/#primaryimage\"},\"thumbnailUrl\":\"https:\/\/www.gaveanews.com\/wp-content\/uploads\/Mauro-Cezar-em-participacao-na-Uol-Esporte.webp\",\"datePublished\":\"2021-03-01T22:38:04+00:00\",\"dateModified\":\"2021-08-12T03:50:06+00:00\",\"author\":{\"@id\":\"https:\/\/www.gaveanews.com\/#\/schema\/person\/714c67050b836198af2450ba1c142a67\"},\"description\":\"O Flamengo entrou para a hist\u00f3ria em 2019, quando o clube venceu o Brasileir\u00e3o e a Libertadores na mesma temporada.\",\"breadcrumb\":{\"@id\":\"https:\/\/www.gaveanews.com\/index.php\/2021\/03\/01\/jornalista-critica-especulacoes-de-jorge-jesus-no-flamengo\/#breadcrumb\"},\"inLanguage\":\"pt-BR\",\"potentialAction\":[{\"@type\":\"ReadAction\",\"target\":[\"https:\/\/www.gaveanews.com\/index.php\/2021\/03\/01\/jornalista-critica-especulacoes-de-jorge-jesus-no-flamengo\/\"]}]},{\"@type\":\"ImageObject\",\"inLanguage\":\"pt-BR\",\"@id\":\"https:\/\/www.gaveanews.com\/index.php\/2021\/03\/01\/jornalista-critica-especulacoes-de-jorge-jesus-no-flamengo\/#primaryimage\",\"url\":\"https:\/\/www.gaveanews.com\/wp-content\/uploads\/Mauro-Cezar-em-participacao-na-Uol-Esporte.webp\",\"contentUrl\":\"https:\/\/www.gaveanews.com\/wp-content\/uploads\/Mauro-Cezar-em-participacao-na-Uol-Esporte.webp\",\"width\":900,\"height\":506,\"caption\":\"Mauro Cezar, comentarista da UOL Esporte (Foto: Reprodu\u00e7\u00e3o\/UOL Esporte)\"},{\"@type\":\"BreadcrumbList\",\"@id\":\"https:\/\/www.gaveanews.com\/index.php\/2021\/03\/01\/jornalista-critica-especulacoes-de-jorge-jesus-no-flamengo\/#breadcrumb\",\"itemListElement\":[{\"@type\":\"ListItem\",\"position\":1,\"name\":\"Home\",\"item\":\"https:\/\/www.gaveanews.com\/\"},{\"@type\":\"ListItem\",\"position\":2,\"name\":\"Jornalista critica especula\u00e7\u00f5es de Jorge Jesus no Flamengo\"}]},{\"@type\":\"WebSite\",\"@id\":\"https:\/\/www.gaveanews.com\/#website\",\"url\":\"https:\/\/www.gaveanews.com\/\",\"name\":\"G\u00e1vea News\",\"description\":\"Veja todas as not\u00edcias sobre o Flamengo: Contrata\u00e7\u00f5es, categorias de base, resultados das partidas, tabela de classifica\u00e7\u00e3o, pr\u00f3ximos jogos!\",\"potentialAction\":[{\"@type\":\"SearchAction\",\"target\":{\"@type\":\"EntryPoint\",\"urlTemplate\":\"https:\/\/www.gaveanews.com\/?s={search_term_string}\"},\"query-input\":{\"@type\":\"PropertyValueSpecification\",\"valueRequired\":true,\"valueName\":\"search_term_string\"}}],\"inLanguage\":\"pt-BR\"},{\"@type\":\"Person\",\"@id\":\"https:\/\/www.gaveanews.com\/#\/schema\/person\/714c67050b836198af2450ba1c142a67\",\"name\":\"Let\u00edcia Gerheim\",\"image\":{\"@type\":\"ImageObject\",\"inLanguage\":\"pt-BR\",\"@id\":\"https:\/\/www.gaveanews.com\/#\/schema\/person\/image\/\",\"url\":\"https:\/\/secure.gravatar.com\/avatar\/60734739c50fcebfbac509e2a826ccd0ff405c019bc73aab9354f19ecad1dcb4?s=96&d=mm&r=g\",\"contentUrl\":\"https:\/\/secure.gravatar.com\/avatar\/60734739c50fcebfbac509e2a826ccd0ff405c019bc73aab9354f19ecad1dcb4?s=96&d=mm&r=g\",\"caption\":\"Let\u00edcia Gerheim\"}}]}<\/script>\n<!-- \/ Yoast SEO Premium plugin. -->","yoast_head_json":{"title":"Jornalista critica especula\u00e7\u00f5es de Jorge Jesus no Flamengo","description":"O Flamengo entrou para a hist\u00f3ria em 2019, quando o clube venceu o Brasileir\u00e3o e a Libertadores na mesma temporada.","robots":{"index":"index","follow":"follow","max-snippet":"max-snippet:-1","max-image-preview":"max-image-preview:large","max-video-preview":"max-video-preview:-1"},"canonical":"https:\/\/www.gaveanews.com\/index.php\/2021\/03\/01\/jornalista-critica-especulacoes-de-jorge-jesus-no-flamengo\/","og_locale":"pt_BR","og_type":"article","og_title":"Jornalista critica especula\u00e7\u00f5es de Jorge Jesus no Flamengo","og_description":"O Flamengo entrou para a hist\u00f3ria em 2019, quando o clube venceu o Brasileir\u00e3o e a Libertadores na mesma temporada.","og_url":"https:\/\/www.gaveanews.com\/index.php\/2021\/03\/01\/jornalista-critica-especulacoes-de-jorge-jesus-no-flamengo\/","og_site_name":"G\u00e1vea News","article_publisher":"https:\/\/facebook.com\/gaveaNews\/","article_published_time":"2021-03-01T22:38:04+00:00","article_modified_time":"2021-08-12T03:50:06+00:00","og_image":[{"width":900,"height":506,"url":"https:\/\/www.gaveanews.com\/wp-content\/uploads\/Mauro-Cezar-em-participacao-na-Uol-Esporte.webp","type":"image\/png"}],"author":"Let\u00edcia Gerheim","twitter_card":"summary_large_image","twitter_misc":{"Escrito por":"Let\u00edcia Gerheim","Est. tempo de leitura":"2 minutos"},"schema":{"@context":"https:\/\/schema.org","@graph":[{"@type":"NewsArticle","@id":"https:\/\/www.gaveanews.com\/index.php\/2021\/03\/01\/jornalista-critica-especulacoes-de-jorge-jesus-no-flamengo\/#article","isPartOf":{"@id":"https:\/\/www.gaveanews.com\/index.php\/2021\/03\/01\/jornalista-critica-especulacoes-de-jorge-jesus-no-flamengo\/"},"author":{"name":"Let\u00edcia Gerheim","@id":"https:\/\/www.gaveanews.com\/#\/schema\/person\/714c67050b836198af2450ba1c142a67"},"headline":"Jornalista critica especula\u00e7\u00f5es de Jorge Jesus no Flamengo","datePublished":"2021-03-01T22:38:04+00:00","dateModified":"2021-08-12T03:50:06+00:00","mainEntityOfPage":{"@id":"https:\/\/www.gaveanews.com\/index.php\/2021\/03\/01\/jornalista-critica-especulacoes-de-jorge-jesus-no-flamengo\/"},"wordCount":418,"commentCount":17,"image":{"@id":"https:\/\/www.gaveanews.com\/index.php\/2021\/03\/01\/jornalista-critica-especulacoes-de-jorge-jesus-no-flamengo\/#primaryimage"},"thumbnailUrl":"https:\/\/www.gaveanews.com\/wp-content\/uploads\/Mauro-Cezar-em-participacao-na-Uol-Esporte.webp","articleSection":["Flamengo"],"inLanguage":"pt-BR","potentialAction":[{"@type":"CommentAction","name":"Comment","target":["https:\/\/www.gaveanews.com\/index.php\/2021\/03\/01\/jornalista-critica-especulacoes-de-jorge-jesus-no-flamengo\/#respond"]}],"copyrightYear":"2021","copyrightHolder":{"@id":"https:\/\/www.gaveanews.com\/#organization"}},{"@type":"WebPage","@id":"https:\/\/www.gaveanews.com\/index.php\/2021\/03\/01\/jornalista-critica-especulacoes-de-jorge-jesus-no-flamengo\/","url":"https:\/\/www.gaveanews.com\/index.php\/2021\/03\/01\/jornalista-critica-especulacoes-de-jorge-jesus-no-flamengo\/","name":"Jornalista critica especula\u00e7\u00f5es de Jorge Jesus no Flamengo","isPartOf":{"@id":"https:\/\/www.gaveanews.com\/#website"},"primaryImageOfPage":{"@id":"https:\/\/www.gaveanews.com\/index.php\/2021\/03\/01\/jornalista-critica-especulacoes-de-jorge-jesus-no-flamengo\/#primaryimage"},"image":{"@id":"https:\/\/www.gaveanews.com\/index.php\/2021\/03\/01\/jornalista-critica-especulacoes-de-jorge-jesus-no-flamengo\/#primaryimage"},"thumbnailUrl":"https:\/\/www.gaveanews.com\/wp-content\/uploads\/Mauro-Cezar-em-participacao-na-Uol-Esporte.webp","datePublished":"2021-03-01T22:38:04+00:00","dateModified":"2021-08-12T03:50:06+00:00","author":{"@id":"https:\/\/www.gaveanews.com\/#\/schema\/person\/714c67050b836198af2450ba1c142a67"},"description":"O Flamengo entrou para a hist\u00f3ria em 2019, quando o clube venceu o Brasileir\u00e3o e a Libertadores na mesma temporada.","breadcrumb":{"@id":"https:\/\/www.gaveanews.com\/index.php\/2021\/03\/01\/jornalista-critica-especulacoes-de-jorge-jesus-no-flamengo\/#breadcrumb"},"inLanguage":"pt-BR","potentialAction":[{"@type":"ReadAction","target":["https:\/\/www.gaveanews.com\/index.php\/2021\/03\/01\/jornalista-critica-especulacoes-de-jorge-jesus-no-flamengo\/"]}]},{"@type":"ImageObject","inLanguage":"pt-BR","@id":"https:\/\/www.gaveanews.com\/index.php\/2021\/03\/01\/jornalista-critica-especulacoes-de-jorge-jesus-no-flamengo\/#primaryimage","url":"https:\/\/www.gaveanews.com\/wp-content\/uploads\/Mauro-Cezar-em-participacao-na-Uol-Esporte.webp","contentUrl":"https:\/\/www.gaveanews.com\/wp-content\/uploads\/Mauro-Cezar-em-participacao-na-Uol-Esporte.webp","width":900,"height":506,"caption":"Mauro Cezar, comentarista da UOL Esporte (Foto: Reprodu\u00e7\u00e3o\/UOL Esporte)"},{"@type":"BreadcrumbList","@id":"https:\/\/www.gaveanews.com\/index.php\/2021\/03\/01\/jornalista-critica-especulacoes-de-jorge-jesus-no-flamengo\/#breadcrumb","itemListElement":[{"@type":"ListItem","position":1,"name":"Home","item":"https:\/\/www.gaveanews.com\/"},{"@type":"ListItem","position":2,"name":"Jornalista critica especula\u00e7\u00f5es de Jorge Jesus no Flamengo"}]},{"@type":"WebSite","@id":"https:\/\/www.gaveanews.com\/#website","url":"https:\/\/www.gaveanews.com\/","name":"G\u00e1vea News","description":"Veja todas as not\u00edcias sobre o Flamengo: Contrata\u00e7\u00f5es, categorias de base, resultados das partidas, tabela de classifica\u00e7\u00e3o, pr\u00f3ximos jogos!","potentialAction":[{"@type":"SearchAction","target":{"@type":"EntryPoint","urlTemplate":"https:\/\/www.gaveanews.com\/?s={search_term_string}"},"query-input":{"@type":"PropertyValueSpecification","valueRequired":true,"valueName":"search_term_string"}}],"inLanguage":"pt-BR"},{"@type":"Person","@id":"https:\/\/www.gaveanews.com\/#\/schema\/person\/714c67050b836198af2450ba1c142a67","name":"Let\u00edcia Gerheim","image":{"@type":"ImageObject","inLanguage":"pt-BR","@id":"https:\/\/www.gaveanews.com\/#\/schema\/person\/image\/","url":"https:\/\/secure.gravatar.com\/avatar\/60734739c50fcebfbac509e2a826ccd0ff405c019bc73aab9354f19ecad1dcb4?s=96&d=mm&r=g","contentUrl":"https:\/\/secure.gravatar.com\/avatar\/60734739c50fcebfbac509e2a826ccd0ff405c019bc73aab9354f19ecad1dcb4?s=96&d=mm&r=g","caption":"Let\u00edcia Gerheim"}}]}},"_links":{"self":[{"href":"https:\/\/www.gaveanews.com\/index.php\/wp-json\/wp\/v2\/posts\/56913","targetHints":{"allow":["GET"]}}],"collection":[{"href":"https:\/\/www.gaveanews.com\/index.php\/wp-json\/wp\/v2\/posts"}],"about":[{"href":"https:\/\/www.gaveanews.com\/index.php\/wp-json\/wp\/v2\/types\/post"}],"author":[{"embeddable":true,"href":"https:\/\/www.gaveanews.com\/index.php\/wp-json\/wp\/v2\/users\/4"}],"replies":[{"embeddable":true,"href":"https:\/\/www.gaveanews.com\/index.php\/wp-json\/wp\/v2\/comments?post=56913"}],"version-history":[{"count":0,"href":"https:\/\/www.gaveanews.com\/index.php\/wp-json\/wp\/v2\/posts\/56913\/revisions"}],"wp:featuredmedia":[{"embeddable":true,"href":"https:\/\/www.gaveanews.com\/index.php\/wp-json\/wp\/v2\/media\/56367"}],"wp:attachment":[{"href":"https:\/\/www.gaveanews.com\/index.php\/wp-json\/wp\/v2\/media?parent=56913"}],"wp:term":[{"taxonomy":"category","embeddable":true,"href":"https:\/\/www.gaveanews.com\/index.php\/wp-json\/wp\/v2\/categories?post=56913"},{"taxonomy":"post_tag","embeddable":true,"href":"https:\/\/www.gaveanews.com\/index.php\/wp-json\/wp\/v2\/tags?post=56913"}],"curies":[{"name":"wp","href":"https:\/\/api.w.org\/{rel}","templated":true}]}}