{"id":56979,"date":"2021-03-02T19:39:43","date_gmt":"2021-03-02T22:39:43","guid":{"rendered":"https:\/\/www.gaveanews.com\/?p=56979"},"modified":"2021-08-12T00:49:54","modified_gmt":"2021-08-12T03:49:54","slug":"saiu-confira-a-escalacao-oficial-do-flamengo-contra-o-nova-iguacu","status":"publish","type":"post","link":"https:\/\/www.gaveanews.com\/index.php\/2021\/03\/02\/saiu-confira-a-escalacao-oficial-do-flamengo-contra-o-nova-iguacu\/","title":{"rendered":"Saiu! Confira a escala\u00e7\u00e3o oficial do Flamengo contra o Nova Igua\u00e7u"},"content":{"rendered":"\n<p>Daqui a pouco, \u00e0s 21h35 (hor\u00e1rio de Bras\u00edlia), o Mais Querido enfrentar\u00e1 o Nova Igua\u00e7u pela primeira rodada do Campeonato Carioca. <a href=\"https:\/\/www.gaveanews.com\/index.php\/2021\/03\/02\/clique-aqui-e-assista-ao-vivo-com-imagens-o-jogo-do-flamengo-hoje\/\">Voc\u00ea poder\u00e1 assistir ao jogo gratuitamente, clique aqui e acompanhe a transmiss\u00e3o oficial do jogo<\/a>.<\/p>\n\n\n\n<p>Iniciando a jornada do clube na temporada de 2021, o Flamengo entrar\u00e1 em campo com a escala\u00e7\u00e3o composta predominantemente por Garotos do Ninho, entre os jovens que atuam no elenco profissional e o que defendem pela categoria sub-20. O fato se deve \u00e0 folga de 15 dias recebida por grande parte do elenco principal ap\u00f3s o t\u00e9rmino a temporada de 2020.<\/p>\n\n\n\n<p>Al\u00e9m da falta dos atletas mais experientes, o time n\u00e3o contar\u00e1 com a presen\u00e7a de Rog\u00e9rio Ceni, que tamb\u00e9m est\u00e1 de recesso. Desta forma, o t\u00e9cnico Maur\u00edcio Souza, treinador do sub-20, assumir\u00e1 o comando da equipe nas primeiras rodadas do torneio.<\/p>\n\n\n\n<p>Assim, o Flamengo entrar\u00e1 em campo com uma nova configura\u00e7\u00e3o e com parte do elenco que enfrentou o Palmeiras no ano passado, duelo no qual Hugo Souza se destacou e ganhou visibilidade no clube.<\/p>\n\n\n\n<h2 class=\"wp-block-heading\" id=\"h-quem-est-de-fora\">Quem est\u00e1 de fora:<\/h2>\n\n\n\n<ul class=\"wp-block-list\"><li>Bruno Viana (n\u00e3o foi inscrito no Campeonato em tempo h\u00e1bil)<\/li><li>Richard R\u00edos (cumprir\u00e1 suspens\u00e3o devido ao sub-20)<\/li><\/ul>\n\n\n\n<h2 class=\"wp-block-heading\" id=\"h-escala-o-oficial\">Escala\u00e7\u00e3o oficial:<\/h2>\n\n\n\n<p>Gabriel Batista; Matheuzinho, Noga, Natan e Ramon; Jo\u00e3o Gomes, Daniel Cabral e Yuri; Thiaguinho, L\u00e1zaro e Rodrigo Muniz.<\/p>\n\n\n\n<h2 class=\"wp-block-heading\" id=\"h-banco-de-reservas\">Banco de reservas:<\/h2>\n\n\n\n<p><em>Em instantes.<\/em><\/p>\n\n\n\n<h2 class=\"wp-block-heading\" id=\"h-arbitragem\">Arbitragem:<\/h2>\n\n\n\n<ul class=\"wp-block-list\"><li><strong>\u00c1rbitra:<\/strong>&nbsp;Rejane Caetano da Silva<\/li><li><strong>Assistente 1:<\/strong>&nbsp;Lilian da Silva Fernandes Bruno<\/li><li><strong>Assistente 2:<\/strong>&nbsp;Andr\u00e9a Izaura Maffra Marcelino de S\u00e1<\/li><\/ul>\n\n\n\n<ul class=\"wp-block-list\"><li><a href=\"https:\/\/www.gaveanews.com\/index.php\/2021\/03\/16\/hugo-pode-se-tornar-uma-das-maiores-vendas-da-historia-do-flamengo-veja-valores\/?utm_source=EscolhaDoEditor&amp;utm_medium=EscolhaDoEditor&amp;utm_campaign=EscolhaDoEditor\" data-type=\"post\">Hugo pode se tornar uma das maiores vendas da hist\u00f3ria do Flamengo; veja valores<\/a><\/li><li><a href=\"Hipocrisia: Ap\u00f3s ter sido flagrado discutindo com um guarda na praia, comentarista critica Gabigol\" data-type=\"URL\" data-id=\"Hipocrisia: Ap\u00f3s ter sido flagrado discutindo com um guarda na praia, comentarista critica Gabigol\">Hipocrisia: Ap\u00f3s ter sido flagrado discutindo com um guarda na praia, comentarista critica Gabigol<\/a><\/li><\/ul>\n","protected":false},"excerpt":{"rendered":"<p>Daqui a pouco, \u00e0s 21h35 (hor\u00e1rio de Bras\u00edlia), o Mais Querido enfrentar\u00e1 o Nova Igua\u00e7u pela primeira rodada do Campeonato Carioca. Voc\u00ea poder\u00e1 assistir ao jogo gratuitamente, clique aqui e acompanhe a transmiss\u00e3o oficial do jogo. Iniciando a jornada do clube na temporada de 2021, o Flamengo entrar\u00e1 em campo com a escala\u00e7\u00e3o composta predominantemente [&hellip;]<\/p>\n","protected":false},"author":4,"featured_media":30000,"comment_status":"open","ping_status":"closed","sticky":false,"template":"","format":"standard","meta":{"footnotes":""},"categories":[1],"tags":[],"class_list":["post-56979","post","type-post","status-publish","format-standard","has-post-thumbnail","hentry","category-flamengo"],"yoast_head":"<!-- This site is optimized with the Yoast SEO Premium plugin v24.2 (Yoast SEO v26.9) - https:\/\/yoast.com\/product\/yoast-seo-premium-wordpress\/ -->\n<title>Saiu! Confira a escala\u00e7\u00e3o oficial do Flamengo contra o Nova Igua\u00e7u<\/title>\n<meta name=\"robots\" content=\"index, follow, max-snippet:-1, max-image-preview:large, max-video-preview:-1\" \/>\n<link rel=\"canonical\" href=\"https:\/\/www.gaveanews.com\/index.php\/2021\/03\/02\/saiu-confira-a-escalacao-oficial-do-flamengo-contra-o-nova-iguacu\/\" \/>\n<meta property=\"og:locale\" content=\"pt_BR\" \/>\n<meta property=\"og:type\" content=\"article\" \/>\n<meta property=\"og:title\" content=\"Saiu! Confira a escala\u00e7\u00e3o oficial do Flamengo contra o Nova Igua\u00e7u\" \/>\n<meta property=\"og:description\" content=\"Daqui a pouco, \u00e0s 21h35 (hor\u00e1rio de Bras\u00edlia), o Mais Querido enfrentar\u00e1 o Nova Igua\u00e7u pela primeira rodada do Campeonato Carioca. Voc\u00ea poder\u00e1 assistir ao jogo gratuitamente, clique aqui e acompanhe a transmiss\u00e3o oficial do jogo. Iniciando a jornada do clube na temporada de 2021, o Flamengo entrar\u00e1 em campo com a escala\u00e7\u00e3o composta predominantemente [&hellip;]\" \/>\n<meta property=\"og:url\" content=\"https:\/\/www.gaveanews.com\/index.php\/2021\/03\/02\/saiu-confira-a-escalacao-oficial-do-flamengo-contra-o-nova-iguacu\/\" \/>\n<meta property=\"og:site_name\" content=\"G\u00e1vea News\" \/>\n<meta property=\"article:publisher\" content=\"https:\/\/facebook.com\/gaveaNews\/\" \/>\n<meta property=\"article:published_time\" content=\"2021-03-02T22:39:43+00:00\" \/>\n<meta property=\"article:modified_time\" content=\"2021-08-12T03:49:54+00:00\" \/>\n<meta property=\"og:image\" content=\"https:\/\/www.gaveanews.com\/wp-content\/uploads\/Escalacao-oficial-do-Flamengo.webp\" \/>\n\t<meta property=\"og:image:width\" content=\"1\" \/>\n\t<meta property=\"og:image:height\" content=\"1\" \/>\n\t<meta property=\"og:image:type\" content=\"image\/jpeg\" \/>\n<meta name=\"author\" content=\"Let\u00edcia Gerheim\" \/>\n<meta name=\"twitter:card\" content=\"summary_large_image\" \/>\n<meta name=\"twitter:label1\" content=\"Escrito por\" \/>\n\t<meta name=\"twitter:data1\" content=\"Let\u00edcia Gerheim\" \/>\n\t<meta name=\"twitter:label2\" content=\"Est. tempo de leitura\" \/>\n\t<meta name=\"twitter:data2\" content=\"1 minuto\" \/>\n<script type=\"application\/ld+json\" class=\"yoast-schema-graph\">{\"@context\":\"https:\/\/schema.org\",\"@graph\":[{\"@type\":\"NewsArticle\",\"@id\":\"https:\/\/www.gaveanews.com\/index.php\/2021\/03\/02\/saiu-confira-a-escalacao-oficial-do-flamengo-contra-o-nova-iguacu\/#article\",\"isPartOf\":{\"@id\":\"https:\/\/www.gaveanews.com\/index.php\/2021\/03\/02\/saiu-confira-a-escalacao-oficial-do-flamengo-contra-o-nova-iguacu\/\"},\"author\":{\"name\":\"Let\u00edcia Gerheim\",\"@id\":\"https:\/\/www.gaveanews.com\/#\/schema\/person\/714c67050b836198af2450ba1c142a67\"},\"headline\":\"Saiu! Confira a escala\u00e7\u00e3o oficial do Flamengo contra o Nova Igua\u00e7u\",\"datePublished\":\"2021-03-02T22:39:43+00:00\",\"dateModified\":\"2021-08-12T03:49:54+00:00\",\"mainEntityOfPage\":{\"@id\":\"https:\/\/www.gaveanews.com\/index.php\/2021\/03\/02\/saiu-confira-a-escalacao-oficial-do-flamengo-contra-o-nova-iguacu\/\"},\"wordCount\":272,\"commentCount\":22,\"image\":{\"@id\":\"https:\/\/www.gaveanews.com\/index.php\/2021\/03\/02\/saiu-confira-a-escalacao-oficial-do-flamengo-contra-o-nova-iguacu\/#primaryimage\"},\"thumbnailUrl\":\"https:\/\/www.gaveanews.com\/wp-content\/uploads\/Escalacao-oficial-do-Flamengo.webp\",\"articleSection\":[\"Flamengo\"],\"inLanguage\":\"pt-BR\",\"potentialAction\":[{\"@type\":\"CommentAction\",\"name\":\"Comment\",\"target\":[\"https:\/\/www.gaveanews.com\/index.php\/2021\/03\/02\/saiu-confira-a-escalacao-oficial-do-flamengo-contra-o-nova-iguacu\/#respond\"]}],\"copyrightYear\":\"2021\",\"copyrightHolder\":{\"@id\":\"https:\/\/www.gaveanews.com\/#organization\"}},{\"@type\":\"WebPage\",\"@id\":\"https:\/\/www.gaveanews.com\/index.php\/2021\/03\/02\/saiu-confira-a-escalacao-oficial-do-flamengo-contra-o-nova-iguacu\/\",\"url\":\"https:\/\/www.gaveanews.com\/index.php\/2021\/03\/02\/saiu-confira-a-escalacao-oficial-do-flamengo-contra-o-nova-iguacu\/\",\"name\":\"Saiu! Confira a escala\u00e7\u00e3o oficial do Flamengo contra o Nova Igua\u00e7u\",\"isPartOf\":{\"@id\":\"https:\/\/www.gaveanews.com\/#website\"},\"primaryImageOfPage\":{\"@id\":\"https:\/\/www.gaveanews.com\/index.php\/2021\/03\/02\/saiu-confira-a-escalacao-oficial-do-flamengo-contra-o-nova-iguacu\/#primaryimage\"},\"image\":{\"@id\":\"https:\/\/www.gaveanews.com\/index.php\/2021\/03\/02\/saiu-confira-a-escalacao-oficial-do-flamengo-contra-o-nova-iguacu\/#primaryimage\"},\"thumbnailUrl\":\"https:\/\/www.gaveanews.com\/wp-content\/uploads\/Escalacao-oficial-do-Flamengo.webp\",\"datePublished\":\"2021-03-02T22:39:43+00:00\",\"dateModified\":\"2021-08-12T03:49:54+00:00\",\"author\":{\"@id\":\"https:\/\/www.gaveanews.com\/#\/schema\/person\/714c67050b836198af2450ba1c142a67\"},\"breadcrumb\":{\"@id\":\"https:\/\/www.gaveanews.com\/index.php\/2021\/03\/02\/saiu-confira-a-escalacao-oficial-do-flamengo-contra-o-nova-iguacu\/#breadcrumb\"},\"inLanguage\":\"pt-BR\",\"potentialAction\":[{\"@type\":\"ReadAction\",\"target\":[\"https:\/\/www.gaveanews.com\/index.php\/2021\/03\/02\/saiu-confira-a-escalacao-oficial-do-flamengo-contra-o-nova-iguacu\/\"]}]},{\"@type\":\"ImageObject\",\"inLanguage\":\"pt-BR\",\"@id\":\"https:\/\/www.gaveanews.com\/index.php\/2021\/03\/02\/saiu-confira-a-escalacao-oficial-do-flamengo-contra-o-nova-iguacu\/#primaryimage\",\"url\":\"https:\/\/www.gaveanews.com\/wp-content\/uploads\/Escalacao-oficial-do-Flamengo.webp\",\"contentUrl\":\"https:\/\/www.gaveanews.com\/wp-content\/uploads\/Escalacao-oficial-do-Flamengo.webp\",\"caption\":\"Confira a escala\u00e7\u00e3o oficial do Flamengo (Ilustra\u00e7\u00e3o: Editoria de Arte\/GaveaNews.com)\"},{\"@type\":\"BreadcrumbList\",\"@id\":\"https:\/\/www.gaveanews.com\/index.php\/2021\/03\/02\/saiu-confira-a-escalacao-oficial-do-flamengo-contra-o-nova-iguacu\/#breadcrumb\",\"itemListElement\":[{\"@type\":\"ListItem\",\"position\":1,\"name\":\"Home\",\"item\":\"https:\/\/www.gaveanews.com\/\"},{\"@type\":\"ListItem\",\"position\":2,\"name\":\"Saiu! Confira a escala\u00e7\u00e3o oficial do Flamengo contra o Nova Igua\u00e7u\"}]},{\"@type\":\"WebSite\",\"@id\":\"https:\/\/www.gaveanews.com\/#website\",\"url\":\"https:\/\/www.gaveanews.com\/\",\"name\":\"G\u00e1vea News\",\"description\":\"Veja todas as not\u00edcias sobre o Flamengo: Contrata\u00e7\u00f5es, categorias de base, resultados das partidas, tabela de classifica\u00e7\u00e3o, pr\u00f3ximos jogos!\",\"potentialAction\":[{\"@type\":\"SearchAction\",\"target\":{\"@type\":\"EntryPoint\",\"urlTemplate\":\"https:\/\/www.gaveanews.com\/?s={search_term_string}\"},\"query-input\":{\"@type\":\"PropertyValueSpecification\",\"valueRequired\":true,\"valueName\":\"search_term_string\"}}],\"inLanguage\":\"pt-BR\"},{\"@type\":\"Person\",\"@id\":\"https:\/\/www.gaveanews.com\/#\/schema\/person\/714c67050b836198af2450ba1c142a67\",\"name\":\"Let\u00edcia Gerheim\",\"image\":{\"@type\":\"ImageObject\",\"inLanguage\":\"pt-BR\",\"@id\":\"https:\/\/www.gaveanews.com\/#\/schema\/person\/image\/\",\"url\":\"https:\/\/secure.gravatar.com\/avatar\/60734739c50fcebfbac509e2a826ccd0ff405c019bc73aab9354f19ecad1dcb4?s=96&d=mm&r=g\",\"contentUrl\":\"https:\/\/secure.gravatar.com\/avatar\/60734739c50fcebfbac509e2a826ccd0ff405c019bc73aab9354f19ecad1dcb4?s=96&d=mm&r=g\",\"caption\":\"Let\u00edcia Gerheim\"}}]}<\/script>\n<!-- \/ Yoast SEO Premium plugin. -->","yoast_head_json":{"title":"Saiu! Confira a escala\u00e7\u00e3o oficial do Flamengo contra o Nova Igua\u00e7u","robots":{"index":"index","follow":"follow","max-snippet":"max-snippet:-1","max-image-preview":"max-image-preview:large","max-video-preview":"max-video-preview:-1"},"canonical":"https:\/\/www.gaveanews.com\/index.php\/2021\/03\/02\/saiu-confira-a-escalacao-oficial-do-flamengo-contra-o-nova-iguacu\/","og_locale":"pt_BR","og_type":"article","og_title":"Saiu! Confira a escala\u00e7\u00e3o oficial do Flamengo contra o Nova Igua\u00e7u","og_description":"Daqui a pouco, \u00e0s 21h35 (hor\u00e1rio de Bras\u00edlia), o Mais Querido enfrentar\u00e1 o Nova Igua\u00e7u pela primeira rodada do Campeonato Carioca. Voc\u00ea poder\u00e1 assistir ao jogo gratuitamente, clique aqui e acompanhe a transmiss\u00e3o oficial do jogo. Iniciando a jornada do clube na temporada de 2021, o Flamengo entrar\u00e1 em campo com a escala\u00e7\u00e3o composta predominantemente [&hellip;]","og_url":"https:\/\/www.gaveanews.com\/index.php\/2021\/03\/02\/saiu-confira-a-escalacao-oficial-do-flamengo-contra-o-nova-iguacu\/","og_site_name":"G\u00e1vea News","article_publisher":"https:\/\/facebook.com\/gaveaNews\/","article_published_time":"2021-03-02T22:39:43+00:00","article_modified_time":"2021-08-12T03:49:54+00:00","og_image":[{"url":"https:\/\/www.gaveanews.com\/wp-content\/uploads\/Escalacao-oficial-do-Flamengo.webp","width":1,"height":1,"type":"image\/jpeg"}],"author":"Let\u00edcia Gerheim","twitter_card":"summary_large_image","twitter_misc":{"Escrito por":"Let\u00edcia Gerheim","Est. tempo de leitura":"1 minuto"},"schema":{"@context":"https:\/\/schema.org","@graph":[{"@type":"NewsArticle","@id":"https:\/\/www.gaveanews.com\/index.php\/2021\/03\/02\/saiu-confira-a-escalacao-oficial-do-flamengo-contra-o-nova-iguacu\/#article","isPartOf":{"@id":"https:\/\/www.gaveanews.com\/index.php\/2021\/03\/02\/saiu-confira-a-escalacao-oficial-do-flamengo-contra-o-nova-iguacu\/"},"author":{"name":"Let\u00edcia Gerheim","@id":"https:\/\/www.gaveanews.com\/#\/schema\/person\/714c67050b836198af2450ba1c142a67"},"headline":"Saiu! Confira a escala\u00e7\u00e3o oficial do Flamengo contra o Nova Igua\u00e7u","datePublished":"2021-03-02T22:39:43+00:00","dateModified":"2021-08-12T03:49:54+00:00","mainEntityOfPage":{"@id":"https:\/\/www.gaveanews.com\/index.php\/2021\/03\/02\/saiu-confira-a-escalacao-oficial-do-flamengo-contra-o-nova-iguacu\/"},"wordCount":272,"commentCount":22,"image":{"@id":"https:\/\/www.gaveanews.com\/index.php\/2021\/03\/02\/saiu-confira-a-escalacao-oficial-do-flamengo-contra-o-nova-iguacu\/#primaryimage"},"thumbnailUrl":"https:\/\/www.gaveanews.com\/wp-content\/uploads\/Escalacao-oficial-do-Flamengo.webp","articleSection":["Flamengo"],"inLanguage":"pt-BR","potentialAction":[{"@type":"CommentAction","name":"Comment","target":["https:\/\/www.gaveanews.com\/index.php\/2021\/03\/02\/saiu-confira-a-escalacao-oficial-do-flamengo-contra-o-nova-iguacu\/#respond"]}],"copyrightYear":"2021","copyrightHolder":{"@id":"https:\/\/www.gaveanews.com\/#organization"}},{"@type":"WebPage","@id":"https:\/\/www.gaveanews.com\/index.php\/2021\/03\/02\/saiu-confira-a-escalacao-oficial-do-flamengo-contra-o-nova-iguacu\/","url":"https:\/\/www.gaveanews.com\/index.php\/2021\/03\/02\/saiu-confira-a-escalacao-oficial-do-flamengo-contra-o-nova-iguacu\/","name":"Saiu! Confira a escala\u00e7\u00e3o oficial do Flamengo contra o Nova Igua\u00e7u","isPartOf":{"@id":"https:\/\/www.gaveanews.com\/#website"},"primaryImageOfPage":{"@id":"https:\/\/www.gaveanews.com\/index.php\/2021\/03\/02\/saiu-confira-a-escalacao-oficial-do-flamengo-contra-o-nova-iguacu\/#primaryimage"},"image":{"@id":"https:\/\/www.gaveanews.com\/index.php\/2021\/03\/02\/saiu-confira-a-escalacao-oficial-do-flamengo-contra-o-nova-iguacu\/#primaryimage"},"thumbnailUrl":"https:\/\/www.gaveanews.com\/wp-content\/uploads\/Escalacao-oficial-do-Flamengo.webp","datePublished":"2021-03-02T22:39:43+00:00","dateModified":"2021-08-12T03:49:54+00:00","author":{"@id":"https:\/\/www.gaveanews.com\/#\/schema\/person\/714c67050b836198af2450ba1c142a67"},"breadcrumb":{"@id":"https:\/\/www.gaveanews.com\/index.php\/2021\/03\/02\/saiu-confira-a-escalacao-oficial-do-flamengo-contra-o-nova-iguacu\/#breadcrumb"},"inLanguage":"pt-BR","potentialAction":[{"@type":"ReadAction","target":["https:\/\/www.gaveanews.com\/index.php\/2021\/03\/02\/saiu-confira-a-escalacao-oficial-do-flamengo-contra-o-nova-iguacu\/"]}]},{"@type":"ImageObject","inLanguage":"pt-BR","@id":"https:\/\/www.gaveanews.com\/index.php\/2021\/03\/02\/saiu-confira-a-escalacao-oficial-do-flamengo-contra-o-nova-iguacu\/#primaryimage","url":"https:\/\/www.gaveanews.com\/wp-content\/uploads\/Escalacao-oficial-do-Flamengo.webp","contentUrl":"https:\/\/www.gaveanews.com\/wp-content\/uploads\/Escalacao-oficial-do-Flamengo.webp","caption":"Confira a escala\u00e7\u00e3o oficial do Flamengo (Ilustra\u00e7\u00e3o: Editoria de Arte\/GaveaNews.com)"},{"@type":"BreadcrumbList","@id":"https:\/\/www.gaveanews.com\/index.php\/2021\/03\/02\/saiu-confira-a-escalacao-oficial-do-flamengo-contra-o-nova-iguacu\/#breadcrumb","itemListElement":[{"@type":"ListItem","position":1,"name":"Home","item":"https:\/\/www.gaveanews.com\/"},{"@type":"ListItem","position":2,"name":"Saiu! Confira a escala\u00e7\u00e3o oficial do Flamengo contra o Nova Igua\u00e7u"}]},{"@type":"WebSite","@id":"https:\/\/www.gaveanews.com\/#website","url":"https:\/\/www.gaveanews.com\/","name":"G\u00e1vea News","description":"Veja todas as not\u00edcias sobre o Flamengo: Contrata\u00e7\u00f5es, categorias de base, resultados das partidas, tabela de classifica\u00e7\u00e3o, pr\u00f3ximos jogos!","potentialAction":[{"@type":"SearchAction","target":{"@type":"EntryPoint","urlTemplate":"https:\/\/www.gaveanews.com\/?s={search_term_string}"},"query-input":{"@type":"PropertyValueSpecification","valueRequired":true,"valueName":"search_term_string"}}],"inLanguage":"pt-BR"},{"@type":"Person","@id":"https:\/\/www.gaveanews.com\/#\/schema\/person\/714c67050b836198af2450ba1c142a67","name":"Let\u00edcia Gerheim","image":{"@type":"ImageObject","inLanguage":"pt-BR","@id":"https:\/\/www.gaveanews.com\/#\/schema\/person\/image\/","url":"https:\/\/secure.gravatar.com\/avatar\/60734739c50fcebfbac509e2a826ccd0ff405c019bc73aab9354f19ecad1dcb4?s=96&d=mm&r=g","contentUrl":"https:\/\/secure.gravatar.com\/avatar\/60734739c50fcebfbac509e2a826ccd0ff405c019bc73aab9354f19ecad1dcb4?s=96&d=mm&r=g","caption":"Let\u00edcia Gerheim"}}]}},"_links":{"self":[{"href":"https:\/\/www.gaveanews.com\/index.php\/wp-json\/wp\/v2\/posts\/56979","targetHints":{"allow":["GET"]}}],"collection":[{"href":"https:\/\/www.gaveanews.com\/index.php\/wp-json\/wp\/v2\/posts"}],"about":[{"href":"https:\/\/www.gaveanews.com\/index.php\/wp-json\/wp\/v2\/types\/post"}],"author":[{"embeddable":true,"href":"https:\/\/www.gaveanews.com\/index.php\/wp-json\/wp\/v2\/users\/4"}],"replies":[{"embeddable":true,"href":"https:\/\/www.gaveanews.com\/index.php\/wp-json\/wp\/v2\/comments?post=56979"}],"version-history":[{"count":0,"href":"https:\/\/www.gaveanews.com\/index.php\/wp-json\/wp\/v2\/posts\/56979\/revisions"}],"wp:featuredmedia":[{"embeddable":true,"href":"https:\/\/www.gaveanews.com\/index.php\/wp-json\/wp\/v2\/media\/30000"}],"wp:attachment":[{"href":"https:\/\/www.gaveanews.com\/index.php\/wp-json\/wp\/v2\/media?parent=56979"}],"wp:term":[{"taxonomy":"category","embeddable":true,"href":"https:\/\/www.gaveanews.com\/index.php\/wp-json\/wp\/v2\/categories?post=56979"},{"taxonomy":"post_tag","embeddable":true,"href":"https:\/\/www.gaveanews.com\/index.php\/wp-json\/wp\/v2\/tags?post=56979"}],"curies":[{"name":"wp","href":"https:\/\/api.w.org\/{rel}","templated":true}]}}