{"id":56992,"date":"2021-03-02T18:36:51","date_gmt":"2021-03-02T21:36:51","guid":{"rendered":"https:\/\/www.gaveanews.com\/?p=56992"},"modified":"2021-03-02T18:36:53","modified_gmt":"2021-03-02T21:36:53","slug":"flamengo-aposta-em-jovens-campeoes-e-trio-de-r-15-bilhao-para-iniciar-o-carioca","status":"publish","type":"post","link":"https:\/\/www.gaveanews.com\/index.php\/2021\/03\/02\/flamengo-aposta-em-jovens-campeoes-e-trio-de-r-15-bilhao-para-iniciar-o-carioca\/","title":{"rendered":"Flamengo aposta em &#8216;jovens campe\u00f5es&#8217; e trio de R$ 1,5 bilh\u00e3o para iniciar o Carioca"},"content":{"rendered":"\n<p>Campe\u00e3o do Brasileir\u00e3o na \u00faltima semana, o Flamengo volta a jogar, desta vez pelo Campeonato Carioca. O advers\u00e1rio da estreia ser\u00e1 o Nova Igua\u00e7u, nesta ter\u00e7a-feira, \u00e0s 21h35. E o time rubro-negro vai com uma equipe formada por garotos.<\/p>\n\n\n\n<p>Com os titulares de f\u00e9rias, o treinador Mauricio Souza comandar\u00e1 os atletas que j\u00e1 est\u00e1 acostumado no time sub-20. E o portal &#8216;ESPN&#8217; destaca os principais nomes relacionados para a estreia com um trio que tem, somando as multas rescis\u00f3rias, uma prote\u00e7\u00e3o de R$ 1,5 bilh\u00e3o.<\/p>\n\n\n\n<p>Na lista divulgada pelo clube carioca, nomes conhecidos do torcedor. Gabriel Batista, Matheuzinho, Natan, Noga, Ramon, Jo\u00e3o Gomes e Rodrigo Muniz.<\/p>\n\n\n\n<p>Todos os citados acima jogaram e foram relacionados com frequ\u00eancia por Rog\u00e9rio Ceni na \u00faltima temporada. Ainda assim, outros nomes badalados na base merecem aten\u00e7\u00e3o.<\/p>\n\n\n\n<p>L\u00e1zaro \u00e9 quem a diretoria deposita mais esperan\u00e7as. Figurinha carimbada nas sele\u00e7\u00f5es de base, ele fez em 2019 o gol do t\u00edtulo mundial da categoria com a amarelinha. No Flamengo, ele fez quatro jogos pelo profissional, n\u00e3o marcou, mas \u00e9 tratado com muito carinho pela comiss\u00e3o t\u00e9cnica.<\/p>\n\n\n\n<p>O atacante tem 18 anos e completa 19 no dia 12 de mar\u00e7o. L\u00e1zaro tem contrato at\u00e9 2025 e est\u00e1 protegido por uma multa de 80 milh\u00f5es de euros, algo em torno de R$ 546 milh\u00f5es. \u00c9 a grande esperan\u00e7a da nova gera\u00e7\u00e3o no Ninho.<\/p>\n\n\n\n<p>Outro nome de destaque \u00e9 o meio-campista Daniel Cabral. Ele estava \u00e0 frente de Jo\u00e3o Gomes em um determinado momento com Dom\u00e8nec Torrent, mas viu o companheiro ganhar a confian\u00e7a de Rog\u00e9rio Ceni e ser o primeiro da fila em caso de algum desfalque no elenco profissional.<\/p>\n\n\n\n<p>Ainda assim, Daniel Cabral \u00e9 tratado com muito carinho no Flamengo. Ele vivia um imbr\u00f3glio de renova\u00e7\u00e3o at\u00e9 outubro do ano passado, mas chegou a um acordo com a dire\u00e7\u00e3o. O novo v\u00ednculo vai at\u00e9 2025, com Daniel protegido por uma multa de 100 milh\u00f5es de euros, cerca de R$ 683 milh\u00f5es, segundo o site Coluna do Flamengo.<\/p>\n\n\n\n<p>Para finalizar a lista dos atletas badalados j\u00e1 na base, o &#8216;ESPN&#8217; traz Yuri de Oliveira. O meia j\u00e1 treinou com os profissionais e se espelha no capit\u00e3o Diego.<\/p>\n\n\n\n<p>Protegido por uma multa de 45 milh\u00f5es de euros, aproximadamente R$ 307 milh\u00f5es, ele tem contrato at\u00e9 2022. Aos 20 anos, tem em 2021 como o ano para se firmar e estender o v\u00ednculo com os cariocas. Ele entrou em campo uma vez, que foi contra o Palmeiras, no jogo em que o Flamengo sofria com um surto de COVID-19 e utilizou diversos garotos.<\/p>\n\n\n\n<p>Retirado de: ESPN<\/p>\n","protected":false},"excerpt":{"rendered":"<p>Campe\u00e3o do Brasileir\u00e3o na \u00faltima semana, o Flamengo volta a jogar, desta vez pelo Campeonato Carioca. O advers\u00e1rio da estreia ser\u00e1 o Nova Igua\u00e7u, nesta ter\u00e7a-feira, \u00e0s 21h35. E o time rubro-negro vai com uma equipe formada por garotos. Com os titulares de f\u00e9rias, o treinador Mauricio Souza comandar\u00e1 os atletas que j\u00e1 est\u00e1 acostumado [&hellip;]<\/p>\n","protected":false},"author":1,"featured_media":27462,"comment_status":"open","ping_status":"closed","sticky":false,"template":"","format":"standard","meta":{"footnotes":""},"categories":[1],"tags":[],"class_list":["post-56992","post","type-post","status-publish","format-standard","has-post-thumbnail","hentry","category-flamengo"],"yoast_head":"<!-- This site is optimized with the Yoast SEO Premium plugin v24.2 (Yoast SEO v26.9) - https:\/\/yoast.com\/product\/yoast-seo-premium-wordpress\/ -->\n<title>Flamengo aposta em &#039;jovens campe\u00f5es&#039; e trio de R$ 1,5 bilh\u00e3o para iniciar o Carioca<\/title>\n<meta name=\"robots\" content=\"index, follow, max-snippet:-1, max-image-preview:large, max-video-preview:-1\" \/>\n<link rel=\"canonical\" href=\"https:\/\/www.gaveanews.com\/index.php\/2021\/03\/02\/flamengo-aposta-em-jovens-campeoes-e-trio-de-r-15-bilhao-para-iniciar-o-carioca\/\" \/>\n<meta property=\"og:locale\" content=\"pt_BR\" \/>\n<meta property=\"og:type\" content=\"article\" \/>\n<meta property=\"og:title\" content=\"Flamengo aposta em &#039;jovens campe\u00f5es&#039; e trio de R$ 1,5 bilh\u00e3o para iniciar o Carioca\" \/>\n<meta property=\"og:description\" content=\"Campe\u00e3o do Brasileir\u00e3o na \u00faltima semana, o Flamengo volta a jogar, desta vez pelo Campeonato Carioca. O advers\u00e1rio da estreia ser\u00e1 o Nova Igua\u00e7u, nesta ter\u00e7a-feira, \u00e0s 21h35. E o time rubro-negro vai com uma equipe formada por garotos. Com os titulares de f\u00e9rias, o treinador Mauricio Souza comandar\u00e1 os atletas que j\u00e1 est\u00e1 acostumado [&hellip;]\" \/>\n<meta property=\"og:url\" content=\"https:\/\/www.gaveanews.com\/index.php\/2021\/03\/02\/flamengo-aposta-em-jovens-campeoes-e-trio-de-r-15-bilhao-para-iniciar-o-carioca\/\" \/>\n<meta property=\"og:site_name\" content=\"G\u00e1vea News\" \/>\n<meta property=\"article:publisher\" content=\"https:\/\/facebook.com\/gaveaNews\/\" \/>\n<meta property=\"article:published_time\" content=\"2021-03-02T21:36:51+00:00\" \/>\n<meta property=\"article:modified_time\" content=\"2021-03-02T21:36:53+00:00\" \/>\n<meta property=\"og:image\" content=\"https:\/\/www.gaveanews.com\/wp-content\/uploads\/Yuri-de-Oliveira-durante-treinamento-no-Ninho-do-Urubu.webp\" \/>\n\t<meta property=\"og:image:width\" content=\"640\" \/>\n\t<meta property=\"og:image:height\" content=\"401\" \/>\n\t<meta property=\"og:image:type\" content=\"image\/jpeg\" \/>\n<meta name=\"author\" content=\"Equipe G\u00e1vea News\" \/>\n<meta name=\"twitter:card\" content=\"summary_large_image\" \/>\n<meta name=\"twitter:label1\" content=\"Escrito por\" \/>\n\t<meta name=\"twitter:data1\" content=\"Equipe G\u00e1vea News\" \/>\n\t<meta name=\"twitter:label2\" content=\"Est. tempo de leitura\" \/>\n\t<meta name=\"twitter:data2\" content=\"2 minutos\" \/>\n<script type=\"application\/ld+json\" class=\"yoast-schema-graph\">{\"@context\":\"https:\/\/schema.org\",\"@graph\":[{\"@type\":\"NewsArticle\",\"@id\":\"https:\/\/www.gaveanews.com\/index.php\/2021\/03\/02\/flamengo-aposta-em-jovens-campeoes-e-trio-de-r-15-bilhao-para-iniciar-o-carioca\/#article\",\"isPartOf\":{\"@id\":\"https:\/\/www.gaveanews.com\/index.php\/2021\/03\/02\/flamengo-aposta-em-jovens-campeoes-e-trio-de-r-15-bilhao-para-iniciar-o-carioca\/\"},\"author\":{\"name\":\"Equipe G\u00e1vea News\",\"@id\":\"https:\/\/www.gaveanews.com\/#\/schema\/person\/2ec14f73fb96be2caf28f91afb14749d\"},\"headline\":\"Flamengo aposta em &#8216;jovens campe\u00f5es&#8217; e trio de R$ 1,5 bilh\u00e3o para iniciar o Carioca\",\"datePublished\":\"2021-03-02T21:36:51+00:00\",\"dateModified\":\"2021-03-02T21:36:53+00:00\",\"mainEntityOfPage\":{\"@id\":\"https:\/\/www.gaveanews.com\/index.php\/2021\/03\/02\/flamengo-aposta-em-jovens-campeoes-e-trio-de-r-15-bilhao-para-iniciar-o-carioca\/\"},\"wordCount\":458,\"commentCount\":4,\"image\":{\"@id\":\"https:\/\/www.gaveanews.com\/index.php\/2021\/03\/02\/flamengo-aposta-em-jovens-campeoes-e-trio-de-r-15-bilhao-para-iniciar-o-carioca\/#primaryimage\"},\"thumbnailUrl\":\"https:\/\/www.gaveanews.com\/wp-content\/uploads\/Yuri-de-Oliveira-durante-treinamento-no-Ninho-do-Urubu.webp\",\"articleSection\":[\"Flamengo\"],\"inLanguage\":\"pt-BR\",\"potentialAction\":[{\"@type\":\"CommentAction\",\"name\":\"Comment\",\"target\":[\"https:\/\/www.gaveanews.com\/index.php\/2021\/03\/02\/flamengo-aposta-em-jovens-campeoes-e-trio-de-r-15-bilhao-para-iniciar-o-carioca\/#respond\"]}],\"copyrightYear\":\"2021\",\"copyrightHolder\":{\"@id\":\"https:\/\/www.gaveanews.com\/#organization\"}},{\"@type\":\"WebPage\",\"@id\":\"https:\/\/www.gaveanews.com\/index.php\/2021\/03\/02\/flamengo-aposta-em-jovens-campeoes-e-trio-de-r-15-bilhao-para-iniciar-o-carioca\/\",\"url\":\"https:\/\/www.gaveanews.com\/index.php\/2021\/03\/02\/flamengo-aposta-em-jovens-campeoes-e-trio-de-r-15-bilhao-para-iniciar-o-carioca\/\",\"name\":\"Flamengo aposta em 'jovens campe\u00f5es' e trio de R$ 1,5 bilh\u00e3o para iniciar o Carioca\",\"isPartOf\":{\"@id\":\"https:\/\/www.gaveanews.com\/#website\"},\"primaryImageOfPage\":{\"@id\":\"https:\/\/www.gaveanews.com\/index.php\/2021\/03\/02\/flamengo-aposta-em-jovens-campeoes-e-trio-de-r-15-bilhao-para-iniciar-o-carioca\/#primaryimage\"},\"image\":{\"@id\":\"https:\/\/www.gaveanews.com\/index.php\/2021\/03\/02\/flamengo-aposta-em-jovens-campeoes-e-trio-de-r-15-bilhao-para-iniciar-o-carioca\/#primaryimage\"},\"thumbnailUrl\":\"https:\/\/www.gaveanews.com\/wp-content\/uploads\/Yuri-de-Oliveira-durante-treinamento-no-Ninho-do-Urubu.webp\",\"datePublished\":\"2021-03-02T21:36:51+00:00\",\"dateModified\":\"2021-03-02T21:36:53+00:00\",\"author\":{\"@id\":\"https:\/\/www.gaveanews.com\/#\/schema\/person\/2ec14f73fb96be2caf28f91afb14749d\"},\"breadcrumb\":{\"@id\":\"https:\/\/www.gaveanews.com\/index.php\/2021\/03\/02\/flamengo-aposta-em-jovens-campeoes-e-trio-de-r-15-bilhao-para-iniciar-o-carioca\/#breadcrumb\"},\"inLanguage\":\"pt-BR\",\"potentialAction\":[{\"@type\":\"ReadAction\",\"target\":[\"https:\/\/www.gaveanews.com\/index.php\/2021\/03\/02\/flamengo-aposta-em-jovens-campeoes-e-trio-de-r-15-bilhao-para-iniciar-o-carioca\/\"]}]},{\"@type\":\"ImageObject\",\"inLanguage\":\"pt-BR\",\"@id\":\"https:\/\/www.gaveanews.com\/index.php\/2021\/03\/02\/flamengo-aposta-em-jovens-campeoes-e-trio-de-r-15-bilhao-para-iniciar-o-carioca\/#primaryimage\",\"url\":\"https:\/\/www.gaveanews.com\/wp-content\/uploads\/Yuri-de-Oliveira-durante-treinamento-no-Ninho-do-Urubu.webp\",\"contentUrl\":\"https:\/\/www.gaveanews.com\/wp-content\/uploads\/Yuri-de-Oliveira-durante-treinamento-no-Ninho-do-Urubu.webp\",\"width\":640,\"height\":401,\"caption\":\"Yuri de Oliveira durante treinamento no Ninho do Urubu (Foto: Alexandre Vidal\/Flamengo)\"},{\"@type\":\"BreadcrumbList\",\"@id\":\"https:\/\/www.gaveanews.com\/index.php\/2021\/03\/02\/flamengo-aposta-em-jovens-campeoes-e-trio-de-r-15-bilhao-para-iniciar-o-carioca\/#breadcrumb\",\"itemListElement\":[{\"@type\":\"ListItem\",\"position\":1,\"name\":\"Home\",\"item\":\"https:\/\/www.gaveanews.com\/\"},{\"@type\":\"ListItem\",\"position\":2,\"name\":\"Flamengo aposta em &#8216;jovens campe\u00f5es&#8217; e trio de R$ 1,5 bilh\u00e3o para iniciar o Carioca\"}]},{\"@type\":\"WebSite\",\"@id\":\"https:\/\/www.gaveanews.com\/#website\",\"url\":\"https:\/\/www.gaveanews.com\/\",\"name\":\"G\u00e1vea News\",\"description\":\"Veja todas as not\u00edcias sobre o Flamengo: Contrata\u00e7\u00f5es, categorias de base, resultados das partidas, tabela de classifica\u00e7\u00e3o, pr\u00f3ximos jogos!\",\"potentialAction\":[{\"@type\":\"SearchAction\",\"target\":{\"@type\":\"EntryPoint\",\"urlTemplate\":\"https:\/\/www.gaveanews.com\/?s={search_term_string}\"},\"query-input\":{\"@type\":\"PropertyValueSpecification\",\"valueRequired\":true,\"valueName\":\"search_term_string\"}}],\"inLanguage\":\"pt-BR\"},{\"@type\":\"Person\",\"@id\":\"https:\/\/www.gaveanews.com\/#\/schema\/person\/2ec14f73fb96be2caf28f91afb14749d\",\"name\":\"Equipe G\u00e1vea News\",\"image\":{\"@type\":\"ImageObject\",\"inLanguage\":\"pt-BR\",\"@id\":\"https:\/\/www.gaveanews.com\/#\/schema\/person\/image\/\",\"url\":\"https:\/\/secure.gravatar.com\/avatar\/1e1956f1facbffd3f8fa53a326721950116b3b9dc9bd44939c01180fd4a745a9?s=96&d=mm&r=g\",\"contentUrl\":\"https:\/\/secure.gravatar.com\/avatar\/1e1956f1facbffd3f8fa53a326721950116b3b9dc9bd44939c01180fd4a745a9?s=96&d=mm&r=g\",\"caption\":\"Equipe G\u00e1vea News\"}}]}<\/script>\n<!-- \/ Yoast SEO Premium plugin. -->","yoast_head_json":{"title":"Flamengo aposta em 'jovens campe\u00f5es' e trio de R$ 1,5 bilh\u00e3o para iniciar o Carioca","robots":{"index":"index","follow":"follow","max-snippet":"max-snippet:-1","max-image-preview":"max-image-preview:large","max-video-preview":"max-video-preview:-1"},"canonical":"https:\/\/www.gaveanews.com\/index.php\/2021\/03\/02\/flamengo-aposta-em-jovens-campeoes-e-trio-de-r-15-bilhao-para-iniciar-o-carioca\/","og_locale":"pt_BR","og_type":"article","og_title":"Flamengo aposta em 'jovens campe\u00f5es' e trio de R$ 1,5 bilh\u00e3o para iniciar o Carioca","og_description":"Campe\u00e3o do Brasileir\u00e3o na \u00faltima semana, o Flamengo volta a jogar, desta vez pelo Campeonato Carioca. O advers\u00e1rio da estreia ser\u00e1 o Nova Igua\u00e7u, nesta ter\u00e7a-feira, \u00e0s 21h35. E o time rubro-negro vai com uma equipe formada por garotos. Com os titulares de f\u00e9rias, o treinador Mauricio Souza comandar\u00e1 os atletas que j\u00e1 est\u00e1 acostumado [&hellip;]","og_url":"https:\/\/www.gaveanews.com\/index.php\/2021\/03\/02\/flamengo-aposta-em-jovens-campeoes-e-trio-de-r-15-bilhao-para-iniciar-o-carioca\/","og_site_name":"G\u00e1vea News","article_publisher":"https:\/\/facebook.com\/gaveaNews\/","article_published_time":"2021-03-02T21:36:51+00:00","article_modified_time":"2021-03-02T21:36:53+00:00","og_image":[{"width":640,"height":401,"url":"https:\/\/www.gaveanews.com\/wp-content\/uploads\/Yuri-de-Oliveira-durante-treinamento-no-Ninho-do-Urubu.webp","type":"image\/jpeg"}],"author":"Equipe G\u00e1vea News","twitter_card":"summary_large_image","twitter_misc":{"Escrito por":"Equipe G\u00e1vea News","Est. tempo de leitura":"2 minutos"},"schema":{"@context":"https:\/\/schema.org","@graph":[{"@type":"NewsArticle","@id":"https:\/\/www.gaveanews.com\/index.php\/2021\/03\/02\/flamengo-aposta-em-jovens-campeoes-e-trio-de-r-15-bilhao-para-iniciar-o-carioca\/#article","isPartOf":{"@id":"https:\/\/www.gaveanews.com\/index.php\/2021\/03\/02\/flamengo-aposta-em-jovens-campeoes-e-trio-de-r-15-bilhao-para-iniciar-o-carioca\/"},"author":{"name":"Equipe G\u00e1vea News","@id":"https:\/\/www.gaveanews.com\/#\/schema\/person\/2ec14f73fb96be2caf28f91afb14749d"},"headline":"Flamengo aposta em &#8216;jovens campe\u00f5es&#8217; e trio de R$ 1,5 bilh\u00e3o para iniciar o Carioca","datePublished":"2021-03-02T21:36:51+00:00","dateModified":"2021-03-02T21:36:53+00:00","mainEntityOfPage":{"@id":"https:\/\/www.gaveanews.com\/index.php\/2021\/03\/02\/flamengo-aposta-em-jovens-campeoes-e-trio-de-r-15-bilhao-para-iniciar-o-carioca\/"},"wordCount":458,"commentCount":4,"image":{"@id":"https:\/\/www.gaveanews.com\/index.php\/2021\/03\/02\/flamengo-aposta-em-jovens-campeoes-e-trio-de-r-15-bilhao-para-iniciar-o-carioca\/#primaryimage"},"thumbnailUrl":"https:\/\/www.gaveanews.com\/wp-content\/uploads\/Yuri-de-Oliveira-durante-treinamento-no-Ninho-do-Urubu.webp","articleSection":["Flamengo"],"inLanguage":"pt-BR","potentialAction":[{"@type":"CommentAction","name":"Comment","target":["https:\/\/www.gaveanews.com\/index.php\/2021\/03\/02\/flamengo-aposta-em-jovens-campeoes-e-trio-de-r-15-bilhao-para-iniciar-o-carioca\/#respond"]}],"copyrightYear":"2021","copyrightHolder":{"@id":"https:\/\/www.gaveanews.com\/#organization"}},{"@type":"WebPage","@id":"https:\/\/www.gaveanews.com\/index.php\/2021\/03\/02\/flamengo-aposta-em-jovens-campeoes-e-trio-de-r-15-bilhao-para-iniciar-o-carioca\/","url":"https:\/\/www.gaveanews.com\/index.php\/2021\/03\/02\/flamengo-aposta-em-jovens-campeoes-e-trio-de-r-15-bilhao-para-iniciar-o-carioca\/","name":"Flamengo aposta em 'jovens campe\u00f5es' e trio de R$ 1,5 bilh\u00e3o para iniciar o Carioca","isPartOf":{"@id":"https:\/\/www.gaveanews.com\/#website"},"primaryImageOfPage":{"@id":"https:\/\/www.gaveanews.com\/index.php\/2021\/03\/02\/flamengo-aposta-em-jovens-campeoes-e-trio-de-r-15-bilhao-para-iniciar-o-carioca\/#primaryimage"},"image":{"@id":"https:\/\/www.gaveanews.com\/index.php\/2021\/03\/02\/flamengo-aposta-em-jovens-campeoes-e-trio-de-r-15-bilhao-para-iniciar-o-carioca\/#primaryimage"},"thumbnailUrl":"https:\/\/www.gaveanews.com\/wp-content\/uploads\/Yuri-de-Oliveira-durante-treinamento-no-Ninho-do-Urubu.webp","datePublished":"2021-03-02T21:36:51+00:00","dateModified":"2021-03-02T21:36:53+00:00","author":{"@id":"https:\/\/www.gaveanews.com\/#\/schema\/person\/2ec14f73fb96be2caf28f91afb14749d"},"breadcrumb":{"@id":"https:\/\/www.gaveanews.com\/index.php\/2021\/03\/02\/flamengo-aposta-em-jovens-campeoes-e-trio-de-r-15-bilhao-para-iniciar-o-carioca\/#breadcrumb"},"inLanguage":"pt-BR","potentialAction":[{"@type":"ReadAction","target":["https:\/\/www.gaveanews.com\/index.php\/2021\/03\/02\/flamengo-aposta-em-jovens-campeoes-e-trio-de-r-15-bilhao-para-iniciar-o-carioca\/"]}]},{"@type":"ImageObject","inLanguage":"pt-BR","@id":"https:\/\/www.gaveanews.com\/index.php\/2021\/03\/02\/flamengo-aposta-em-jovens-campeoes-e-trio-de-r-15-bilhao-para-iniciar-o-carioca\/#primaryimage","url":"https:\/\/www.gaveanews.com\/wp-content\/uploads\/Yuri-de-Oliveira-durante-treinamento-no-Ninho-do-Urubu.webp","contentUrl":"https:\/\/www.gaveanews.com\/wp-content\/uploads\/Yuri-de-Oliveira-durante-treinamento-no-Ninho-do-Urubu.webp","width":640,"height":401,"caption":"Yuri de Oliveira durante treinamento no Ninho do Urubu (Foto: Alexandre Vidal\/Flamengo)"},{"@type":"BreadcrumbList","@id":"https:\/\/www.gaveanews.com\/index.php\/2021\/03\/02\/flamengo-aposta-em-jovens-campeoes-e-trio-de-r-15-bilhao-para-iniciar-o-carioca\/#breadcrumb","itemListElement":[{"@type":"ListItem","position":1,"name":"Home","item":"https:\/\/www.gaveanews.com\/"},{"@type":"ListItem","position":2,"name":"Flamengo aposta em &#8216;jovens campe\u00f5es&#8217; e trio de R$ 1,5 bilh\u00e3o para iniciar o Carioca"}]},{"@type":"WebSite","@id":"https:\/\/www.gaveanews.com\/#website","url":"https:\/\/www.gaveanews.com\/","name":"G\u00e1vea News","description":"Veja todas as not\u00edcias sobre o Flamengo: Contrata\u00e7\u00f5es, categorias de base, resultados das partidas, tabela de classifica\u00e7\u00e3o, pr\u00f3ximos jogos!","potentialAction":[{"@type":"SearchAction","target":{"@type":"EntryPoint","urlTemplate":"https:\/\/www.gaveanews.com\/?s={search_term_string}"},"query-input":{"@type":"PropertyValueSpecification","valueRequired":true,"valueName":"search_term_string"}}],"inLanguage":"pt-BR"},{"@type":"Person","@id":"https:\/\/www.gaveanews.com\/#\/schema\/person\/2ec14f73fb96be2caf28f91afb14749d","name":"Equipe G\u00e1vea News","image":{"@type":"ImageObject","inLanguage":"pt-BR","@id":"https:\/\/www.gaveanews.com\/#\/schema\/person\/image\/","url":"https:\/\/secure.gravatar.com\/avatar\/1e1956f1facbffd3f8fa53a326721950116b3b9dc9bd44939c01180fd4a745a9?s=96&d=mm&r=g","contentUrl":"https:\/\/secure.gravatar.com\/avatar\/1e1956f1facbffd3f8fa53a326721950116b3b9dc9bd44939c01180fd4a745a9?s=96&d=mm&r=g","caption":"Equipe G\u00e1vea News"}}]}},"_links":{"self":[{"href":"https:\/\/www.gaveanews.com\/index.php\/wp-json\/wp\/v2\/posts\/56992","targetHints":{"allow":["GET"]}}],"collection":[{"href":"https:\/\/www.gaveanews.com\/index.php\/wp-json\/wp\/v2\/posts"}],"about":[{"href":"https:\/\/www.gaveanews.com\/index.php\/wp-json\/wp\/v2\/types\/post"}],"author":[{"embeddable":true,"href":"https:\/\/www.gaveanews.com\/index.php\/wp-json\/wp\/v2\/users\/1"}],"replies":[{"embeddable":true,"href":"https:\/\/www.gaveanews.com\/index.php\/wp-json\/wp\/v2\/comments?post=56992"}],"version-history":[{"count":0,"href":"https:\/\/www.gaveanews.com\/index.php\/wp-json\/wp\/v2\/posts\/56992\/revisions"}],"wp:featuredmedia":[{"embeddable":true,"href":"https:\/\/www.gaveanews.com\/index.php\/wp-json\/wp\/v2\/media\/27462"}],"wp:attachment":[{"href":"https:\/\/www.gaveanews.com\/index.php\/wp-json\/wp\/v2\/media?parent=56992"}],"wp:term":[{"taxonomy":"category","embeddable":true,"href":"https:\/\/www.gaveanews.com\/index.php\/wp-json\/wp\/v2\/categories?post=56992"},{"taxonomy":"post_tag","embeddable":true,"href":"https:\/\/www.gaveanews.com\/index.php\/wp-json\/wp\/v2\/tags?post=56992"}],"curies":[{"name":"wp","href":"https:\/\/api.w.org\/{rel}","templated":true}]}}