{"id":59858,"date":"2021-04-24T23:15:00","date_gmt":"2021-04-25T02:15:00","guid":{"rendered":"https:\/\/www.gaveanews.com\/?p=59858"},"modified":"2021-04-24T22:51:08","modified_gmt":"2021-04-25T01:51:08","slug":"ceni-vira-a-chave-e-elogia-rival-do-flamengo-na-copa-libertadores","status":"publish","type":"post","link":"https:\/\/www.gaveanews.com\/index.php\/2021\/04\/24\/ceni-vira-a-chave-e-elogia-rival-do-flamengo-na-copa-libertadores\/","title":{"rendered":"Ceni &#8216;vira a chave&#8217; e elogia rival do Flamengo na Copa Libertadores"},"content":{"rendered":"\n<p>O t\u00e9cnico Rog\u00e9rio Ceni falou em &#8220;significado especial&#8221; pela conquista da Ta\u00e7a Guanabara pelo Flamengo, hoje \u00e0 noite, mas quer foco na disputa da semifinal do Campeonato Carioca e da fase de grupos da Libertadores. O time rubro-negro faturou o t\u00edtulo simb\u00f3lico do primeiro turno ao vencer o Volta Redonda por 2 a 1, no Maracan\u00e3.<\/p>\n\n\n\n<p><strong><em>\u2014 N\u00e3o conhe\u00e7o tanto o Campeonato Carioca, mas acho que tem um significado especial a Ta\u00e7a Guanabara. \u00c9 o clube que mais conquistou, com 23 vezes. \u00c9 um t\u00edtulo importante para comemorar hoje e amanh\u00e3 voltamos a trabalhar<\/em><\/strong>, afirmou o treinador.<\/p>\n\n\n\n<p>Com o primeiro lugar do primeiro turno garantido, o Flamengo tem a vantagem de jogar por dois resultados iguais na semifinal para avan\u00e7ar \u00e0 decis\u00e3o do Carioca. O advers\u00e1rio do time rubro-negro ser\u00e1 o Fluminense, que ainda enfrenta o Madureira amanh\u00e3, ou novamente o Volta Redonda.<\/p>\n\n\n\n<p><strong><em>\u2014 Como eu disse, \u00e9 o meu primeiro Carioca que disputo, mas logicamente convivo entre flamenguistas e sei da import\u00e2ncia. Era o t\u00edtulo que tinha para disputar e conquistar. Tem significado, mas sei que isso n\u00e3o atenua a import\u00e2ncia do Carioca, que \u00e9 o principal. Atingimos a nossa meta, e \u00e9 importante tamb\u00e9m destacar a vantagem na semifinal<\/em><\/strong>, valorizou Ceni.<\/p>\n\n\n\n<p>O Flamengo volta a jogar na ter\u00e7a-feira, pela segunda rodada do Grupo G da Copa Libertadores. O advers\u00e1rio ser\u00e1 o Uni\u00f3n La Calera, time chileno que foi bastante elogiado por Ceni. Na rodada inicial, o Flamengo venceu o V\u00e9lez Sarsfield por 3 a 2 na Argentina, enquanto o Uni\u00f3n La Calera empatou em casa com a LDU por 1 a 1.<\/p>\n\n\n\n<p><strong>\u2014 Gostei bastante, assisti ao jogo contra a LDU. \u00c9 uma equipe que troca muito a bola, tem um sistema peculiar de jogo que j\u00e1 observamos e vamos trabalhar a partir de amanh\u00e3, especialmente depois de amanh\u00e3 que temos a volta dos que jogaram hoje. Teve um investimento grande, foi bem no Campeonato Chileno. Jogou melhor do que a LDU, merecia a vit\u00f3ria, mas levou o empate no fim. \u00c9 uma equipe que gostei bastante, com jogadores t\u00e9cnicos e r\u00e1pidos. Acho que vai trazer dificuldades, como j\u00e1 mostrou contra a LDU. Vai ser uma chave mais equilibrada do que todos imaginavam. Al\u00e9m de LDU e V\u00e9lez, tem mais um concorrente \u00e0 altura na chave<\/strong>&#8220;, projetou o t\u00e9cnico flamenguista.<\/p>\n\n\n\n<p>Retirado de: UOL<\/p>\n","protected":false},"excerpt":{"rendered":"<p>O t\u00e9cnico Rog\u00e9rio Ceni falou em &#8220;significado especial&#8221; pela conquista da Ta\u00e7a Guanabara pelo Flamengo, hoje \u00e0 noite, mas quer foco na disputa da semifinal do Campeonato Carioca e da fase de grupos da Libertadores. O time rubro-negro faturou o t\u00edtulo simb\u00f3lico do primeiro turno ao vencer o Volta Redonda por 2 a 1, no [&hellip;]<\/p>\n","protected":false},"author":1,"featured_media":59859,"comment_status":"open","ping_status":"closed","sticky":false,"template":"","format":"standard","meta":{"footnotes":""},"categories":[1],"tags":[],"class_list":["post-59858","post","type-post","status-publish","format-standard","has-post-thumbnail","hentry","category-flamengo"],"yoast_head":"<!-- This site is optimized with the Yoast SEO Premium plugin v24.2 (Yoast SEO v26.9) - https:\/\/yoast.com\/product\/yoast-seo-premium-wordpress\/ -->\n<title>Ceni &#039;vira a chave&#039; e elogia rival do Flamengo na Copa Libertadores<\/title>\n<meta name=\"robots\" content=\"index, follow, max-snippet:-1, max-image-preview:large, max-video-preview:-1\" \/>\n<link rel=\"canonical\" href=\"https:\/\/www.gaveanews.com\/index.php\/2021\/04\/24\/ceni-vira-a-chave-e-elogia-rival-do-flamengo-na-copa-libertadores\/\" \/>\n<meta property=\"og:locale\" content=\"pt_BR\" \/>\n<meta property=\"og:type\" content=\"article\" \/>\n<meta property=\"og:title\" content=\"Ceni &#039;vira a chave&#039; e elogia rival do Flamengo na Copa Libertadores\" \/>\n<meta property=\"og:description\" content=\"O t\u00e9cnico Rog\u00e9rio Ceni falou em &#8220;significado especial&#8221; pela conquista da Ta\u00e7a Guanabara pelo Flamengo, hoje \u00e0 noite, mas quer foco na disputa da semifinal do Campeonato Carioca e da fase de grupos da Libertadores. O time rubro-negro faturou o t\u00edtulo simb\u00f3lico do primeiro turno ao vencer o Volta Redonda por 2 a 1, no [&hellip;]\" \/>\n<meta property=\"og:url\" content=\"https:\/\/www.gaveanews.com\/index.php\/2021\/04\/24\/ceni-vira-a-chave-e-elogia-rival-do-flamengo-na-copa-libertadores\/\" \/>\n<meta property=\"og:site_name\" content=\"G\u00e1vea News\" \/>\n<meta property=\"article:publisher\" content=\"https:\/\/facebook.com\/gaveaNews\/\" \/>\n<meta property=\"article:published_time\" content=\"2021-04-25T02:15:00+00:00\" \/>\n<meta property=\"og:image\" content=\"https:\/\/www.gaveanews.com\/wp-content\/uploads\/Ceni-abraca-Gabigol-no-gramado-do-Maracana-apos-o-Flamengo-conquistar-a-Taca-Guanabara-de-2021.webp\" \/>\n\t<meta property=\"og:image:width\" content=\"799\" \/>\n\t<meta property=\"og:image:height\" content=\"532\" \/>\n\t<meta property=\"og:image:type\" content=\"image\/jpeg\" \/>\n<meta name=\"author\" content=\"Equipe G\u00e1vea News\" \/>\n<meta name=\"twitter:card\" content=\"summary_large_image\" \/>\n<meta name=\"twitter:label1\" content=\"Escrito por\" \/>\n\t<meta name=\"twitter:data1\" content=\"Equipe G\u00e1vea News\" \/>\n\t<meta name=\"twitter:label2\" content=\"Est. tempo de leitura\" \/>\n\t<meta name=\"twitter:data2\" content=\"2 minutos\" \/>\n<script type=\"application\/ld+json\" class=\"yoast-schema-graph\">{\"@context\":\"https:\/\/schema.org\",\"@graph\":[{\"@type\":\"NewsArticle\",\"@id\":\"https:\/\/www.gaveanews.com\/index.php\/2021\/04\/24\/ceni-vira-a-chave-e-elogia-rival-do-flamengo-na-copa-libertadores\/#article\",\"isPartOf\":{\"@id\":\"https:\/\/www.gaveanews.com\/index.php\/2021\/04\/24\/ceni-vira-a-chave-e-elogia-rival-do-flamengo-na-copa-libertadores\/\"},\"author\":{\"name\":\"Equipe G\u00e1vea News\",\"@id\":\"https:\/\/www.gaveanews.com\/#\/schema\/person\/2ec14f73fb96be2caf28f91afb14749d\"},\"headline\":\"Ceni &#8216;vira a chave&#8217; e elogia rival do Flamengo na Copa Libertadores\",\"datePublished\":\"2021-04-25T02:15:00+00:00\",\"mainEntityOfPage\":{\"@id\":\"https:\/\/www.gaveanews.com\/index.php\/2021\/04\/24\/ceni-vira-a-chave-e-elogia-rival-do-flamengo-na-copa-libertadores\/\"},\"wordCount\":405,\"commentCount\":2,\"image\":{\"@id\":\"https:\/\/www.gaveanews.com\/index.php\/2021\/04\/24\/ceni-vira-a-chave-e-elogia-rival-do-flamengo-na-copa-libertadores\/#primaryimage\"},\"thumbnailUrl\":\"https:\/\/www.gaveanews.com\/wp-content\/uploads\/Ceni-abraca-Gabigol-no-gramado-do-Maracana-apos-o-Flamengo-conquistar-a-Taca-Guanabara-de-2021.webp\",\"articleSection\":[\"Flamengo\"],\"inLanguage\":\"pt-BR\",\"potentialAction\":[{\"@type\":\"CommentAction\",\"name\":\"Comment\",\"target\":[\"https:\/\/www.gaveanews.com\/index.php\/2021\/04\/24\/ceni-vira-a-chave-e-elogia-rival-do-flamengo-na-copa-libertadores\/#respond\"]}],\"copyrightYear\":\"2021\",\"copyrightHolder\":{\"@id\":\"https:\/\/www.gaveanews.com\/#organization\"}},{\"@type\":\"WebPage\",\"@id\":\"https:\/\/www.gaveanews.com\/index.php\/2021\/04\/24\/ceni-vira-a-chave-e-elogia-rival-do-flamengo-na-copa-libertadores\/\",\"url\":\"https:\/\/www.gaveanews.com\/index.php\/2021\/04\/24\/ceni-vira-a-chave-e-elogia-rival-do-flamengo-na-copa-libertadores\/\",\"name\":\"Ceni 'vira a chave' e elogia rival do Flamengo na Copa Libertadores\",\"isPartOf\":{\"@id\":\"https:\/\/www.gaveanews.com\/#website\"},\"primaryImageOfPage\":{\"@id\":\"https:\/\/www.gaveanews.com\/index.php\/2021\/04\/24\/ceni-vira-a-chave-e-elogia-rival-do-flamengo-na-copa-libertadores\/#primaryimage\"},\"image\":{\"@id\":\"https:\/\/www.gaveanews.com\/index.php\/2021\/04\/24\/ceni-vira-a-chave-e-elogia-rival-do-flamengo-na-copa-libertadores\/#primaryimage\"},\"thumbnailUrl\":\"https:\/\/www.gaveanews.com\/wp-content\/uploads\/Ceni-abraca-Gabigol-no-gramado-do-Maracana-apos-o-Flamengo-conquistar-a-Taca-Guanabara-de-2021.webp\",\"datePublished\":\"2021-04-25T02:15:00+00:00\",\"author\":{\"@id\":\"https:\/\/www.gaveanews.com\/#\/schema\/person\/2ec14f73fb96be2caf28f91afb14749d\"},\"breadcrumb\":{\"@id\":\"https:\/\/www.gaveanews.com\/index.php\/2021\/04\/24\/ceni-vira-a-chave-e-elogia-rival-do-flamengo-na-copa-libertadores\/#breadcrumb\"},\"inLanguage\":\"pt-BR\",\"potentialAction\":[{\"@type\":\"ReadAction\",\"target\":[\"https:\/\/www.gaveanews.com\/index.php\/2021\/04\/24\/ceni-vira-a-chave-e-elogia-rival-do-flamengo-na-copa-libertadores\/\"]}]},{\"@type\":\"ImageObject\",\"inLanguage\":\"pt-BR\",\"@id\":\"https:\/\/www.gaveanews.com\/index.php\/2021\/04\/24\/ceni-vira-a-chave-e-elogia-rival-do-flamengo-na-copa-libertadores\/#primaryimage\",\"url\":\"https:\/\/www.gaveanews.com\/wp-content\/uploads\/Ceni-abraca-Gabigol-no-gramado-do-Maracana-apos-o-Flamengo-conquistar-a-Taca-Guanabara-de-2021.webp\",\"contentUrl\":\"https:\/\/www.gaveanews.com\/wp-content\/uploads\/Ceni-abraca-Gabigol-no-gramado-do-Maracana-apos-o-Flamengo-conquistar-a-Taca-Guanabara-de-2021.webp\",\"width\":799,\"height\":532,\"caption\":\"Ceni abra\u00e7a Gabigol no gramado do Maracan\u00e3 ap\u00f3s o Flamengo conquistar a Ta\u00e7a Guanabara de 2021 (Foto: Alexandre Vidal\/Flamengo)\"},{\"@type\":\"BreadcrumbList\",\"@id\":\"https:\/\/www.gaveanews.com\/index.php\/2021\/04\/24\/ceni-vira-a-chave-e-elogia-rival-do-flamengo-na-copa-libertadores\/#breadcrumb\",\"itemListElement\":[{\"@type\":\"ListItem\",\"position\":1,\"name\":\"Home\",\"item\":\"https:\/\/www.gaveanews.com\/\"},{\"@type\":\"ListItem\",\"position\":2,\"name\":\"Ceni &#8216;vira a chave&#8217; e elogia rival do Flamengo na Copa Libertadores\"}]},{\"@type\":\"WebSite\",\"@id\":\"https:\/\/www.gaveanews.com\/#website\",\"url\":\"https:\/\/www.gaveanews.com\/\",\"name\":\"G\u00e1vea News\",\"description\":\"Veja todas as not\u00edcias sobre o Flamengo: Contrata\u00e7\u00f5es, categorias de base, resultados das partidas, tabela de classifica\u00e7\u00e3o, pr\u00f3ximos jogos!\",\"potentialAction\":[{\"@type\":\"SearchAction\",\"target\":{\"@type\":\"EntryPoint\",\"urlTemplate\":\"https:\/\/www.gaveanews.com\/?s={search_term_string}\"},\"query-input\":{\"@type\":\"PropertyValueSpecification\",\"valueRequired\":true,\"valueName\":\"search_term_string\"}}],\"inLanguage\":\"pt-BR\"},{\"@type\":\"Person\",\"@id\":\"https:\/\/www.gaveanews.com\/#\/schema\/person\/2ec14f73fb96be2caf28f91afb14749d\",\"name\":\"Equipe G\u00e1vea News\",\"image\":{\"@type\":\"ImageObject\",\"inLanguage\":\"pt-BR\",\"@id\":\"https:\/\/www.gaveanews.com\/#\/schema\/person\/image\/\",\"url\":\"https:\/\/secure.gravatar.com\/avatar\/1e1956f1facbffd3f8fa53a326721950116b3b9dc9bd44939c01180fd4a745a9?s=96&d=mm&r=g\",\"contentUrl\":\"https:\/\/secure.gravatar.com\/avatar\/1e1956f1facbffd3f8fa53a326721950116b3b9dc9bd44939c01180fd4a745a9?s=96&d=mm&r=g\",\"caption\":\"Equipe G\u00e1vea News\"}}]}<\/script>\n<!-- \/ Yoast SEO Premium plugin. -->","yoast_head_json":{"title":"Ceni 'vira a chave' e elogia rival do Flamengo na Copa Libertadores","robots":{"index":"index","follow":"follow","max-snippet":"max-snippet:-1","max-image-preview":"max-image-preview:large","max-video-preview":"max-video-preview:-1"},"canonical":"https:\/\/www.gaveanews.com\/index.php\/2021\/04\/24\/ceni-vira-a-chave-e-elogia-rival-do-flamengo-na-copa-libertadores\/","og_locale":"pt_BR","og_type":"article","og_title":"Ceni 'vira a chave' e elogia rival do Flamengo na Copa Libertadores","og_description":"O t\u00e9cnico Rog\u00e9rio Ceni falou em &#8220;significado especial&#8221; pela conquista da Ta\u00e7a Guanabara pelo Flamengo, hoje \u00e0 noite, mas quer foco na disputa da semifinal do Campeonato Carioca e da fase de grupos da Libertadores. O time rubro-negro faturou o t\u00edtulo simb\u00f3lico do primeiro turno ao vencer o Volta Redonda por 2 a 1, no [&hellip;]","og_url":"https:\/\/www.gaveanews.com\/index.php\/2021\/04\/24\/ceni-vira-a-chave-e-elogia-rival-do-flamengo-na-copa-libertadores\/","og_site_name":"G\u00e1vea News","article_publisher":"https:\/\/facebook.com\/gaveaNews\/","article_published_time":"2021-04-25T02:15:00+00:00","og_image":[{"width":799,"height":532,"url":"https:\/\/www.gaveanews.com\/wp-content\/uploads\/Ceni-abraca-Gabigol-no-gramado-do-Maracana-apos-o-Flamengo-conquistar-a-Taca-Guanabara-de-2021.webp","type":"image\/jpeg"}],"author":"Equipe G\u00e1vea News","twitter_card":"summary_large_image","twitter_misc":{"Escrito por":"Equipe G\u00e1vea News","Est. tempo de leitura":"2 minutos"},"schema":{"@context":"https:\/\/schema.org","@graph":[{"@type":"NewsArticle","@id":"https:\/\/www.gaveanews.com\/index.php\/2021\/04\/24\/ceni-vira-a-chave-e-elogia-rival-do-flamengo-na-copa-libertadores\/#article","isPartOf":{"@id":"https:\/\/www.gaveanews.com\/index.php\/2021\/04\/24\/ceni-vira-a-chave-e-elogia-rival-do-flamengo-na-copa-libertadores\/"},"author":{"name":"Equipe G\u00e1vea News","@id":"https:\/\/www.gaveanews.com\/#\/schema\/person\/2ec14f73fb96be2caf28f91afb14749d"},"headline":"Ceni &#8216;vira a chave&#8217; e elogia rival do Flamengo na Copa Libertadores","datePublished":"2021-04-25T02:15:00+00:00","mainEntityOfPage":{"@id":"https:\/\/www.gaveanews.com\/index.php\/2021\/04\/24\/ceni-vira-a-chave-e-elogia-rival-do-flamengo-na-copa-libertadores\/"},"wordCount":405,"commentCount":2,"image":{"@id":"https:\/\/www.gaveanews.com\/index.php\/2021\/04\/24\/ceni-vira-a-chave-e-elogia-rival-do-flamengo-na-copa-libertadores\/#primaryimage"},"thumbnailUrl":"https:\/\/www.gaveanews.com\/wp-content\/uploads\/Ceni-abraca-Gabigol-no-gramado-do-Maracana-apos-o-Flamengo-conquistar-a-Taca-Guanabara-de-2021.webp","articleSection":["Flamengo"],"inLanguage":"pt-BR","potentialAction":[{"@type":"CommentAction","name":"Comment","target":["https:\/\/www.gaveanews.com\/index.php\/2021\/04\/24\/ceni-vira-a-chave-e-elogia-rival-do-flamengo-na-copa-libertadores\/#respond"]}],"copyrightYear":"2021","copyrightHolder":{"@id":"https:\/\/www.gaveanews.com\/#organization"}},{"@type":"WebPage","@id":"https:\/\/www.gaveanews.com\/index.php\/2021\/04\/24\/ceni-vira-a-chave-e-elogia-rival-do-flamengo-na-copa-libertadores\/","url":"https:\/\/www.gaveanews.com\/index.php\/2021\/04\/24\/ceni-vira-a-chave-e-elogia-rival-do-flamengo-na-copa-libertadores\/","name":"Ceni 'vira a chave' e elogia rival do Flamengo na Copa Libertadores","isPartOf":{"@id":"https:\/\/www.gaveanews.com\/#website"},"primaryImageOfPage":{"@id":"https:\/\/www.gaveanews.com\/index.php\/2021\/04\/24\/ceni-vira-a-chave-e-elogia-rival-do-flamengo-na-copa-libertadores\/#primaryimage"},"image":{"@id":"https:\/\/www.gaveanews.com\/index.php\/2021\/04\/24\/ceni-vira-a-chave-e-elogia-rival-do-flamengo-na-copa-libertadores\/#primaryimage"},"thumbnailUrl":"https:\/\/www.gaveanews.com\/wp-content\/uploads\/Ceni-abraca-Gabigol-no-gramado-do-Maracana-apos-o-Flamengo-conquistar-a-Taca-Guanabara-de-2021.webp","datePublished":"2021-04-25T02:15:00+00:00","author":{"@id":"https:\/\/www.gaveanews.com\/#\/schema\/person\/2ec14f73fb96be2caf28f91afb14749d"},"breadcrumb":{"@id":"https:\/\/www.gaveanews.com\/index.php\/2021\/04\/24\/ceni-vira-a-chave-e-elogia-rival-do-flamengo-na-copa-libertadores\/#breadcrumb"},"inLanguage":"pt-BR","potentialAction":[{"@type":"ReadAction","target":["https:\/\/www.gaveanews.com\/index.php\/2021\/04\/24\/ceni-vira-a-chave-e-elogia-rival-do-flamengo-na-copa-libertadores\/"]}]},{"@type":"ImageObject","inLanguage":"pt-BR","@id":"https:\/\/www.gaveanews.com\/index.php\/2021\/04\/24\/ceni-vira-a-chave-e-elogia-rival-do-flamengo-na-copa-libertadores\/#primaryimage","url":"https:\/\/www.gaveanews.com\/wp-content\/uploads\/Ceni-abraca-Gabigol-no-gramado-do-Maracana-apos-o-Flamengo-conquistar-a-Taca-Guanabara-de-2021.webp","contentUrl":"https:\/\/www.gaveanews.com\/wp-content\/uploads\/Ceni-abraca-Gabigol-no-gramado-do-Maracana-apos-o-Flamengo-conquistar-a-Taca-Guanabara-de-2021.webp","width":799,"height":532,"caption":"Ceni abra\u00e7a Gabigol no gramado do Maracan\u00e3 ap\u00f3s o Flamengo conquistar a Ta\u00e7a Guanabara de 2021 (Foto: Alexandre Vidal\/Flamengo)"},{"@type":"BreadcrumbList","@id":"https:\/\/www.gaveanews.com\/index.php\/2021\/04\/24\/ceni-vira-a-chave-e-elogia-rival-do-flamengo-na-copa-libertadores\/#breadcrumb","itemListElement":[{"@type":"ListItem","position":1,"name":"Home","item":"https:\/\/www.gaveanews.com\/"},{"@type":"ListItem","position":2,"name":"Ceni &#8216;vira a chave&#8217; e elogia rival do Flamengo na Copa Libertadores"}]},{"@type":"WebSite","@id":"https:\/\/www.gaveanews.com\/#website","url":"https:\/\/www.gaveanews.com\/","name":"G\u00e1vea News","description":"Veja todas as not\u00edcias sobre o Flamengo: Contrata\u00e7\u00f5es, categorias de base, resultados das partidas, tabela de classifica\u00e7\u00e3o, pr\u00f3ximos jogos!","potentialAction":[{"@type":"SearchAction","target":{"@type":"EntryPoint","urlTemplate":"https:\/\/www.gaveanews.com\/?s={search_term_string}"},"query-input":{"@type":"PropertyValueSpecification","valueRequired":true,"valueName":"search_term_string"}}],"inLanguage":"pt-BR"},{"@type":"Person","@id":"https:\/\/www.gaveanews.com\/#\/schema\/person\/2ec14f73fb96be2caf28f91afb14749d","name":"Equipe G\u00e1vea News","image":{"@type":"ImageObject","inLanguage":"pt-BR","@id":"https:\/\/www.gaveanews.com\/#\/schema\/person\/image\/","url":"https:\/\/secure.gravatar.com\/avatar\/1e1956f1facbffd3f8fa53a326721950116b3b9dc9bd44939c01180fd4a745a9?s=96&d=mm&r=g","contentUrl":"https:\/\/secure.gravatar.com\/avatar\/1e1956f1facbffd3f8fa53a326721950116b3b9dc9bd44939c01180fd4a745a9?s=96&d=mm&r=g","caption":"Equipe G\u00e1vea News"}}]}},"_links":{"self":[{"href":"https:\/\/www.gaveanews.com\/index.php\/wp-json\/wp\/v2\/posts\/59858","targetHints":{"allow":["GET"]}}],"collection":[{"href":"https:\/\/www.gaveanews.com\/index.php\/wp-json\/wp\/v2\/posts"}],"about":[{"href":"https:\/\/www.gaveanews.com\/index.php\/wp-json\/wp\/v2\/types\/post"}],"author":[{"embeddable":true,"href":"https:\/\/www.gaveanews.com\/index.php\/wp-json\/wp\/v2\/users\/1"}],"replies":[{"embeddable":true,"href":"https:\/\/www.gaveanews.com\/index.php\/wp-json\/wp\/v2\/comments?post=59858"}],"version-history":[{"count":0,"href":"https:\/\/www.gaveanews.com\/index.php\/wp-json\/wp\/v2\/posts\/59858\/revisions"}],"wp:featuredmedia":[{"embeddable":true,"href":"https:\/\/www.gaveanews.com\/index.php\/wp-json\/wp\/v2\/media\/59859"}],"wp:attachment":[{"href":"https:\/\/www.gaveanews.com\/index.php\/wp-json\/wp\/v2\/media?parent=59858"}],"wp:term":[{"taxonomy":"category","embeddable":true,"href":"https:\/\/www.gaveanews.com\/index.php\/wp-json\/wp\/v2\/categories?post=59858"},{"taxonomy":"post_tag","embeddable":true,"href":"https:\/\/www.gaveanews.com\/index.php\/wp-json\/wp\/v2\/tags?post=59858"}],"curies":[{"name":"wp","href":"https:\/\/api.w.org\/{rel}","templated":true}]}}